{"id":8873,"date":"2025-09-30T09:31:31","date_gmt":"2025-09-30T07:31:31","guid":{"rendered":"https:\/\/cepronda.com\/blog\/?p=8873"},"modified":"2025-10-01T17:14:51","modified_gmt":"2025-10-01T15:14:51","slug":"atencion-al-alumnado-tea-en-el-aula-de-educacion-infantil","status":"publish","type":"post","link":"https:\/\/cepronda.com\/blog\/atencion-al-alumnado-tea-en-el-aula-de-educacion-infantil\/","title":{"rendered":"ATENCI\u00d3N AL ALUMNADO TEA EN EL AULA DE EDUCACI\u00d3N INFANTIL"},"content":{"rendered":"<p>Abierto el plazo de inscripci\u00f3n para el curso \u00ab<strong>ATENCI\u00d3N AL ALUMNADO TEA EN EL AULA DE EDUCACI\u00d3N INFANTIL\u00bb<\/strong>. <strong>C\u00f3digo: 262922GE082. <\/strong><\/p>\n<p><strong>Dirigido:<\/strong> a maestros y maestra de Educaci\u00f3n Infantil ( 3- 6 a\u00f1os).<\/p>\n<p><strong>Inscripci\u00f3n:<\/strong> del 30\/09\/2025 al 30\/10\/2025.<\/p>\n<p><strong>Actividad:<\/strong> del 05\/11\/2025 a 03\/12\/2025 (mi\u00e9rcoles).<\/p>\n<p><strong>Duraci\u00f3n:<\/strong> 15 h presenciales.<\/p>\n<p><strong>Lugar:<\/strong> V\u00eda webex (CEP de M\u00e1laga). De 16:00 a 19:00 horas.<\/p>\n<p><strong> M\u00e1s informaci\u00f3n e inscripciones:<\/strong><br \/>\n<a href=\"https:\/\/www.juntadeandalucia.es\/educacion\/secretariavirtual\/consultaCEP\/actividad\/262922GE082\/\">https:\/\/www.juntadeandalucia.es\/educacion\/secretariavirtual\/consultaCEP\/actividad\/262922GE082\/<\/a><\/p>\n<p><img data-recalc-dims=\"1\" loading=\"lazy\" decoding=\"async\" class=\"size-medium wp-image-8874 aligncenter\" src=\"https:\/\/i0.wp.com\/cepronda.com\/blog\/wp-content\/uploads\/2025\/10\/Sin-titulo.png?resize=300%2C300&#038;ssl=1\" alt=\"\" width=\"300\" height=\"300\" srcset=\"https:\/\/i0.wp.com\/cepronda.com\/blog\/wp-content\/uploads\/2025\/10\/Sin-titulo.png?resize=300%2C300&amp;ssl=1 300w, https:\/\/i0.wp.com\/cepronda.com\/blog\/wp-content\/uploads\/2025\/10\/Sin-titulo.png?resize=150%2C150&amp;ssl=1 150w, https:\/\/i0.wp.com\/cepronda.com\/blog\/wp-content\/uploads\/2025\/10\/Sin-titulo.png?resize=768%2C765&amp;ssl=1 768w, https:\/\/i0.wp.com\/cepronda.com\/blog\/wp-content\/uploads\/2025\/10\/Sin-titulo.png?w=856&amp;ssl=1 856w\" sizes=\"auto, (max-width: 300px) 100vw, 300px\" \/><\/p>\n","protected":false},"excerpt":{"rendered":"<p>Abierto el plazo de inscripci\u00f3n para el curso \u00abATENCI\u00d3N AL ALUMNADO TEA EN EL AULA DE EDUCACI\u00d3N INFANTIL\u00bb. C\u00f3digo: 262922GE082. Dirigido: a maestros y maestra de Educaci\u00f3n Infantil ( 3- 6 a\u00f1os). Inscripci\u00f3n: del 30\/09\/2025 al 30\/10\/2025. Actividad: del 05\/11\/2025 a 03\/12\/2025 (mi\u00e9rcoles). Duraci\u00f3n: 15 h presenciales. Lugar: V\u00eda webex (CEP de M\u00e1laga). De 16:00 [&hellip;]<\/p>\n","protected":false},"author":13,"featured_media":8874,"comment_status":"closed","ping_status":"open","sticky":false,"template":"","format":"standard","meta":{"_crdt_document":"","advanced_seo_description":"","jetpack_seo_html_title":"","jetpack_seo_noindex":false,"jetpack_post_was_ever_published":false,"_jetpack_newsletter_access":"","_jetpack_dont_email_post_to_subs":false,"_jetpack_newsletter_tier_id":0,"_jetpack_memberships_contains_paywalled_content":false,"_jetpack_memberships_contains_paid_content":false,"footnotes":"","jetpack_publicize_message":"","jetpack_publicize_feature_enabled":true,"jetpack_social_post_already_shared":true,"jetpack_social_options":{"image_generator_settings":{"template":"highway","default_image_id":0,"font":"","enabled":false},"version":2}},"categories":[3],"tags":[23,202,424],"class_list":{"0":"post-8873","1":"post","2":"type-post","3":"status-publish","4":"format-standard","5":"has-post-thumbnail","7":"category-formaciones","8":"tag-educacion-infantil","9":"tag-provincial","10":"tag-tea","11":"czr-hentry"},"jetpack_publicize_connections":[],"jetpack_featured_media_url":"https:\/\/i0.wp.com\/cepronda.com\/blog\/wp-content\/uploads\/2025\/10\/Sin-titulo.png?fit=856%2C853&ssl=1","jetpack_shortlink":"https:\/\/wp.me\/p8M4X7-2j7","jetpack-related-posts":[{"id":7878,"url":"https:\/\/cepronda.com\/blog\/curso-provincial-semipresencial-la-escuela-inclusiva-atencion-al-alumnado-tea-y-al-alumnado-con-problemas-de-conducta-en-infantil-codigo-252922ge056\/","url_meta":{"origin":8873,"position":0},"title":"CURSO PROVINCIAL SEMIPRESENCIAL: LA ESCUELA INCLUSIVA: ATENCI\u00d3N AL ALUMNADO TEA Y AL ALUMNADO CON PROBLEMAS DE CONDUCTA EN INFANTIL. C\u00f3digo: 252922GE056.","author":"Inmaculada Garc\u00eda","date":"28 noviembre, 2024","format":false,"excerpt":"Abierto el plazo de solicitudes para el curso provincial semipresencial: LA ESCUELA INCLUSIVA: ATENCI\u00d3N AL ALUMNADO TEA Y AL ALUMNADO CON PROBLEMAS DE CONDUCTA EN INFANTIL. C\u00f3digo: 252922GE056. Curso Semipresencial de 20 horas (12H por Webex y 8h tareas en el AVFP), dirigido preferentemente a profesorado de educaci\u00f3n infantil. Inscripci\u00f3n:\u2026","rel":"","context":"En \u00abFormaciones\u00bb","block_context":{"text":"Formaciones","link":"https:\/\/cepronda.com\/blog\/category\/formaciones\/"},"img":{"alt_text":"","src":"https:\/\/i0.wp.com\/cepronda.com\/blog\/wp-content\/uploads\/2024\/11\/WhatsApp-Image-2024-11-28-at-10.45.31.jpeg?fit=1080%2C1080&ssl=1&resize=350%2C200","width":350,"height":200,"srcset":"https:\/\/i0.wp.com\/cepronda.com\/blog\/wp-content\/uploads\/2024\/11\/WhatsApp-Image-2024-11-28-at-10.45.31.jpeg?fit=1080%2C1080&ssl=1&resize=350%2C200 1x, https:\/\/i0.wp.com\/cepronda.com\/blog\/wp-content\/uploads\/2024\/11\/WhatsApp-Image-2024-11-28-at-10.45.31.jpeg?fit=1080%2C1080&ssl=1&resize=525%2C300 1.5x, https:\/\/i0.wp.com\/cepronda.com\/blog\/wp-content\/uploads\/2024\/11\/WhatsApp-Image-2024-11-28-at-10.45.31.jpeg?fit=1080%2C1080&ssl=1&resize=700%2C400 2x, https:\/\/i0.wp.com\/cepronda.com\/blog\/wp-content\/uploads\/2024\/11\/WhatsApp-Image-2024-11-28-at-10.45.31.jpeg?fit=1080%2C1080&ssl=1&resize=1050%2C600 3x"},"classes":[]},{"id":9047,"url":"https:\/\/cepronda.com\/blog\/569-mejora-de-la-competencia-matematica-en-el-aula-de-educacion-infantil-y-primaria-nivel-i\/","url_meta":{"origin":8873,"position":1},"title":"569. MEJORA DE LA COMPETENCIA MATEM\u00c1TICA EN EL AULA DE EDUCACI\u00d3N INFANTIL Y PRIMARIA. NIVEL I.","author":"Inmaculada Garc\u00eda","date":"14 noviembre, 2025","format":false,"excerpt":"Se encuentra abierto el plazo de inscripci\u00f3n para la formaci\u00f3n regional a distancia: 569. MEJORA DE LA COMPETENCIA MATEM\u00c1TICA EN EL AULA DE EDUCACI\u00d3N INFANTIL Y PRIMARIA. NIVEL I. C\u00f3digo: 269920KPF569. Con una dedicaci\u00f3n de 30 HORAS NO PRESENCIALES (AVFP). Plazo de solicitudes: 11 noviembre al 18 de noviembre. Listado\u2026","rel":"","context":"En \u00abFormaciones\u00bb","block_context":{"text":"Formaciones","link":"https:\/\/cepronda.com\/blog\/category\/formaciones\/"},"img":{"alt_text":"","src":"https:\/\/i0.wp.com\/cepronda.com\/blog\/wp-content\/uploads\/2025\/11\/Copia-de-CEP-MOTOR-INTERNACIONALIZACION-PRIMEROS-PASOS.pptx-3.jpg?fit=960%2C1200&ssl=1&resize=350%2C200","width":350,"height":200,"srcset":"https:\/\/i0.wp.com\/cepronda.com\/blog\/wp-content\/uploads\/2025\/11\/Copia-de-CEP-MOTOR-INTERNACIONALIZACION-PRIMEROS-PASOS.pptx-3.jpg?fit=960%2C1200&ssl=1&resize=350%2C200 1x, https:\/\/i0.wp.com\/cepronda.com\/blog\/wp-content\/uploads\/2025\/11\/Copia-de-CEP-MOTOR-INTERNACIONALIZACION-PRIMEROS-PASOS.pptx-3.jpg?fit=960%2C1200&ssl=1&resize=525%2C300 1.5x, https:\/\/i0.wp.com\/cepronda.com\/blog\/wp-content\/uploads\/2025\/11\/Copia-de-CEP-MOTOR-INTERNACIONALIZACION-PRIMEROS-PASOS.pptx-3.jpg?fit=960%2C1200&ssl=1&resize=700%2C400 2x"},"classes":[]},{"id":7890,"url":"https:\/\/cepronda.com\/blog\/competencias-linguisticas-en-educacion-infantil\/","url_meta":{"origin":8873,"position":2},"title":"COMPETENCIAS LING\u00dc\u00cdSTICAS EN EDUCACI\u00d3N INFANTIL","author":"Mamen Moreno","date":"2 diciembre, 2024","format":false,"excerpt":"Abierto el plazo de solicitudes para el curso: COMPETENCIAS LING\u00dc\u00cdSTICAS EN EDUCACI\u00d3N INFANTIL C\u00f3digo: 252922GE251. Ponente: Mar\u00eda del Mar Qu\u00edrell Curso Semipresencial de 25 horas (2 horas por Webex y 23 horas tareas en el AVFP), dirigido al profesorado de educaci\u00f3n infantil. \u00a0Inscripci\u00f3n: 02\/12\/2024 al 09\/01\/2025. Fecha de actividad: 14\/01\/2025\u2026","rel":"","context":"En \u00abFormaciones\u00bb","block_context":{"text":"Formaciones","link":"https:\/\/cepronda.com\/blog\/category\/formaciones\/"},"img":{"alt_text":"","src":"https:\/\/i0.wp.com\/cepronda.com\/blog\/wp-content\/uploads\/2024\/12\/LA-COEDUCACION-ATERRIZA-EN-EL-AULA-1.jpg?fit=1080%2C1080&ssl=1&resize=350%2C200","width":350,"height":200,"srcset":"https:\/\/i0.wp.com\/cepronda.com\/blog\/wp-content\/uploads\/2024\/12\/LA-COEDUCACION-ATERRIZA-EN-EL-AULA-1.jpg?fit=1080%2C1080&ssl=1&resize=350%2C200 1x, https:\/\/i0.wp.com\/cepronda.com\/blog\/wp-content\/uploads\/2024\/12\/LA-COEDUCACION-ATERRIZA-EN-EL-AULA-1.jpg?fit=1080%2C1080&ssl=1&resize=525%2C300 1.5x, https:\/\/i0.wp.com\/cepronda.com\/blog\/wp-content\/uploads\/2024\/12\/LA-COEDUCACION-ATERRIZA-EN-EL-AULA-1.jpg?fit=1080%2C1080&ssl=1&resize=700%2C400 2x, https:\/\/i0.wp.com\/cepronda.com\/blog\/wp-content\/uploads\/2024\/12\/LA-COEDUCACION-ATERRIZA-EN-EL-AULA-1.jpg?fit=1080%2C1080&ssl=1&resize=1050%2C600 3x"},"classes":[]},{"id":2536,"url":"https:\/\/cepronda.com\/blog\/metodologia-abn-para-infantil\/","url_meta":{"origin":8873,"position":3},"title":"METODOLOG\u00cdA ABN PARA INFANTIL","author":"V\u00edctor Caballero","date":"10 diciembre, 2018","format":false,"excerpt":"\u00a1Hola de nuevo! Acabamos de abrir el plazo de inscripci\u00f3n para la actividad \"Metodolog\u00eda ABN para Educaci\u00f3n Infantil\", con el objetivo de acercar al profesorado de Educaci\u00f3n infantil al m\u00e9todo ABN con la intenci\u00f3n de desarrollar y mejorar la competencia matem\u00e1tica en el alumnado de esta etapa educativa. Para poder\u2026","rel":"","context":"En \u00abFormaciones\u00bb","block_context":{"text":"Formaciones","link":"https:\/\/cepronda.com\/blog\/category\/formaciones\/"},"img":{"alt_text":"","src":"https:\/\/i0.wp.com\/cepronda.com\/blog\/wp-content\/uploads\/2018\/12\/mathematics-1044087_1920.jpg?fit=1200%2C1200&ssl=1&resize=350%2C200","width":350,"height":200,"srcset":"https:\/\/i0.wp.com\/cepronda.com\/blog\/wp-content\/uploads\/2018\/12\/mathematics-1044087_1920.jpg?fit=1200%2C1200&ssl=1&resize=350%2C200 1x, https:\/\/i0.wp.com\/cepronda.com\/blog\/wp-content\/uploads\/2018\/12\/mathematics-1044087_1920.jpg?fit=1200%2C1200&ssl=1&resize=525%2C300 1.5x, https:\/\/i0.wp.com\/cepronda.com\/blog\/wp-content\/uploads\/2018\/12\/mathematics-1044087_1920.jpg?fit=1200%2C1200&ssl=1&resize=700%2C400 2x, https:\/\/i0.wp.com\/cepronda.com\/blog\/wp-content\/uploads\/2018\/12\/mathematics-1044087_1920.jpg?fit=1200%2C1200&ssl=1&resize=1050%2C600 3x"},"classes":[]},{"id":7744,"url":"https:\/\/cepronda.com\/blog\/desarrollo-de-la-concentracion-y-el-control-inhibitorio-en-el-alumnado-de-infantil\/","url_meta":{"origin":8873,"position":4},"title":"DESARROLLO DE LA CONCENTRACI\u00d3N Y EL CONTROL INHIBITORIO EN EL ALUMNADO DE INFANTIL","author":"Mamen Moreno","date":"25 septiembre, 2024","format":false,"excerpt":"Abierto el plazo de inscripciones en la actividad DESARROLLO DE LA CONCENTRACI\u00d3N Y EL CONTROL INHIBITORIO EN EL ALUMNADO DE INFANTIL con c\u00f3digo 252924GE003. Duraci\u00f3n de la actividad: 20 horas ( 9 horas videoconferencias y 11 horas no presencial) Fecha de inscripci\u00f3n: 25\/09\/2024 hasta 4\/10\/2024 Fecha de la actividad: 9,\u2026","rel":"","context":"En \u00abFormaciones\u00bb","block_context":{"text":"Formaciones","link":"https:\/\/cepronda.com\/blog\/category\/formaciones\/"},"img":{"alt_text":"","src":"https:\/\/i0.wp.com\/cepronda.com\/blog\/wp-content\/uploads\/2024\/09\/Post-de-Instagram-Psicologia-Salud-Mental-Profesional-Multicolor-4-1.jpg?fit=1080%2C1080&ssl=1&resize=350%2C200","width":350,"height":200,"srcset":"https:\/\/i0.wp.com\/cepronda.com\/blog\/wp-content\/uploads\/2024\/09\/Post-de-Instagram-Psicologia-Salud-Mental-Profesional-Multicolor-4-1.jpg?fit=1080%2C1080&ssl=1&resize=350%2C200 1x, https:\/\/i0.wp.com\/cepronda.com\/blog\/wp-content\/uploads\/2024\/09\/Post-de-Instagram-Psicologia-Salud-Mental-Profesional-Multicolor-4-1.jpg?fit=1080%2C1080&ssl=1&resize=525%2C300 1.5x, https:\/\/i0.wp.com\/cepronda.com\/blog\/wp-content\/uploads\/2024\/09\/Post-de-Instagram-Psicologia-Salud-Mental-Profesional-Multicolor-4-1.jpg?fit=1080%2C1080&ssl=1&resize=700%2C400 2x, https:\/\/i0.wp.com\/cepronda.com\/blog\/wp-content\/uploads\/2024\/09\/Post-de-Instagram-Psicologia-Salud-Mental-Profesional-Multicolor-4-1.jpg?fit=1080%2C1080&ssl=1&resize=1050%2C600 3x"},"classes":[]},{"id":7928,"url":"https:\/\/cepronda.com\/blog\/jefatura-de-estudios-organizacion-y-funcionamiento-infantil-y-primaria-codigo-259925pf493\/","url_meta":{"origin":8873,"position":5},"title":"\u00abJEFATURA DE ESTUDIOS: ORGANIZACI\u00d3N Y FUNCIONAMIENTO (INFANTIL Y PRIMARIA)\u00bb C\u00f3digo: 259925PF493.","author":"Inmaculada Garc\u00eda","date":"11 diciembre, 2024","format":false,"excerpt":"Abierto el plazo de inscripci\u00f3n para la actividad provincial: \"JEFATURA DE ESTUDIOS: ORGANIZACI\u00d3N Y FUNCIONAMIENTO (INFANTIL Y PRIMARIA)\" C\u00f3digo: 259925PF493. Lugar de realizaci\u00f3n: Curso a distancia en el Aula Virtual de Formaci\u00f3n del Profesorado. \u270f\ufe0fFecha inscripci\u00f3n: del 11\/12\/2024 al 13\/01\/2025. Fecha actividad:del 20 de enero al 24 de marzo de\u2026","rel":"","context":"En \u00abFormaciones\u00bb","block_context":{"text":"Formaciones","link":"https:\/\/cepronda.com\/blog\/category\/formaciones\/"},"img":{"alt_text":"","src":"https:\/\/i0.wp.com\/cepronda.com\/blog\/wp-content\/uploads\/2024\/12\/JEFATURA-ESTUDIOS-CEIP-1_page-0001-1-scaled.jpg?fit=848%2C1200&ssl=1&resize=350%2C200","width":350,"height":200,"srcset":"https:\/\/i0.wp.com\/cepronda.com\/blog\/wp-content\/uploads\/2024\/12\/JEFATURA-ESTUDIOS-CEIP-1_page-0001-1-scaled.jpg?fit=848%2C1200&ssl=1&resize=350%2C200 1x, https:\/\/i0.wp.com\/cepronda.com\/blog\/wp-content\/uploads\/2024\/12\/JEFATURA-ESTUDIOS-CEIP-1_page-0001-1-scaled.jpg?fit=848%2C1200&ssl=1&resize=525%2C300 1.5x, https:\/\/i0.wp.com\/cepronda.com\/blog\/wp-content\/uploads\/2024\/12\/JEFATURA-ESTUDIOS-CEIP-1_page-0001-1-scaled.jpg?fit=848%2C1200&ssl=1&resize=700%2C400 2x"},"classes":[]}],"jetpack_sharing_enabled":true,"_links":{"self":[{"href":"https:\/\/cepronda.com\/blog\/wp-json\/wp\/v2\/posts\/8873","targetHints":{"allow":["GET"]}}],"collection":[{"href":"https:\/\/cepronda.com\/blog\/wp-json\/wp\/v2\/posts"}],"about":[{"href":"https:\/\/cepronda.com\/blog\/wp-json\/wp\/v2\/types\/post"}],"author":[{"embeddable":true,"href":"https:\/\/cepronda.com\/blog\/wp-json\/wp\/v2\/users\/13"}],"replies":[{"embeddable":true,"href":"https:\/\/cepronda.com\/blog\/wp-json\/wp\/v2\/comments?post=8873"}],"version-history":[{"count":1,"href":"https:\/\/cepronda.com\/blog\/wp-json\/wp\/v2\/posts\/8873\/revisions"}],"predecessor-version":[{"id":8875,"href":"https:\/\/cepronda.com\/blog\/wp-json\/wp\/v2\/posts\/8873\/revisions\/8875"}],"wp:featuredmedia":[{"embeddable":true,"href":"https:\/\/cepronda.com\/blog\/wp-json\/wp\/v2\/media\/8874"}],"wp:attachment":[{"href":"https:\/\/cepronda.com\/blog\/wp-json\/wp\/v2\/media?parent=8873"}],"wp:term":[{"taxonomy":"category","embeddable":true,"href":"https:\/\/cepronda.com\/blog\/wp-json\/wp\/v2\/categories?post=8873"},{"taxonomy":"post_tag","embeddable":true,"href":"https:\/\/cepronda.com\/blog\/wp-json\/wp\/v2\/tags?post=8873"}],"curies":[{"name":"wp","href":"https:\/\/api.w.org\/{rel}","templated":true}]}}