{"id":8870,"date":"2025-10-20T13:18:07","date_gmt":"2025-10-20T11:18:07","guid":{"rendered":"https:\/\/cepronda.com\/blog\/?p=8870"},"modified":"2025-10-20T13:39:18","modified_gmt":"2025-10-20T11:39:18","slug":"encuentro-para-responsables-de-formacion-y-equipos-directivos-de-los-centros-educativos","status":"publish","type":"post","link":"https:\/\/cepronda.com\/blog\/encuentro-para-responsables-de-formacion-y-equipos-directivos-de-los-centros-educativos\/","title":{"rendered":"ENCUENTRO PARA RESPONSABLES DE FORMACI\u00d3N Y EQUIPOS DIRECTIVOS DE LOS CENTROS EDUCATIVOS."},"content":{"rendered":"<div class=\"\" data-block=\"true\" data-editor=\"dndcv\" data-offset-key=\"37lg6-0-0\">\n<div class=\"_1mf _1mj\" data-offset-key=\"37lg6-0-0\">\n<p><span data-offset-key=\"37lg6-0-0\"><span data-offset-key=\"37lg6-0-0\">Abierto el plazo de inscripci\u00f3n para el <strong>\u00abENCUENTRO PARA RESPONSABLES DE FORMACI\u00d3N Y EQUIPOS DIRECTIVOS DE LOS CENTROS EDUCATIVOS.\u00bb <\/strong>c\u00f3digo<strong> 262924GE001<\/strong><\/span><\/span><\/p>\n<div class=\"\" data-block=\"true\" data-editor=\"dndcv\" data-offset-key=\"37lg6-0-0\">\n<div class=\"_1mf _1mj\" data-offset-key=\"37lg6-0-0\"><span style=\"font-weight: inherit;\">Formaci\u00f3n destinada a equipos directivos y FEIE para mejorar el proceso de autoevaluaci\u00f3n y mejora de los centros.<\/span><\/div>\n<div data-offset-key=\"37lg6-0-0\">&#8211; Fortalecimiento de los Equipos.<\/div>\n<div class=\"_1mf _1mj\" data-offset-key=\"37lg6-0-0\"><span style=\"font-weight: inherit;\">&#8211; Elaboraci\u00f3n del Plan de Formaci\u00f3n del Centro.<\/span><\/div>\n<div class=\"_1mf _1mj\" data-offset-key=\"37lg6-0-0\"><span style=\"font-weight: inherit;\">&#8211; Elaboraci\u00f3n del Plan de mejora.<\/span><\/div>\n<div data-offset-key=\"37lg6-0-0\">&#8211; An\u00e1lisis de los indicadores homologados.<\/div>\n<div data-offset-key=\"37lg6-0-0\">&#8211; Redacci\u00f3n de indicadores.<\/div>\n<div data-offset-key=\"37lg6-0-0\"><\/div>\n<\/div>\n<div data-offset-key=\"8ul8i-0-0\">IMPORTANTE: Para poder participar es necesario solicitar, mediante ANEXO I, el permiso por razones de formaci\u00f3n: participaci\u00f3n en calidad de asistente.<\/div>\n<div class=\"\" data-block=\"true\" data-editor=\"dndcv\" data-offset-key=\"8ul8i-0-0\">\n<div data-offset-key=\"8ul8i-0-0\"><\/div>\n<div class=\"_1mf _1mj\" data-offset-key=\"8ul8i-0-0\"><b>INSCRIPCIONES: <\/b>del 29\/09\/2025 al 15\/10\/2025<\/div>\n<\/div>\n<div class=\"\" data-block=\"true\" data-editor=\"dndcv\" data-offset-key=\"d26l7-0-0\">\n<div class=\"_1mf _1mj\" data-offset-key=\"d26l7-0-0\"><span data-offset-key=\"d26l7-0-0\"><strong>FECHAS DE REALIZACI\u00d3N:<\/strong> mi\u00e9rcoles 22 de octubre de 2025 (horario de ma\u00f1ana y tarde)<\/span><\/div>\n<\/div>\n<div class=\"\" data-block=\"true\" data-editor=\"dndcv\" data-offset-key=\"80he6-0-0\">\n<div class=\"_1mf _1mj\" data-offset-key=\"80he6-0-0\"><span data-offset-key=\"80he6-0-0\"><strong>LUGAR:<\/strong> Centro del profesorado de Ronda\u00a0<\/span><\/div>\n<\/div>\n<div class=\"\" data-block=\"true\" data-editor=\"dndcv\" data-offset-key=\"esifd-0-0\">\n<div class=\"_1mf _1mj\" data-offset-key=\"esifd-0-0\"><span data-offset-key=\"esifd-0-0\"><strong>INSCRIPCIONES Y DETALLES:<\/strong><a href=\"https:\/\/www.juntadeandalucia.es\/educacion\/secretariavirtual\/consultaCEP\/actividad\/262924GE001\/\">https:\/\/www.juntadeandalucia.es\/educacion\/secretariavirtual\/consultaCEP\/actividad\/262924GE001\/<\/a><\/span><\/div>\n<\/div>\n<\/div>\n<\/div>\n<div data-offset-key=\"esifd-0-0\">\n<hr \/>\n<\/div>\n<h1 style=\"text-align: center;\" data-offset-key=\"esifd-0-0\"><a href=\"https:\/\/view.genially.com\/68eebe1c586139c9f3c2840e\" target=\"_blank\" rel=\"noopener\"><span style=\"color: #0000ff;\"><em><strong>ENLACE A LA PRESENTACI\u00d3N Y DOCUMENTACI\u00d3N A TRABAJAR<\/strong><\/em><\/span><\/a><\/h1>\n<div data-offset-key=\"esifd-0-0\">\n<hr \/>\n<\/div>\n<div data-offset-key=\"esifd-0-0\"><\/div>\n<div data-offset-key=\"esifd-0-0\"><\/div>\n<div class=\"\" data-block=\"true\" data-editor=\"dndcv\" data-offset-key=\"37lg6-0-0\">\n<div class=\"_1mf _1mj\" data-offset-key=\"37lg6-0-0\">\n<div data-offset-key=\"esifd-0-0\"><\/div>\n<\/div>\n<div data-offset-key=\"esifd-0-0\"><img data-recalc-dims=\"1\" loading=\"lazy\" decoding=\"async\" class=\"aligncenter wp-image-8871\" src=\"https:\/\/i0.wp.com\/cepronda.com\/blog\/wp-content\/uploads\/2025\/09\/262924GE001-Cartel-Encuentro-Equipos-directivos-y-FEIE.png?resize=700%2C875&#038;ssl=1\" alt=\"\" width=\"700\" height=\"875\" srcset=\"https:\/\/i0.wp.com\/cepronda.com\/blog\/wp-content\/uploads\/2025\/09\/262924GE001-Cartel-Encuentro-Equipos-directivos-y-FEIE.png?w=1080&amp;ssl=1 1080w, https:\/\/i0.wp.com\/cepronda.com\/blog\/wp-content\/uploads\/2025\/09\/262924GE001-Cartel-Encuentro-Equipos-directivos-y-FEIE.png?resize=240%2C300&amp;ssl=1 240w, https:\/\/i0.wp.com\/cepronda.com\/blog\/wp-content\/uploads\/2025\/09\/262924GE001-Cartel-Encuentro-Equipos-directivos-y-FEIE.png?resize=819%2C1024&amp;ssl=1 819w, https:\/\/i0.wp.com\/cepronda.com\/blog\/wp-content\/uploads\/2025\/09\/262924GE001-Cartel-Encuentro-Equipos-directivos-y-FEIE.png?resize=768%2C960&amp;ssl=1 768w\" sizes=\"auto, (max-width: 700px) 100vw, 700px\" \/><\/div>\n<\/div>\n","protected":false},"excerpt":{"rendered":"<p>Abierto el plazo de inscripci\u00f3n para el \u00abENCUENTRO PARA RESPONSABLES DE FORMACI\u00d3N Y EQUIPOS DIRECTIVOS DE LOS CENTROS EDUCATIVOS.\u00bb c\u00f3digo 262924GE001 Formaci\u00f3n destinada a equipos directivos y FEIE para mejorar el proceso de autoevaluaci\u00f3n y mejora de los centros. &#8211; Fortalecimiento de los Equipos. &#8211; Elaboraci\u00f3n del Plan de Formaci\u00f3n del Centro. &#8211; Elaboraci\u00f3n del [&hellip;]<\/p>\n","protected":false},"author":3,"featured_media":8871,"comment_status":"closed","ping_status":"open","sticky":false,"template":"","format":"standard","meta":{"_crdt_document":"","advanced_seo_description":"","jetpack_seo_html_title":"","jetpack_seo_noindex":false,"jetpack_post_was_ever_published":false,"_jetpack_newsletter_access":"","_jetpack_dont_email_post_to_subs":false,"_jetpack_newsletter_tier_id":0,"_jetpack_memberships_contains_paywalled_content":false,"_jetpack_memberships_contains_paid_content":false,"footnotes":"","jetpack_publicize_message":"","jetpack_publicize_feature_enabled":true,"jetpack_social_post_already_shared":true,"jetpack_social_options":{"image_generator_settings":{"template":"highway","default_image_id":0,"font":"","enabled":false},"version":2}},"categories":[3],"tags":[171,222],"class_list":{"0":"post-8870","1":"post","2":"type-post","3":"status-publish","4":"format-standard","5":"has-post-thumbnail","7":"category-formaciones","8":"tag-coeducacion","9":"tag-internivelar","10":"czr-hentry"},"jetpack_publicize_connections":[],"jetpack_featured_media_url":"https:\/\/i0.wp.com\/cepronda.com\/blog\/wp-content\/uploads\/2025\/09\/262924GE001-Cartel-Encuentro-Equipos-directivos-y-FEIE.png?fit=1080%2C1350&ssl=1","jetpack_shortlink":"https:\/\/wp.me\/p8M4X7-2j4","jetpack-related-posts":[{"id":7694,"url":"https:\/\/cepronda.com\/blog\/jornadas-para-responsables-de-formacion-y-equipos-directivos-de-los-centros-educativos-12h-codigo-252924ge001\/","url_meta":{"origin":8870,"position":0},"title":"JORNADAS PARA RESPONSABLES DE FORMACI\u00d3N Y EQUIPOS DIRECTIVOS DE LOS CENTROS EDUCATIVOS (12h), c\u00f3digo 252924GE001.","author":"Inmaculada Garc\u00eda","date":"11 septiembre, 2024","format":false,"excerpt":"Os informamos que se encuentra abierta la inscripci\u00f3n en el curso provincial: JORNADAS PARA RESPONSABLES DE FORMACI\u00d3N Y EQUIPOS DIRECTIVOS DE LOS CENTROS EDUCATIVOS (12h), con c\u00f3digo 252924GE001. Esta actividad est\u00e1 dirigida a equipos directivos de los diferentes niveles educativos, responsables de formaci\u00f3n de centros educativos de infantil, primaria y\u2026","rel":"","context":"En \u00abNoticias\u00bb","block_context":{"text":"Noticias","link":"https:\/\/cepronda.com\/blog\/category\/noticias\/"},"img":{"alt_text":"","src":"https:\/\/i0.wp.com\/cepronda.com\/blog\/wp-content\/uploads\/2024\/09\/CARTEL-FEIE.jpg?fit=1080%2C1080&ssl=1&resize=350%2C200","width":350,"height":200,"srcset":"https:\/\/i0.wp.com\/cepronda.com\/blog\/wp-content\/uploads\/2024\/09\/CARTEL-FEIE.jpg?fit=1080%2C1080&ssl=1&resize=350%2C200 1x, https:\/\/i0.wp.com\/cepronda.com\/blog\/wp-content\/uploads\/2024\/09\/CARTEL-FEIE.jpg?fit=1080%2C1080&ssl=1&resize=525%2C300 1.5x, https:\/\/i0.wp.com\/cepronda.com\/blog\/wp-content\/uploads\/2024\/09\/CARTEL-FEIE.jpg?fit=1080%2C1080&ssl=1&resize=700%2C400 2x, https:\/\/i0.wp.com\/cepronda.com\/blog\/wp-content\/uploads\/2024\/09\/CARTEL-FEIE.jpg?fit=1080%2C1080&ssl=1&resize=1050%2C600 3x"},"classes":[]},{"id":474,"url":"https:\/\/cepronda.com\/blog\/curso-fundamentacion-juridica-para-la-gestion-de-los-centros-educativos\/","url_meta":{"origin":8870,"position":1},"title":"Curso \u00abFundamentaci\u00f3n jur\u00eddica para la gesti\u00f3n de los centros educativos\u00bb","author":"V\u00edctor Caballero","date":"13 diciembre, 2016","format":false,"excerpt":"\u00a1No nos paran! Seguimos con un \u00a0curso con seguimiento dirigido a las personas responsables de las secretar\u00edas en los centros y al resto de los miembros de los Equipos Directivos para su actualizaci\u00f3n a la hora de aplicar la legislaci\u00f3n educativa como norma para la mejora de la gesti\u00f3n econ\u00f3mica\u2026","rel":"","context":"En \u00abFormaciones\u00bb","block_context":{"text":"Formaciones","link":"https:\/\/cepronda.com\/blog\/category\/formaciones\/"},"img":{"alt_text":"home-office-336377_640","src":"https:\/\/i0.wp.com\/cepronda.com\/blog\/wp-content\/uploads\/2016\/12\/home-office-336377_640.jpg?resize=350%2C200","width":350,"height":200},"classes":[]},{"id":766,"url":"https:\/\/cepronda.com\/blog\/ix-jornada-de-equipos-directivos-y-responsables-del-plan-de-igualdad\/","url_meta":{"origin":8870,"position":2},"title":"IX Jornada de Equipos directivos y responsables del plan de igualdad","author":"V\u00edctor Caballero","date":"5 abril, 2017","format":false,"excerpt":"Muy buenas familia, Tras la \"locura\" de esta ma\u00f1ana, y a\u00fan con las buenas sensaciones vividas y lo aprendido en la ma\u00f1ana de hoy, os dejo con las fotos realizadas. Espero que todos y todas est\u00e9is tan satisfechas como estamos aqu\u00ed en el CEP, creemos realmente que han sido productivas\u2026","rel":"","context":"En \u00abNoticias\u00bb","block_context":{"text":"Noticias","link":"https:\/\/cepronda.com\/blog\/category\/noticias\/"},"img":{"alt_text":"","src":"https:\/\/i0.wp.com\/cepronda.com\/blog\/wp-content\/uploads\/2017\/05\/team-2044760_640.jpg?fit=640%2C479&ssl=1&resize=350%2C200","width":350,"height":200,"srcset":"https:\/\/i0.wp.com\/cepronda.com\/blog\/wp-content\/uploads\/2017\/05\/team-2044760_640.jpg?fit=640%2C479&ssl=1&resize=350%2C200 1x, https:\/\/i0.wp.com\/cepronda.com\/blog\/wp-content\/uploads\/2017\/05\/team-2044760_640.jpg?fit=640%2C479&ssl=1&resize=525%2C300 1.5x"},"classes":[]},{"id":3759,"url":"https:\/\/cepronda.com\/blog\/configuracion-seneca-para-equipos-directivos\/","url_meta":{"origin":8870,"position":3},"title":"Configuraci\u00f3n S\u00e9neca para Equipos Directivos","author":"Maribel Mu\u00f1oz","date":"23 septiembre, 2020","format":false,"excerpt":"Buenas tardes compa\u00f1eras y compa\u00f1eros, Os informamos que est\u00e1 abierto el plazo de inscripci\u00f3n de la formaci\u00f3n CONFIGURACI\u00d3N S\u00c9NECA PARA EQUIPOS DIRECTIVOS a nivel provincial y que comenzar\u00e1 a desarrollarse el pr\u00f3ximo\u00a0 1 de octubre. Adjuntamos cartel informativo. EL PLAZO DE INSCRIPCI\u00d3N TERMINA ESTE VIERNES. Deseamos que sea de vuestro\u2026","rel":"","context":"En \u00abNoticias\u00bb","block_context":{"text":"Noticias","link":"https:\/\/cepronda.com\/blog\/category\/noticias\/"},"img":{"alt_text":"","src":"https:\/\/i0.wp.com\/cepronda.com\/blog\/wp-content\/uploads\/2020\/09\/WhatsApp-Image-2020-09-23-at-16.51.03.jpeg?resize=350%2C200&ssl=1","width":350,"height":200,"srcset":"https:\/\/i0.wp.com\/cepronda.com\/blog\/wp-content\/uploads\/2020\/09\/WhatsApp-Image-2020-09-23-at-16.51.03.jpeg?resize=350%2C200&ssl=1 1x, https:\/\/i0.wp.com\/cepronda.com\/blog\/wp-content\/uploads\/2020\/09\/WhatsApp-Image-2020-09-23-at-16.51.03.jpeg?resize=525%2C300&ssl=1 1.5x, https:\/\/i0.wp.com\/cepronda.com\/blog\/wp-content\/uploads\/2020\/09\/WhatsApp-Image-2020-09-23-at-16.51.03.jpeg?resize=700%2C400&ssl=1 2x, https:\/\/i0.wp.com\/cepronda.com\/blog\/wp-content\/uploads\/2020\/09\/WhatsApp-Image-2020-09-23-at-16.51.03.jpeg?resize=1050%2C600&ssl=1 3x"},"classes":[]},{"id":7555,"url":"https:\/\/cepronda.com\/blog\/transformacion-educativa-para-equipos-directivos-2\/","url_meta":{"origin":8870,"position":4},"title":"TRANSFORMACI\u00d3N EDUCATIVA PARA EQUIPOS DIRECTIVOS","author":"Mamen Moreno","date":"10 abril, 2024","format":false,"excerpt":"Se encuentra abierta la inscripci\u00f3n de la actividad formativa provincial \"TRANSFORMACI\u00d3N EDUCATIVA PARA EQUIPOS DIRECTIVOS\" Dirigido a Equipos directivos y FEIE de los centros educativos sostenidos con fondos p\u00fablicos. Se trata de una actividad de 20 horas con dos tem\u00e1ticas principales: Competencia Digital Docente (14 horas totalmente online tutorizadas) -\u2026","rel":"","context":"En \u00abFormaciones\u00bb","block_context":{"text":"Formaciones","link":"https:\/\/cepronda.com\/blog\/category\/formaciones\/"},"img":{"alt_text":"","src":"https:\/\/i0.wp.com\/cepronda.com\/blog\/wp-content\/uploads\/2024\/04\/WhatsApp-Image-2024-04-09-at-13.05.31-1.jpeg?fit=800%2C800&ssl=1&resize=350%2C200","width":350,"height":200,"srcset":"https:\/\/i0.wp.com\/cepronda.com\/blog\/wp-content\/uploads\/2024\/04\/WhatsApp-Image-2024-04-09-at-13.05.31-1.jpeg?fit=800%2C800&ssl=1&resize=350%2C200 1x, https:\/\/i0.wp.com\/cepronda.com\/blog\/wp-content\/uploads\/2024\/04\/WhatsApp-Image-2024-04-09-at-13.05.31-1.jpeg?fit=800%2C800&ssl=1&resize=525%2C300 1.5x, https:\/\/i0.wp.com\/cepronda.com\/blog\/wp-content\/uploads\/2024\/04\/WhatsApp-Image-2024-04-09-at-13.05.31-1.jpeg?fit=800%2C800&ssl=1&resize=700%2C400 2x"},"classes":[]},{"id":1472,"url":"https:\/\/cepronda.com\/blog\/curso-para-secretarias-de-los-centros\/","url_meta":{"origin":8870,"position":5},"title":"Curso para Secretar\u00edas de los centros","author":"V\u00edctor Caballero","date":"11 diciembre, 2017","format":false,"excerpt":"\u00a1Hola familia! \u00bfQu\u00e9 tal estos d\u00edas de descanso? Escribimos esta entrada para comentaros que acabamos de abrir el plazo de inscripci\u00f3n para el curso \"FORMACI\u00d3N PARA LAS SECRETAR\u00cdAS DE LOS CENTROS: GESTI\u00d3N DE INVENTARIO\" dirigido a las personas responsables de las secretar\u00edas en los centros y al resto de los\u2026","rel":"","context":"En \u00abFormaciones\u00bb","block_context":{"text":"Formaciones","link":"https:\/\/cepronda.com\/blog\/category\/formaciones\/"},"img":{"alt_text":"","src":"https:\/\/i0.wp.com\/cepronda.com\/blog\/wp-content\/uploads\/2017\/12\/bag-1245954_640.jpg?resize=350%2C200","width":350,"height":200,"srcset":"https:\/\/i0.wp.com\/cepronda.com\/blog\/wp-content\/uploads\/2017\/12\/bag-1245954_640.jpg?resize=350%2C200 1x, https:\/\/i0.wp.com\/cepronda.com\/blog\/wp-content\/uploads\/2017\/12\/bag-1245954_640.jpg?resize=525%2C300 1.5x"},"classes":[]}],"jetpack_sharing_enabled":true,"_links":{"self":[{"href":"https:\/\/cepronda.com\/blog\/wp-json\/wp\/v2\/posts\/8870","targetHints":{"allow":["GET"]}}],"collection":[{"href":"https:\/\/cepronda.com\/blog\/wp-json\/wp\/v2\/posts"}],"about":[{"href":"https:\/\/cepronda.com\/blog\/wp-json\/wp\/v2\/types\/post"}],"author":[{"embeddable":true,"href":"https:\/\/cepronda.com\/blog\/wp-json\/wp\/v2\/users\/3"}],"replies":[{"embeddable":true,"href":"https:\/\/cepronda.com\/blog\/wp-json\/wp\/v2\/comments?post=8870"}],"version-history":[{"count":4,"href":"https:\/\/cepronda.com\/blog\/wp-json\/wp\/v2\/posts\/8870\/revisions"}],"predecessor-version":[{"id":8953,"href":"https:\/\/cepronda.com\/blog\/wp-json\/wp\/v2\/posts\/8870\/revisions\/8953"}],"wp:featuredmedia":[{"embeddable":true,"href":"https:\/\/cepronda.com\/blog\/wp-json\/wp\/v2\/media\/8871"}],"wp:attachment":[{"href":"https:\/\/cepronda.com\/blog\/wp-json\/wp\/v2\/media?parent=8870"}],"wp:term":[{"taxonomy":"category","embeddable":true,"href":"https:\/\/cepronda.com\/blog\/wp-json\/wp\/v2\/categories?post=8870"},{"taxonomy":"post_tag","embeddable":true,"href":"https:\/\/cepronda.com\/blog\/wp-json\/wp\/v2\/tags?post=8870"}],"curies":[{"name":"wp","href":"https:\/\/api.w.org\/{rel}","templated":true}]}}