{"id":8848,"date":"2025-09-25T12:26:43","date_gmt":"2025-09-25T10:26:43","guid":{"rendered":"https:\/\/cepronda.com\/blog\/?p=8848"},"modified":"2025-09-26T12:34:41","modified_gmt":"2025-09-26T10:34:41","slug":"xiv-curso-de-formacion-aula-joaquin-peinado-una-mirada-a-las-otras-artes","status":"publish","type":"post","link":"https:\/\/cepronda.com\/blog\/xiv-curso-de-formacion-aula-joaquin-peinado-una-mirada-a-las-otras-artes\/","title":{"rendered":"XIV CURSO DE FORMACI\u00d3N AULA JOAQU\u00cdN PEINADO: UNA MIRADA A LAS OTRAS ARTES"},"content":{"rendered":"<p>Abiertas inscripciones al curso: <strong>XIV Curso de Formaci\u00f3n Aula Joaqu\u00edn Peinado: Una mirada a las otras artes.<\/strong> C\u00f3digo: <strong>262924GE051<\/strong><\/p>\n<p><strong>Fechas del curso:<\/strong> del 21 de octubre al 11 de noviembre de 2025.<br \/>\n<strong>Lugar de realizaci\u00f3n:<\/strong> Centro Cultural Fundaci\u00f3n Unicaja de Ronda<br \/>\n<strong>Horario:<\/strong> 18:30 a 20:00<br \/>\n<strong>Plazo de inscripci\u00f3n:<\/strong> del 25 de septiembre al 20 de octubre de 2025<\/p>\n<p><strong>Inscr\u00edbete aqu\u00ed:<\/strong><a href=\"https:\/\/www.juntadeandalucia.es\/educacion\/secretariavirtual\/consultaCEP\/actividad\/262924GE051\/\"> https:\/\/www.juntadeandalucia.es\/educacion\/secretariavirtual\/consultaCEP\/actividad\/262924GE051\/<\/a><\/p>\n<p><img data-recalc-dims=\"1\" loading=\"lazy\" decoding=\"async\" class=\"size-medium wp-image-8849 aligncenter\" src=\"https:\/\/i0.wp.com\/cepronda.com\/blog\/wp-content\/uploads\/2025\/09\/ceramica-2.png?resize=225%2C300&#038;ssl=1\" alt=\"\" width=\"225\" height=\"300\" srcset=\"https:\/\/i0.wp.com\/cepronda.com\/blog\/wp-content\/uploads\/2025\/09\/ceramica-2.png?resize=225%2C300&amp;ssl=1 225w, https:\/\/i0.wp.com\/cepronda.com\/blog\/wp-content\/uploads\/2025\/09\/ceramica-2.png?resize=768%2C1024&amp;ssl=1 768w, https:\/\/i0.wp.com\/cepronda.com\/blog\/wp-content\/uploads\/2025\/09\/ceramica-2.png?w=1080&amp;ssl=1 1080w\" sizes=\"auto, (max-width: 225px) 100vw, 225px\" \/><\/p>\n","protected":false},"excerpt":{"rendered":"<p>Abiertas inscripciones al curso: XIV Curso de Formaci\u00f3n Aula Joaqu\u00edn Peinado: Una mirada a las otras artes. C\u00f3digo: 262924GE051 Fechas del curso: del 21 de octubre al 11 de noviembre de 2025. Lugar de realizaci\u00f3n: Centro Cultural Fundaci\u00f3n Unicaja de Ronda Horario: 18:30 a 20:00 Plazo de inscripci\u00f3n: del 25 de septiembre al 20 de [&hellip;]<\/p>\n","protected":false},"author":13,"featured_media":8849,"comment_status":"closed","ping_status":"open","sticky":false,"template":"","format":"standard","meta":{"_crdt_document":"","advanced_seo_description":"","jetpack_seo_html_title":"","jetpack_seo_noindex":false,"jetpack_post_was_ever_published":false,"_jetpack_newsletter_access":"","_jetpack_dont_email_post_to_subs":false,"_jetpack_newsletter_tier_id":0,"_jetpack_memberships_contains_paywalled_content":false,"_jetpack_memberships_contains_paid_content":false,"footnotes":"","jetpack_publicize_message":"","jetpack_publicize_feature_enabled":true,"jetpack_social_post_already_shared":true,"jetpack_social_options":{"image_generator_settings":{"template":"highway","default_image_id":0,"font":"","enabled":false},"version":2}},"categories":[3],"tags":[8,222],"class_list":{"0":"post-8848","1":"post","2":"type-post","3":"status-publish","4":"format-standard","5":"has-post-thumbnail","7":"category-formaciones","8":"tag-arte","9":"tag-internivelar","10":"czr-hentry"},"jetpack_publicize_connections":[],"jetpack_featured_media_url":"https:\/\/i0.wp.com\/cepronda.com\/blog\/wp-content\/uploads\/2025\/09\/ceramica-2.png?fit=1080%2C1440&ssl=1","jetpack_shortlink":"https:\/\/wp.me\/p8M4X7-2iI","jetpack-related-posts":[{"id":6035,"url":"https:\/\/cepronda.com\/blog\/paisajes-artisticos-y-culturales-duodecimo-curso-de-formacion-aula-joaquin-peinado\/","url_meta":{"origin":8848,"position":0},"title":"PA\u00cdSAJES ART\u00cdSTICOS Y CULTURALES. DUOD\u00c9CIMO CURSO DE FORMACI\u00d3N AULA JOAQU\u00cdN PEINADO","author":"Mamen Moreno","date":"12 septiembre, 2023","format":false,"excerpt":"\u00a0 Abierto el plazo de inscripci\u00f3n al curso\u00a0PA\u00cdSAJES ART\u00cdSTICOS Y CULTURALES. DUOD\u00c9CIMO CURSO DE FORMACI\u00d3N AULA JOAQU\u00cdN PEINADO, organizado por Fundaci\u00f3n Unicaja. C\u00f3digo\u00a0242924GE002 Fecha de inscripci\u00f3n:\u00a012\/09\/2023 hasta 02\/10\/2023 Horas: 10 presenciales Fecha de la actividad:\u00a003\/10\/2023 hasta 24\/10\/2023 Lugar de realizaci\u00f3n:\u00a0Sal\u00f3n de actos de la Fundaci\u00f3n Unicaja (c\/Sor Angela de la\u2026","rel":"","context":"En \u00abFormaciones\u00bb","block_context":{"text":"Formaciones","link":"https:\/\/cepronda.com\/blog\/category\/formaciones\/"},"img":{"alt_text":"","src":"https:\/\/i0.wp.com\/cepronda.com\/blog\/wp-content\/uploads\/2023\/09\/paisajes-artisticos-y-culturales.-duodecimo-curso-de-formacion-aula-joaquin-peinado-1.jpg?fit=1080%2C1080&ssl=1&resize=350%2C200","width":350,"height":200,"srcset":"https:\/\/i0.wp.com\/cepronda.com\/blog\/wp-content\/uploads\/2023\/09\/paisajes-artisticos-y-culturales.-duodecimo-curso-de-formacion-aula-joaquin-peinado-1.jpg?fit=1080%2C1080&ssl=1&resize=350%2C200 1x, https:\/\/i0.wp.com\/cepronda.com\/blog\/wp-content\/uploads\/2023\/09\/paisajes-artisticos-y-culturales.-duodecimo-curso-de-formacion-aula-joaquin-peinado-1.jpg?fit=1080%2C1080&ssl=1&resize=525%2C300 1.5x, https:\/\/i0.wp.com\/cepronda.com\/blog\/wp-content\/uploads\/2023\/09\/paisajes-artisticos-y-culturales.-duodecimo-curso-de-formacion-aula-joaquin-peinado-1.jpg?fit=1080%2C1080&ssl=1&resize=700%2C400 2x, https:\/\/i0.wp.com\/cepronda.com\/blog\/wp-content\/uploads\/2023\/09\/paisajes-artisticos-y-culturales.-duodecimo-curso-de-formacion-aula-joaquin-peinado-1.jpg?fit=1080%2C1080&ssl=1&resize=1050%2C600 3x"},"classes":[]},{"id":5410,"url":"https:\/\/cepronda.com\/blog\/curso-el-museo-unicaja-joaquin-peinado-en-su-xx-aniversario-undecimo-curso-de-formacion\/","url_meta":{"origin":8848,"position":1},"title":"CURSO: EL MUSEO UNICAJA JOAQU\u00cdN PEINADO EN SU XX ANIVERSARIO. UND\u00c9CIMO CURSO DE FORMACI\u00d3N","author":"Antonio Montes","date":"8 septiembre, 2022","format":false,"excerpt":"Os informamos que se ha abierto el plazo de inscripci\u00f3n en el curso: EL MUSEO UNICAJA JOAQU\u00cdN PEINADO EN SU XX ANIVERSARIO. UND\u00c9CIMO CURSO DE FORMACI\u00d3N (C\u00f3digo: 232924GE004) Fechas de realizaci\u00f3n: del 20 de septiembre al 6 de octubre del 2022, en horario de 18:30 h a 20:00 h. Todas\u2026","rel":"","context":"En \u00abFormaciones\u00bb","block_context":{"text":"Formaciones","link":"https:\/\/cepronda.com\/blog\/category\/formaciones\/"},"img":{"alt_text":"","src":"https:\/\/i0.wp.com\/cepronda.com\/blog\/wp-content\/uploads\/2022\/09\/232924GE004-MUSEO-JOAQUIN-PEINADO.png?fit=848%2C1200&ssl=1&resize=350%2C200","width":350,"height":200,"srcset":"https:\/\/i0.wp.com\/cepronda.com\/blog\/wp-content\/uploads\/2022\/09\/232924GE004-MUSEO-JOAQUIN-PEINADO.png?fit=848%2C1200&ssl=1&resize=350%2C200 1x, https:\/\/i0.wp.com\/cepronda.com\/blog\/wp-content\/uploads\/2022\/09\/232924GE004-MUSEO-JOAQUIN-PEINADO.png?fit=848%2C1200&ssl=1&resize=525%2C300 1.5x, https:\/\/i0.wp.com\/cepronda.com\/blog\/wp-content\/uploads\/2022\/09\/232924GE004-MUSEO-JOAQUIN-PEINADO.png?fit=848%2C1200&ssl=1&resize=700%2C400 2x"},"classes":[]},{"id":801,"url":"https:\/\/cepronda.com\/blog\/nuevo-curso-relaciones-entre-obra-de-arte-y-edificio-en-el-museo-joaquin-peinado\/","url_meta":{"origin":8848,"position":2},"title":"Nuevo curso \u00bb Relaciones entre obra de arte y edificio en el museo Joaqu\u00edn Peinado\u00bb","author":"V\u00edctor Caballero","date":"2 mayo, 2017","format":false,"excerpt":"\u00a1Muy buenas! Tras el merecido descanso que hemos tenido en estos tres d\u00edas comenzamos el mes de mayo con energ\u00edas renovadas, intentando responder a vuestras necesidades formativas. En este caso lanzamos la convocatoria del curso \" CONTENIDO-CONTINENTE. RELACIONES ENTRE OBRA DE ARTE Y EDIFICIO EN EL MUSEO JOAQU\u00cdN PEINADO\". Para\u2026","rel":"","context":"En \u00abFormaciones\u00bb","block_context":{"text":"Formaciones","link":"https:\/\/cepronda.com\/blog\/category\/formaciones\/"},"img":{"alt_text":"","src":"https:\/\/i0.wp.com\/cepronda.com\/blog\/wp-content\/uploads\/2017\/05\/museo-peinado-artesonado-mudejar-300x224.jpg?resize=350%2C200","width":350,"height":200},"classes":[]},{"id":7946,"url":"https:\/\/cepronda.com\/blog\/curso-provincial-jornadas-de-formacion-cambridge-con-codigo-259923kpi441\/","url_meta":{"origin":8848,"position":3},"title":"CURSO PROVINCIAL \u00abJornadas de formaci\u00f3n Cambridge\u00bb, con c\u00f3digo: 259923KPI441.","author":"Inmaculada Garc\u00eda","date":"17 diciembre, 2024","format":false,"excerpt":"Abierto el plazo de solicitudes para el PLAZO DE INSCRIPCI\u00d3N: Presentaci\u00f3n solicitudes: Inscripciones del 13\/12\/2024 al 08\/01\/2025 FECHA DE REALIZACI\u00d3N: Fechas de actividad: 16\/01\/2025 al 03\/03\/2025 Lugar de realizaci\u00f3n: Aula Virtual de Formaci\u00f3n del Profesorado \u270f\ufe0fInscripci\u00f3n: https:\/\/www.juntadeandalucia.es\/educacion\/secretariavirtual\/consultaCEP\/actividad\/259923KPI441\/","rel":"","context":"En \u00abFormaciones\u00bb","block_context":{"text":"Formaciones","link":"https:\/\/cepronda.com\/blog\/category\/formaciones\/"},"img":{"alt_text":"","src":"https:\/\/i0.wp.com\/cepronda.com\/blog\/wp-content\/uploads\/2024\/12\/WhatsApp-Image-2024-12-17-at-11.11.55.jpeg?fit=1080%2C1080&ssl=1&resize=350%2C200","width":350,"height":200,"srcset":"https:\/\/i0.wp.com\/cepronda.com\/blog\/wp-content\/uploads\/2024\/12\/WhatsApp-Image-2024-12-17-at-11.11.55.jpeg?fit=1080%2C1080&ssl=1&resize=350%2C200 1x, https:\/\/i0.wp.com\/cepronda.com\/blog\/wp-content\/uploads\/2024\/12\/WhatsApp-Image-2024-12-17-at-11.11.55.jpeg?fit=1080%2C1080&ssl=1&resize=525%2C300 1.5x, https:\/\/i0.wp.com\/cepronda.com\/blog\/wp-content\/uploads\/2024\/12\/WhatsApp-Image-2024-12-17-at-11.11.55.jpeg?fit=1080%2C1080&ssl=1&resize=700%2C400 2x, https:\/\/i0.wp.com\/cepronda.com\/blog\/wp-content\/uploads\/2024\/12\/WhatsApp-Image-2024-12-17-at-11.11.55.jpeg?fit=1080%2C1080&ssl=1&resize=1050%2C600 3x"},"classes":[]},{"id":5995,"url":"https:\/\/cepronda.com\/blog\/curso-aplicaciones-en-el-aula-de-inteligencia-artificial-231812ge220\/","url_meta":{"origin":8848,"position":4},"title":"CURSO APLICACIONES EN EL AULA DE INTELIGENCIA ARTIFICIAL (231812GE220)","author":"Inmaculada Garc\u00eda","date":"24 mayo, 2023","format":false,"excerpt":"Estimado\/a compa\u00f1ero\/a, Te informo que se encuentra abierta la inscripci\u00f3n al CURSO a DISTANCIA de \u00c1MBITO REGIONAL, INTERDISCIPLINAR: APLICACIONES EN EL AULA DE INTELIGENCIA ARTIFICIAL, organizado por el CEP de Motril. C\u00f3digo: 231812GE220 Inscripciones: desde el 16\/05\/2023 hasta 24\/05\/2023 Fecha actividad:\u00a026\/05\/2023 hasta 26\/06\/2023 Lugar de realizaci\u00f3n: Aula Virtual de Formaci\u00f3n\u2026","rel":"","context":"En \u00abFormaciones\u00bb","block_context":{"text":"Formaciones","link":"https:\/\/cepronda.com\/blog\/category\/formaciones\/"},"img":{"alt_text":"","src":"https:\/\/i0.wp.com\/cepronda.com\/blog\/wp-content\/uploads\/2023\/05\/inteligencia-artificial-aplicaciones.png?fit=1200%2C1200&ssl=1&resize=350%2C200","width":350,"height":200,"srcset":"https:\/\/i0.wp.com\/cepronda.com\/blog\/wp-content\/uploads\/2023\/05\/inteligencia-artificial-aplicaciones.png?fit=1200%2C1200&ssl=1&resize=350%2C200 1x, https:\/\/i0.wp.com\/cepronda.com\/blog\/wp-content\/uploads\/2023\/05\/inteligencia-artificial-aplicaciones.png?fit=1200%2C1200&ssl=1&resize=525%2C300 1.5x, https:\/\/i0.wp.com\/cepronda.com\/blog\/wp-content\/uploads\/2023\/05\/inteligencia-artificial-aplicaciones.png?fit=1200%2C1200&ssl=1&resize=700%2C400 2x, https:\/\/i0.wp.com\/cepronda.com\/blog\/wp-content\/uploads\/2023\/05\/inteligencia-artificial-aplicaciones.png?fit=1200%2C1200&ssl=1&resize=1050%2C600 3x"},"classes":[]},{"id":9185,"url":"https:\/\/cepronda.com\/blog\/9185-2\/","url_meta":{"origin":8848,"position":5},"title":"CURSO EL APRENDIZAJE COOPERATIVO COMO ESTRATEGIA DE GESTI\u00d3N DE AULA","author":"Encarni Jim\u00e9nez Rosado","date":"13 enero, 2026","format":false,"excerpt":"Abierto plazo de inscripci\u00f3n para el curso \u201cEL APRENDIZAJE COOPERATIVO COMO ESTRATEGIA DE GESTI\u00d3N DE AULA\u201d C\u00f3digo: 262925GE401 Inscripciones: desde el 09\/01\/2026 hasta 27\/01\/2026 Fecha de inicio y fin del curso: 02\/02\/2026 hasta 08\/04\/2026 Lugar de realizaci\u00f3n: Aula Virtual de Formaci\u00f3n del Profesorado (https:\/\/educacionadistancia.juntadeandalucia.es\/profesorado\/) Detalle e inscripci\u00f3n: https:\/\/secretariavirtual.juntadeandalucia.es\/secretariavirtual\/consultaCEP\/actividad\/262925GE401\/","rel":"","context":"En \u00abFormaciones\u00bb","block_context":{"text":"Formaciones","link":"https:\/\/cepronda.com\/blog\/category\/formaciones\/"},"img":{"alt_text":"","src":"https:\/\/i0.wp.com\/cepronda.com\/blog\/wp-content\/uploads\/2026\/01\/WhatsApp-Image-2026-01-13-at-12.20.28-e1768303479670.jpeg?fit=500%2C835&ssl=1&resize=350%2C200","width":350,"height":200},"classes":[]}],"jetpack_sharing_enabled":true,"_links":{"self":[{"href":"https:\/\/cepronda.com\/blog\/wp-json\/wp\/v2\/posts\/8848","targetHints":{"allow":["GET"]}}],"collection":[{"href":"https:\/\/cepronda.com\/blog\/wp-json\/wp\/v2\/posts"}],"about":[{"href":"https:\/\/cepronda.com\/blog\/wp-json\/wp\/v2\/types\/post"}],"author":[{"embeddable":true,"href":"https:\/\/cepronda.com\/blog\/wp-json\/wp\/v2\/users\/13"}],"replies":[{"embeddable":true,"href":"https:\/\/cepronda.com\/blog\/wp-json\/wp\/v2\/comments?post=8848"}],"version-history":[{"count":3,"href":"https:\/\/cepronda.com\/blog\/wp-json\/wp\/v2\/posts\/8848\/revisions"}],"predecessor-version":[{"id":8861,"href":"https:\/\/cepronda.com\/blog\/wp-json\/wp\/v2\/posts\/8848\/revisions\/8861"}],"wp:featuredmedia":[{"embeddable":true,"href":"https:\/\/cepronda.com\/blog\/wp-json\/wp\/v2\/media\/8849"}],"wp:attachment":[{"href":"https:\/\/cepronda.com\/blog\/wp-json\/wp\/v2\/media?parent=8848"}],"wp:term":[{"taxonomy":"category","embeddable":true,"href":"https:\/\/cepronda.com\/blog\/wp-json\/wp\/v2\/categories?post=8848"},{"taxonomy":"post_tag","embeddable":true,"href":"https:\/\/cepronda.com\/blog\/wp-json\/wp\/v2\/tags?post=8848"}],"curies":[{"name":"wp","href":"https:\/\/api.w.org\/{rel}","templated":true}]}}