{"id":8833,"date":"2025-09-25T13:00:39","date_gmt":"2025-09-25T11:00:39","guid":{"rendered":"https:\/\/cepronda.com\/blog\/?p=8833"},"modified":"2025-09-25T13:00:39","modified_gmt":"2025-09-25T11:00:39","slug":"jefatura-de-estudios-organizacion-y-funcionamiento-infantil-y-primaria-269925kpf493","status":"publish","type":"post","link":"https:\/\/cepronda.com\/blog\/jefatura-de-estudios-organizacion-y-funcionamiento-infantil-y-primaria-269925kpf493\/","title":{"rendered":"JEFATURA DE ESTUDIOS: ORGANIZACI\u00d3N Y FUNCIONAMIENTO (INFANTIL Y PRIMARIA). (269925KPF493)"},"content":{"rendered":"<p dir=\"ltr\">Se abre el plazo de inscripci\u00f3n para la actividad formativa provincial \u00abJEFATURA DE ESTUDIOS: ORGANIZACI\u00d3N Y FUNCIONAMIENTO (INFANTIL Y PRIMARIA)\u00bb, con c\u00f3digo 269925KPF493, que se desarrollar\u00e1,\u00a0 en modalidad A Distancia, en el Aula Virtual de Formaci\u00f3n del Profesorado, con un aprovechamiento de 40 horas.<\/p>\n<ul class=\"list-group\">\n<li class=\"list-group-item\"><b>Fecha actividad:<\/b>\u00a020\/10\/2025 hasta 23\/12\/2025<\/li>\n<li class=\"list-group-item\"><b>Fecha inscripci\u00f3n:<\/b>\u00a024\/09\/2025 hasta 13\/10\/2025<\/li>\n<\/ul>\n<p dir=\"ltr\">Pod\u00e9is comenzar a inscribiros\u00a0 a partir del 24 de septiembre al 13 de octubre a trav\u00e9s del siguiente enlace.<\/p>\n<p dir=\"ltr\"><a href=\"https:\/\/www.juntadeandalucia.es\/educacion\/secretariavirtual\/consultaCEP\/actividad\/269925KPF493\/\" target=\"_blank\" rel=\"noopener\" data-saferedirecturl=\"https:\/\/www.google.com\/url?q=https:\/\/www.juntadeandalucia.es\/educacion\/secretariavirtual\/consultaCEP\/actividad\/269925KPF493\/&amp;source=gmail&amp;ust=1758883924836000&amp;usg=AOvVaw13qgqd4ai8vRyguP_jFYGl\">https:\/\/www.juntadeandalucia.<wbr \/>es\/educacion\/<wbr \/>secretariavirtual\/consultaCEP\/<wbr \/>actividad\/269925KPF493\/<\/a><\/p>\n<p dir=\"ltr\"><img data-recalc-dims=\"1\" loading=\"lazy\" decoding=\"async\" class=\"aligncenter  wp-image-8834\" src=\"https:\/\/i0.wp.com\/cepronda.com\/blog\/wp-content\/uploads\/2025\/09\/Jefatura-de-estudios-1_page-0001.jpg?resize=315%2C394&#038;ssl=1\" alt=\"\" width=\"315\" height=\"394\" srcset=\"https:\/\/i0.wp.com\/cepronda.com\/blog\/wp-content\/uploads\/2025\/09\/Jefatura-de-estudios-1_page-0001.jpg?resize=819%2C1024&amp;ssl=1 819w, https:\/\/i0.wp.com\/cepronda.com\/blog\/wp-content\/uploads\/2025\/09\/Jefatura-de-estudios-1_page-0001.jpg?resize=240%2C300&amp;ssl=1 240w, https:\/\/i0.wp.com\/cepronda.com\/blog\/wp-content\/uploads\/2025\/09\/Jefatura-de-estudios-1_page-0001.jpg?resize=768%2C960&amp;ssl=1 768w, https:\/\/i0.wp.com\/cepronda.com\/blog\/wp-content\/uploads\/2025\/09\/Jefatura-de-estudios-1_page-0001.jpg?resize=1229%2C1536&amp;ssl=1 1229w, https:\/\/i0.wp.com\/cepronda.com\/blog\/wp-content\/uploads\/2025\/09\/Jefatura-de-estudios-1_page-0001.jpg?resize=1638%2C2048&amp;ssl=1 1638w, https:\/\/i0.wp.com\/cepronda.com\/blog\/wp-content\/uploads\/2025\/09\/Jefatura-de-estudios-1_page-0001.jpg?w=1688&amp;ssl=1 1688w\" sizes=\"auto, (max-width: 315px) 100vw, 315px\" \/><\/p>\n","protected":false},"excerpt":{"rendered":"<p>Se abre el plazo de inscripci\u00f3n para la actividad formativa provincial \u00abJEFATURA DE ESTUDIOS: ORGANIZACI\u00d3N Y FUNCIONAMIENTO (INFANTIL Y PRIMARIA)\u00bb, con c\u00f3digo 269925KPF493, que se desarrollar\u00e1,\u00a0 en modalidad A Distancia, en el Aula Virtual de Formaci\u00f3n del Profesorado, con un aprovechamiento de 40 horas. Fecha actividad:\u00a020\/10\/2025 hasta 23\/12\/2025 Fecha inscripci\u00f3n:\u00a024\/09\/2025 hasta 13\/10\/2025 Pod\u00e9is comenzar a [&hellip;]<\/p>\n","protected":false},"author":9,"featured_media":8834,"comment_status":"closed","ping_status":"open","sticky":false,"template":"","format":"standard","meta":{"_crdt_document":"","advanced_seo_description":"","jetpack_seo_html_title":"","jetpack_seo_noindex":false,"jetpack_post_was_ever_published":false,"_jetpack_newsletter_access":"","_jetpack_dont_email_post_to_subs":false,"_jetpack_newsletter_tier_id":0,"_jetpack_memberships_contains_paywalled_content":false,"_jetpack_memberships_contains_paid_content":false,"footnotes":"","jetpack_publicize_message":"","jetpack_publicize_feature_enabled":true,"jetpack_social_post_already_shared":true,"jetpack_social_options":{"image_generator_settings":{"template":"highway","default_image_id":0,"font":"","enabled":false},"version":2}},"categories":[3],"tags":[422],"class_list":{"0":"post-8833","1":"post","2":"type-post","3":"status-publish","4":"format-standard","5":"has-post-thumbnail","7":"category-formaciones","8":"tag-jefatura-de-estudios","9":"czr-hentry"},"jetpack_publicize_connections":[],"jetpack_featured_media_url":"https:\/\/i0.wp.com\/cepronda.com\/blog\/wp-content\/uploads\/2025\/09\/Jefatura-de-estudios-1_page-0001.jpg?fit=1688%2C2110&ssl=1","jetpack_shortlink":"https:\/\/wp.me\/p8M4X7-2it","jetpack-related-posts":[{"id":7928,"url":"https:\/\/cepronda.com\/blog\/jefatura-de-estudios-organizacion-y-funcionamiento-infantil-y-primaria-codigo-259925pf493\/","url_meta":{"origin":8833,"position":0},"title":"\u00abJEFATURA DE ESTUDIOS: ORGANIZACI\u00d3N Y FUNCIONAMIENTO (INFANTIL Y PRIMARIA)\u00bb C\u00f3digo: 259925PF493.","author":"Inmaculada Garc\u00eda","date":"11 diciembre, 2024","format":false,"excerpt":"Abierto el plazo de inscripci\u00f3n para la actividad provincial: \"JEFATURA DE ESTUDIOS: ORGANIZACI\u00d3N Y FUNCIONAMIENTO (INFANTIL Y PRIMARIA)\" C\u00f3digo: 259925PF493. Lugar de realizaci\u00f3n: Curso a distancia en el Aula Virtual de Formaci\u00f3n del Profesorado. \u270f\ufe0fFecha inscripci\u00f3n: del 11\/12\/2024 al 13\/01\/2025. Fecha actividad:del 20 de enero al 24 de marzo de\u2026","rel":"","context":"En \u00abFormaciones\u00bb","block_context":{"text":"Formaciones","link":"https:\/\/cepronda.com\/blog\/category\/formaciones\/"},"img":{"alt_text":"","src":"https:\/\/i0.wp.com\/cepronda.com\/blog\/wp-content\/uploads\/2024\/12\/JEFATURA-ESTUDIOS-CEIP-1_page-0001-1-scaled.jpg?fit=848%2C1200&ssl=1&resize=350%2C200","width":350,"height":200,"srcset":"https:\/\/i0.wp.com\/cepronda.com\/blog\/wp-content\/uploads\/2024\/12\/JEFATURA-ESTUDIOS-CEIP-1_page-0001-1-scaled.jpg?fit=848%2C1200&ssl=1&resize=350%2C200 1x, https:\/\/i0.wp.com\/cepronda.com\/blog\/wp-content\/uploads\/2024\/12\/JEFATURA-ESTUDIOS-CEIP-1_page-0001-1-scaled.jpg?fit=848%2C1200&ssl=1&resize=525%2C300 1.5x, https:\/\/i0.wp.com\/cepronda.com\/blog\/wp-content\/uploads\/2024\/12\/JEFATURA-ESTUDIOS-CEIP-1_page-0001-1-scaled.jpg?fit=848%2C1200&ssl=1&resize=700%2C400 2x"},"classes":[]},{"id":5110,"url":"https:\/\/cepronda.com\/blog\/jefatura-de-estudios-organizacion-y-funcionamiento-de-los-centros-e-infantil-y-primaria\/","url_meta":{"origin":8833,"position":1},"title":"JEFATURA DE ESTUDIOS: ORGANIZACI\u00d3N Y FUNCIONAMIENTO DE LOS CENTROS (E. INFANTIL Y PRIMARIA)","author":"Maribel Mu\u00f1oz","date":"15 febrero, 2022","format":false,"excerpt":"Buenas tardes compa\u00f1eras y compa\u00f1eros Os informamos que se encuentra abierta la inscripci\u00f3n del Curso a distancia provincial JEFATURA DE ESTUDIOS: ORGANIZACI\u00d3N Y FUNCIONAMIENTO DE LOS CENTROS (E. INFANTIL Y PRIMARIA)\"\u00a0 C\u00f3digo: 229925PF372 Inscripciones: Del 14\/2\/22 hasta el 10\/03\/2022 Comienzo del curso: 15\/03\/2022 Lugar de realizaci\u00f3n: AVFP (Aula virtual de\u2026","rel":"","context":"En \u00abFormaciones\u00bb","block_context":{"text":"Formaciones","link":"https:\/\/cepronda.com\/blog\/category\/formaciones\/"},"img":{"alt_text":"","src":"https:\/\/i0.wp.com\/cepronda.com\/blog\/wp-content\/uploads\/2022\/02\/WhatsApp-Image-2022-02-15-at-13.41.17.jpeg?fit=848%2C1200&ssl=1&resize=350%2C200","width":350,"height":200,"srcset":"https:\/\/i0.wp.com\/cepronda.com\/blog\/wp-content\/uploads\/2022\/02\/WhatsApp-Image-2022-02-15-at-13.41.17.jpeg?fit=848%2C1200&ssl=1&resize=350%2C200 1x, https:\/\/i0.wp.com\/cepronda.com\/blog\/wp-content\/uploads\/2022\/02\/WhatsApp-Image-2022-02-15-at-13.41.17.jpeg?fit=848%2C1200&ssl=1&resize=525%2C300 1.5x, https:\/\/i0.wp.com\/cepronda.com\/blog\/wp-content\/uploads\/2022\/02\/WhatsApp-Image-2022-02-15-at-13.41.17.jpeg?fit=848%2C1200&ssl=1&resize=700%2C400 2x"},"classes":[]},{"id":7337,"url":"https:\/\/cepronda.com\/blog\/jefatura-de-estudios-organizacion-y-funcionamiento-de-los-centros-educacion-infantil-y-primaria-online\/","url_meta":{"origin":8833,"position":2},"title":"JEFATURA\u00a0DE\u00a0ESTUDIOS:\u00a0ORGANIZACI\u00d3N\u00a0Y\u00a0FUNCIONAMIENTO\u00a0DE\u00a0LOS\u00a0CENTROS\u00a0(EDUCACI\u00d3N\u00a0INFANTIL\u00a0Y\u00a0PRIMARIA &#8211; ONLINE)","author":"Mamen Moreno","date":"12 enero, 2024","format":false,"excerpt":"Informamos que se encuentra abierto el plazo de inscripci\u00f3n del curso\u00a0provincial:\u00a0\u00a0\"JEFATURA\u00a0DE\u00a0ESTUDIOS:\u00a0ORGANIZACI\u00d3N\u00a0Y\u00a0FUNCIONAMIENTO\u00a0DE\u00a0LOS\u00a0CENTROS\u00a0(EDUCACI\u00d3N\u00a0INFANTIL\u00a0Y\u00a0PRIMARIA - ONLINE)\"\u00a0\u00a0C\u00f3digo:\u00a0249925KPF372 Inscripciones: del 11\/01\/2024 al 22\/01\/2024 Fechas de realizaci\u00f3n: del 29 de enero al 18 de marzo de 2024 Lugar de realizaci\u00f3n: AULA VIRTUAL DE FORMACI\u00d3N DEL PROFESORADO (Curso\u00a0a distancia) Detalle e inscripci\u00f3n en el siguiente enlace: https:\/\/www.juntadeandalucia.es\/educacion\/secretariavirtual\/consultaCEP\/actividad\/249925KPF372","rel":"","context":"En \u00abFormaciones\u00bb","block_context":{"text":"Formaciones","link":"https:\/\/cepronda.com\/blog\/category\/formaciones\/"},"img":{"alt_text":"","src":"https:\/\/i0.wp.com\/cepronda.com\/blog\/wp-content\/uploads\/2024\/01\/JEFATURA-ESTUDIOS-CEIP-3-1.png?fit=848%2C1200&ssl=1&resize=350%2C200","width":350,"height":200,"srcset":"https:\/\/i0.wp.com\/cepronda.com\/blog\/wp-content\/uploads\/2024\/01\/JEFATURA-ESTUDIOS-CEIP-3-1.png?fit=848%2C1200&ssl=1&resize=350%2C200 1x, https:\/\/i0.wp.com\/cepronda.com\/blog\/wp-content\/uploads\/2024\/01\/JEFATURA-ESTUDIOS-CEIP-3-1.png?fit=848%2C1200&ssl=1&resize=525%2C300 1.5x, https:\/\/i0.wp.com\/cepronda.com\/blog\/wp-content\/uploads\/2024\/01\/JEFATURA-ESTUDIOS-CEIP-3-1.png?fit=848%2C1200&ssl=1&resize=700%2C400 2x"},"classes":[]},{"id":5716,"url":"https:\/\/cepronda.com\/blog\/jefatura-de-estudios-organizacion-y-funcionamiento-de-los-centros-educacion-infantil-y-primaria-232925ge607\/","url_meta":{"origin":8833,"position":3},"title":"JEFATURA DE ESTUDIOS: ORGANIZACI\u00d3N Y FUNCIONAMIENTO DE LOS CENTROS (EDUCACI\u00d3N INFANTIL Y PRIMARIA) (232925GE607)","author":"Inmaculada Garc\u00eda","date":"20 enero, 2023","format":false,"excerpt":"Estimado\/a compa\u00f1ero\/a, Te informo que est\u00e1 abierto el plazo de inscripci\u00f3n del curso provincial, organizado por el CEP de Antequera: \"JEFATURA DE ESTUDIOS: ORGANIZACI\u00d3N Y FUNCIONAMIENTO DE LOS CENTROS (EDUCACI\u00d3N INFANTIL Y PRIMARIA)\" C\u00f3digo: 232925GE607 Inscripciones: desde 20\/01\/2023 al 03\/02\/2023 Fechas de realizaci\u00f3n: del 13 de febrero al 27 de\u2026","rel":"","context":"En \u00abFormaciones\u00bb","block_context":{"text":"Formaciones","link":"https:\/\/cepronda.com\/blog\/category\/formaciones\/"},"img":{"alt_text":"","src":"https:\/\/i0.wp.com\/cepronda.com\/blog\/wp-content\/uploads\/2023\/01\/WhatsApp-Image-2023-01-20-at-13.21.21.jpeg?fit=848%2C1200&ssl=1&resize=350%2C200","width":350,"height":200,"srcset":"https:\/\/i0.wp.com\/cepronda.com\/blog\/wp-content\/uploads\/2023\/01\/WhatsApp-Image-2023-01-20-at-13.21.21.jpeg?fit=848%2C1200&ssl=1&resize=350%2C200 1x, https:\/\/i0.wp.com\/cepronda.com\/blog\/wp-content\/uploads\/2023\/01\/WhatsApp-Image-2023-01-20-at-13.21.21.jpeg?fit=848%2C1200&ssl=1&resize=525%2C300 1.5x, https:\/\/i0.wp.com\/cepronda.com\/blog\/wp-content\/uploads\/2023\/01\/WhatsApp-Image-2023-01-20-at-13.21.21.jpeg?fit=848%2C1200&ssl=1&resize=700%2C400 2x"},"classes":[]},{"id":7399,"url":"https:\/\/cepronda.com\/blog\/jefatura-de-estudios-organizacion-y-funcionamiento-de-los-centros-secundaria-2\/","url_meta":{"origin":8833,"position":4},"title":"JEFATURA DE ESTUDIOS: ORGANIZACI\u00d3N Y FUNCIONAMIENTO DE LOS CENTROS (SECUNDARIA)","author":"Mamen Moreno","date":"19 enero, 2024","format":false,"excerpt":"Os informamos que se encuentra abierta la inscripci\u00f3n en el curso provincial, JEFATURA DE ESTUDIOS: ORGANIZACI\u00d3N Y FUNCIONAMIENTO DE LOS CENTROS (SECUNDARIA) con c\u00f3digo 249923PF373 Inscripciones: 18\/01\/2024 al 31\/01\/2024 Fecha actividad: 7 de febrero hasta el 7 de abril de 2024 Duraci\u00f3n: 30 horas no presenciales en AVFP Detalle e\u2026","rel":"","context":"En \u00abFormaciones\u00bb","block_context":{"text":"Formaciones","link":"https:\/\/cepronda.com\/blog\/category\/formaciones\/"},"img":{"alt_text":"","src":"https:\/\/i0.wp.com\/cepronda.com\/blog\/wp-content\/uploads\/2024\/01\/WhatsApp-Image-2024-01-18-at-19.45.23.jpeg?fit=1080%2C1080&ssl=1&resize=350%2C200","width":350,"height":200,"srcset":"https:\/\/i0.wp.com\/cepronda.com\/blog\/wp-content\/uploads\/2024\/01\/WhatsApp-Image-2024-01-18-at-19.45.23.jpeg?fit=1080%2C1080&ssl=1&resize=350%2C200 1x, https:\/\/i0.wp.com\/cepronda.com\/blog\/wp-content\/uploads\/2024\/01\/WhatsApp-Image-2024-01-18-at-19.45.23.jpeg?fit=1080%2C1080&ssl=1&resize=525%2C300 1.5x, https:\/\/i0.wp.com\/cepronda.com\/blog\/wp-content\/uploads\/2024\/01\/WhatsApp-Image-2024-01-18-at-19.45.23.jpeg?fit=1080%2C1080&ssl=1&resize=700%2C400 2x, https:\/\/i0.wp.com\/cepronda.com\/blog\/wp-content\/uploads\/2024\/01\/WhatsApp-Image-2024-01-18-at-19.45.23.jpeg?fit=1080%2C1080&ssl=1&resize=1050%2C600 3x"},"classes":[]},{"id":8006,"url":"https:\/\/cepronda.com\/blog\/curso-provincial-jefatura-de-estudios-organizacion-y-funcionamiento-secundaria-codigo-259923kpf494\/","url_meta":{"origin":8833,"position":5},"title":"CURSO PROVINCIAL: JEFATURA DE ESTUDIOS: ORGANIZACI\u00d3N Y FUNCIONAMIENTO (SECUNDARIA)\u201d. C\u00f3digo 259923KPF494.","author":"Inmaculada Garc\u00eda","date":"8 enero, 2025","format":false,"excerpt":"Abierto el plazo de solicitud de la actividad formativa provincial a distancia \u201cJEFATURA DE ESTUDIOS: ORGANIZACI\u00d3N Y FUNCIONAMIENTO (SECUNDARIA)\u201d. C\u00f3digo: 259923KPF494. \u00a0 Curso a distancia de 40 horas, dirigido a profesorado de EDUCACI\u00d3N SECUNDARIA Y BACHILLERATO Lugar de realizaci\u00f3n: AVFP \u00a0 Fechas de realizaci\u00f3n del 29\/01\/2025 hasta 30\/03\/2025. \u270d\ufe0f Inscripciones\u2026","rel":"","context":"En \u00abFormaciones\u00bb","block_context":{"text":"Formaciones","link":"https:\/\/cepronda.com\/blog\/category\/formaciones\/"},"img":{"alt_text":"","src":"https:\/\/i0.wp.com\/cepronda.com\/blog\/wp-content\/uploads\/2025\/01\/WhatsApp-Image-2025-01-08-at-12.42.22.jpeg?fit=1080%2C1080&ssl=1&resize=350%2C200","width":350,"height":200,"srcset":"https:\/\/i0.wp.com\/cepronda.com\/blog\/wp-content\/uploads\/2025\/01\/WhatsApp-Image-2025-01-08-at-12.42.22.jpeg?fit=1080%2C1080&ssl=1&resize=350%2C200 1x, https:\/\/i0.wp.com\/cepronda.com\/blog\/wp-content\/uploads\/2025\/01\/WhatsApp-Image-2025-01-08-at-12.42.22.jpeg?fit=1080%2C1080&ssl=1&resize=525%2C300 1.5x, https:\/\/i0.wp.com\/cepronda.com\/blog\/wp-content\/uploads\/2025\/01\/WhatsApp-Image-2025-01-08-at-12.42.22.jpeg?fit=1080%2C1080&ssl=1&resize=700%2C400 2x, https:\/\/i0.wp.com\/cepronda.com\/blog\/wp-content\/uploads\/2025\/01\/WhatsApp-Image-2025-01-08-at-12.42.22.jpeg?fit=1080%2C1080&ssl=1&resize=1050%2C600 3x"},"classes":[]}],"jetpack_sharing_enabled":true,"_links":{"self":[{"href":"https:\/\/cepronda.com\/blog\/wp-json\/wp\/v2\/posts\/8833","targetHints":{"allow":["GET"]}}],"collection":[{"href":"https:\/\/cepronda.com\/blog\/wp-json\/wp\/v2\/posts"}],"about":[{"href":"https:\/\/cepronda.com\/blog\/wp-json\/wp\/v2\/types\/post"}],"author":[{"embeddable":true,"href":"https:\/\/cepronda.com\/blog\/wp-json\/wp\/v2\/users\/9"}],"replies":[{"embeddable":true,"href":"https:\/\/cepronda.com\/blog\/wp-json\/wp\/v2\/comments?post=8833"}],"version-history":[{"count":1,"href":"https:\/\/cepronda.com\/blog\/wp-json\/wp\/v2\/posts\/8833\/revisions"}],"predecessor-version":[{"id":8835,"href":"https:\/\/cepronda.com\/blog\/wp-json\/wp\/v2\/posts\/8833\/revisions\/8835"}],"wp:featuredmedia":[{"embeddable":true,"href":"https:\/\/cepronda.com\/blog\/wp-json\/wp\/v2\/media\/8834"}],"wp:attachment":[{"href":"https:\/\/cepronda.com\/blog\/wp-json\/wp\/v2\/media?parent=8833"}],"wp:term":[{"taxonomy":"category","embeddable":true,"href":"https:\/\/cepronda.com\/blog\/wp-json\/wp\/v2\/categories?post=8833"},{"taxonomy":"post_tag","embeddable":true,"href":"https:\/\/cepronda.com\/blog\/wp-json\/wp\/v2\/tags?post=8833"}],"curies":[{"name":"wp","href":"https:\/\/api.w.org\/{rel}","templated":true}]}}