{"id":8830,"date":"2025-09-24T09:42:14","date_gmt":"2025-09-24T07:42:14","guid":{"rendered":"https:\/\/cepronda.com\/blog\/?p=8830"},"modified":"2025-09-24T09:42:14","modified_gmt":"2025-09-24T07:42:14","slug":"cuaderno-de-clase-seneca-para-la-evaluacion-competencial","status":"publish","type":"post","link":"https:\/\/cepronda.com\/blog\/cuaderno-de-clase-seneca-para-la-evaluacion-competencial\/","title":{"rendered":"CUADERNO DE CLASE S\u00c9NECA PARA LA EVALUACI\u00d3N COMPETENCIAL"},"content":{"rendered":"<div class=\"\" data-block=\"true\" data-editor=\"dndcv\" data-offset-key=\"37lg6-0-0\">\n<div class=\"_1mf _1mj\" data-offset-key=\"37lg6-0-0\">\n<p><span data-offset-key=\"37lg6-0-0\"><span data-offset-key=\"37lg6-0-0\">Abierto el plazo de inscripci\u00f3n para el curso <strong>\u00abCUADERNO DE CLASE S\u00c9NECA PARA LA EVALUACI\u00d3N COMPETENCIAL\u00bb <\/strong>c\u00f3digo<strong> 262924GE103<\/strong><\/span><\/span><\/p>\n<div class=\"\" data-block=\"true\" data-editor=\"dndcv\" data-offset-key=\"37lg6-0-0\">\n<div class=\"_1mf _1mj\" data-offset-key=\"37lg6-0-0\"><span style=\"font-weight: inherit;\">Curso a distancia tutorizado que<\/span><span style=\"font-weight: inherit;\"> pretende dotar al profesorado de los conocimientos necesarios para configurar el cuaderno de S\u00e9neca, usarlo para el seguimiento acad\u00e9mico, la evaluaci\u00f3n del alumnado y conocer como se vincula el cuaderno con las programaciones as\u00ed como con las Situaciones de Aprendizaje en S\u00e9neca.<\/span><\/div>\n<\/div>\n<div class=\"\" data-block=\"true\" data-editor=\"dndcv\" data-offset-key=\"8ul8i-0-0\">\n<div data-offset-key=\"8ul8i-0-0\"><\/div>\n<div class=\"_1mf _1mj\" data-offset-key=\"8ul8i-0-0\"><b>INSCRIPCIONES: <\/b>del 24\/09\/2025 al 05\/10\/2025<\/div>\n<\/div>\n<div class=\"\" data-block=\"true\" data-editor=\"dndcv\" data-offset-key=\"fn600-0-0\">\n<div class=\"_1mf _1mj\" data-offset-key=\"fn600-0-0\"><span data-offset-key=\"fn600-0-0\">\u00a0<\/span><\/div>\n<\/div>\n<div class=\"\" data-block=\"true\" data-editor=\"dndcv\" data-offset-key=\"d26l7-0-0\">\n<div class=\"_1mf _1mj\" data-offset-key=\"d26l7-0-0\"><span data-offset-key=\"d26l7-0-0\"><strong>FECHAS DE REALIZACI\u00d3N:<\/strong> Del 07\/10\/2025 AL 31\/11\/2025<\/span><\/div>\n<\/div>\n<div class=\"\" data-block=\"true\" data-editor=\"dndcv\" data-offset-key=\"4r5pk-0-0\">\n<div class=\"_1mf _1mj\" data-offset-key=\"4r5pk-0-0\"><span data-offset-key=\"4r5pk-0-0\">\u00a0<\/span><\/div>\n<\/div>\n<div class=\"\" data-block=\"true\" data-editor=\"dndcv\" data-offset-key=\"80he6-0-0\">\n<div class=\"_1mf _1mj\" data-offset-key=\"80he6-0-0\"><span data-offset-key=\"80he6-0-0\"><strong>LUGAR:<\/strong> <a href=\"https:\/\/educacionadistancia.juntadeandalucia.es\/profesorado\/login\/index.php\">AVFP (Aula Virtual de Formaci\u00f3n del Profesorado)<\/a><\/span><\/div>\n<\/div>\n<div class=\"\" data-block=\"true\" data-editor=\"dndcv\" data-offset-key=\"e9qlu-0-0\">\n<div class=\"_1mf _1mj\" data-offset-key=\"e9qlu-0-0\"><span data-offset-key=\"e9qlu-0-0\">\u00a0<\/span><\/div>\n<\/div>\n<div class=\"\" data-block=\"true\" data-editor=\"dndcv\" data-offset-key=\"esifd-0-0\">\n<div class=\"_1mf _1mj\" data-offset-key=\"esifd-0-0\"><span data-offset-key=\"esifd-0-0\"><strong>INSCRIPCIONES Y DETALLES:<\/strong> <a href=\"https:\/\/www.juntadeandalucia.es\/educacion\/secretariavirtual\/consultaCEP\/actividad\/262924GE103\/\">https:\/\/www.juntadeandalucia.es\/educacion\/secretariavirtual\/consultaCEP\/actividad\/262924GE103\/<\/a><\/span><\/div>\n<\/div>\n<div data-offset-key=\"esifd-0-0\"><\/div>\n<\/div>\n<div data-offset-key=\"esifd-0-0\"><img data-recalc-dims=\"1\" loading=\"lazy\" decoding=\"async\" class=\"aligncenter wp-image-8831 size-large\" src=\"https:\/\/i0.wp.com\/cepronda.com\/blog\/wp-content\/uploads\/2025\/09\/262924GE103_Cartel-Cuaderno-Seneca-50h.png?resize=1024%2C1024&#038;ssl=1\" alt=\"\" width=\"1024\" height=\"1024\" srcset=\"https:\/\/i0.wp.com\/cepronda.com\/blog\/wp-content\/uploads\/2025\/09\/262924GE103_Cartel-Cuaderno-Seneca-50h.png?resize=1024%2C1024&amp;ssl=1 1024w, https:\/\/i0.wp.com\/cepronda.com\/blog\/wp-content\/uploads\/2025\/09\/262924GE103_Cartel-Cuaderno-Seneca-50h.png?resize=300%2C300&amp;ssl=1 300w, https:\/\/i0.wp.com\/cepronda.com\/blog\/wp-content\/uploads\/2025\/09\/262924GE103_Cartel-Cuaderno-Seneca-50h.png?resize=150%2C150&amp;ssl=1 150w, https:\/\/i0.wp.com\/cepronda.com\/blog\/wp-content\/uploads\/2025\/09\/262924GE103_Cartel-Cuaderno-Seneca-50h.png?resize=768%2C768&amp;ssl=1 768w, https:\/\/i0.wp.com\/cepronda.com\/blog\/wp-content\/uploads\/2025\/09\/262924GE103_Cartel-Cuaderno-Seneca-50h.png?w=1080&amp;ssl=1 1080w\" sizes=\"auto, (max-width: 1024px) 100vw, 1024px\" \/><\/div>\n<\/div>\n","protected":false},"excerpt":{"rendered":"<p>Abierto el plazo de inscripci\u00f3n para el curso \u00abCUADERNO DE CLASE S\u00c9NECA PARA LA EVALUACI\u00d3N COMPETENCIAL\u00bb c\u00f3digo 262924GE103 Curso a distancia tutorizado que pretende dotar al profesorado de los conocimientos necesarios para configurar el cuaderno de S\u00e9neca, usarlo para el seguimiento acad\u00e9mico, la evaluaci\u00f3n del alumnado y conocer como se vincula el cuaderno con las [&hellip;]<\/p>\n","protected":false},"author":3,"featured_media":8831,"comment_status":"closed","ping_status":"open","sticky":false,"template":"","format":"standard","meta":{"_crdt_document":"","advanced_seo_description":"","jetpack_seo_html_title":"","jetpack_seo_noindex":false,"jetpack_post_was_ever_published":false,"_jetpack_newsletter_access":"","_jetpack_dont_email_post_to_subs":false,"_jetpack_newsletter_tier_id":0,"_jetpack_memberships_contains_paywalled_content":false,"_jetpack_memberships_contains_paid_content":false,"footnotes":"","jetpack_publicize_message":"","jetpack_publicize_feature_enabled":true,"jetpack_social_post_already_shared":true,"jetpack_social_options":{"image_generator_settings":{"template":"highway","default_image_id":0,"font":"","enabled":false},"version":2}},"categories":[3],"tags":[171,222],"class_list":{"0":"post-8830","1":"post","2":"type-post","3":"status-publish","4":"format-standard","5":"has-post-thumbnail","7":"category-formaciones","8":"tag-coeducacion","9":"tag-internivelar","10":"czr-hentry"},"jetpack_publicize_connections":[],"jetpack_featured_media_url":"https:\/\/i0.wp.com\/cepronda.com\/blog\/wp-content\/uploads\/2025\/09\/262924GE103_Cartel-Cuaderno-Seneca-50h.png?fit=1080%2C1080&ssl=1","jetpack_shortlink":"https:\/\/wp.me\/p8M4X7-2iq","jetpack-related-posts":[{"id":7412,"url":"https:\/\/cepronda.com\/blog\/cuaderno-de-clase-de-seneca-para-la-evaluacion-competencial\/","url_meta":{"origin":8830,"position":0},"title":"CUADERNO DE CLASE DE S\u00c9NECA PARA LA EVALUACI\u00d3N COMPETENCIAL","author":"Mamen Moreno","date":"31 enero, 2024","format":false,"excerpt":"Abierto plazo de inscripci\u00f3n para curso CUADERNO DE CLASE DE S\u00c9NECA PARA LA EVALUACI\u00d3N COMPETENCIAL Destinado a profesorado de INFANTIL, PRIMARIA, SECUNDARIA, BACHILLERATO Y EDUCACI\u00d3N PERMANENTE \ufe0fInscripci\u00f3n del 29 de enero al 12 de febrero. Realizaci\u00f3n entre el 22 de febrero al 22 de abril a trav\u00e9s del AVFP M\u00e1s\u2026","rel":"","context":"En \u00abFormaciones\u00bb","block_context":{"text":"Formaciones","link":"https:\/\/cepronda.com\/blog\/category\/formaciones\/"},"img":{"alt_text":"","src":"https:\/\/i0.wp.com\/cepronda.com\/blog\/wp-content\/uploads\/2024\/01\/WhatsApp-Image-2024-01-30-at-13.43.45-1.jpeg?fit=1000%2C1000&ssl=1&resize=350%2C200","width":350,"height":200,"srcset":"https:\/\/i0.wp.com\/cepronda.com\/blog\/wp-content\/uploads\/2024\/01\/WhatsApp-Image-2024-01-30-at-13.43.45-1.jpeg?fit=1000%2C1000&ssl=1&resize=350%2C200 1x, https:\/\/i0.wp.com\/cepronda.com\/blog\/wp-content\/uploads\/2024\/01\/WhatsApp-Image-2024-01-30-at-13.43.45-1.jpeg?fit=1000%2C1000&ssl=1&resize=525%2C300 1.5x, https:\/\/i0.wp.com\/cepronda.com\/blog\/wp-content\/uploads\/2024\/01\/WhatsApp-Image-2024-01-30-at-13.43.45-1.jpeg?fit=1000%2C1000&ssl=1&resize=700%2C400 2x"},"classes":[]},{"id":7762,"url":"https:\/\/cepronda.com\/blog\/cuaderno-de-clase-de-seneca-para-la-evaluacion-competencial-online\/","url_meta":{"origin":8830,"position":1},"title":"CUADERNO DE CLASE DE S\u00c9NECA PARA LA EVALUACI\u00d3N COMPETENCIAL (ONLINE)","author":"V\u00edctor Caballero","date":"27 septiembre, 2024","format":false,"excerpt":"Abierto el plazo de inscripciones en la actividad online \"CUADERNO DE CLASE DE S\u00c9NECA PARA LA EVALUACI\u00d3N COMPETENCIAL\"\u00a0 con c\u00f3digo 259924KPF470 Duraci\u00f3n de la actividad: 40 horas no presenciales Fecha de inscripci\u00f3n: 27\/09\/2024 hasta 10\/10\/2024 Fecha de la actividad:\u00a0 11\/10\/2024 hasta 09\/12\/2024 Profesorado destinatario: Internivelar. Lugar de realizaci\u00f3n:\u00a0 AVFP Enlace\u2026","rel":"","context":"En \u00abFormaciones\u00bb","block_context":{"text":"Formaciones","link":"https:\/\/cepronda.com\/blog\/category\/formaciones\/"},"img":{"alt_text":"","src":"https:\/\/i0.wp.com\/cepronda.com\/blog\/wp-content\/uploads\/2024\/09\/259924KPF470_Cartel-Cuaderno-Seneca.png?fit=1080%2C1080&ssl=1&resize=350%2C200","width":350,"height":200,"srcset":"https:\/\/i0.wp.com\/cepronda.com\/blog\/wp-content\/uploads\/2024\/09\/259924KPF470_Cartel-Cuaderno-Seneca.png?fit=1080%2C1080&ssl=1&resize=350%2C200 1x, https:\/\/i0.wp.com\/cepronda.com\/blog\/wp-content\/uploads\/2024\/09\/259924KPF470_Cartel-Cuaderno-Seneca.png?fit=1080%2C1080&ssl=1&resize=525%2C300 1.5x, https:\/\/i0.wp.com\/cepronda.com\/blog\/wp-content\/uploads\/2024\/09\/259924KPF470_Cartel-Cuaderno-Seneca.png?fit=1080%2C1080&ssl=1&resize=700%2C400 2x, https:\/\/i0.wp.com\/cepronda.com\/blog\/wp-content\/uploads\/2024\/09\/259924KPF470_Cartel-Cuaderno-Seneca.png?fit=1080%2C1080&ssl=1&resize=1050%2C600 3x"},"classes":[]},{"id":4884,"url":"https:\/\/cepronda.com\/blog\/cuaderno-de-clase-de-seneca-para-la-evaluacion-criterial-codigo-229924kpf367\/","url_meta":{"origin":8830,"position":2},"title":"CUADERNO DE CLASE DE S\u00c9NECA PARA LA EVALUACI\u00d3N CRITERIAL\u00bb C\u00f3digo: 229924KPF367.","author":"Inmaculada Garc\u00eda","date":"20 diciembre, 2021","format":false,"excerpt":"Os informamos que est\u00e1 abierto el plazo de inscripci\u00f3n en la actividad \"CUADERNO DE CLASE DE S\u00c9NECA PARA LA EVALUACI\u00d3N CRITERIAL\" C\u00f3digo: 229924KPF367. Es una actividad en modalidad de \"Curso a Distancia\" que se desarrollar\u00e1 en el Aula Virtual de Formaci\u00f3n del Profesorado. Las fechas de la formaci\u00f3n son las\u2026","rel":"","context":"En \u00abFormaciones\u00bb","block_context":{"text":"Formaciones","link":"https:\/\/cepronda.com\/blog\/category\/formaciones\/"},"img":{"alt_text":"","src":"https:\/\/i0.wp.com\/cepronda.com\/blog\/wp-content\/uploads\/2021\/12\/CUADERNO-DE-CLASE-DE-SENECA-PARA-LA-EVALUACION-CRITERIAL.png?fit=848%2C1200&ssl=1&resize=350%2C200","width":350,"height":200,"srcset":"https:\/\/i0.wp.com\/cepronda.com\/blog\/wp-content\/uploads\/2021\/12\/CUADERNO-DE-CLASE-DE-SENECA-PARA-LA-EVALUACION-CRITERIAL.png?fit=848%2C1200&ssl=1&resize=350%2C200 1x, https:\/\/i0.wp.com\/cepronda.com\/blog\/wp-content\/uploads\/2021\/12\/CUADERNO-DE-CLASE-DE-SENECA-PARA-LA-EVALUACION-CRITERIAL.png?fit=848%2C1200&ssl=1&resize=525%2C300 1.5x, https:\/\/i0.wp.com\/cepronda.com\/blog\/wp-content\/uploads\/2021\/12\/CUADERNO-DE-CLASE-DE-SENECA-PARA-LA-EVALUACION-CRITERIAL.png?fit=848%2C1200&ssl=1&resize=700%2C400 2x"},"classes":[]},{"id":4751,"url":"https:\/\/cepronda.com\/blog\/cuaderno-de-clase-de-seneca-para-la-evaluacion-criterial\/","url_meta":{"origin":8830,"position":3},"title":"CUADERNO DE CLASE DE S\u00c9NECA PARA LA EVALUACI\u00d3N CRITERIAL","author":"Maribel Mu\u00f1oz","date":"11 octubre, 2021","format":false,"excerpt":"Buenas tardes compa\u00f1eras y compa\u00f1eros, Os informamos que est\u00e1 abierto el plazo de inscripci\u00f3n en la actividad \u00a0\"CUADERNO DE CLASE DE S\u00c9NECA PARA LA EVALUACI\u00d3N CRITERIAL\".\u00a0Es una actividad PROVINCIAL, gestionada por el\u00a0 CEP de V\u00e9lez-M\u00e1laga,\u00a0 con c\u00f3digo 229926KPF367.\u00a0 Se desarrollar\u00e1 en el Aula Virtual de Formaci\u00f3n del Profesorado. Las fechas\u2026","rel":"","context":"En \u00abFormaciones\u00bb","block_context":{"text":"Formaciones","link":"https:\/\/cepronda.com\/blog\/category\/formaciones\/"},"img":{"alt_text":"","src":"https:\/\/i0.wp.com\/cepronda.com\/blog\/wp-content\/uploads\/2021\/10\/WhatsApp-Image-2021-10-11-at-12.06.20-1.jpeg?fit=1200%2C427&ssl=1&resize=350%2C200","width":350,"height":200,"srcset":"https:\/\/i0.wp.com\/cepronda.com\/blog\/wp-content\/uploads\/2021\/10\/WhatsApp-Image-2021-10-11-at-12.06.20-1.jpeg?fit=1200%2C427&ssl=1&resize=350%2C200 1x, https:\/\/i0.wp.com\/cepronda.com\/blog\/wp-content\/uploads\/2021\/10\/WhatsApp-Image-2021-10-11-at-12.06.20-1.jpeg?fit=1200%2C427&ssl=1&resize=525%2C300 1.5x, https:\/\/i0.wp.com\/cepronda.com\/blog\/wp-content\/uploads\/2021\/10\/WhatsApp-Image-2021-10-11-at-12.06.20-1.jpeg?fit=1200%2C427&ssl=1&resize=700%2C400 2x, https:\/\/i0.wp.com\/cepronda.com\/blog\/wp-content\/uploads\/2021\/10\/WhatsApp-Image-2021-10-11-at-12.06.20-1.jpeg?fit=1200%2C427&ssl=1&resize=1050%2C600 3x"},"classes":[]},{"id":3473,"url":"https:\/\/cepronda.com\/blog\/cuaderno-seneca-pasen\/","url_meta":{"origin":8830,"position":4},"title":"CUADERNO S\u00c9NECA-PASEN","author":"V\u00edctor Caballero","date":"10 marzo, 2020","format":false,"excerpt":"Muy buenas familia, Ya se encuentra abierta la inscripci\u00f3n para esta actividad que se plantea para que el profesorado conozca las distintas utilidades y posiblidades que nos ofrece el cuaderno S\u00e9neca y lo use de forma habitual, tanto como herramienta de seguimiento del alumnado como para la comunicaci\u00f3n con las\u2026","rel":"","context":"En \u00abFormaciones\u00bb","block_context":{"text":"Formaciones","link":"https:\/\/cepronda.com\/blog\/category\/formaciones\/"},"img":{"alt_text":"","src":"https:\/\/i0.wp.com\/cepronda.com\/blog\/wp-content\/uploads\/2020\/03\/cuaderno-s%C3%A9neca-pasen..jpg?fit=848%2C1200&ssl=1&resize=350%2C200","width":350,"height":200,"srcset":"https:\/\/i0.wp.com\/cepronda.com\/blog\/wp-content\/uploads\/2020\/03\/cuaderno-s%C3%A9neca-pasen..jpg?fit=848%2C1200&ssl=1&resize=350%2C200 1x, https:\/\/i0.wp.com\/cepronda.com\/blog\/wp-content\/uploads\/2020\/03\/cuaderno-s%C3%A9neca-pasen..jpg?fit=848%2C1200&ssl=1&resize=525%2C300 1.5x, https:\/\/i0.wp.com\/cepronda.com\/blog\/wp-content\/uploads\/2020\/03\/cuaderno-s%C3%A9neca-pasen..jpg?fit=848%2C1200&ssl=1&resize=700%2C400 2x"},"classes":[]},{"id":2392,"url":"https:\/\/cepronda.com\/blog\/curso-cuaderno-seneca-para-primaria\/","url_meta":{"origin":8830,"position":5},"title":"Curso \u00abCuaderno S\u00e9neca para Primaria\u00bb","author":"V\u00edctor Caballero","date":"19 octubre, 2018","format":false,"excerpt":"\u00a1Hola de nuevo! Terminamos la semana abriendo el plazo de inscripci\u00f3n para un curso que creemos va a resultaros de gran inter\u00e9s. Es un curso con seguimiento dirigido al profesorado de primaria donde aprenderemos a configurar nuestro cuaderno S\u00e9neca, a hacer un seguimiento del d\u00eda a d\u00eda con nuestro alumnado,\u2026","rel":"","context":"En \u00abFormaciones\u00bb","block_context":{"text":"Formaciones","link":"https:\/\/cepronda.com\/blog\/category\/formaciones\/"},"img":{"alt_text":"","src":"https:\/\/i0.wp.com\/cepronda.com\/blog\/wp-content\/uploads\/2017\/05\/CvIM0y6WcAA7hen.jpg?fit=673%2C305&ssl=1&resize=350%2C200","width":350,"height":200,"srcset":"https:\/\/i0.wp.com\/cepronda.com\/blog\/wp-content\/uploads\/2017\/05\/CvIM0y6WcAA7hen.jpg?fit=673%2C305&ssl=1&resize=350%2C200 1x, https:\/\/i0.wp.com\/cepronda.com\/blog\/wp-content\/uploads\/2017\/05\/CvIM0y6WcAA7hen.jpg?fit=673%2C305&ssl=1&resize=525%2C300 1.5x"},"classes":[]}],"jetpack_sharing_enabled":true,"_links":{"self":[{"href":"https:\/\/cepronda.com\/blog\/wp-json\/wp\/v2\/posts\/8830","targetHints":{"allow":["GET"]}}],"collection":[{"href":"https:\/\/cepronda.com\/blog\/wp-json\/wp\/v2\/posts"}],"about":[{"href":"https:\/\/cepronda.com\/blog\/wp-json\/wp\/v2\/types\/post"}],"author":[{"embeddable":true,"href":"https:\/\/cepronda.com\/blog\/wp-json\/wp\/v2\/users\/3"}],"replies":[{"embeddable":true,"href":"https:\/\/cepronda.com\/blog\/wp-json\/wp\/v2\/comments?post=8830"}],"version-history":[{"count":1,"href":"https:\/\/cepronda.com\/blog\/wp-json\/wp\/v2\/posts\/8830\/revisions"}],"predecessor-version":[{"id":8832,"href":"https:\/\/cepronda.com\/blog\/wp-json\/wp\/v2\/posts\/8830\/revisions\/8832"}],"wp:featuredmedia":[{"embeddable":true,"href":"https:\/\/cepronda.com\/blog\/wp-json\/wp\/v2\/media\/8831"}],"wp:attachment":[{"href":"https:\/\/cepronda.com\/blog\/wp-json\/wp\/v2\/media?parent=8830"}],"wp:term":[{"taxonomy":"category","embeddable":true,"href":"https:\/\/cepronda.com\/blog\/wp-json\/wp\/v2\/categories?post=8830"},{"taxonomy":"post_tag","embeddable":true,"href":"https:\/\/cepronda.com\/blog\/wp-json\/wp\/v2\/tags?post=8830"}],"curies":[{"name":"wp","href":"https:\/\/api.w.org\/{rel}","templated":true}]}}