{"id":8825,"date":"2025-09-22T11:34:42","date_gmt":"2025-09-22T09:34:42","guid":{"rendered":"https:\/\/cepronda.com\/blog\/?p=8825"},"modified":"2025-09-22T11:34:58","modified_gmt":"2025-09-22T09:34:58","slug":"gestion-de-la-biblioteca-escolar-en-el-modulo-biblioweb-seneca-codigo-262923ge402","status":"publish","type":"post","link":"https:\/\/cepronda.com\/blog\/gestion-de-la-biblioteca-escolar-en-el-modulo-biblioweb-seneca-codigo-262923ge402\/","title":{"rendered":"GESTI\u00d3N DE LA BIBLIOTECA ESCOLAR EN EL M\u00d3DULO BIBLIOWEB S\u00c9NECA. C\u00f3digo: 262923GE402."},"content":{"rendered":"<div class=\"\" data-block=\"true\" data-editor=\"6f7mj\" data-offset-key=\"34p1g-0-0\">\n<div class=\"_1mf _1mj\" data-offset-key=\"34p1g-0-0\"><span data-offset-key=\"34p1g-0-0\">Abierto el plazo de inscripci\u00f3n para el curso provincial a distancia: GESTI\u00d3N DE LA BIBLIOTECA ESCOLAR EN EL M\u00d3DULO BIBLIOWEB S\u00c9NECA. C\u00f3digo 262923GE402.<\/span><\/div>\n<\/div>\n<div class=\"\" data-block=\"true\" data-editor=\"6f7mj\" data-offset-key=\"2if9b-0-0\">\n<div class=\"_1mf _1mj\" data-offset-key=\"2if9b-0-0\"><span data-offset-key=\"2if9b-0-0\">\u00a0<\/span><\/div>\n<\/div>\n<div class=\"\" data-block=\"true\" data-editor=\"6f7mj\" data-offset-key=\"7b8it-0-0\">\n<div class=\"_1mf _1mj\" data-offset-key=\"7b8it-0-0\"><span data-offset-key=\"7b8it-0-0\">Curso a distancia con un aprovechamiento de 30 horas, desarrolladas en el Aula Virtual de Formaci\u00f3n del Profesorado. Este curso de formaci\u00f3n se ha dise\u00f1ado para facilitar a los responsables de bibliotecas escolares la gesti\u00f3n de las mismas a trav\u00e9s de S\u00e9neca.<\/span><\/div>\n<\/div>\n<div class=\"\" data-block=\"true\" data-editor=\"6f7mj\" data-offset-key=\"dubsh-0-0\">\n<div class=\"_1mf _1mj\" data-offset-key=\"dubsh-0-0\"><span data-offset-key=\"dubsh-0-0\">\u00a0<\/span><\/div>\n<\/div>\n<div class=\"\" data-block=\"true\" data-editor=\"6f7mj\" data-offset-key=\"cthh6-0-0\">\n<div class=\"_1mf _1mj\" data-offset-key=\"cthh6-0-0\"><span data-offset-key=\"cthh6-0-0\">\u00a0<\/span><\/div>\n<\/div>\n<div class=\"\" data-block=\"true\" data-editor=\"6f7mj\" data-offset-key=\"db16l-0-0\">\n<div class=\"_1mf _1mj\" data-offset-key=\"db16l-0-0\"><span data-offset-key=\"db16l-0-0\">Fecha inscripci\u00f3n: 19\/09\/2025 hasta 06\/10\/2025<\/span><\/div>\n<\/div>\n<div class=\"\" data-block=\"true\" data-editor=\"6f7mj\" data-offset-key=\"bfhhd-0-0\">\n<div class=\"_1mf _1mj\" data-offset-key=\"bfhhd-0-0\"><span data-offset-key=\"bfhhd-0-0\">Fecha actividad: 14\/10\/2025 hasta 01\/12\/2025<\/span><\/div>\n<\/div>\n<div class=\"\" data-block=\"true\" data-editor=\"6f7mj\" data-offset-key=\"7hos2-0-0\">\n<div class=\"_1mf _1mj\" data-offset-key=\"7hos2-0-0\"><span data-offset-key=\"7hos2-0-0\">\u00a0<\/span><\/div>\n<\/div>\n<div class=\"\" data-block=\"true\" data-editor=\"6f7mj\" data-offset-key=\"1k6rn-0-0\">\n<div class=\"_1mf _1mj\" data-offset-key=\"1k6rn-0-0\"><a href=\"https:\/\/www.juntadeandalucia.es\/educacion\/secretariavirtual\/consultaCEP\/actividad\/262923GE402\/\"><span data-offset-key=\"1k6rn-0-0\">https:\/\/www.juntadeandalucia.es\/educacion\/secretariavirtual\/consultaCEP\/actividad\/262923GE402\/<\/span><\/a><\/div>\n<\/div>\n<div class=\"\" data-block=\"true\" data-editor=\"6f7mj\" data-offset-key=\"3eksr-0-0\">\n<div class=\"_1mf _1mj\" data-offset-key=\"3eksr-0-0\"><span data-offset-key=\"3eksr-0-0\">\u00a0<\/span><\/div>\n<\/div>\n<div class=\"\" data-block=\"true\" data-editor=\"6f7mj\" data-offset-key=\"7haq5-0-0\"><\/div>\n","protected":false},"excerpt":{"rendered":"<p>Abierto el plazo de inscripci\u00f3n para el curso provincial a distancia: GESTI\u00d3N DE LA BIBLIOTECA ESCOLAR EN EL M\u00d3DULO BIBLIOWEB S\u00c9NECA. C\u00f3digo 262923GE402. \u00a0 Curso a distancia con un aprovechamiento de 30 horas, desarrolladas en el Aula Virtual de Formaci\u00f3n del Profesorado. Este curso de formaci\u00f3n se ha dise\u00f1ado para facilitar a los responsables de [&hellip;]<\/p>\n","protected":false},"author":9,"featured_media":8826,"comment_status":"closed","ping_status":"open","sticky":false,"template":"","format":"standard","meta":{"_crdt_document":"","advanced_seo_description":"","jetpack_seo_html_title":"","jetpack_seo_noindex":false,"jetpack_post_was_ever_published":false,"_jetpack_newsletter_access":"","_jetpack_dont_email_post_to_subs":false,"_jetpack_newsletter_tier_id":0,"_jetpack_memberships_contains_paywalled_content":false,"_jetpack_memberships_contains_paid_content":false,"footnotes":"","jetpack_publicize_message":"","jetpack_publicize_feature_enabled":true,"jetpack_social_post_already_shared":true,"jetpack_social_options":{"image_generator_settings":{"template":"highway","default_image_id":0,"font":"","enabled":false},"version":2}},"categories":[3],"tags":[421],"class_list":{"0":"post-8825","1":"post","2":"type-post","3":"status-publish","4":"format-standard","5":"has-post-thumbnail","7":"category-formaciones","8":"tag-biblioweb-seneca","9":"czr-hentry"},"jetpack_publicize_connections":[],"jetpack_featured_media_url":"https:\/\/i0.wp.com\/cepronda.com\/blog\/wp-content\/uploads\/2025\/09\/Curso-Biblioweb.jpg?fit=500%2C500&ssl=1","jetpack_shortlink":"https:\/\/wp.me\/p8M4X7-2il","jetpack-related-posts":[{"id":7737,"url":"https:\/\/cepronda.com\/blog\/formacion-%c2%b7gestion-de-la-biblioteca-escolar-en-el-modulo-de-biblioweb-seneca\/","url_meta":{"origin":8825,"position":0},"title":"FORMACI\u00d3N: \u00b7GESTI\u00d3N DE LA BIBLIOTECA ESCOLAR EN EL M\u00d3DULO DE BIBLIOWEB S\u00c9NECA\u00bb","author":"Inmaculada Garc\u00eda","date":"24 septiembre, 2024","format":false,"excerpt":"Abierto el plazo de inscripci\u00f3n del curso Provincial: \"Gesti\u00f3n de la Biblioteca Escolar en el M\u00f3dulo de Biblioweb S\u00e9neca\", c\u00f3digo: 252923GE401, de 30 horas de duraci\u00f3n. Fecha inscripci\u00f3n: 23\/09\/2024 hasta 08\/10\/2024. Fecha actividad: 21\/10\/2024 hasta 13\/12\/2024. Lugar: Aula Virtual de Formaci\u00f3n del Profesorado. M\u00e1s informaci\u00f3n e inscripci\u00f3n: https:\/\/www.juntadeandalucia.es\/educacion\/secretariavirtual\/consultaCEP\/actividad\/252923GE401\/","rel":"","context":"En \u00abFormaciones\u00bb","block_context":{"text":"Formaciones","link":"https:\/\/cepronda.com\/blog\/category\/formaciones\/"},"img":{"alt_text":"","src":"https:\/\/i0.wp.com\/cepronda.com\/blog\/wp-content\/uploads\/2024\/09\/Bibloweb.jpg?fit=1080%2C1080&ssl=1&resize=350%2C200","width":350,"height":200,"srcset":"https:\/\/i0.wp.com\/cepronda.com\/blog\/wp-content\/uploads\/2024\/09\/Bibloweb.jpg?fit=1080%2C1080&ssl=1&resize=350%2C200 1x, https:\/\/i0.wp.com\/cepronda.com\/blog\/wp-content\/uploads\/2024\/09\/Bibloweb.jpg?fit=1080%2C1080&ssl=1&resize=525%2C300 1.5x, https:\/\/i0.wp.com\/cepronda.com\/blog\/wp-content\/uploads\/2024\/09\/Bibloweb.jpg?fit=1080%2C1080&ssl=1&resize=700%2C400 2x, https:\/\/i0.wp.com\/cepronda.com\/blog\/wp-content\/uploads\/2024\/09\/Bibloweb.jpg?fit=1080%2C1080&ssl=1&resize=1050%2C600 3x"},"classes":[]},{"id":6051,"url":"https:\/\/cepronda.com\/blog\/gestion-de-la-biblioteca-escolar-en-el-modulo-de-biblioweb-seneca\/","url_meta":{"origin":8825,"position":1},"title":"GESTI\u00d3N DE LA BIBLIOTECA ESCOLAR EN EL M\u00d3DULO DE BIBLIOWEB S\u00c9NECA","author":"Inmaculada Garc\u00eda","date":"19 septiembre, 2023","format":false,"excerpt":"Abierto el plazo de inscripci\u00f3n para el curso a distancia provincial organizado por el CEP de V\u00e9lez-M\u00e1laga, dirigido al profesorado de infantil, primaria y secundaria: \u00a0 \u00a0 \u00a0 \u00a0 \u00a0 \u00a0 \u00a0 \u00a0 \u00a0 \u00a0 \u00a0 \u00a0 \u00a0 \u00a0 \u00a0 \u00a0 \u00a0 \u00a0 \u00a0 \u00a0 \u00a0GESTI\u00d3N DE LA BIBLIOTECA ESCOLAR\u2026","rel":"","context":"En \u00abNoticias\u00bb","block_context":{"text":"Noticias","link":"https:\/\/cepronda.com\/blog\/category\/noticias\/"},"img":{"alt_text":"","src":"https:\/\/i0.wp.com\/cepronda.com\/blog\/wp-content\/uploads\/2023\/09\/WhatsApp-Image-2023-09-19-at-12.25.09.jpeg?fit=848%2C1200&ssl=1&resize=350%2C200","width":350,"height":200,"srcset":"https:\/\/i0.wp.com\/cepronda.com\/blog\/wp-content\/uploads\/2023\/09\/WhatsApp-Image-2023-09-19-at-12.25.09.jpeg?fit=848%2C1200&ssl=1&resize=350%2C200 1x, https:\/\/i0.wp.com\/cepronda.com\/blog\/wp-content\/uploads\/2023\/09\/WhatsApp-Image-2023-09-19-at-12.25.09.jpeg?fit=848%2C1200&ssl=1&resize=525%2C300 1.5x, https:\/\/i0.wp.com\/cepronda.com\/blog\/wp-content\/uploads\/2023\/09\/WhatsApp-Image-2023-09-19-at-12.25.09.jpeg?fit=848%2C1200&ssl=1&resize=700%2C400 2x"},"classes":[]},{"id":4368,"url":"https:\/\/cepronda.com\/blog\/formacion-sobre-biblioweb-seneca\/","url_meta":{"origin":8825,"position":2},"title":"Formaci\u00f3n sobre Biblioweb S\u00e9neca.","author":"Maribel Mu\u00f1oz","date":"6 abril, 2021","format":false,"excerpt":"Buenas tardes compa\u00f1eras y compa\u00f1eros, Os informamos que dada la alta aceptaci\u00f3n que ha tenido la convocatoria del curso \"Biblioweb S\u00e9neca\" ofertado a trav\u00e9s del Aula Virtual del Profesorado, se est\u00e1 contemplando la posibilidad de ofertar a trav\u00e9s del CEP de M\u00e1laga dicha formaci\u00f3n a aquellos centros\/responsables de bibliotecas interesados.\u2026","rel":"","context":"En \u00abFormaciones\u00bb","block_context":{"text":"Formaciones","link":"https:\/\/cepronda.com\/blog\/category\/formaciones\/"},"img":{"alt_text":"","src":"https:\/\/i0.wp.com\/cepronda.com\/blog\/wp-content\/uploads\/2020\/10\/bibliotecas-escolares-300x70.jpg?resize=350%2C200","width":350,"height":200},"classes":[]},{"id":4785,"url":"https:\/\/cepronda.com\/blog\/gestionando-nuestras-bibliotecas-escolares-con-biblioweb-seneca\/","url_meta":{"origin":8825,"position":3},"title":"GESTIONANDO NUESTRAS BIBLIOTECAS ESCOLARES CON BIBLIOWEB-S\u00c9NECA","author":"Maribel Mu\u00f1oz","date":"18 octubre, 2021","format":false,"excerpt":"Buenas tardes compa\u00f1eras y compa\u00f1eros, Os informamos que est\u00e1 abierto el plazo de inscripci\u00f3n en la actividad GESTIONANDO NUESTRAS BIBLIOTECAS ESCOLARES CON BIBLIOWEB-S\u00c9NECA. Es una actividad PROVINCIAL, gestionada por el\u00a0 CEP de M\u00e1laga,\u00a0 con c\u00f3digo 222922GE063.\u00a0 Se desarrollar\u00e1 en el Aula Virtual de Formaci\u00f3n del Profesorado. Las fechas de la\u2026","rel":"","context":"En \u00abFormaciones\u00bb","block_context":{"text":"Formaciones","link":"https:\/\/cepronda.com\/blog\/category\/formaciones\/"},"img":{"alt_text":"","src":"https:\/\/i0.wp.com\/cepronda.com\/blog\/wp-content\/uploads\/2020\/10\/bibliotecas-escolares-300x70.jpg?resize=350%2C200","width":350,"height":200},"classes":[]},{"id":2329,"url":"https:\/\/cepronda.com\/blog\/peticion-de-biblioweb\/","url_meta":{"origin":8825,"position":4},"title":"Petici\u00f3n de Biblioweb","author":"V\u00edctor Caballero","date":"14 septiembre, 2018","format":false,"excerpt":"Muy buenas, Finalizamos la semana con algunas noticias que creemos os pueden resultar de inter\u00e9s. En este caso se trata de la posibilidad de que solicit\u00e9is para vuestro centro Biblioweb.\u00a0 BiblioWeb 2\u00a0es una herramienta web propia de la Consejer\u00eda de Educaci\u00f3n para la gesti\u00f3n y administraci\u00f3n de las bibliotecas escolares\u2026","rel":"","context":"En \u00abNoticias\u00bb","block_context":{"text":"Noticias","link":"https:\/\/cepronda.com\/blog\/category\/noticias\/"},"img":{"alt_text":"","src":"https:\/\/i0.wp.com\/cepronda.com\/blog\/wp-content\/uploads\/2017\/05\/silhouette-1632912_640.jpg?fit=640%2C426&ssl=1&resize=350%2C200","width":350,"height":200,"srcset":"https:\/\/i0.wp.com\/cepronda.com\/blog\/wp-content\/uploads\/2017\/05\/silhouette-1632912_640.jpg?fit=640%2C426&ssl=1&resize=350%2C200 1x, https:\/\/i0.wp.com\/cepronda.com\/blog\/wp-content\/uploads\/2017\/05\/silhouette-1632912_640.jpg?fit=640%2C426&ssl=1&resize=525%2C300 1.5x"},"classes":[]},{"id":4884,"url":"https:\/\/cepronda.com\/blog\/cuaderno-de-clase-de-seneca-para-la-evaluacion-criterial-codigo-229924kpf367\/","url_meta":{"origin":8825,"position":5},"title":"CUADERNO DE CLASE DE S\u00c9NECA PARA LA EVALUACI\u00d3N CRITERIAL\u00bb C\u00f3digo: 229924KPF367.","author":"Inmaculada Garc\u00eda","date":"20 diciembre, 2021","format":false,"excerpt":"Os informamos que est\u00e1 abierto el plazo de inscripci\u00f3n en la actividad \"CUADERNO DE CLASE DE S\u00c9NECA PARA LA EVALUACI\u00d3N CRITERIAL\" C\u00f3digo: 229924KPF367. Es una actividad en modalidad de \"Curso a Distancia\" que se desarrollar\u00e1 en el Aula Virtual de Formaci\u00f3n del Profesorado. Las fechas de la formaci\u00f3n son las\u2026","rel":"","context":"En \u00abFormaciones\u00bb","block_context":{"text":"Formaciones","link":"https:\/\/cepronda.com\/blog\/category\/formaciones\/"},"img":{"alt_text":"","src":"https:\/\/i0.wp.com\/cepronda.com\/blog\/wp-content\/uploads\/2021\/12\/CUADERNO-DE-CLASE-DE-SENECA-PARA-LA-EVALUACION-CRITERIAL.png?fit=848%2C1200&ssl=1&resize=350%2C200","width":350,"height":200,"srcset":"https:\/\/i0.wp.com\/cepronda.com\/blog\/wp-content\/uploads\/2021\/12\/CUADERNO-DE-CLASE-DE-SENECA-PARA-LA-EVALUACION-CRITERIAL.png?fit=848%2C1200&ssl=1&resize=350%2C200 1x, https:\/\/i0.wp.com\/cepronda.com\/blog\/wp-content\/uploads\/2021\/12\/CUADERNO-DE-CLASE-DE-SENECA-PARA-LA-EVALUACION-CRITERIAL.png?fit=848%2C1200&ssl=1&resize=525%2C300 1.5x, https:\/\/i0.wp.com\/cepronda.com\/blog\/wp-content\/uploads\/2021\/12\/CUADERNO-DE-CLASE-DE-SENECA-PARA-LA-EVALUACION-CRITERIAL.png?fit=848%2C1200&ssl=1&resize=700%2C400 2x"},"classes":[]}],"jetpack_sharing_enabled":true,"_links":{"self":[{"href":"https:\/\/cepronda.com\/blog\/wp-json\/wp\/v2\/posts\/8825","targetHints":{"allow":["GET"]}}],"collection":[{"href":"https:\/\/cepronda.com\/blog\/wp-json\/wp\/v2\/posts"}],"about":[{"href":"https:\/\/cepronda.com\/blog\/wp-json\/wp\/v2\/types\/post"}],"author":[{"embeddable":true,"href":"https:\/\/cepronda.com\/blog\/wp-json\/wp\/v2\/users\/9"}],"replies":[{"embeddable":true,"href":"https:\/\/cepronda.com\/blog\/wp-json\/wp\/v2\/comments?post=8825"}],"version-history":[{"count":2,"href":"https:\/\/cepronda.com\/blog\/wp-json\/wp\/v2\/posts\/8825\/revisions"}],"predecessor-version":[{"id":8828,"href":"https:\/\/cepronda.com\/blog\/wp-json\/wp\/v2\/posts\/8825\/revisions\/8828"}],"wp:featuredmedia":[{"embeddable":true,"href":"https:\/\/cepronda.com\/blog\/wp-json\/wp\/v2\/media\/8826"}],"wp:attachment":[{"href":"https:\/\/cepronda.com\/blog\/wp-json\/wp\/v2\/media?parent=8825"}],"wp:term":[{"taxonomy":"category","embeddable":true,"href":"https:\/\/cepronda.com\/blog\/wp-json\/wp\/v2\/categories?post=8825"},{"taxonomy":"post_tag","embeddable":true,"href":"https:\/\/cepronda.com\/blog\/wp-json\/wp\/v2\/tags?post=8825"}],"curies":[{"name":"wp","href":"https:\/\/api.w.org\/{rel}","templated":true}]}}