{"id":8821,"date":"2025-09-19T13:28:26","date_gmt":"2025-09-19T11:28:26","guid":{"rendered":"https:\/\/cepronda.com\/blog\/?p=8821"},"modified":"2025-09-22T09:08:05","modified_gmt":"2025-09-22T07:08:05","slug":"coeducar-como-herramienta-de-transformacion-social","status":"publish","type":"post","link":"https:\/\/cepronda.com\/blog\/coeducar-como-herramienta-de-transformacion-social\/","title":{"rendered":"COEDUCAR COMO HERRAMIENTA DE TRANSFORMACI\u00d3N SOCIAL"},"content":{"rendered":"<div class=\"\" data-block=\"true\" data-editor=\"dndcv\" data-offset-key=\"37lg6-0-0\">\n<div class=\"_1mf _1mj\" data-offset-key=\"37lg6-0-0\">\n<p><span data-offset-key=\"37lg6-0-0\"><span data-offset-key=\"37lg6-0-0\">Abierto el plazo de inscripci\u00f3n para el curso <strong>\u00abCOEDUCAR COMO HERRAMIENTA DE TRANSFORMACI\u00d3N SOCIAL\u00bb <\/strong>c\u00f3digo<strong> 262924GE252<\/strong><\/span><\/span><\/p>\n<div class=\"\" data-block=\"true\" data-editor=\"dndcv\" data-offset-key=\"37lg6-0-0\">\n<div class=\"_1mf _1mj\" data-offset-key=\"37lg6-0-0\"><\/div>\n<\/div>\n<div class=\"\" data-block=\"true\" data-editor=\"dndcv\" data-offset-key=\"bdab3-0-0\">\n<div class=\"_1mf _1mj\" data-offset-key=\"bdab3-0-0\"><span data-offset-key=\"bdab3-0-0\">Este curso semipresencial te ofrece 15 horas de formaci\u00f3n para dotarte de herramientas y estrategias que te permitir\u00e1n incorporar la perspectiva de igualdad en el aula. Aprender\u00e1s a reflexionar sobre estereotipos de g\u00e9nero y a generar espacios de aprendizaje cooperativo.<\/span><\/div>\n<\/div>\n<div class=\"\" data-block=\"true\" data-editor=\"dndcv\" data-offset-key=\"7355t-0-0\">\n<div class=\"_1mf _1mj\" data-offset-key=\"7355t-0-0\"><span data-offset-key=\"7355t-0-0\">\u00a0<\/span><\/div>\n<\/div>\n<div class=\"\" data-block=\"true\" data-editor=\"dndcv\" data-offset-key=\"8ul8i-0-0\">\n<div class=\"_1mf _1mj\" data-offset-key=\"8ul8i-0-0\"><span data-offset-key=\"8ul8i-0-0\"><strong>Duraci\u00f3n:<\/strong> 15 horas (12 por videoconferencia y 3 horas de tareas)<\/span><\/div>\n<\/div>\n<div class=\"\" data-block=\"true\" data-editor=\"dndcv\" data-offset-key=\"fn600-0-0\">\n<div class=\"_1mf _1mj\" data-offset-key=\"fn600-0-0\"><span data-offset-key=\"fn600-0-0\">\u00a0<\/span><\/div>\n<\/div>\n<div class=\"\" data-block=\"true\" data-editor=\"dndcv\" data-offset-key=\"d26l7-0-0\">\n<div class=\"_1mf _1mj\" data-offset-key=\"d26l7-0-0\"><span data-offset-key=\"d26l7-0-0\"><strong>Fechas:<\/strong> Del 15 de octubre al 5 de noviembre de 2025.<\/span><\/div>\n<\/div>\n<div class=\"\" data-block=\"true\" data-editor=\"dndcv\" data-offset-key=\"4r5pk-0-0\">\n<div class=\"_1mf _1mj\" data-offset-key=\"4r5pk-0-0\"><span data-offset-key=\"4r5pk-0-0\">\u00a0<\/span><\/div>\n<\/div>\n<div class=\"\" data-block=\"true\" data-editor=\"dndcv\" data-offset-key=\"80he6-0-0\">\n<div class=\"_1mf _1mj\" data-offset-key=\"80he6-0-0\"><span data-offset-key=\"80he6-0-0\"><strong>Lugar:<\/strong> Videoconferencia a trav\u00e9s de Webex.<\/span><\/div>\n<\/div>\n<div class=\"\" data-block=\"true\" data-editor=\"dndcv\" data-offset-key=\"e9qlu-0-0\">\n<div class=\"_1mf _1mj\" data-offset-key=\"e9qlu-0-0\"><span data-offset-key=\"e9qlu-0-0\">\u00a0<\/span><\/div>\n<\/div>\n<div class=\"\" data-block=\"true\" data-editor=\"dndcv\" data-offset-key=\"esifd-0-0\">\n<div class=\"_1mf _1mj\" data-offset-key=\"esifd-0-0\"><span data-offset-key=\"esifd-0-0\">M\u00e1s informaci\u00f3n: <a href=\"https:\/\/www.juntadeandalucia.es\/educacion\/secretariavirtual\/consultaCEP\/actividad\/262924GE252\/\">https:\/\/www.juntadeandalucia.es\/educacion\/secretariavirtual\/consultaCEP\/actividad\/262924GE252\/<\/a><\/span><\/div>\n<\/div>\n<\/div>\n<div data-offset-key=\"esifd-0-0\"><img data-recalc-dims=\"1\" loading=\"lazy\" decoding=\"async\" class=\"alignnone size-medium wp-image-8822 aligncenter\" src=\"https:\/\/i0.wp.com\/cepronda.com\/blog\/wp-content\/uploads\/2025\/09\/Post-de-Instagram-Evento-de-Networking-Relaciones-Publicas-Corporativo-Geometrico-2.png?resize=240%2C300&#038;ssl=1\" alt=\"\" width=\"240\" height=\"300\" srcset=\"https:\/\/i0.wp.com\/cepronda.com\/blog\/wp-content\/uploads\/2025\/09\/Post-de-Instagram-Evento-de-Networking-Relaciones-Publicas-Corporativo-Geometrico-2.png?resize=240%2C300&amp;ssl=1 240w, https:\/\/i0.wp.com\/cepronda.com\/blog\/wp-content\/uploads\/2025\/09\/Post-de-Instagram-Evento-de-Networking-Relaciones-Publicas-Corporativo-Geometrico-2.png?resize=819%2C1024&amp;ssl=1 819w, https:\/\/i0.wp.com\/cepronda.com\/blog\/wp-content\/uploads\/2025\/09\/Post-de-Instagram-Evento-de-Networking-Relaciones-Publicas-Corporativo-Geometrico-2.png?resize=768%2C960&amp;ssl=1 768w, https:\/\/i0.wp.com\/cepronda.com\/blog\/wp-content\/uploads\/2025\/09\/Post-de-Instagram-Evento-de-Networking-Relaciones-Publicas-Corporativo-Geometrico-2.png?w=1080&amp;ssl=1 1080w\" sizes=\"auto, (max-width: 240px) 100vw, 240px\" \/><\/div>\n<\/div>\n","protected":false},"excerpt":{"rendered":"<p>Abierto el plazo de inscripci\u00f3n para el curso \u00abCOEDUCAR COMO HERRAMIENTA DE TRANSFORMACI\u00d3N SOCIAL\u00bb c\u00f3digo 262924GE252 Este curso semipresencial te ofrece 15 horas de formaci\u00f3n para dotarte de herramientas y estrategias que te permitir\u00e1n incorporar la perspectiva de igualdad en el aula. Aprender\u00e1s a reflexionar sobre estereotipos de g\u00e9nero y a generar espacios de aprendizaje [&hellip;]<\/p>\n","protected":false},"author":13,"featured_media":8822,"comment_status":"closed","ping_status":"open","sticky":false,"template":"","format":"standard","meta":{"_crdt_document":"","advanced_seo_description":"","jetpack_seo_html_title":"","jetpack_seo_noindex":false,"jetpack_post_was_ever_published":false,"_jetpack_newsletter_access":"","_jetpack_dont_email_post_to_subs":false,"_jetpack_newsletter_tier_id":0,"_jetpack_memberships_contains_paywalled_content":false,"_jetpack_memberships_contains_paid_content":false,"footnotes":"","jetpack_publicize_message":"","jetpack_publicize_feature_enabled":true,"jetpack_social_post_already_shared":true,"jetpack_social_options":{"image_generator_settings":{"template":"highway","default_image_id":0,"font":"","enabled":false},"version":2}},"categories":[3],"tags":[171,222],"class_list":{"0":"post-8821","1":"post","2":"type-post","3":"status-publish","4":"format-standard","5":"has-post-thumbnail","7":"category-formaciones","8":"tag-coeducacion","9":"tag-internivelar","10":"czr-hentry"},"jetpack_publicize_connections":[],"jetpack_featured_media_url":"https:\/\/i0.wp.com\/cepronda.com\/blog\/wp-content\/uploads\/2025\/09\/Post-de-Instagram-Evento-de-Networking-Relaciones-Publicas-Corporativo-Geometrico-2.png?fit=1080%2C1350&ssl=1","jetpack_shortlink":"https:\/\/wp.me\/p8M4X7-2ih","jetpack-related-posts":[{"id":4305,"url":"https:\/\/cepronda.com\/blog\/la-escuela-como-herramienta-de-transformacion-para-lograr-la-igualdad-entre-hombres-y-mujeres\/","url_meta":{"origin":8821,"position":0},"title":"LA ESCUELA COMO HERRAMIENTA DE TRANSFORMACI\u00d3N PARA LOGRAR LA IGUALDAD ENTRE HOMBRES Y MUJERES","author":"Maribel Mu\u00f1oz","date":"12 marzo, 2021","format":false,"excerpt":"Buenas tardes compa\u00f1eras y compa\u00f1eros, Os informamos que est\u00e1 abierto el plazo de inscripci\u00f3n de la formaci\u00f3n LA ESCUELA COMO HERRAMIENTA DE TRANSFORMACI\u00d3N PARA LOGRAR LA IGUALDAD ENTRE HOMBRES Y MUJERES. PROVINCIAL\u00a0 219925KPF283,\u00a0\u00a0 que comenzar\u00e1 a desarrollarse el pr\u00f3ximo\u00a0 05\/04\/2021. Adjuntamos enlace : https:\/\/www.juntadeandalucia.es\/educacion\/secretariavirtual\/consultaCEP\/actividad\/219925KPF283\/ El plazo de inscripci\u00f3n finaliza el\u2026","rel":"","context":"En \u00abFormaciones\u00bb","block_context":{"text":"Formaciones","link":"https:\/\/cepronda.com\/blog\/category\/formaciones\/"},"img":{"alt_text":"","src":"https:\/\/i0.wp.com\/cepronda.com\/blog\/wp-content\/uploads\/2021\/03\/WhatsApp-Image-2021-03-12-at-14.02.49.jpeg?fit=607%2C843&ssl=1&resize=350%2C200","width":350,"height":200,"srcset":"https:\/\/i0.wp.com\/cepronda.com\/blog\/wp-content\/uploads\/2021\/03\/WhatsApp-Image-2021-03-12-at-14.02.49.jpeg?fit=607%2C843&ssl=1&resize=350%2C200 1x, https:\/\/i0.wp.com\/cepronda.com\/blog\/wp-content\/uploads\/2021\/03\/WhatsApp-Image-2021-03-12-at-14.02.49.jpeg?fit=607%2C843&ssl=1&resize=525%2C300 1.5x"},"classes":[]},{"id":4683,"url":"https:\/\/cepronda.com\/blog\/ii-congreso-andaluz-de-coeducacion-del-feminismo-en-las-aulas-a-la-transformacion-social\/","url_meta":{"origin":8821,"position":1},"title":"II CONGRESO ANDALUZ DE COEDUCACI\u00d3N \u00abDEL FEMINISMO EN LAS AULAS A LA TRANSFORMACI\u00d3N SOCIAL\u00bb","author":"Inmaculada Garc\u00eda","date":"27 septiembre, 2021","format":false,"excerpt":"Buenos d\u00edas compa\u00f1eros y compa\u00f1eras, os informamos\u00a0 que los pr\u00f3ximos 25 y 26 de octubre se llevar\u00e1 a cabo el II CONGRESO ANDALUZ DE COEDUCACI\u00d3N \"DEL FEMINISMO EN LAS AULAS A LA TRANSFORMACI\u00d3N SOCIAL\". En el siguiente enlace podr\u00e9is acceder a toda la informaci\u00f3n y formulario de inscripci\u00f3n. Esperamos que\u2026","rel":"","context":"En \u00abNoticias\u00bb","block_context":{"text":"Noticias","link":"https:\/\/cepronda.com\/blog\/category\/noticias\/"},"img":{"alt_text":"","src":"https:\/\/i0.wp.com\/cepronda.com\/blog\/wp-content\/uploads\/2021\/09\/Congreso_WEB_Banner_nueva-1-2048x1106-1.png?fit=1200%2C648&ssl=1&resize=350%2C200","width":350,"height":200,"srcset":"https:\/\/i0.wp.com\/cepronda.com\/blog\/wp-content\/uploads\/2021\/09\/Congreso_WEB_Banner_nueva-1-2048x1106-1.png?fit=1200%2C648&ssl=1&resize=350%2C200 1x, https:\/\/i0.wp.com\/cepronda.com\/blog\/wp-content\/uploads\/2021\/09\/Congreso_WEB_Banner_nueva-1-2048x1106-1.png?fit=1200%2C648&ssl=1&resize=525%2C300 1.5x, https:\/\/i0.wp.com\/cepronda.com\/blog\/wp-content\/uploads\/2021\/09\/Congreso_WEB_Banner_nueva-1-2048x1106-1.png?fit=1200%2C648&ssl=1&resize=700%2C400 2x, https:\/\/i0.wp.com\/cepronda.com\/blog\/wp-content\/uploads\/2021\/09\/Congreso_WEB_Banner_nueva-1-2048x1106-1.png?fit=1200%2C648&ssl=1&resize=1050%2C600 3x"},"classes":[]},{"id":6101,"url":"https:\/\/cepronda.com\/blog\/ii-congreso-de-educacion-y-flamenco-innovacion-investigacion-y-transformacion\/","url_meta":{"origin":8821,"position":2},"title":"*II CONGRESO DE EDUCACI\u00d3N Y FLAMENCO. INNOVACI\u00d3N, INVESTIGACI\u00d3N Y TRANSFORMACI\u00d3N*","author":"Inmaculada Garc\u00eda","date":"16 octubre, 2023","format":false,"excerpt":"Hasta el pr\u00f3ximo 23 de Octubre a las 14:00 h. se encuentra abierto el plazo de inscripci\u00f3n para la actividad formativa REGIONAL: *II CONGRESO DE EDUCACI\u00d3N Y FLAMENCO. INNOVACI\u00d3N, INVESTIGACI\u00d3N Y TRANSFORMACI\u00d3N* (242319GE001). Esta formaci\u00f3n se desarrollar\u00e1 de forma *presencial en Ja\u00e9n durante los d\u00edas 22, 23 y 24 de\u2026","rel":"","context":"En \u00abFormaciones\u00bb","block_context":{"text":"Formaciones","link":"https:\/\/cepronda.com\/blog\/category\/formaciones\/"},"img":{"alt_text":"","src":"https:\/\/i0.wp.com\/cepronda.com\/blog\/wp-content\/uploads\/2023\/10\/WhatsApp-Image-2023-10-13-at-09.28.51.jpeg?fit=398%2C760&ssl=1&resize=350%2C200","width":350,"height":200},"classes":[]},{"id":2392,"url":"https:\/\/cepronda.com\/blog\/curso-cuaderno-seneca-para-primaria\/","url_meta":{"origin":8821,"position":3},"title":"Curso \u00abCuaderno S\u00e9neca para Primaria\u00bb","author":"V\u00edctor Caballero","date":"19 octubre, 2018","format":false,"excerpt":"\u00a1Hola de nuevo! Terminamos la semana abriendo el plazo de inscripci\u00f3n para un curso que creemos va a resultaros de gran inter\u00e9s. Es un curso con seguimiento dirigido al profesorado de primaria donde aprenderemos a configurar nuestro cuaderno S\u00e9neca, a hacer un seguimiento del d\u00eda a d\u00eda con nuestro alumnado,\u2026","rel":"","context":"En \u00abFormaciones\u00bb","block_context":{"text":"Formaciones","link":"https:\/\/cepronda.com\/blog\/category\/formaciones\/"},"img":{"alt_text":"","src":"https:\/\/i0.wp.com\/cepronda.com\/blog\/wp-content\/uploads\/2017\/05\/CvIM0y6WcAA7hen.jpg?fit=673%2C305&ssl=1&resize=350%2C200","width":350,"height":200,"srcset":"https:\/\/i0.wp.com\/cepronda.com\/blog\/wp-content\/uploads\/2017\/05\/CvIM0y6WcAA7hen.jpg?fit=673%2C305&ssl=1&resize=350%2C200 1x, https:\/\/i0.wp.com\/cepronda.com\/blog\/wp-content\/uploads\/2017\/05\/CvIM0y6WcAA7hen.jpg?fit=673%2C305&ssl=1&resize=525%2C300 1.5x"},"classes":[]},{"id":7304,"url":"https:\/\/cepronda.com\/blog\/convocado-el-curso-de-formacion-sobre-el-desarrollo-de-la-funcion-directiva\/","url_meta":{"origin":8821,"position":4},"title":"CONVOCADO EL CURSO DE FORMACI\u00d3N SOBRE EL DESARROLLO DE LA FUNCI\u00d3N DIRECTIVA","author":"Inmaculada Garc\u00eda","date":"9 enero, 2024","format":false,"excerpt":"Se ha publicado la Resoluci\u00f3n de 21 de diciembre de 2023, de Direcci\u00f3n General de Tecnolog\u00edas Avanzadas y Transformaci\u00f3n Educativa, por la que se convoca curso de formaci\u00f3n sobre el desarrollo de la funci\u00f3n directiva, establecido en el art\u00edculo 134.1 de la Ley Org\u00e1nica 2\/2006, de 3 de mayo, de\u2026","rel":"","context":"En \u00abFormaciones\u00bb","block_context":{"text":"Formaciones","link":"https:\/\/cepronda.com\/blog\/category\/formaciones\/"},"img":{"alt_text":"","src":"https:\/\/i0.wp.com\/cepronda.com\/blog\/wp-content\/uploads\/2024\/01\/Post-de-Instagram-para-rebajas-y-ofertas-tiendas-azul-y-terracota.png?fit=1080%2C1080&ssl=1&resize=350%2C200","width":350,"height":200,"srcset":"https:\/\/i0.wp.com\/cepronda.com\/blog\/wp-content\/uploads\/2024\/01\/Post-de-Instagram-para-rebajas-y-ofertas-tiendas-azul-y-terracota.png?fit=1080%2C1080&ssl=1&resize=350%2C200 1x, https:\/\/i0.wp.com\/cepronda.com\/blog\/wp-content\/uploads\/2024\/01\/Post-de-Instagram-para-rebajas-y-ofertas-tiendas-azul-y-terracota.png?fit=1080%2C1080&ssl=1&resize=525%2C300 1.5x, https:\/\/i0.wp.com\/cepronda.com\/blog\/wp-content\/uploads\/2024\/01\/Post-de-Instagram-para-rebajas-y-ofertas-tiendas-azul-y-terracota.png?fit=1080%2C1080&ssl=1&resize=700%2C400 2x, https:\/\/i0.wp.com\/cepronda.com\/blog\/wp-content\/uploads\/2024\/01\/Post-de-Instagram-para-rebajas-y-ofertas-tiendas-azul-y-terracota.png?fit=1080%2C1080&ssl=1&resize=1050%2C600 3x"},"classes":[]},{"id":648,"url":"https:\/\/cepronda.com\/blog\/curso-de-cuaderno-de-seneca-para-la-zona-de-cortes-de-la-frontera\/","url_meta":{"origin":8821,"position":5},"title":"Curso de Cuaderno de S\u00e9neca para la zona de Cortes de la Frontera","author":"V\u00edctor Caballero","date":"2 febrero, 2017","format":false,"excerpt":"\u00a1Hola! Desde hace algunos d\u00edas ten\u00e9is a disposici\u00f3n para el profesorado de la zona de Cortes de la Frontera de un curso que est\u00e1 resultando muy interesante para el profesorado. Se trata del curso de Cuaderno S\u00e9neca Pasen donde aprenderemos a configurar y manejar la herramienta que desde la Junta\u2026","rel":"","context":"En \u00abFormaciones\u00bb","block_context":{"text":"Formaciones","link":"https:\/\/cepronda.com\/blog\/category\/formaciones\/"},"img":{"alt_text":"","src":"","width":0,"height":0},"classes":[]}],"jetpack_sharing_enabled":true,"_links":{"self":[{"href":"https:\/\/cepronda.com\/blog\/wp-json\/wp\/v2\/posts\/8821","targetHints":{"allow":["GET"]}}],"collection":[{"href":"https:\/\/cepronda.com\/blog\/wp-json\/wp\/v2\/posts"}],"about":[{"href":"https:\/\/cepronda.com\/blog\/wp-json\/wp\/v2\/types\/post"}],"author":[{"embeddable":true,"href":"https:\/\/cepronda.com\/blog\/wp-json\/wp\/v2\/users\/13"}],"replies":[{"embeddable":true,"href":"https:\/\/cepronda.com\/blog\/wp-json\/wp\/v2\/comments?post=8821"}],"version-history":[{"count":2,"href":"https:\/\/cepronda.com\/blog\/wp-json\/wp\/v2\/posts\/8821\/revisions"}],"predecessor-version":[{"id":8824,"href":"https:\/\/cepronda.com\/blog\/wp-json\/wp\/v2\/posts\/8821\/revisions\/8824"}],"wp:featuredmedia":[{"embeddable":true,"href":"https:\/\/cepronda.com\/blog\/wp-json\/wp\/v2\/media\/8822"}],"wp:attachment":[{"href":"https:\/\/cepronda.com\/blog\/wp-json\/wp\/v2\/media?parent=8821"}],"wp:term":[{"taxonomy":"category","embeddable":true,"href":"https:\/\/cepronda.com\/blog\/wp-json\/wp\/v2\/categories?post=8821"},{"taxonomy":"post_tag","embeddable":true,"href":"https:\/\/cepronda.com\/blog\/wp-json\/wp\/v2\/tags?post=8821"}],"curies":[{"name":"wp","href":"https:\/\/api.w.org\/{rel}","templated":true}]}}