{"id":8809,"date":"2025-09-18T12:51:07","date_gmt":"2025-09-18T10:51:07","guid":{"rendered":"https:\/\/cepronda.com\/blog\/?p=8809"},"modified":"2025-09-18T12:51:07","modified_gmt":"2025-09-18T10:51:07","slug":"jornadas-pct-para-equipos-directivos","status":"publish","type":"post","link":"https:\/\/cepronda.com\/blog\/jornadas-pct-para-equipos-directivos\/","title":{"rendered":"JORNADAS PCT PARA EQUIPOS DIRECTIVOS."},"content":{"rendered":"<div class=\"\" data-block=\"true\" data-editor=\"183kd\" data-offset-key=\"86f0h-0-0\">\n<div class=\"_1mf _1mj\" data-offset-key=\"86f0h-0-0\"><span style=\"font-weight: inherit;\">Hoy participamos en una jornada \u00fanica donde hemos abordado la mejora de las competencias matem\u00e1tica y lectora de la mano de expertos de primer nivel.<\/span><\/div>\n<\/div>\n<div class=\"\" data-block=\"true\" data-editor=\"183kd\" data-offset-key=\"7dduo-0-0\">\n<div class=\"_1mf _1mj\" data-offset-key=\"7dduo-0-0\"><span data-offset-key=\"7dduo-0-0\">\u00a0<\/span><\/div>\n<\/div>\n<div class=\"\" data-block=\"true\" data-editor=\"183kd\" data-offset-key=\"tmf7-0-0\">\n<div class=\"_1mf _1mj\" data-offset-key=\"tmf7-0-0\"><span data-offset-key=\"tmf7-0-0\">En la mesa inaugural han participado D\u00aa. Almudena Garc\u00eda Rosado(D.G. de Participaci\u00f3n e Inclusi\u00f3n Educativa), D. Manuel Jes\u00fas S\u00e1nchez Hermosilla (D.G. de Ordenaci\u00f3n y Evaluaci\u00f3n Educativa), D\u00aa. Aurora D\u00edaz Camacho (Jefa del Servicio de Ordenaci\u00f3n Educativa de M\u00e1laga), D.\u00aa Carmen Vaquero Ca\u00f1estro (Decana de la Facultad de CC. de la Educai\u00f3n de la UMA) y D\u00aa. Mar\u00eda del Mar Gallego Garc\u00eda (Directora del CEP de M\u00e1laga).<\/span><\/div>\n<\/div>\n<div class=\"\" data-block=\"true\" data-editor=\"183kd\" data-offset-key=\"ek547-0-0\">\n<div class=\"_1mf _1mj\" data-offset-key=\"ek547-0-0\"><span data-offset-key=\"ek547-0-0\">\u00a0<\/span><\/div>\n<\/div>\n<div class=\"\" data-block=\"true\" data-editor=\"183kd\" data-offset-key=\"6iqvo-0-0\">\n<div class=\"_1mf _1mj\" data-offset-key=\"6iqvo-0-0\"><\/div>\n<\/div>\n<div class=\"\" data-block=\"true\" data-editor=\"183kd\" data-offset-key=\"6uc54-0-0\">\n<div class=\"_1mf _1mj\" data-offset-key=\"6uc54-0-0\"><span data-offset-key=\"6uc54-0-0\">En este evento hemos tratado aspectos como:<\/span><\/div>\n<\/div>\n<div class=\"\" data-block=\"true\" data-editor=\"183kd\" data-offset-key=\"ncjt-0-0\">\n<div class=\"_1mf _1mj\" data-offset-key=\"ncjt-0-0\"><span data-offset-key=\"ncjt-0-0\">\u00a0<\/span><\/div>\n<\/div>\n<div class=\"\" data-block=\"true\" data-editor=\"183kd\" data-offset-key=\"f3prv-0-0\">\n<div class=\"_1mf _1mj\" data-offset-key=\"f3prv-0-0\"><span data-offset-key=\"f3prv-0-0\">\u26a1Aprender a pensar: La matem\u00e1tica puede ser un cuento. D\u00f1a. Clara Grima Ruiz, experta en divulgaci\u00f3n, nos ha mostrado c\u00f3mo despertar la curiosidad de nuestros estudiantes con \u00abEns\u00e9\u00f1ame a pensar: menos cuentas y m\u00e1s cuentos\u00bb.<\/span><\/div>\n<\/div>\n<div class=\"\" data-block=\"true\" data-editor=\"183kd\" data-offset-key=\"a2rjq-0-0\">\n<div class=\"_1mf _1mj\" data-offset-key=\"a2rjq-0-0\"><span data-offset-key=\"a2rjq-0-0\">\u00a0<\/span><\/div>\n<\/div>\n<div class=\"\" data-block=\"true\" data-editor=\"183kd\" data-offset-key=\"e0h8f-0-0\">\n<div class=\"_1mf _1mj\" data-offset-key=\"e0h8f-0-0\"><span data-offset-key=\"e0h8f-0-0\">\u26a1Conocer programas de \u00e9xito: D. Manuel Jes\u00fas S\u00e1nchez Hermosilla, Director General de Ordenaci\u00f3n Educativa, nos ha expuesto la organizaci\u00f3n y el funcionamiento de los programas de refuerzo para estas competencias.<\/span><\/div>\n<\/div>\n<div class=\"\" data-block=\"true\" data-editor=\"183kd\" data-offset-key=\"ccf8d-0-0\">\n<div class=\"_1mf _1mj\" data-offset-key=\"ccf8d-0-0\"><span data-offset-key=\"ccf8d-0-0\">\u00a0<\/span><\/div>\n<\/div>\n<div class=\"\" data-block=\"true\" data-editor=\"183kd\" data-offset-key=\"76aoi-0-0\">\n<div class=\"_1mf _1mj\" data-offset-key=\"76aoi-0-0\"><span data-offset-key=\"76aoi-0-0\">\u26a1Mejorar la lectura: D\u00f1a. Esther Delgado Ferrero ha presentado una metodolog\u00eda integral para potenciar la competencia lectora.<\/span><\/div>\n<\/div>\n<div class=\"\" data-block=\"true\" data-editor=\"183kd\" data-offset-key=\"b89hg-0-0\">\n<div class=\"_1mf _1mj\" data-offset-key=\"b89hg-0-0\"><span data-offset-key=\"b89hg-0-0\">\u00a0<\/span><\/div>\n<\/div>\n<div class=\"\" data-block=\"true\" data-editor=\"183kd\" data-offset-key=\"5faph-0-0\">\n<div class=\"_1mf _1mj\" data-offset-key=\"5faph-0-0\"><span data-offset-key=\"5faph-0-0\">\u26a1Hemos conocido m\u00e1s sobre el Programa \u00abPeque\u00f1os Gigantes de la Lectura\u00bb.<\/span><\/div>\n<\/div>\n<div class=\"\" data-block=\"true\" data-editor=\"183kd\" data-offset-key=\"vodf-0-0\">\n<div class=\"_1mf _1mj\" data-offset-key=\"vodf-0-0\"><span data-offset-key=\"vodf-0-0\">\u00a0<\/span><\/div>\n<\/div>\n<div class=\"\" data-block=\"true\" data-editor=\"183kd\" data-offset-key=\"aj52v-0-0\">\n<div class=\"_1mf _1mj\" data-offset-key=\"aj52v-0-0\"><span data-offset-key=\"aj52v-0-0\">\u00a1Una oportunidad de conectar con la comunidad educativa y llevar la metodolog\u00eda al siguiente nivel!<\/span><\/div>\n<div data-offset-key=\"aj52v-0-0\"><img data-recalc-dims=\"1\" loading=\"lazy\" decoding=\"async\" class=\"aligncenter size-large wp-image-8818\" src=\"https:\/\/i0.wp.com\/cepronda.com\/blog\/wp-content\/uploads\/2025\/09\/WhatsApp-Image-2025-09-18-at-10.40.02.jpeg?resize=1024%2C768&#038;ssl=1\" alt=\"\" width=\"1024\" height=\"768\" srcset=\"https:\/\/i0.wp.com\/cepronda.com\/blog\/wp-content\/uploads\/2025\/09\/WhatsApp-Image-2025-09-18-at-10.40.02.jpeg?resize=1024%2C768&amp;ssl=1 1024w, https:\/\/i0.wp.com\/cepronda.com\/blog\/wp-content\/uploads\/2025\/09\/WhatsApp-Image-2025-09-18-at-10.40.02.jpeg?resize=300%2C225&amp;ssl=1 300w, https:\/\/i0.wp.com\/cepronda.com\/blog\/wp-content\/uploads\/2025\/09\/WhatsApp-Image-2025-09-18-at-10.40.02.jpeg?resize=768%2C576&amp;ssl=1 768w, https:\/\/i0.wp.com\/cepronda.com\/blog\/wp-content\/uploads\/2025\/09\/WhatsApp-Image-2025-09-18-at-10.40.02.jpeg?resize=1536%2C1152&amp;ssl=1 1536w, https:\/\/i0.wp.com\/cepronda.com\/blog\/wp-content\/uploads\/2025\/09\/WhatsApp-Image-2025-09-18-at-10.40.02.jpeg?w=1600&amp;ssl=1 1600w\" sizes=\"auto, (max-width: 1024px) 100vw, 1024px\" \/><\/div>\n<\/div>\n","protected":false},"excerpt":{"rendered":"<p>Hoy participamos en una jornada \u00fanica donde hemos abordado la mejora de las competencias matem\u00e1tica y lectora de la mano de expertos de primer nivel. \u00a0 En la mesa inaugural han participado D\u00aa. Almudena Garc\u00eda Rosado(D.G. de Participaci\u00f3n e Inclusi\u00f3n Educativa), D. Manuel Jes\u00fas S\u00e1nchez Hermosilla (D.G. de Ordenaci\u00f3n y Evaluaci\u00f3n Educativa), D\u00aa. Aurora D\u00edaz [&hellip;]<\/p>\n","protected":false},"author":9,"featured_media":8818,"comment_status":"closed","ping_status":"open","sticky":false,"template":"","format":"standard","meta":{"_crdt_document":"","advanced_seo_description":"","jetpack_seo_html_title":"","jetpack_seo_noindex":false,"jetpack_post_was_ever_published":false,"_jetpack_newsletter_access":"","_jetpack_dont_email_post_to_subs":false,"_jetpack_newsletter_tier_id":0,"_jetpack_memberships_contains_paywalled_content":false,"_jetpack_memberships_contains_paid_content":false,"footnotes":"","jetpack_publicize_message":"","jetpack_publicize_feature_enabled":true,"jetpack_social_post_already_shared":true,"jetpack_social_options":{"image_generator_settings":{"template":"highway","default_image_id":0,"font":"","enabled":false},"version":2}},"categories":[5],"tags":[184,420,419],"class_list":{"0":"post-8809","1":"post","2":"type-post","3":"status-publish","4":"format-standard","5":"has-post-thumbnail","7":"category-noticias","8":"tag-competencia-linguistica","9":"tag-competencia-matematica","10":"tag-pct","11":"czr-hentry"},"jetpack_publicize_connections":[],"jetpack_featured_media_url":"https:\/\/i0.wp.com\/cepronda.com\/blog\/wp-content\/uploads\/2025\/09\/WhatsApp-Image-2025-09-18-at-10.40.02.jpeg?fit=1600%2C1200&ssl=1","jetpack_shortlink":"https:\/\/wp.me\/p8M4X7-2i5","jetpack-related-posts":[{"id":5394,"url":"https:\/\/cepronda.com\/blog\/datos-curso-2021-22-servicio-de-ordenacion-educativa\/","url_meta":{"origin":8809,"position":0},"title":"DATOS CURSO 2021\/22.SERVICIO DE ORDENACI\u00d3N EDUCATIVA","author":"Maribel Mu\u00f1oz","date":"11 julio, 2022","format":false,"excerpt":"Buenos d\u00edas compa\u00f1eras y compa\u00f1eros, Desde el Servicio de Ordenaci\u00f3n Educativa, de la Delegaci\u00f3n Territorial de Educaci\u00f3n y Deporte en M\u00e1laga,\u00a0 os hacemos llegar el siguiente v\u00eddeo con los datos obtenidos durante el curso 2021\/22. Enlace al v\u00eddeo Deseamos que sea de vuestro inter\u00e9s. Un saludo \u00a0 \u00a0 \u00a0","rel":"","context":"En \u00abFormaciones\u00bb","block_context":{"text":"Formaciones","link":"https:\/\/cepronda.com\/blog\/category\/formaciones\/"},"img":{"alt_text":"","src":"https:\/\/i0.wp.com\/cepronda.com\/blog\/wp-content\/uploads\/2020\/03\/S%C2%B0mbolo-gen%C3%87rico-RRSS-redondo-negativo.png?fit=1200%2C1200&ssl=1&resize=350%2C200","width":350,"height":200,"srcset":"https:\/\/i0.wp.com\/cepronda.com\/blog\/wp-content\/uploads\/2020\/03\/S%C2%B0mbolo-gen%C3%87rico-RRSS-redondo-negativo.png?fit=1200%2C1200&ssl=1&resize=350%2C200 1x, https:\/\/i0.wp.com\/cepronda.com\/blog\/wp-content\/uploads\/2020\/03\/S%C2%B0mbolo-gen%C3%87rico-RRSS-redondo-negativo.png?fit=1200%2C1200&ssl=1&resize=525%2C300 1.5x, https:\/\/i0.wp.com\/cepronda.com\/blog\/wp-content\/uploads\/2020\/03\/S%C2%B0mbolo-gen%C3%87rico-RRSS-redondo-negativo.png?fit=1200%2C1200&ssl=1&resize=700%2C400 2x, https:\/\/i0.wp.com\/cepronda.com\/blog\/wp-content\/uploads\/2020\/03\/S%C2%B0mbolo-gen%C3%87rico-RRSS-redondo-negativo.png?fit=1200%2C1200&ssl=1&resize=1050%2C600 3x"},"classes":[]},{"id":3087,"url":"https:\/\/cepronda.com\/blog\/directorio-general-del-servicio-de-ordenacion-educativa\/","url_meta":{"origin":8809,"position":1},"title":"Directorio general del Servicio de Ordenaci\u00f3n Educativa","author":"V\u00edctor Caballero","date":"10 octubre, 2019","format":false,"excerpt":"Muy buenas, adjuntamos una infograf\u00eda informativa sobre el directorio general del servicio de ordenaci\u00f3n educativa de la Delegaci\u00f3n Territorial de Educaci\u00f3n en M\u00e1laga, por si es de vuestro inter\u00e9s y os sirve de ayuda.","rel":"","context":"En \u00abNoticias\u00bb","block_context":{"text":"Noticias","link":"https:\/\/cepronda.com\/blog\/category\/noticias\/"},"img":{"alt_text":"","src":"https:\/\/i0.wp.com\/cepronda.com\/blog\/wp-content\/uploads\/2019\/10\/DIRECTORIO-GENERALSERV.-ORDENACI%C3%93N-EDUCATIVA.png?fit=480%2C1200&ssl=1&resize=350%2C200","width":350,"height":200},"classes":[]},{"id":3605,"url":"https:\/\/cepronda.com\/blog\/nuevo-canal-de-youtube-del-servicio-de-ordenacion-educativa-malaga\/","url_meta":{"origin":8809,"position":2},"title":"Nuevo canal de Youtube del  Servicio de Ordenaci\u00f3n Educativa M\u00e1laga","author":"V\u00edctor Caballero","date":"2 junio, 2020","format":false,"excerpt":"https:\/\/www.youtube.com\/watch?v=Tn4aRe4zDXU","rel":"","context":"En \u00abNoticias\u00bb","block_context":{"text":"Noticias","link":"https:\/\/cepronda.com\/blog\/category\/noticias\/"},"img":{"alt_text":"","src":"https:\/\/i0.wp.com\/img.youtube.com\/vi\/Tn4aRe4zDXU\/0.jpg?resize=350%2C200","width":350,"height":200},"classes":[]},{"id":9047,"url":"https:\/\/cepronda.com\/blog\/569-mejora-de-la-competencia-matematica-en-el-aula-de-educacion-infantil-y-primaria-nivel-i\/","url_meta":{"origin":8809,"position":3},"title":"569. MEJORA DE LA COMPETENCIA MATEM\u00c1TICA EN EL AULA DE EDUCACI\u00d3N INFANTIL Y PRIMARIA. NIVEL I.","author":"Inmaculada Garc\u00eda","date":"14 noviembre, 2025","format":false,"excerpt":"Se encuentra abierto el plazo de inscripci\u00f3n para la formaci\u00f3n regional a distancia: 569. MEJORA DE LA COMPETENCIA MATEM\u00c1TICA EN EL AULA DE EDUCACI\u00d3N INFANTIL Y PRIMARIA. NIVEL I. C\u00f3digo: 269920KPF569. Con una dedicaci\u00f3n de 30 HORAS NO PRESENCIALES (AVFP). Plazo de solicitudes: 11 noviembre al 18 de noviembre. Listado\u2026","rel":"","context":"En \u00abFormaciones\u00bb","block_context":{"text":"Formaciones","link":"https:\/\/cepronda.com\/blog\/category\/formaciones\/"},"img":{"alt_text":"","src":"https:\/\/i0.wp.com\/cepronda.com\/blog\/wp-content\/uploads\/2025\/11\/Copia-de-CEP-MOTOR-INTERNACIONALIZACION-PRIMEROS-PASOS.pptx-3.jpg?fit=960%2C1200&ssl=1&resize=350%2C200","width":350,"height":200,"srcset":"https:\/\/i0.wp.com\/cepronda.com\/blog\/wp-content\/uploads\/2025\/11\/Copia-de-CEP-MOTOR-INTERNACIONALIZACION-PRIMEROS-PASOS.pptx-3.jpg?fit=960%2C1200&ssl=1&resize=350%2C200 1x, https:\/\/i0.wp.com\/cepronda.com\/blog\/wp-content\/uploads\/2025\/11\/Copia-de-CEP-MOTOR-INTERNACIONALIZACION-PRIMEROS-PASOS.pptx-3.jpg?fit=960%2C1200&ssl=1&resize=525%2C300 1.5x, https:\/\/i0.wp.com\/cepronda.com\/blog\/wp-content\/uploads\/2025\/11\/Copia-de-CEP-MOTOR-INTERNACIONALIZACION-PRIMEROS-PASOS.pptx-3.jpg?fit=960%2C1200&ssl=1&resize=700%2C400 2x"},"classes":[]},{"id":9051,"url":"https:\/\/cepronda.com\/blog\/571-mejora-de-la-competencia-matematica-en-el-aula-de-eso-y-cfgb-nivel-i\/","url_meta":{"origin":8809,"position":4},"title":"571. MEJORA DE LA COMPETENCIA MATEM\u00c1TICA EN EL AULA DE ESO Y CFGB &#8211; NIVEL I.","author":"Inmaculada Garc\u00eda","date":"14 noviembre, 2025","format":false,"excerpt":"Se encuentra abierto el plazo de inscripci\u00f3n para la formaci\u00f3n regional a distancia: 571. MEJORA DE LA COMPETENCIA MATEM\u00c1TICA EN EL AULA DE ESO Y CFGB - NIVEL I. C\u00f3digo: 269920KPF571. Con una dedicaci\u00f3n de 30 HORAS NO PRESENCIALES (AVFP). Plazo de solicitudes: 11 noviembre al 18 de noviembre. Listado\u2026","rel":"","context":"En \u00abFormaciones\u00bb","block_context":{"text":"Formaciones","link":"https:\/\/cepronda.com\/blog\/category\/formaciones\/"},"img":{"alt_text":"","src":"https:\/\/i0.wp.com\/cepronda.com\/blog\/wp-content\/uploads\/2025\/11\/Copia-de-CEP-MOTOR-INTERNACIONALIZACION-PRIMEROS-PASOS.pptx-4.jpg?fit=960%2C1200&ssl=1&resize=350%2C200","width":350,"height":200,"srcset":"https:\/\/i0.wp.com\/cepronda.com\/blog\/wp-content\/uploads\/2025\/11\/Copia-de-CEP-MOTOR-INTERNACIONALIZACION-PRIMEROS-PASOS.pptx-4.jpg?fit=960%2C1200&ssl=1&resize=350%2C200 1x, https:\/\/i0.wp.com\/cepronda.com\/blog\/wp-content\/uploads\/2025\/11\/Copia-de-CEP-MOTOR-INTERNACIONALIZACION-PRIMEROS-PASOS.pptx-4.jpg?fit=960%2C1200&ssl=1&resize=525%2C300 1.5x, https:\/\/i0.wp.com\/cepronda.com\/blog\/wp-content\/uploads\/2025\/11\/Copia-de-CEP-MOTOR-INTERNACIONALIZACION-PRIMEROS-PASOS.pptx-4.jpg?fit=960%2C1200&ssl=1&resize=700%2C400 2x"},"classes":[]},{"id":2536,"url":"https:\/\/cepronda.com\/blog\/metodologia-abn-para-infantil\/","url_meta":{"origin":8809,"position":5},"title":"METODOLOG\u00cdA ABN PARA INFANTIL","author":"V\u00edctor Caballero","date":"10 diciembre, 2018","format":false,"excerpt":"\u00a1Hola de nuevo! Acabamos de abrir el plazo de inscripci\u00f3n para la actividad \"Metodolog\u00eda ABN para Educaci\u00f3n Infantil\", con el objetivo de acercar al profesorado de Educaci\u00f3n infantil al m\u00e9todo ABN con la intenci\u00f3n de desarrollar y mejorar la competencia matem\u00e1tica en el alumnado de esta etapa educativa. Para poder\u2026","rel":"","context":"En \u00abFormaciones\u00bb","block_context":{"text":"Formaciones","link":"https:\/\/cepronda.com\/blog\/category\/formaciones\/"},"img":{"alt_text":"","src":"https:\/\/i0.wp.com\/cepronda.com\/blog\/wp-content\/uploads\/2018\/12\/mathematics-1044087_1920.jpg?fit=1200%2C1200&ssl=1&resize=350%2C200","width":350,"height":200,"srcset":"https:\/\/i0.wp.com\/cepronda.com\/blog\/wp-content\/uploads\/2018\/12\/mathematics-1044087_1920.jpg?fit=1200%2C1200&ssl=1&resize=350%2C200 1x, https:\/\/i0.wp.com\/cepronda.com\/blog\/wp-content\/uploads\/2018\/12\/mathematics-1044087_1920.jpg?fit=1200%2C1200&ssl=1&resize=525%2C300 1.5x, https:\/\/i0.wp.com\/cepronda.com\/blog\/wp-content\/uploads\/2018\/12\/mathematics-1044087_1920.jpg?fit=1200%2C1200&ssl=1&resize=700%2C400 2x, https:\/\/i0.wp.com\/cepronda.com\/blog\/wp-content\/uploads\/2018\/12\/mathematics-1044087_1920.jpg?fit=1200%2C1200&ssl=1&resize=1050%2C600 3x"},"classes":[]}],"jetpack_sharing_enabled":true,"_links":{"self":[{"href":"https:\/\/cepronda.com\/blog\/wp-json\/wp\/v2\/posts\/8809","targetHints":{"allow":["GET"]}}],"collection":[{"href":"https:\/\/cepronda.com\/blog\/wp-json\/wp\/v2\/posts"}],"about":[{"href":"https:\/\/cepronda.com\/blog\/wp-json\/wp\/v2\/types\/post"}],"author":[{"embeddable":true,"href":"https:\/\/cepronda.com\/blog\/wp-json\/wp\/v2\/users\/9"}],"replies":[{"embeddable":true,"href":"https:\/\/cepronda.com\/blog\/wp-json\/wp\/v2\/comments?post=8809"}],"version-history":[{"count":1,"href":"https:\/\/cepronda.com\/blog\/wp-json\/wp\/v2\/posts\/8809\/revisions"}],"predecessor-version":[{"id":8820,"href":"https:\/\/cepronda.com\/blog\/wp-json\/wp\/v2\/posts\/8809\/revisions\/8820"}],"wp:featuredmedia":[{"embeddable":true,"href":"https:\/\/cepronda.com\/blog\/wp-json\/wp\/v2\/media\/8818"}],"wp:attachment":[{"href":"https:\/\/cepronda.com\/blog\/wp-json\/wp\/v2\/media?parent=8809"}],"wp:term":[{"taxonomy":"category","embeddable":true,"href":"https:\/\/cepronda.com\/blog\/wp-json\/wp\/v2\/categories?post=8809"},{"taxonomy":"post_tag","embeddable":true,"href":"https:\/\/cepronda.com\/blog\/wp-json\/wp\/v2\/tags?post=8809"}],"curies":[{"name":"wp","href":"https:\/\/api.w.org\/{rel}","templated":true}]}}