{"id":8805,"date":"2025-09-18T12:06:32","date_gmt":"2025-09-18T10:06:32","guid":{"rendered":"https:\/\/cepronda.com\/blog\/?p=8805"},"modified":"2025-09-18T12:06:32","modified_gmt":"2025-09-18T10:06:32","slug":"gestion-economica-para-secretarias-noveles-horario-de-manana","status":"publish","type":"post","link":"https:\/\/cepronda.com\/blog\/gestion-economica-para-secretarias-noveles-horario-de-manana\/","title":{"rendered":"GESTI\u00d3N ECON\u00d3MICA PARA SECRETAR\u00cdAS NOVELES HORARIO DE MA\u00d1ANA"},"content":{"rendered":"<div class=\"xdj266r x14z9mp xat24cr x1lziwak x1vvkbs x126k92a\">\n<div dir=\"auto\">Abierta la inscripci\u00f3n del curso a distancia regional organizado por el CEP de El Ejido; dirigido a: <strong>Secretar\u00edas noveles en centros educativos p\u00fablicos en el presente curso 2025\/2026 que imparten docencia en horario de tarde.<\/strong><\/div>\n<\/div>\n<div class=\"x14z9mp xat24cr x1lziwak x1vvkbs xtlvy1s x126k92a\">\n<div dir=\"auto\"><strong>GESTI\u00d3N ECON\u00d3MICA PARA SECRETAR\u00cdAS NOVELES.<\/strong><\/div>\n<\/div>\n<div class=\"x14z9mp xat24cr x1lziwak x1vvkbs xtlvy1s x126k92a\">\n<div dir=\"auto\">C\u00f3digo: 269902KPF001<\/div>\n<\/div>\n<div class=\"x14z9mp xat24cr x1lziwak x1vvkbs xtlvy1s x126k92a\">\n<div dir=\"auto\">Dirigido a: Secretar\u00edas noveles en centros educativos p\u00fablicos en el presente curso 2025\/2026 que<strong> imparten docencia en horario de tarde.<\/strong><\/div>\n<\/div>\n<div class=\"x14z9mp xat24cr x1lziwak x1vvkbs xtlvy1s x126k92a\">\n<div dir=\"auto\">Lugar de realizaci\u00f3n: AVFP<\/div>\n<div dir=\"auto\">N\u00famero de plazas: 30<\/div>\n<div dir=\"auto\">Modalidad: Online<\/div>\n<\/div>\n<div class=\"x14z9mp xat24cr x1lziwak x1vvkbs xtlvy1s x126k92a\">\n<div dir=\"auto\">Duraci\u00f3n: 15 horas<\/div>\n<\/div>\n<div class=\"x14z9mp xat24cr x1lziwak x1vvkbs xtlvy1s x126k92a\">\n<div dir=\"auto\">Solicitudes: Del 16\/09\/2025 al 23\/09\/2025 a las 12:00h<\/div>\n<div dir=\"auto\">Listado provisional de admitidas\/os: 23\/09\/2025<\/div>\n<div dir=\"auto\">Listado definitivo de admitidas\/os: 24\/09\/2025<\/div>\n<\/div>\n<div class=\"x14z9mp xat24cr x1lziwak x1vvkbs xtlvy1s x126k92a\">\n<div dir=\"auto\">Detalle e inscripci\u00f3n: <span class=\"html-span xdj266r x14z9mp xat24cr x1lziwak xexx8yu xyri2b x18d9i69 x1c1uobl x1hl2dhg x16tdsg8 x1vvkbs\"><a class=\"x1i10hfl xjbqb8w x1ejq31n x18oe1m7 x1sy0etr xstzfhl x972fbf x10w94by x1qhh985 x14e42zd x9f619 x1ypdohk xt0psk2 x3ct3a4 xdj266r x14z9mp xat24cr x1lziwak xexx8yu xyri2b x18d9i69 x1c1uobl x16tdsg8 x1hl2dhg xggy1nq x1a2a7pz xkrqix3 x1sur9pj x1fey0fg x1s688f\" tabindex=\"0\" role=\"link\" href=\"https:\/\/www.juntadeandalucia.es\/educacion\/secretariavirtual\/consultaCEP\/actividad\/269902KPF001\/?fbclid=IwZXh0bgNhZW0CMTAAYnJpZBExVnM3eHBBakJIRU5jZHhaYQEe43wqBR1KD-EomhoBr5EdmTPbNz_TRIDIW0v4rFTWw7x-E0rP4A8RGG7Tago_aem_-oJvOSv_CXjXzg6pbYaKcg\" target=\"_blank\" rel=\"nofollow noopener noreferrer\">https:\/\/www.juntadeandalucia.es\/&#8230;\/actividad\/269902KPF001\/<\/a><\/span><\/div>\n<div dir=\"auto\"><img data-recalc-dims=\"1\" loading=\"lazy\" decoding=\"async\" class=\"size-medium wp-image-8806 aligncenter\" src=\"https:\/\/i0.wp.com\/cepronda.com\/blog\/wp-content\/uploads\/2025\/09\/269902KPF001.jpeg?resize=300%2C300&#038;ssl=1\" alt=\"\" width=\"300\" height=\"300\" srcset=\"https:\/\/i0.wp.com\/cepronda.com\/blog\/wp-content\/uploads\/2025\/09\/269902KPF001.jpeg?resize=300%2C300&amp;ssl=1 300w, https:\/\/i0.wp.com\/cepronda.com\/blog\/wp-content\/uploads\/2025\/09\/269902KPF001.jpeg?resize=1024%2C1024&amp;ssl=1 1024w, https:\/\/i0.wp.com\/cepronda.com\/blog\/wp-content\/uploads\/2025\/09\/269902KPF001.jpeg?resize=150%2C150&amp;ssl=1 150w, https:\/\/i0.wp.com\/cepronda.com\/blog\/wp-content\/uploads\/2025\/09\/269902KPF001.jpeg?resize=768%2C768&amp;ssl=1 768w, https:\/\/i0.wp.com\/cepronda.com\/blog\/wp-content\/uploads\/2025\/09\/269902KPF001.jpeg?w=1080&amp;ssl=1 1080w\" sizes=\"auto, (max-width: 300px) 100vw, 300px\" \/><\/div>\n<\/div>\n","protected":false},"excerpt":{"rendered":"<p>Abierta la inscripci\u00f3n del curso a distancia regional organizado por el CEP de El Ejido; dirigido a: Secretar\u00edas noveles en centros educativos p\u00fablicos en el presente curso 2025\/2026 que imparten docencia en horario de tarde. GESTI\u00d3N ECON\u00d3MICA PARA SECRETAR\u00cdAS NOVELES. C\u00f3digo: 269902KPF001 Dirigido a: Secretar\u00edas noveles en centros educativos p\u00fablicos en el presente curso 2025\/2026 [&hellip;]<\/p>\n","protected":false},"author":13,"featured_media":8806,"comment_status":"closed","ping_status":"open","sticky":false,"template":"","format":"standard","meta":{"_crdt_document":"","advanced_seo_description":"","jetpack_seo_html_title":"","jetpack_seo_noindex":false,"jetpack_post_was_ever_published":false,"_jetpack_newsletter_access":"","_jetpack_dont_email_post_to_subs":false,"_jetpack_newsletter_tier_id":0,"_jetpack_memberships_contains_paywalled_content":false,"_jetpack_memberships_contains_paid_content":false,"footnotes":"","jetpack_publicize_message":"","jetpack_publicize_feature_enabled":true,"jetpack_social_post_already_shared":true,"jetpack_social_options":{"image_generator_settings":{"template":"highway","default_image_id":0,"font":"","enabled":false},"version":2}},"categories":[3],"tags":[34,102],"class_list":{"0":"post-8805","1":"post","2":"type-post","3":"status-publish","4":"format-standard","5":"has-post-thumbnail","7":"category-formaciones","8":"tag-gestion-economica","9":"tag-secretaria","10":"czr-hentry"},"jetpack_publicize_connections":[],"jetpack_featured_media_url":"https:\/\/i0.wp.com\/cepronda.com\/blog\/wp-content\/uploads\/2025\/09\/269902KPF001.jpeg?fit=1080%2C1080&ssl=1","jetpack_shortlink":"https:\/\/wp.me\/p8M4X7-2i1","jetpack-related-posts":[{"id":7775,"url":"https:\/\/cepronda.com\/blog\/gestion-economica-para-secretarias-noveles\/","url_meta":{"origin":8805,"position":0},"title":"GESTI\u00d3N ECON\u00d3MICA PARA SECRETAR\u00cdAS NOVELES\u00a0","author":"Mamen Moreno","date":"8 octubre, 2024","format":false,"excerpt":"Abierto plazo de solicitudes para el\u00a0curso online con videoconferencias en directo, organizado por el CEP de V\u00e9lez-M\u00e1laga: GESTI\u00d3N ECON\u00d3MICA PARA SECRETAR\u00cdAS NOVELES\u00a0 con c\u00f3digo 259926PF001. Sesiones online:\u00a024 y 29 de octubre, 7 y 14 de noviembre. Plazo de solicitudes hasta el 21 de octubre de 2024:\u00a0https:\/\/www.juntadeandalucia.es\/educacion\/secretariavirtual\/consultaCEP\/actividad\/259926PF001\/ \u00a0","rel":"","context":"En \u00abFormaciones\u00bb","block_context":{"text":"Formaciones","link":"https:\/\/cepronda.com\/blog\/category\/formaciones\/"},"img":{"alt_text":"","src":"https:\/\/i0.wp.com\/cepronda.com\/blog\/wp-content\/uploads\/2024\/10\/SECRETARIAS-NOVELES-2024_25.png?fit=1080%2C1080&ssl=1&resize=350%2C200","width":350,"height":200,"srcset":"https:\/\/i0.wp.com\/cepronda.com\/blog\/wp-content\/uploads\/2024\/10\/SECRETARIAS-NOVELES-2024_25.png?fit=1080%2C1080&ssl=1&resize=350%2C200 1x, https:\/\/i0.wp.com\/cepronda.com\/blog\/wp-content\/uploads\/2024\/10\/SECRETARIAS-NOVELES-2024_25.png?fit=1080%2C1080&ssl=1&resize=525%2C300 1.5x, https:\/\/i0.wp.com\/cepronda.com\/blog\/wp-content\/uploads\/2024\/10\/SECRETARIAS-NOVELES-2024_25.png?fit=1080%2C1080&ssl=1&resize=700%2C400 2x, https:\/\/i0.wp.com\/cepronda.com\/blog\/wp-content\/uploads\/2024\/10\/SECRETARIAS-NOVELES-2024_25.png?fit=1080%2C1080&ssl=1&resize=1050%2C600 3x"},"classes":[]},{"id":8863,"url":"https:\/\/cepronda.com\/blog\/gestion-economica-para-secretarias-4\/","url_meta":{"origin":8805,"position":1},"title":"GESTI\u00d3N ECON\u00d3MICA PARA SECRETAR\u00cdAS","author":"Mamen Moreno","date":"26 septiembre, 2025","format":false,"excerpt":"Abierta la inscripci\u00f3n de los cursos del Itinerario Formativo para Secretar\u00edas de Centros P\u00fablicos: \u00a01\u00ba Curso Semipresencial: 4 sesiones por videoconferencia Gesti\u00f3n econ\u00f3mica para secretar\u00edas n\u00f3veles . C\u00f3digo: 269926KPF011 \u00a0Dirigido a: secretar\u00edas en su primer a\u00f1o \u00a0Comienzo: 7 de octubre \u00a0Inscripci\u00f3n del 25\/09 al 05\/10:\u00a0https:\/\/www.juntadeandalucia.es\/educacion\/secretariavirtual\/consultaCEP\/actividad\/269926KPF011\/ \u00a02\u00ba Curso Online: Aula Virtual\u2026","rel":"","context":"En \u00abFormaciones\u00bb","block_context":{"text":"Formaciones","link":"https:\/\/cepronda.com\/blog\/category\/formaciones\/"},"img":{"alt_text":"","src":"https:\/\/i0.wp.com\/cepronda.com\/blog\/wp-content\/uploads\/2025\/09\/SECRETARIAS-NOVELES-2023_24.png?fit=848%2C1200&ssl=1&resize=350%2C200","width":350,"height":200,"srcset":"https:\/\/i0.wp.com\/cepronda.com\/blog\/wp-content\/uploads\/2025\/09\/SECRETARIAS-NOVELES-2023_24.png?fit=848%2C1200&ssl=1&resize=350%2C200 1x, https:\/\/i0.wp.com\/cepronda.com\/blog\/wp-content\/uploads\/2025\/09\/SECRETARIAS-NOVELES-2023_24.png?fit=848%2C1200&ssl=1&resize=525%2C300 1.5x, https:\/\/i0.wp.com\/cepronda.com\/blog\/wp-content\/uploads\/2025\/09\/SECRETARIAS-NOVELES-2023_24.png?fit=848%2C1200&ssl=1&resize=700%2C400 2x"},"classes":[]},{"id":6024,"url":"https:\/\/cepronda.com\/blog\/secretarias-noveles-proyecto-de-gestion-del-centro\/","url_meta":{"origin":8805,"position":2},"title":"SECRETAR\u00cdAS NOVELES: PROYECTO DE GESTI\u00d3N DEL CENTRO","author":"Mamen Moreno","date":"1 septiembre, 2023","format":false,"excerpt":"Buenos d\u00edas compa\u00f1eras y compa\u00f1eros. Est\u00e1 abierto el plazo de inscripci\u00f3n para el curso SECRETAR\u00cdAS NOVELES: PROYECTO DE GESTI\u00d3N DEL CENTRO, destinado a formar a las personas que se incorporan a las secretar\u00edas de vuestros centros. M\u00e1s informaci\u00f3n e inscripci\u00f3n: https:\/\/www.juntadeandalucia.es\/educacion\/secretariavirtual\/consultaCEP\/actividad\/242924FC001\/ Fecha y lugar de la actividad:\u00a0 7, 12 Y\u2026","rel":"","context":"En \u00abFormaciones\u00bb","block_context":{"text":"Formaciones","link":"https:\/\/cepronda.com\/blog\/category\/formaciones\/"},"img":{"alt_text":"","src":"https:\/\/i0.wp.com\/cepronda.com\/blog\/wp-content\/uploads\/2023\/09\/Diseno-sin-titulo-3.png?fit=1080%2C1080&ssl=1&resize=350%2C200","width":350,"height":200,"srcset":"https:\/\/i0.wp.com\/cepronda.com\/blog\/wp-content\/uploads\/2023\/09\/Diseno-sin-titulo-3.png?fit=1080%2C1080&ssl=1&resize=350%2C200 1x, https:\/\/i0.wp.com\/cepronda.com\/blog\/wp-content\/uploads\/2023\/09\/Diseno-sin-titulo-3.png?fit=1080%2C1080&ssl=1&resize=525%2C300 1.5x, https:\/\/i0.wp.com\/cepronda.com\/blog\/wp-content\/uploads\/2023\/09\/Diseno-sin-titulo-3.png?fit=1080%2C1080&ssl=1&resize=700%2C400 2x, https:\/\/i0.wp.com\/cepronda.com\/blog\/wp-content\/uploads\/2023\/09\/Diseno-sin-titulo-3.png?fit=1080%2C1080&ssl=1&resize=1050%2C600 3x"},"classes":[]},{"id":7714,"url":"https:\/\/cepronda.com\/blog\/secretarias-noveles-proyecto-de-gestion-del-centro-2\/","url_meta":{"origin":8805,"position":3},"title":"SECRETAR\u00cdAS NOVELES: PROYECTO DE GESTI\u00d3N DEL CENTRO","author":"Mamen Moreno","date":"19 septiembre, 2024","format":false,"excerpt":"Se encuentra abierto el plazo de inscripci\u00f3n para el curso SECRETAR\u00cdAS NOVELES: PROYECTO DE GESTI\u00d3N DEL CENTRO, destinado a formar a las personas que se incorporan a las secretar\u00edas de los centros. Inscripci\u00f3n: Del 19 al 26 de septiembre de 2024. Fechas y lugar de Realizaci\u00f3n: 24, 25 y 26\u2026","rel":"","context":"En \u00abFormaciones\u00bb","block_context":{"text":"Formaciones","link":"https:\/\/cepronda.com\/blog\/category\/formaciones\/"},"img":{"alt_text":"","src":"https:\/\/i0.wp.com\/cepronda.com\/blog\/wp-content\/uploads\/2024\/09\/Post-Instagram-Anuncio-Servicios-Electricos-Profesional-Azul.jpg?fit=1080%2C1080&ssl=1&resize=350%2C200","width":350,"height":200,"srcset":"https:\/\/i0.wp.com\/cepronda.com\/blog\/wp-content\/uploads\/2024\/09\/Post-Instagram-Anuncio-Servicios-Electricos-Profesional-Azul.jpg?fit=1080%2C1080&ssl=1&resize=350%2C200 1x, https:\/\/i0.wp.com\/cepronda.com\/blog\/wp-content\/uploads\/2024\/09\/Post-Instagram-Anuncio-Servicios-Electricos-Profesional-Azul.jpg?fit=1080%2C1080&ssl=1&resize=525%2C300 1.5x, https:\/\/i0.wp.com\/cepronda.com\/blog\/wp-content\/uploads\/2024\/09\/Post-Instagram-Anuncio-Servicios-Electricos-Profesional-Azul.jpg?fit=1080%2C1080&ssl=1&resize=700%2C400 2x, https:\/\/i0.wp.com\/cepronda.com\/blog\/wp-content\/uploads\/2024\/09\/Post-Instagram-Anuncio-Servicios-Electricos-Profesional-Azul.jpg?fit=1080%2C1080&ssl=1&resize=1050%2C600 3x"},"classes":[]},{"id":8937,"url":"https:\/\/cepronda.com\/blog\/gestion-economica-para-secretarias-5\/","url_meta":{"origin":8805,"position":4},"title":"GESTI\u00d3N ECON\u00d3MICA PARA SECRETAR\u00cdAS","author":"Mamen Moreno","date":"17 octubre, 2025","format":false,"excerpt":"Abierta la inscripci\u00f3n para el 2\u00ba curso del Itinerario Formativo para Secretar\u00edas de Centros P\u00fablicos: Gesti\u00f3n econ\u00f3mica para secretar\u00edas. C\u00f3digo: 269924KPF230 Dirigido a: secretar\u00edas en activo de los centros educativos p\u00fablicos de la provincia de M\u00e1laga. Comienzo: 5 de noviembre Inscripci\u00f3n del 17\/10 al 31\/10 M\u00e1s informaci\u00f3n: https:\/\/www.juntadeandalucia.es\/educacion\/secretariavirtual\/consultaCEP\/actividad\/269924KPF230\/","rel":"","context":"En \u00abFormaciones\u00bb","block_context":{"text":"Formaciones","link":"https:\/\/cepronda.com\/blog\/category\/formaciones\/"},"img":{"alt_text":"","src":"https:\/\/i0.wp.com\/cepronda.com\/blog\/wp-content\/uploads\/2025\/09\/SECRETARIAS-NOVELES-2023_24.png?fit=848%2C1200&ssl=1&resize=350%2C200","width":350,"height":200,"srcset":"https:\/\/i0.wp.com\/cepronda.com\/blog\/wp-content\/uploads\/2025\/09\/SECRETARIAS-NOVELES-2023_24.png?fit=848%2C1200&ssl=1&resize=350%2C200 1x, https:\/\/i0.wp.com\/cepronda.com\/blog\/wp-content\/uploads\/2025\/09\/SECRETARIAS-NOVELES-2023_24.png?fit=848%2C1200&ssl=1&resize=525%2C300 1.5x, https:\/\/i0.wp.com\/cepronda.com\/blog\/wp-content\/uploads\/2025\/09\/SECRETARIAS-NOVELES-2023_24.png?fit=848%2C1200&ssl=1&resize=700%2C400 2x"},"classes":[]},{"id":474,"url":"https:\/\/cepronda.com\/blog\/curso-fundamentacion-juridica-para-la-gestion-de-los-centros-educativos\/","url_meta":{"origin":8805,"position":5},"title":"Curso \u00abFundamentaci\u00f3n jur\u00eddica para la gesti\u00f3n de los centros educativos\u00bb","author":"V\u00edctor Caballero","date":"13 diciembre, 2016","format":false,"excerpt":"\u00a1No nos paran! Seguimos con un \u00a0curso con seguimiento dirigido a las personas responsables de las secretar\u00edas en los centros y al resto de los miembros de los Equipos Directivos para su actualizaci\u00f3n a la hora de aplicar la legislaci\u00f3n educativa como norma para la mejora de la gesti\u00f3n econ\u00f3mica\u2026","rel":"","context":"En \u00abFormaciones\u00bb","block_context":{"text":"Formaciones","link":"https:\/\/cepronda.com\/blog\/category\/formaciones\/"},"img":{"alt_text":"home-office-336377_640","src":"https:\/\/i0.wp.com\/cepronda.com\/blog\/wp-content\/uploads\/2016\/12\/home-office-336377_640.jpg?resize=350%2C200","width":350,"height":200},"classes":[]}],"jetpack_sharing_enabled":true,"_links":{"self":[{"href":"https:\/\/cepronda.com\/blog\/wp-json\/wp\/v2\/posts\/8805","targetHints":{"allow":["GET"]}}],"collection":[{"href":"https:\/\/cepronda.com\/blog\/wp-json\/wp\/v2\/posts"}],"about":[{"href":"https:\/\/cepronda.com\/blog\/wp-json\/wp\/v2\/types\/post"}],"author":[{"embeddable":true,"href":"https:\/\/cepronda.com\/blog\/wp-json\/wp\/v2\/users\/13"}],"replies":[{"embeddable":true,"href":"https:\/\/cepronda.com\/blog\/wp-json\/wp\/v2\/comments?post=8805"}],"version-history":[{"count":1,"href":"https:\/\/cepronda.com\/blog\/wp-json\/wp\/v2\/posts\/8805\/revisions"}],"predecessor-version":[{"id":8810,"href":"https:\/\/cepronda.com\/blog\/wp-json\/wp\/v2\/posts\/8805\/revisions\/8810"}],"wp:featuredmedia":[{"embeddable":true,"href":"https:\/\/cepronda.com\/blog\/wp-json\/wp\/v2\/media\/8806"}],"wp:attachment":[{"href":"https:\/\/cepronda.com\/blog\/wp-json\/wp\/v2\/media?parent=8805"}],"wp:term":[{"taxonomy":"category","embeddable":true,"href":"https:\/\/cepronda.com\/blog\/wp-json\/wp\/v2\/categories?post=8805"},{"taxonomy":"post_tag","embeddable":true,"href":"https:\/\/cepronda.com\/blog\/wp-json\/wp\/v2\/tags?post=8805"}],"curies":[{"name":"wp","href":"https:\/\/api.w.org\/{rel}","templated":true}]}}