{"id":8786,"date":"2025-09-11T12:21:07","date_gmt":"2025-09-11T10:21:07","guid":{"rendered":"https:\/\/cepronda.com\/blog\/?p=8786"},"modified":"2025-09-11T12:34:49","modified_gmt":"2025-09-11T10:34:49","slug":"xv-jornadas-las-pruebas-de-la-educacion-inclusion-3d","status":"publish","type":"post","link":"https:\/\/cepronda.com\/blog\/xv-jornadas-las-pruebas-de-la-educacion-inclusion-3d\/","title":{"rendered":"XV JORNADAS DEL CONSEJO ESCOLAR \u00abLas Pruebas de la Educaci\u00f3n &#038; Inclusi\u00f3n 3D\u00bb"},"content":{"rendered":"<div class=\"\" data-block=\"true\" data-editor=\"4mp8v\" data-offset-key=\"7278r-0-0\">\n<div class=\"_1mf _1mj\" data-offset-key=\"7278r-0-0\"><span data-offset-key=\"7278r-0-0\">El Consejo Escolar de Andaluc\u00eda organiza las<strong> XV Jornadas del Consejo Escolar de Andaluc\u00eda: \u201cLas Pruebas de la Educaci\u00f3n &amp; Inclusi\u00f3n 3D\u00bb,<\/strong> que celebraremos los pr\u00f3ximos d\u00edas <strong>16 y 17 de octubre de 2025<\/strong> en la Escuela T\u00e9cnica Superior de Arquitectura de Granada.<\/span><\/div>\n<\/div>\n<div class=\"\" data-block=\"true\" data-editor=\"4mp8v\" data-offset-key=\"fhk8e-0-0\">\n<div class=\"_1mf _1mj\" data-offset-key=\"fhk8e-0-0\"><span data-offset-key=\"fhk8e-0-0\">\u00a0<\/span><\/div>\n<\/div>\n<div class=\"\" data-block=\"true\" data-editor=\"4mp8v\" data-offset-key=\"du5hv-0-0\">\n<div class=\"_1mf _1mj\" data-offset-key=\"du5hv-0-0\"><span data-offset-key=\"du5hv-0-0\">Desde el Consejo Escolar de Andaluc\u00eda reafirmamos nuestro compromiso con la construcci\u00f3n de una educaci\u00f3n inclusiva, equitativa y de calidad, fomentando el di\u00e1logo entre todos los sectores de la comunidad educativa y el impulso de iniciativas innovadoras que respondan a la diversidad.<\/span><\/div>\n<\/div>\n<div class=\"\" data-block=\"true\" data-editor=\"4mp8v\" data-offset-key=\"f3jtp-0-0\">\n<div class=\"_1mf _1mj\" data-offset-key=\"f3jtp-0-0\"><span data-offset-key=\"f3jtp-0-0\">\u00a0<\/span><\/div>\n<\/div>\n<div class=\"\" data-block=\"true\" data-editor=\"4mp8v\" data-offset-key=\"5feke-0-0\">\n<div class=\"_1mf _1mj\" data-offset-key=\"5feke-0-0\"><span data-offset-key=\"5feke-0-0\">En esta edici\u00f3n contaremos con expertos y profesionales de prestigio que nos acercar\u00e1n, a trav\u00e9s de evidencias cient\u00edficas y experiencias reales, a nuevas formas de atender a la diversidad en nuestras aulas y de avanzar hacia una escuela m\u00e1s justa y abierta a todos.<\/span><\/div>\n<\/div>\n<div class=\"\" data-block=\"true\" data-editor=\"4mp8v\" data-offset-key=\"1ecbd-0-0\">\n<div class=\"_1mf _1mj\" data-offset-key=\"1ecbd-0-0\"><span data-offset-key=\"1ecbd-0-0\">\u00a0<\/span><\/div>\n<\/div>\n<div class=\"\" data-block=\"true\" data-editor=\"4mp8v\" data-offset-key=\"7mdcc-0-0\">\n<div class=\"_1mf _1mj\" data-offset-key=\"7mdcc-0-0\"><span data-offset-key=\"7mdcc-0-0\"> Para el profesorado, la asistencia est\u00e1 reconocida con<strong> 12 horas de formaci\u00f3n.<\/strong><\/span><\/div>\n<\/div>\n<div class=\"\" data-block=\"true\" data-editor=\"4mp8v\" data-offset-key=\"5v692-0-0\">\n<div class=\"_1mf _1mj\" data-offset-key=\"5v692-0-0\"><span data-offset-key=\"5v692-0-0\"> Se ofertan <strong>200 plazas<\/strong> a trav\u00e9s del CEP de Granada.<\/span><\/div>\n<\/div>\n<div class=\"\" data-block=\"true\" data-editor=\"4mp8v\" data-offset-key=\"72ubm-0-0\">\n<div class=\"_1mf _1mj\" data-offset-key=\"72ubm-0-0\"><span data-offset-key=\"72ubm-0-0\"> El <strong>plazo de inscripci\u00f3n<\/strong> finalizar\u00e1 el <strong>29 de septiembre de 2025.<\/strong><\/span><\/div>\n<\/div>\n<div class=\"\" data-block=\"true\" data-editor=\"4mp8v\" data-offset-key=\"47jfq-0-0\">\n<div class=\"_1mf _1mj\" data-offset-key=\"47jfq-0-0\"><span data-offset-key=\"47jfq-0-0\">\u00a0<\/span><\/div>\n<\/div>\n<div class=\"\" data-block=\"true\" data-editor=\"4mp8v\" data-offset-key=\"anp8n-0-0\">\n<div class=\"_1mf _1mj\" data-offset-key=\"anp8n-0-0\"><strong>Inscripci\u00f3n:<\/strong><\/div>\n<\/div>\n<div class=\"\" data-block=\"true\" data-editor=\"4mp8v\" data-offset-key=\"c1l-0-0\">\n<div class=\"_1mf _1mj\" data-offset-key=\"c1l-0-0\"><span data-offset-key=\"c1l-0-0\">\u2022 Docentes (v\u00eda S\u00e9neca\/CEP Granada):<a href=\"https:\/\/www.juntadeandalucia.es\/educacion\/secretariavirtual\/consultaCEP\/actividad\/261811GE058\/\"> https:\/\/www.juntadeandalucia.es\/educacion\/secretariavirtual\/consultaCEP\/actividad\/261811GE058\/<\/a><\/span><\/div>\n<\/div>\n<div class=\"\" data-block=\"true\" data-editor=\"4mp8v\" data-offset-key=\"73dat-0-0\">\n<div class=\"_1mf _1mj\" data-offset-key=\"73dat-0-0\"><span data-offset-key=\"73dat-0-0\">\u00a0<\/span><\/div>\n<\/div>\n<div class=\"\" data-block=\"true\" data-editor=\"4mp8v\" data-offset-key=\"eo7oj-0-0\">\n<div class=\"_1mf _1mj\" data-offset-key=\"eo7oj-0-0\">\n<p><span data-offset-key=\"eo7oj-0-0\">Toda la informaci\u00f3n sobre el programa, ponentes y contenidos est\u00e1 disponible en el siguiente enlace: <a href=\"https:\/\/www.juntadeandalucia.es\/educacion\/portales\/web\/consejo-escolar-de-andalucia\/jornadas\/autonomicas\">https:\/\/www.juntadeandalucia.es\/educacion\/portales\/web\/consejo-escolar-de-andalucia\/jornadas\/autonomicas<\/a><\/span><\/p>\n<p>&nbsp;<\/p>\n<\/div>\n<div data-offset-key=\"eo7oj-0-0\"><img data-recalc-dims=\"1\" loading=\"lazy\" decoding=\"async\" class=\"size-medium wp-image-8793 aligncenter\" src=\"https:\/\/i0.wp.com\/cepronda.com\/blog\/wp-content\/uploads\/2025\/09\/544070332_17979172922879832_4134245255170936447_n.jpg?resize=240%2C300&#038;ssl=1\" alt=\"\" width=\"240\" height=\"300\" srcset=\"https:\/\/i0.wp.com\/cepronda.com\/blog\/wp-content\/uploads\/2025\/09\/544070332_17979172922879832_4134245255170936447_n.jpg?resize=240%2C300&amp;ssl=1 240w, https:\/\/i0.wp.com\/cepronda.com\/blog\/wp-content\/uploads\/2025\/09\/544070332_17979172922879832_4134245255170936447_n.jpg?resize=819%2C1024&amp;ssl=1 819w, https:\/\/i0.wp.com\/cepronda.com\/blog\/wp-content\/uploads\/2025\/09\/544070332_17979172922879832_4134245255170936447_n.jpg?resize=768%2C960&amp;ssl=1 768w, https:\/\/i0.wp.com\/cepronda.com\/blog\/wp-content\/uploads\/2025\/09\/544070332_17979172922879832_4134245255170936447_n.jpg?resize=1229%2C1536&amp;ssl=1 1229w, https:\/\/i0.wp.com\/cepronda.com\/blog\/wp-content\/uploads\/2025\/09\/544070332_17979172922879832_4134245255170936447_n.jpg?w=1440&amp;ssl=1 1440w\" sizes=\"auto, (max-width: 240px) 100vw, 240px\" \/><\/div>\n<\/div>\n","protected":false},"excerpt":{"rendered":"<p>El Consejo Escolar de Andaluc\u00eda organiza las XV Jornadas del Consejo Escolar de Andaluc\u00eda: \u201cLas Pruebas de la Educaci\u00f3n &amp; Inclusi\u00f3n 3D\u00bb, que celebraremos los pr\u00f3ximos d\u00edas 16 y 17 de octubre de 2025 en la Escuela T\u00e9cnica Superior de Arquitectura de Granada. \u00a0 Desde el Consejo Escolar de Andaluc\u00eda reafirmamos nuestro compromiso con la [&hellip;]<\/p>\n","protected":false},"author":13,"featured_media":8793,"comment_status":"closed","ping_status":"open","sticky":false,"template":"","format":"standard","meta":{"_crdt_document":"","advanced_seo_description":"","jetpack_seo_html_title":"","jetpack_seo_noindex":false,"jetpack_post_was_ever_published":false,"_jetpack_newsletter_access":"","_jetpack_dont_email_post_to_subs":false,"_jetpack_newsletter_tier_id":0,"_jetpack_memberships_contains_paywalled_content":false,"_jetpack_memberships_contains_paid_content":false,"footnotes":"","jetpack_publicize_message":"","jetpack_publicize_feature_enabled":true,"jetpack_social_post_already_shared":true,"jetpack_social_options":{"image_generator_settings":{"template":"highway","default_image_id":0,"font":"","enabled":false},"version":2}},"categories":[3,5],"tags":[329,222,174],"class_list":{"0":"post-8786","1":"post","2":"type-post","3":"status-publish","4":"format-standard","5":"has-post-thumbnail","7":"category-formaciones","8":"category-noticias","9":"tag-escuelas-inclusivas","10":"tag-internivelar","11":"tag-jornadas","12":"czr-hentry"},"jetpack_publicize_connections":[],"jetpack_featured_media_url":"https:\/\/i0.wp.com\/cepronda.com\/blog\/wp-content\/uploads\/2025\/09\/544070332_17979172922879832_4134245255170936447_n.jpg?fit=1440%2C1800&ssl=1","jetpack_shortlink":"https:\/\/wp.me\/p8M4X7-2hI","jetpack-related-posts":[{"id":7573,"url":"https:\/\/cepronda.com\/blog\/xiv-jornadas-autonomicas-bajo-el-titulo-inclusion-3d-diversidad-dialogo-y-desarrollo\/","url_meta":{"origin":8786,"position":0},"title":"XIV Jornadas Auton\u00f3micas bajo el t\u00edtulo \u00abInclusi\u00f3n 3D: Diversidad, Di\u00e1logo y Desarrollo","author":"Mamen Moreno","date":"16 abril, 2024","format":false,"excerpt":"El Consejo Escolar de Andaluc\u00eda organiza junto con el CEP de Granada las \"XIV Jornadas Auton\u00f3micas bajo el t\u00edtulo \"Inclusi\u00f3n 3D: Diversidad, Di\u00e1logo y Desarrollo\". Plazo de inscripci\u00f3n: lunes 8 de abril al martes 30 de abril. Fecha de realizaci\u00f3n 16 y 17 de mayo Inscripci\u00f3n: https:\/\/www.juntadeandalucia.es\/educacion\/secretariavirtual\/consultaCEP\/actividad\/241811GE044\/","rel":"","context":"En \u00abNoticias\u00bb","block_context":{"text":"Noticias","link":"https:\/\/cepronda.com\/blog\/category\/noticias\/"},"img":{"alt_text":"","src":"https:\/\/i0.wp.com\/cepronda.com\/blog\/wp-content\/uploads\/2024\/04\/WhatsApp-Image-2024-03-21-at-13.33.00.jpeg?fit=1145%2C700&ssl=1&resize=350%2C200","width":350,"height":200,"srcset":"https:\/\/i0.wp.com\/cepronda.com\/blog\/wp-content\/uploads\/2024\/04\/WhatsApp-Image-2024-03-21-at-13.33.00.jpeg?fit=1145%2C700&ssl=1&resize=350%2C200 1x, https:\/\/i0.wp.com\/cepronda.com\/blog\/wp-content\/uploads\/2024\/04\/WhatsApp-Image-2024-03-21-at-13.33.00.jpeg?fit=1145%2C700&ssl=1&resize=525%2C300 1.5x, https:\/\/i0.wp.com\/cepronda.com\/blog\/wp-content\/uploads\/2024\/04\/WhatsApp-Image-2024-03-21-at-13.33.00.jpeg?fit=1145%2C700&ssl=1&resize=700%2C400 2x, https:\/\/i0.wp.com\/cepronda.com\/blog\/wp-content\/uploads\/2024\/04\/WhatsApp-Image-2024-03-21-at-13.33.00.jpeg?fit=1145%2C700&ssl=1&resize=1050%2C600 3x"},"classes":[]},{"id":5534,"url":"https:\/\/cepronda.com\/blog\/ii-jornadas-de-mediacion-escolar\/","url_meta":{"origin":8786,"position":1},"title":"II JORNADAS DE MEDIACI\u00d3N ESCOLAR","author":"Inmaculada Garc\u00eda","date":"28 octubre, 2022","format":false,"excerpt":"Buenos d\u00edas compa\u00f1eras y compa\u00f1eros, Os\u00a0 informamos que est\u00e1 abierto el plazo de inscripci\u00f3n en las II JORNADAS DE MEDIACI\u00d3N ESCOLAR,\u00a0 con c\u00f3digo 232922GE089. Fecha actividad: 16 y\u00a0 17 de noviembre del 2022. Fecha inscripci\u00f3n: 24\/10\/2022 hasta 10\/11\/2022 Lugar de realizaci\u00f3n: Facultad de Ciencias de la Educaci\u00f3n Inscripciones en el\u2026","rel":"","context":"En \u00abFormaciones\u00bb","block_context":{"text":"Formaciones","link":"https:\/\/cepronda.com\/blog\/category\/formaciones\/"},"img":{"alt_text":"","src":"https:\/\/i0.wp.com\/cepronda.com\/blog\/wp-content\/uploads\/2022\/11\/WhatsApp-Image-2022-10-28-at-08.42.57-212x300.jpeg?resize=350%2C200","width":350,"height":200},"classes":[]},{"id":3006,"url":"https:\/\/cepronda.com\/blog\/premios-anuales-a-la-promocion-de-la-cultura-de-paz-y-la-convivencia-escolar-en-andalucia-para-el-curso-escolar-2019-2020\/","url_meta":{"origin":8786,"position":2},"title":"Premios Anuales a la Promoci\u00f3n de la Cultura de Paz y la Convivencia Escolar en Andaluc\u00eda para el curso escolar 2019-2020.","author":"V\u00edctor Caballero","date":"18 septiembre, 2019","format":false,"excerpt":"Muy buenas de nuevo, Compartimos tambi\u00e9n la convocatoria de los Premios Anuales a la Promoci\u00f3n de la Cultura de Paz y la Convivencia Escolar en Andaluc\u00eda para el curso escolar 2019-2020. Pod\u00e9is encontrar toda la informaci\u00f3n en el siguiente enlace.","rel":"","context":"En \u00abNoticias\u00bb","block_context":{"text":"Noticias","link":"https:\/\/cepronda.com\/blog\/category\/noticias\/"},"img":{"alt_text":"","src":"https:\/\/i0.wp.com\/cepronda.com\/blog\/wp-content\/uploads\/2019\/09\/vw-1308501_1920.jpg?resize=350%2C200&ssl=1","width":350,"height":200,"srcset":"https:\/\/i0.wp.com\/cepronda.com\/blog\/wp-content\/uploads\/2019\/09\/vw-1308501_1920.jpg?resize=350%2C200&ssl=1 1x, https:\/\/i0.wp.com\/cepronda.com\/blog\/wp-content\/uploads\/2019\/09\/vw-1308501_1920.jpg?resize=525%2C300&ssl=1 1.5x, https:\/\/i0.wp.com\/cepronda.com\/blog\/wp-content\/uploads\/2019\/09\/vw-1308501_1920.jpg?resize=700%2C400&ssl=1 2x, https:\/\/i0.wp.com\/cepronda.com\/blog\/wp-content\/uploads\/2019\/09\/vw-1308501_1920.jpg?resize=1050%2C600&ssl=1 3x, https:\/\/i0.wp.com\/cepronda.com\/blog\/wp-content\/uploads\/2019\/09\/vw-1308501_1920.jpg?resize=1400%2C800&ssl=1 4x"},"classes":[]},{"id":5499,"url":"https:\/\/cepronda.com\/blog\/xxi-certamen-literario-escolar-andaluz-en-materia-de-voluntariado-solidaridad-en-letras-2022\/","url_meta":{"origin":8786,"position":3},"title":"XXI CERTAMEN LITERARIO ESCOLAR ANDALUZ EN MATERIA DE VOLUNTARIADO \u00abSOLIDARIDAD EN LETRAS\u00bb 2022","author":"Mamen Moreno","date":"21 septiembre, 2022","format":false,"excerpt":"La Junta de Andaluc\u00eda, a trav\u00e9s de la Consejer\u00eda de Igualdad, Pol\u00edticas Sociales y Conciliaci\u00f3n, tiene abierto el plazo de presentaci\u00f3n de candidaturas para el\u00a0 XXI Certamen Literario Escolar Andaluz en materia de voluntariado: \u00abSolidaridad en Letras. El plazo de presentaci\u00f3n finaliza el d\u00eda 28 de octubre de 2022. Dicho\u2026","rel":"","context":"En \u00abNoticias\u00bb","block_context":{"text":"Noticias","link":"https:\/\/cepronda.com\/blog\/category\/noticias\/"},"img":{"alt_text":"","src":"https:\/\/i0.wp.com\/cepronda.com\/blog\/wp-content\/uploads\/2022\/09\/f06ccb03-e9d6-4236-bc0e-f8c34407feb0.jpg?fit=1080%2C1080&ssl=1&resize=350%2C200","width":350,"height":200,"srcset":"https:\/\/i0.wp.com\/cepronda.com\/blog\/wp-content\/uploads\/2022\/09\/f06ccb03-e9d6-4236-bc0e-f8c34407feb0.jpg?fit=1080%2C1080&ssl=1&resize=350%2C200 1x, https:\/\/i0.wp.com\/cepronda.com\/blog\/wp-content\/uploads\/2022\/09\/f06ccb03-e9d6-4236-bc0e-f8c34407feb0.jpg?fit=1080%2C1080&ssl=1&resize=525%2C300 1.5x, https:\/\/i0.wp.com\/cepronda.com\/blog\/wp-content\/uploads\/2022\/09\/f06ccb03-e9d6-4236-bc0e-f8c34407feb0.jpg?fit=1080%2C1080&ssl=1&resize=700%2C400 2x, https:\/\/i0.wp.com\/cepronda.com\/blog\/wp-content\/uploads\/2022\/09\/f06ccb03-e9d6-4236-bc0e-f8c34407feb0.jpg?fit=1080%2C1080&ssl=1&resize=1050%2C600 3x"},"classes":[]},{"id":4351,"url":"https:\/\/cepronda.com\/blog\/frances-jornadas-fle-en-andalucia\/","url_meta":{"origin":8786,"position":4},"title":"FRANC\u00c9S. Jornadas FLE en Andaluc\u00eda.","author":"Maribel Mu\u00f1oz","date":"24 marzo, 2021","format":false,"excerpt":"Buenos d\u00edas compa\u00f1eras y compa\u00f1eros, Os informamos que desde el Servicio de Programas Internacionales nos indican que el Instituto Franc\u00e9s celebrar\u00e1 los pr\u00f3ximos 9 y 10 de abril una nueva edici\u00f3n de las Jornadas FLE en Andaluc\u00eda dirigidas al profesorado de franc\u00e9s lengua extranjera y ANL en franc\u00e9s, que estar\u00e1\u2026","rel":"","context":"En \u00abFormaciones\u00bb","block_context":{"text":"Formaciones","link":"https:\/\/cepronda.com\/blog\/category\/formaciones\/"},"img":{"alt_text":"","src":"https:\/\/i0.wp.com\/cepronda.com\/blog\/wp-content\/uploads\/2021\/03\/imagen-jornada-de-frances-259x300.jpg?resize=350%2C200","width":350,"height":200},"classes":[]},{"id":3101,"url":"https:\/\/cepronda.com\/blog\/concurso-escolar-andalucia-en-un-mapa\/","url_meta":{"origin":8786,"position":5},"title":"Concurso escolar \u00abAndaluc\u00eda en un mapa\u00bb","author":"V\u00edctor Caballero","date":"17 octubre, 2019","format":false,"excerpt":"El objeto de este concurso es promover la utilizaci\u00f3n de la cartograf\u00eda y la estad\u00edstica entre la comunidad escolar como herramientas did\u00e1cticas y de representaci\u00f3n creativa del territorio andaluz, con el fin \u00faltimo de aproximar a las personas participantes en el concurso a la importancia que la representaci\u00f3n cartogr\u00e1fica y\u2026","rel":"","context":"En \u00abNoticias\u00bb","block_context":{"text":"Noticias","link":"https:\/\/cepronda.com\/blog\/category\/noticias\/"},"img":{"alt_text":"","src":"","width":0,"height":0},"classes":[]}],"jetpack_sharing_enabled":true,"_links":{"self":[{"href":"https:\/\/cepronda.com\/blog\/wp-json\/wp\/v2\/posts\/8786","targetHints":{"allow":["GET"]}}],"collection":[{"href":"https:\/\/cepronda.com\/blog\/wp-json\/wp\/v2\/posts"}],"about":[{"href":"https:\/\/cepronda.com\/blog\/wp-json\/wp\/v2\/types\/post"}],"author":[{"embeddable":true,"href":"https:\/\/cepronda.com\/blog\/wp-json\/wp\/v2\/users\/13"}],"replies":[{"embeddable":true,"href":"https:\/\/cepronda.com\/blog\/wp-json\/wp\/v2\/comments?post=8786"}],"version-history":[{"count":2,"href":"https:\/\/cepronda.com\/blog\/wp-json\/wp\/v2\/posts\/8786\/revisions"}],"predecessor-version":[{"id":8796,"href":"https:\/\/cepronda.com\/blog\/wp-json\/wp\/v2\/posts\/8786\/revisions\/8796"}],"wp:featuredmedia":[{"embeddable":true,"href":"https:\/\/cepronda.com\/blog\/wp-json\/wp\/v2\/media\/8793"}],"wp:attachment":[{"href":"https:\/\/cepronda.com\/blog\/wp-json\/wp\/v2\/media?parent=8786"}],"wp:term":[{"taxonomy":"category","embeddable":true,"href":"https:\/\/cepronda.com\/blog\/wp-json\/wp\/v2\/categories?post=8786"},{"taxonomy":"post_tag","embeddable":true,"href":"https:\/\/cepronda.com\/blog\/wp-json\/wp\/v2\/tags?post=8786"}],"curies":[{"name":"wp","href":"https:\/\/api.w.org\/{rel}","templated":true}]}}