{"id":8720,"date":"2025-07-02T11:46:55","date_gmt":"2025-07-02T09:46:55","guid":{"rendered":"https:\/\/cepronda.com\/blog\/?p=8720"},"modified":"2025-07-02T11:48:49","modified_gmt":"2025-07-02T09:48:49","slug":"8720-2","status":"publish","type":"post","link":"https:\/\/cepronda.com\/blog\/8720-2\/","title":{"rendered":"JUEGOS Y MODELOS PARA ATREVERSE CON LA RESOLUCI\u00d3N DE PROBLEMAS"},"content":{"rendered":"<p>En agosto se abrir\u00e1 el plazo de inscripci\u00f3n a las <strong>jornadas provinciales \u00abJUEGOS Y MODELOS PARA ATREVERSE CON LA RESOLUCI\u00d3N DE PROBLEMAS MATEM\u00c1TICOS\u201d de c\u00f3digo 262923GEJ251.<\/strong><\/p>\n<p>\u200dPONENTE: <strong>Jos\u00e9 Antonio Fern\u00e1ndez Bravo<\/strong><br \/>\nFECHAS: 11 y 12, de 16:30 a 20:30 horas y 13\u00a0de 9:30 a 13:30 horas.<br \/>\nLUGAR:\u00a0 CEP Marbella-Co\u00edn<\/p>\n<p>\u200d <strong>Asesor\u00eda responsable:<\/strong> Laura Jim\u00e9nez Romero. Tlf 677905436<\/p>\n<p>Ponte una alarma en el calendario porque <strong>a partir del d\u00eda 11 de agosto<\/strong>\u00a0se facilitar\u00e1 el enlace y c\u00f3digo QR para la inscripci\u00f3n y el resto de detalles de la actividad.<\/p>\n<p>&nbsp;<\/p>\n<p><img data-recalc-dims=\"1\" loading=\"lazy\" decoding=\"async\" class=\"size-medium wp-image-8721 aligncenter\" src=\"https:\/\/i0.wp.com\/cepronda.com\/blog\/wp-content\/uploads\/2025\/07\/WhatsApp-Image-2025-06-27-at-12.35.51.jpeg?resize=300%2C300&#038;ssl=1\" alt=\"\" width=\"300\" height=\"300\" srcset=\"https:\/\/i0.wp.com\/cepronda.com\/blog\/wp-content\/uploads\/2025\/07\/WhatsApp-Image-2025-06-27-at-12.35.51.jpeg?resize=300%2C300&amp;ssl=1 300w, https:\/\/i0.wp.com\/cepronda.com\/blog\/wp-content\/uploads\/2025\/07\/WhatsApp-Image-2025-06-27-at-12.35.51.jpeg?resize=1024%2C1024&amp;ssl=1 1024w, https:\/\/i0.wp.com\/cepronda.com\/blog\/wp-content\/uploads\/2025\/07\/WhatsApp-Image-2025-06-27-at-12.35.51.jpeg?resize=150%2C150&amp;ssl=1 150w, https:\/\/i0.wp.com\/cepronda.com\/blog\/wp-content\/uploads\/2025\/07\/WhatsApp-Image-2025-06-27-at-12.35.51.jpeg?resize=768%2C768&amp;ssl=1 768w, https:\/\/i0.wp.com\/cepronda.com\/blog\/wp-content\/uploads\/2025\/07\/WhatsApp-Image-2025-06-27-at-12.35.51.jpeg?w=1080&amp;ssl=1 1080w\" sizes=\"auto, (max-width: 300px) 100vw, 300px\" \/><\/p>\n","protected":false},"excerpt":{"rendered":"<p>En agosto se abrir\u00e1 el plazo de inscripci\u00f3n a las jornadas provinciales \u00abJUEGOS Y MODELOS PARA ATREVERSE CON LA RESOLUCI\u00d3N DE PROBLEMAS MATEM\u00c1TICOS\u201d de c\u00f3digo 262923GEJ251. \u200dPONENTE: Jos\u00e9 Antonio Fern\u00e1ndez Bravo FECHAS: 11 y 12, de 16:30 a 20:30 horas y 13\u00a0de 9:30 a 13:30 horas. LUGAR:\u00a0 CEP Marbella-Co\u00edn \u200d Asesor\u00eda responsable: Laura Jim\u00e9nez Romero. [&hellip;]<\/p>\n","protected":false},"author":13,"featured_media":8721,"comment_status":"closed","ping_status":"open","sticky":false,"template":"","format":"standard","meta":{"_crdt_document":"","advanced_seo_description":"","jetpack_seo_html_title":"","jetpack_seo_noindex":false,"jetpack_post_was_ever_published":false,"_jetpack_newsletter_access":"","_jetpack_dont_email_post_to_subs":false,"_jetpack_newsletter_tier_id":0,"_jetpack_memberships_contains_paywalled_content":false,"_jetpack_memberships_contains_paid_content":false,"footnotes":"","jetpack_publicize_message":"","jetpack_publicize_feature_enabled":true,"jetpack_social_post_already_shared":true,"jetpack_social_options":{"image_generator_settings":{"template":"highway","default_image_id":0,"font":"","enabled":false},"version":2}},"categories":[3],"tags":[415,59],"class_list":{"0":"post-8720","1":"post","2":"type-post","3":"status-publish","4":"format-standard","5":"has-post-thumbnail","7":"category-formaciones","8":"tag-matematica","9":"tag-primaria","10":"czr-hentry"},"jetpack_publicize_connections":[],"jetpack_featured_media_url":"https:\/\/i0.wp.com\/cepronda.com\/blog\/wp-content\/uploads\/2025\/07\/WhatsApp-Image-2025-06-27-at-12.35.51.jpeg?fit=1080%2C1080&ssl=1","jetpack_shortlink":"https:\/\/wp.me\/p8M4X7-2gE","jetpack-related-posts":[{"id":8745,"url":"https:\/\/cepronda.com\/blog\/juegos-y-modelos-para-atreverse-con-la-resolucion-de-problemas-matematicos\/","url_meta":{"origin":8720,"position":0},"title":"\u201cJUEGOS Y MODELOS PARA ATREVERSE CON LA RESOLUCI\u00d3N DE PROBLEMAS MATEM\u00c1TICOS\u201d","author":"Mamen Moreno","date":"2 septiembre, 2025","format":false,"excerpt":"Hasta el pr\u00f3ximo 4 de septiembre est\u00e1 abierto el plazo de inscripci\u00f3n a las jornadas provinciales \u201cJUEGOS Y MODELOS PARA ATREVERSE CON LA RESOLUCI\u00d3N DE PROBLEMAS MATEM\u00c1TICOS\u201d de c\u00f3digo 262923GEJ251.PONENTE: Jos\u00e9 Antonio Fern\u00e1ndez Bravo11, 12 y 13 de septiembreD\u00edas 11 y 12, de 16:30 a 20:30 horasD\u00eda 13, de 9:30\u2026","rel":"","context":"En \u00abFormaciones\u00bb","block_context":{"text":"Formaciones","link":"https:\/\/cepronda.com\/blog\/category\/formaciones\/"},"img":{"alt_text":"","src":"https:\/\/i0.wp.com\/cepronda.com\/blog\/wp-content\/uploads\/2025\/09\/532885658_18381494665132491_8811491178714597138_n.jpg?fit=1080%2C1080&ssl=1&resize=350%2C200","width":350,"height":200,"srcset":"https:\/\/i0.wp.com\/cepronda.com\/blog\/wp-content\/uploads\/2025\/09\/532885658_18381494665132491_8811491178714597138_n.jpg?fit=1080%2C1080&ssl=1&resize=350%2C200 1x, https:\/\/i0.wp.com\/cepronda.com\/blog\/wp-content\/uploads\/2025\/09\/532885658_18381494665132491_8811491178714597138_n.jpg?fit=1080%2C1080&ssl=1&resize=525%2C300 1.5x, https:\/\/i0.wp.com\/cepronda.com\/blog\/wp-content\/uploads\/2025\/09\/532885658_18381494665132491_8811491178714597138_n.jpg?fit=1080%2C1080&ssl=1&resize=700%2C400 2x, https:\/\/i0.wp.com\/cepronda.com\/blog\/wp-content\/uploads\/2025\/09\/532885658_18381494665132491_8811491178714597138_n.jpg?fit=1080%2C1080&ssl=1&resize=1050%2C600 3x"},"classes":[]},{"id":7998,"url":"https:\/\/cepronda.com\/blog\/didactica-de-las-matematicas-en-primaria-resolucion-de-problemas\/","url_meta":{"origin":8720,"position":1},"title":"DID\u00c1CTICA DE LAS MATEM\u00c1TICAS EN PRIMARIA: RESOLUCI\u00d3N DE PROBLEMAS","author":"V\u00edctor Caballero","date":"8 enero, 2025","format":false,"excerpt":"Abierto el plazo de inscripciones en la actividad presencial \"DID\u00c1CTICA DE LAS MATEM\u00c1TICAS EN PRIMARIA: RESOLUCI\u00d3N DE PROBLEMAS.\"\u00a0 con c\u00f3digo 252924GE102 Duraci\u00f3n de la actividad: 9h presenciales Fecha de inscripci\u00f3n:\u00a0 hasta el lunes 20\/01\/2025 Fechas de las sesiones: X29\/01, X05\/02, X12\/02\u00a0 en horario de 16:30-19:30h Profesorado destinatario: Primaria Lugar de\u2026","rel":"","context":"En \u00abFormaciones\u00bb","block_context":{"text":"Formaciones","link":"https:\/\/cepronda.com\/blog\/category\/formaciones\/"},"img":{"alt_text":"","src":"https:\/\/i0.wp.com\/cepronda.com\/blog\/wp-content\/uploads\/2025\/01\/252924GE102-Cartel-curso-matematicas-primaria.png?fit=1080%2C1080&ssl=1&resize=350%2C200","width":350,"height":200,"srcset":"https:\/\/i0.wp.com\/cepronda.com\/blog\/wp-content\/uploads\/2025\/01\/252924GE102-Cartel-curso-matematicas-primaria.png?fit=1080%2C1080&ssl=1&resize=350%2C200 1x, https:\/\/i0.wp.com\/cepronda.com\/blog\/wp-content\/uploads\/2025\/01\/252924GE102-Cartel-curso-matematicas-primaria.png?fit=1080%2C1080&ssl=1&resize=525%2C300 1.5x, https:\/\/i0.wp.com\/cepronda.com\/blog\/wp-content\/uploads\/2025\/01\/252924GE102-Cartel-curso-matematicas-primaria.png?fit=1080%2C1080&ssl=1&resize=700%2C400 2x, https:\/\/i0.wp.com\/cepronda.com\/blog\/wp-content\/uploads\/2025\/01\/252924GE102-Cartel-curso-matematicas-primaria.png?fit=1080%2C1080&ssl=1&resize=1050%2C600 3x"},"classes":[]},{"id":7905,"url":"https:\/\/cepronda.com\/blog\/impulso-del-razonamiento-matematico-en-secundaria-resolucion-de-problemas-y-evaluacion-de-procesos\/","url_meta":{"origin":8720,"position":2},"title":"IMPULSO DEL RAZONAMIENTO MATEM\u00c1TICO EN SECUNDARIA: RESOLUCI\u00d3N DE PROBLEMAS Y EVALUACI\u00d3N DE PROCESOS","author":"Mamen Moreno","date":"4 diciembre, 2024","format":false,"excerpt":"Abierto el plazo de solicitudes para el curso \"IMPULSO DEL RAZONAMIENTO MATEM\u00c1TICO EN SECUNDARIA: RESOLUCI\u00d3N DE PROBLEMAS Y EVALUACI\u00d3N DE PROCESOS\"\u00a0 c\u00f3digo 252924GE050 Ponente: Jos\u00e9 Mar\u00eda V\u00e1zquez De la Torre Prieto Dirigido: Profesorado de Secundaria Inscripciones:\u00a0desde el 4 de noviembre hasta el 10 de enero de 2025 Lugar: Videoconferencias Sesiones\u2026","rel":"","context":"En \u00abFormaciones\u00bb","block_context":{"text":"Formaciones","link":"https:\/\/cepronda.com\/blog\/category\/formaciones\/"},"img":{"alt_text":"","src":"https:\/\/i0.wp.com\/cepronda.com\/blog\/wp-content\/uploads\/2024\/12\/Documento-A4-Portada-Proyecto-Matematicas-Ilustrado-Negro-Post-de-Instagram-1.jpg?fit=1080%2C1080&ssl=1&resize=350%2C200","width":350,"height":200,"srcset":"https:\/\/i0.wp.com\/cepronda.com\/blog\/wp-content\/uploads\/2024\/12\/Documento-A4-Portada-Proyecto-Matematicas-Ilustrado-Negro-Post-de-Instagram-1.jpg?fit=1080%2C1080&ssl=1&resize=350%2C200 1x, https:\/\/i0.wp.com\/cepronda.com\/blog\/wp-content\/uploads\/2024\/12\/Documento-A4-Portada-Proyecto-Matematicas-Ilustrado-Negro-Post-de-Instagram-1.jpg?fit=1080%2C1080&ssl=1&resize=525%2C300 1.5x, https:\/\/i0.wp.com\/cepronda.com\/blog\/wp-content\/uploads\/2024\/12\/Documento-A4-Portada-Proyecto-Matematicas-Ilustrado-Negro-Post-de-Instagram-1.jpg?fit=1080%2C1080&ssl=1&resize=700%2C400 2x, https:\/\/i0.wp.com\/cepronda.com\/blog\/wp-content\/uploads\/2024\/12\/Documento-A4-Portada-Proyecto-Matematicas-Ilustrado-Negro-Post-de-Instagram-1.jpg?fit=1080%2C1080&ssl=1&resize=1050%2C600 3x"},"classes":[]},{"id":7255,"url":"https:\/\/cepronda.com\/blog\/formacion-avanzada-para-orientadores-as-codigo-242922ge045\/","url_meta":{"origin":8720,"position":3},"title":"FORMACI\u00d3N AVANZADA PARA ORIENTADORES\/AS: C\u00f3digo: 242922GE045","author":"Inmaculada Garc\u00eda","date":"4 diciembre, 2023","format":false,"excerpt":"Se encuentra abierto el plazo de inscripci\u00f3n en la actividad provincial a Distancia (AVFP), de 30 horas, \"FORMACI\u00d3N AVANZADA PARA ORIENTADORES\/AS\"(C\u00f3digo: 242922GE045) M\u00e1s informaci\u00f3n e inscripci\u00f3n en: https:\/\/bit.ly\/46uz2G0 Fecha actividad:\u00a015\/01\/2024 hasta 15\/03\/2024 Fecha inscripci\u00f3n:\u00a004\/12\/2023 hasta 15\/12\/2023 Horas totales:\u00a030","rel":"","context":"En \u00abFormaciones\u00bb","block_context":{"text":"Formaciones","link":"https:\/\/cepronda.com\/blog\/category\/formaciones\/"},"img":{"alt_text":"","src":"https:\/\/i0.wp.com\/cepronda.com\/blog\/wp-content\/uploads\/2023\/12\/FORMACION-AVANZADA-PARA-ORIENTADORES242922GE045.jpg?fit=1080%2C1080&ssl=1&resize=350%2C200","width":350,"height":200,"srcset":"https:\/\/i0.wp.com\/cepronda.com\/blog\/wp-content\/uploads\/2023\/12\/FORMACION-AVANZADA-PARA-ORIENTADORES242922GE045.jpg?fit=1080%2C1080&ssl=1&resize=350%2C200 1x, https:\/\/i0.wp.com\/cepronda.com\/blog\/wp-content\/uploads\/2023\/12\/FORMACION-AVANZADA-PARA-ORIENTADORES242922GE045.jpg?fit=1080%2C1080&ssl=1&resize=525%2C300 1.5x, https:\/\/i0.wp.com\/cepronda.com\/blog\/wp-content\/uploads\/2023\/12\/FORMACION-AVANZADA-PARA-ORIENTADORES242922GE045.jpg?fit=1080%2C1080&ssl=1&resize=700%2C400 2x, https:\/\/i0.wp.com\/cepronda.com\/blog\/wp-content\/uploads\/2023\/12\/FORMACION-AVANZADA-PARA-ORIENTADORES242922GE045.jpg?fit=1080%2C1080&ssl=1&resize=1050%2C600 3x"},"classes":[]},{"id":7712,"url":"https:\/\/cepronda.com\/blog\/convocatoria-regional-de-cursos-avfp-curso-2024-25\/","url_meta":{"origin":8720,"position":4},"title":"CONVOCATORIA REGIONAL DE CURSOS AVFP. CURSO 2024\/25.","author":"Inmaculada Garc\u00eda","date":"19 septiembre, 2024","format":false,"excerpt":"\u00a0 \u00a0 CONVOCATORIA REGIONAL DE CURSOS AVFP \u00a0 Os informamos que se encuentra abierto el plazo de inscripci\u00f3n en la convocatoria de cursos regional. La superaci\u00f3n de estos cursos supone la certificaci\u00f3n de diversos niveles de Competencia Digital Docente. - HERRAMIENTAS DIGITALES APLICADAS A LA DOCENCIA EN LA FORMACI\u00d3N PROFESIONAL,\u2026","rel":"","context":"En \u00abFormaciones\u00bb","block_context":{"text":"Formaciones","link":"https:\/\/cepronda.com\/blog\/category\/formaciones\/"},"img":{"alt_text":"","src":"https:\/\/i0.wp.com\/cepronda.com\/blog\/wp-content\/uploads\/2024\/09\/CURSOS.png?fit=1200%2C1200&ssl=1&resize=350%2C200","width":350,"height":200,"srcset":"https:\/\/i0.wp.com\/cepronda.com\/blog\/wp-content\/uploads\/2024\/09\/CURSOS.png?fit=1200%2C1200&ssl=1&resize=350%2C200 1x, https:\/\/i0.wp.com\/cepronda.com\/blog\/wp-content\/uploads\/2024\/09\/CURSOS.png?fit=1200%2C1200&ssl=1&resize=525%2C300 1.5x, https:\/\/i0.wp.com\/cepronda.com\/blog\/wp-content\/uploads\/2024\/09\/CURSOS.png?fit=1200%2C1200&ssl=1&resize=700%2C400 2x, https:\/\/i0.wp.com\/cepronda.com\/blog\/wp-content\/uploads\/2024\/09\/CURSOS.png?fit=1200%2C1200&ssl=1&resize=1050%2C600 3x"},"classes":[]},{"id":5295,"url":"https:\/\/cepronda.com\/blog\/psicomotricidad-y-danza-en-infantil\/","url_meta":{"origin":8720,"position":5},"title":"PSICOMOTRICIDAD Y DANZA EN INFANTIL","author":"Inmaculada Garc\u00eda","date":"11 mayo, 2022","format":false,"excerpt":"Buenos d\u00edas. Os informamos que est\u00e1 abierto el plazo de solicitudes para\u00a0 el curso PSICOMOTRICIDAD Y DANZA EN INFANTIL con c\u00f3digo 222924GE048. En el que trabajaremos contenidos relacionados con: Bailes de canciones psicomotrices y gestuadas. Juegos psicomotrices y de expresi\u00f3n corporal para: conocimiento del espacio y de los compa\u00f1eros y\u2026","rel":"","context":"En \u00abFormaciones\u00bb","block_context":{"text":"Formaciones","link":"https:\/\/cepronda.com\/blog\/category\/formaciones\/"},"img":{"alt_text":"","src":"https:\/\/i0.wp.com\/cepronda.com\/blog\/wp-content\/uploads\/2022\/05\/CEP-DE-RONDA-1-212x300.png?resize=350%2C200","width":350,"height":200},"classes":[]}],"jetpack_sharing_enabled":true,"_links":{"self":[{"href":"https:\/\/cepronda.com\/blog\/wp-json\/wp\/v2\/posts\/8720","targetHints":{"allow":["GET"]}}],"collection":[{"href":"https:\/\/cepronda.com\/blog\/wp-json\/wp\/v2\/posts"}],"about":[{"href":"https:\/\/cepronda.com\/blog\/wp-json\/wp\/v2\/types\/post"}],"author":[{"embeddable":true,"href":"https:\/\/cepronda.com\/blog\/wp-json\/wp\/v2\/users\/13"}],"replies":[{"embeddable":true,"href":"https:\/\/cepronda.com\/blog\/wp-json\/wp\/v2\/comments?post=8720"}],"version-history":[{"count":3,"href":"https:\/\/cepronda.com\/blog\/wp-json\/wp\/v2\/posts\/8720\/revisions"}],"predecessor-version":[{"id":8724,"href":"https:\/\/cepronda.com\/blog\/wp-json\/wp\/v2\/posts\/8720\/revisions\/8724"}],"wp:featuredmedia":[{"embeddable":true,"href":"https:\/\/cepronda.com\/blog\/wp-json\/wp\/v2\/media\/8721"}],"wp:attachment":[{"href":"https:\/\/cepronda.com\/blog\/wp-json\/wp\/v2\/media?parent=8720"}],"wp:term":[{"taxonomy":"category","embeddable":true,"href":"https:\/\/cepronda.com\/blog\/wp-json\/wp\/v2\/categories?post=8720"},{"taxonomy":"post_tag","embeddable":true,"href":"https:\/\/cepronda.com\/blog\/wp-json\/wp\/v2\/tags?post=8720"}],"curies":[{"name":"wp","href":"https:\/\/api.w.org\/{rel}","templated":true}]}}