{"id":8521,"date":"2025-04-28T11:40:13","date_gmt":"2025-04-28T09:40:13","guid":{"rendered":"https:\/\/cepronda.com\/blog\/?p=8521"},"modified":"2025-05-09T11:29:31","modified_gmt":"2025-05-09T09:29:31","slug":"vida-sin-humo-guia-para-la-prevencion-de-las-nuevas-formas-de-fumar-en-el-entorno-educativo","status":"publish","type":"post","link":"https:\/\/cepronda.com\/blog\/vida-sin-humo-guia-para-la-prevencion-de-las-nuevas-formas-de-fumar-en-el-entorno-educativo\/","title":{"rendered":"\u201cVIDA SIN HUMO\u201d. GU\u00cdA PARA LA PREVENCI\u00d3N DE LAS NUEVAS FORMAS DE FUMAR EN EL ENTORNO EDUCATIVO."},"content":{"rendered":"<p>Se convoca a la Direcci\u00f3n del centro, Departamento de Orientaci\u00f3n y profesorado interesado a la SESI\u00d3N INFORMATIVA:<\/p>\n<p>\u201cVIDA SIN HUMO\u201d. GU\u00cdA PARA LA PREVENCI\u00d3N DE LAS NUEVAS FORMAS DE FUMAR EN EL ENTORNO EDUCATIVO, organizada por la Unidad de Gesti\u00f3n de Salud P\u00fablica AGS Serran\u00eda de M\u00e1laga.<br \/>\nHoy en d\u00eda, el panorama del consumo de tabaco ha cambiado mucho, surgiendo nuevas formas de fumar y vapear, plante\u00e1ndose as\u00ed un nuevo reto: desde el \u00e1mbito sanitario, es necesario informar no solo a profesorado y alumnado, sino tambi\u00e9n a las familias y a toda la sociedad, ya que muchos de estos nuevos productos se perciben, err\u00f3neamente, como menos da\u00f1inos o incluso inofensivos.<\/p>\n<p>La sesi\u00f3n formativa tendr\u00e1 lugar el pr\u00f3ximo martes 6 de mayo, de 17:00h a 18:30h, en el sal\u00f3n de actos del CEP de Ronda.<br \/>\nNo es necesaria la inscripci\u00f3n en la actividad. Se ruega dar la mayor difusi\u00f3n posible entre el profesorado de vuestros centros.<br \/>\nOS ESPERAMOS.<\/p>\n<p><img data-recalc-dims=\"1\" loading=\"lazy\" decoding=\"async\" class=\"aligncenter wp-image-8524\" src=\"https:\/\/i0.wp.com\/cepronda.com\/blog\/wp-content\/uploads\/2025\/04\/Copia-de-VIDA-SIN-HUMO-1.jpg?resize=258%2C258&#038;ssl=1\" alt=\"\" width=\"258\" height=\"258\" srcset=\"https:\/\/i0.wp.com\/cepronda.com\/blog\/wp-content\/uploads\/2025\/04\/Copia-de-VIDA-SIN-HUMO-1.jpg?resize=1024%2C1024&amp;ssl=1 1024w, https:\/\/i0.wp.com\/cepronda.com\/blog\/wp-content\/uploads\/2025\/04\/Copia-de-VIDA-SIN-HUMO-1.jpg?resize=300%2C300&amp;ssl=1 300w, https:\/\/i0.wp.com\/cepronda.com\/blog\/wp-content\/uploads\/2025\/04\/Copia-de-VIDA-SIN-HUMO-1.jpg?resize=150%2C150&amp;ssl=1 150w, https:\/\/i0.wp.com\/cepronda.com\/blog\/wp-content\/uploads\/2025\/04\/Copia-de-VIDA-SIN-HUMO-1.jpg?resize=768%2C768&amp;ssl=1 768w, https:\/\/i0.wp.com\/cepronda.com\/blog\/wp-content\/uploads\/2025\/04\/Copia-de-VIDA-SIN-HUMO-1.jpg?resize=50%2C50&amp;ssl=1 50w, https:\/\/i0.wp.com\/cepronda.com\/blog\/wp-content\/uploads\/2025\/04\/Copia-de-VIDA-SIN-HUMO-1.jpg?w=1080&amp;ssl=1 1080w\" sizes=\"auto, (max-width: 258px) 100vw, 258px\" \/><\/p>\n","protected":false},"excerpt":{"rendered":"<p>Se convoca a la Direcci\u00f3n del centro, Departamento de Orientaci\u00f3n y profesorado interesado a la SESI\u00d3N INFORMATIVA: \u201cVIDA SIN HUMO\u201d. GU\u00cdA PARA LA PREVENCI\u00d3N DE LAS NUEVAS FORMAS DE FUMAR EN EL ENTORNO EDUCATIVO, organizada por la Unidad de Gesti\u00f3n de Salud P\u00fablica AGS Serran\u00eda de M\u00e1laga. Hoy en d\u00eda, el panorama del consumo de [&hellip;]<\/p>\n","protected":false},"author":9,"featured_media":8524,"comment_status":"closed","ping_status":"open","sticky":false,"template":"","format":"standard","meta":{"_crdt_document":"","advanced_seo_description":"","jetpack_seo_html_title":"","jetpack_seo_noindex":false,"jetpack_post_was_ever_published":false,"_jetpack_newsletter_access":"","_jetpack_dont_email_post_to_subs":false,"_jetpack_newsletter_tier_id":0,"_jetpack_memberships_contains_paywalled_content":false,"_jetpack_memberships_contains_paid_content":false,"footnotes":"","jetpack_publicize_message":"","jetpack_publicize_feature_enabled":true,"jetpack_social_post_already_shared":false,"jetpack_social_options":{"image_generator_settings":{"template":"highway","default_image_id":0,"font":"","enabled":false},"version":2}},"categories":[5],"tags":[],"class_list":{"0":"post-8521","1":"post","2":"type-post","3":"status-publish","4":"format-standard","5":"has-post-thumbnail","7":"category-noticias","8":"czr-hentry"},"jetpack_publicize_connections":[],"jetpack_featured_media_url":"https:\/\/i0.wp.com\/cepronda.com\/blog\/wp-content\/uploads\/2025\/04\/Copia-de-VIDA-SIN-HUMO-1.jpg?fit=1080%2C1080&ssl=1","jetpack_shortlink":"https:\/\/wp.me\/p8M4X7-2dr","jetpack-related-posts":[{"id":7642,"url":"https:\/\/cepronda.com\/blog\/sesion-formativa-vida-sin-humo-guia-para-la-prevencion-de-las-nuevas-formas-de-fumar-en-el-entorno-educativo\/","url_meta":{"origin":8521,"position":0},"title":"SESI\u00d3N FORMATIVA: \u201cVIDA SIN HUMO\u201d. GU\u00cdA PARA LA PREVENCI\u00d3N DE LAS NUEVAS FORMAS DE FUMAR EN EL ENTORNO EDUCATIVO","author":"Inmaculada Garc\u00eda","date":"22 mayo, 2024","format":false,"excerpt":"Se convoca a la Direcci\u00f3n del centro, Departamento de Orientaci\u00f3n y profesorado interesado a la SESI\u00d3N FORMATIVA: \u201cVIDA SIN HUMO\u201d. GU\u00cdA PARA LA PREVENCI\u00d3N DE LAS NUEVAS FORMAS DE FUMAR EN EL ENTORNO EDUCATIVO, organizada por la Unidad de Gesti\u00f3n de Salud P\u00fablica AGS Serran\u00eda de M\u00e1laga. En la actualidad,\u2026","rel":"","context":"En \u00abNoticias\u00bb","block_context":{"text":"Noticias","link":"https:\/\/cepronda.com\/blog\/category\/noticias\/"},"img":{"alt_text":"","src":"https:\/\/i0.wp.com\/cepronda.com\/blog\/wp-content\/uploads\/2024\/05\/WhatsApp-Image-2024-05-22-at-12.24.08.jpeg?fit=1080%2C1080&ssl=1&resize=350%2C200","width":350,"height":200,"srcset":"https:\/\/i0.wp.com\/cepronda.com\/blog\/wp-content\/uploads\/2024\/05\/WhatsApp-Image-2024-05-22-at-12.24.08.jpeg?fit=1080%2C1080&ssl=1&resize=350%2C200 1x, https:\/\/i0.wp.com\/cepronda.com\/blog\/wp-content\/uploads\/2024\/05\/WhatsApp-Image-2024-05-22-at-12.24.08.jpeg?fit=1080%2C1080&ssl=1&resize=525%2C300 1.5x, https:\/\/i0.wp.com\/cepronda.com\/blog\/wp-content\/uploads\/2024\/05\/WhatsApp-Image-2024-05-22-at-12.24.08.jpeg?fit=1080%2C1080&ssl=1&resize=700%2C400 2x, https:\/\/i0.wp.com\/cepronda.com\/blog\/wp-content\/uploads\/2024\/05\/WhatsApp-Image-2024-05-22-at-12.24.08.jpeg?fit=1080%2C1080&ssl=1&resize=1050%2C600 3x"},"classes":[]},{"id":5272,"url":"https:\/\/cepronda.com\/blog\/xxxii-edicion-del-concurso-para-el-fomento-de-la-investigacion-e-innovacion-educativa-joaquin-guichot-y-antonio-dominguez-ortiz\/","url_meta":{"origin":8521,"position":1},"title":"XXXII edici\u00f3n del concurso para el fomento de la investigaci\u00f3n e innovaci\u00f3n educativa \u00abJoaqu\u00edn Guichot\u00bb Y \u00abAntonio Dom\u00ednguez Ortiz\u00bb","author":"Inmaculada Garc\u00eda","date":"5 mayo, 2022","format":false,"excerpt":"Convocados los premios \u00abJoaqu\u00edn Guichot\u00bb y \u00abAntonio Dom\u00ednguez Ortiz\u00bb. Resoluci\u00f3n de 1 de abril de 2022, de la Direcci\u00f3n General de Formaci\u00f3n del Profesorado e Innovaci\u00f3n Educativa, por la que se convoca la XXXII edici\u00f3n del concurso para el fomento de la investigaci\u00f3n e innovaci\u00f3n educativa en sus dos modalidades,\u2026","rel":"","context":"En \u00abNoticias\u00bb","block_context":{"text":"Noticias","link":"https:\/\/cepronda.com\/blog\/category\/noticias\/"},"img":{"alt_text":"","src":"https:\/\/i0.wp.com\/cepronda.com\/blog\/wp-content\/uploads\/2022\/05\/ESTANCIAS-FORMATIVAS-EN-EMPRESAS-PARA-EL-PROFESORADO-DE-FORMACION-PROFESIONAL.png?fit=1080%2C1080&ssl=1&resize=350%2C200","width":350,"height":200,"srcset":"https:\/\/i0.wp.com\/cepronda.com\/blog\/wp-content\/uploads\/2022\/05\/ESTANCIAS-FORMATIVAS-EN-EMPRESAS-PARA-EL-PROFESORADO-DE-FORMACION-PROFESIONAL.png?fit=1080%2C1080&ssl=1&resize=350%2C200 1x, https:\/\/i0.wp.com\/cepronda.com\/blog\/wp-content\/uploads\/2022\/05\/ESTANCIAS-FORMATIVAS-EN-EMPRESAS-PARA-EL-PROFESORADO-DE-FORMACION-PROFESIONAL.png?fit=1080%2C1080&ssl=1&resize=525%2C300 1.5x, https:\/\/i0.wp.com\/cepronda.com\/blog\/wp-content\/uploads\/2022\/05\/ESTANCIAS-FORMATIVAS-EN-EMPRESAS-PARA-EL-PROFESORADO-DE-FORMACION-PROFESIONAL.png?fit=1080%2C1080&ssl=1&resize=700%2C400 2x, https:\/\/i0.wp.com\/cepronda.com\/blog\/wp-content\/uploads\/2022\/05\/ESTANCIAS-FORMATIVAS-EN-EMPRESAS-PARA-EL-PROFESORADO-DE-FORMACION-PROFESIONAL.png?fit=1080%2C1080&ssl=1&resize=1050%2C600 3x"},"classes":[]},{"id":5785,"url":"https:\/\/cepronda.com\/blog\/curso-para-profesorado-de-area-no-linguistica-en-ingles\/","url_meta":{"origin":8521,"position":2},"title":"CURSO PARA PROFESORADO DE \u00c1REA NO LING\u00dc\u00cdSTICA EN INGL\u00c9S","author":"Mamen Moreno","date":"15 febrero, 2023","format":false,"excerpt":"Abierto plazo de solicitudes para actividad regional a distancia: https:\/\/www.juntadeandalucia.es\/educacion\/secretariavirtual\/consultaCEP\/actividad\/23K9926AV156\/ Dirigido a profesorado de primaria y de secundaria. Inicio del plazo de solicitudes: del 15\/02\/2023 al 06\/03\/2023 Listado definitivos del curso: 10\/03\/2023 Fechas para realizaci\u00f3n de la actividad: del 13\/03\/2023 al 24\/04\/2023 Rogamos difusi\u00f3n al profesorado de ANL del centro\u2026","rel":"","context":"En \u00abFormaciones\u00bb","block_context":{"text":"Formaciones","link":"https:\/\/cepronda.com\/blog\/category\/formaciones\/"},"img":{"alt_text":"","src":"https:\/\/i0.wp.com\/cepronda.com\/blog\/wp-content\/uploads\/2023\/02\/WhatsApp-Image-2023-02-15-at-11.15.43-1.jpeg?fit=1080%2C1080&ssl=1&resize=350%2C200","width":350,"height":200,"srcset":"https:\/\/i0.wp.com\/cepronda.com\/blog\/wp-content\/uploads\/2023\/02\/WhatsApp-Image-2023-02-15-at-11.15.43-1.jpeg?fit=1080%2C1080&ssl=1&resize=350%2C200 1x, https:\/\/i0.wp.com\/cepronda.com\/blog\/wp-content\/uploads\/2023\/02\/WhatsApp-Image-2023-02-15-at-11.15.43-1.jpeg?fit=1080%2C1080&ssl=1&resize=525%2C300 1.5x, https:\/\/i0.wp.com\/cepronda.com\/blog\/wp-content\/uploads\/2023\/02\/WhatsApp-Image-2023-02-15-at-11.15.43-1.jpeg?fit=1080%2C1080&ssl=1&resize=700%2C400 2x, https:\/\/i0.wp.com\/cepronda.com\/blog\/wp-content\/uploads\/2023\/02\/WhatsApp-Image-2023-02-15-at-11.15.43-1.jpeg?fit=1080%2C1080&ssl=1&resize=1050%2C600 3x"},"classes":[]},{"id":5782,"url":"https:\/\/cepronda.com\/blog\/curso-para-profesorado-de-area-no-linguistica-en-frances\/","url_meta":{"origin":8521,"position":3},"title":"CURSO PARA PROFESORADO DE \u00c1REA NO LING\u00dc\u00cdSTICA EN FRANC\u00c9S","author":"Mamen Moreno","date":"15 febrero, 2023","format":false,"excerpt":"Abierto plazo de solicitudes para actividad regional a distancia: https:\/\/www.juntadeandalucia.es\/educacion\/secretariavirtual\/consultaCEP\/actividad\/23K9926AV155\/ Dirigido a profesorado de primaria y de secundaria. Inicio del plazo de solicitudes: del 15\/02\/2023 al 06\/03\/2023 Listado definitivos del curso: 10\/03\/2023 Fechas para realizaci\u00f3n de la actividad: del 13\/03\/2023 al 24\/04\/2023 Rogamos difusi\u00f3n al profesorado de ANL del centro\u2026","rel":"","context":"En \u00abFormaciones\u00bb","block_context":{"text":"Formaciones","link":"https:\/\/cepronda.com\/blog\/category\/formaciones\/"},"img":{"alt_text":"","src":"https:\/\/i0.wp.com\/cepronda.com\/blog\/wp-content\/uploads\/2023\/02\/WhatsApp-Image-2023-02-15-at-11.15.43.jpeg?fit=1080%2C1080&ssl=1&resize=350%2C200","width":350,"height":200,"srcset":"https:\/\/i0.wp.com\/cepronda.com\/blog\/wp-content\/uploads\/2023\/02\/WhatsApp-Image-2023-02-15-at-11.15.43.jpeg?fit=1080%2C1080&ssl=1&resize=350%2C200 1x, https:\/\/i0.wp.com\/cepronda.com\/blog\/wp-content\/uploads\/2023\/02\/WhatsApp-Image-2023-02-15-at-11.15.43.jpeg?fit=1080%2C1080&ssl=1&resize=525%2C300 1.5x, https:\/\/i0.wp.com\/cepronda.com\/blog\/wp-content\/uploads\/2023\/02\/WhatsApp-Image-2023-02-15-at-11.15.43.jpeg?fit=1080%2C1080&ssl=1&resize=700%2C400 2x, https:\/\/i0.wp.com\/cepronda.com\/blog\/wp-content\/uploads\/2023\/02\/WhatsApp-Image-2023-02-15-at-11.15.43.jpeg?fit=1080%2C1080&ssl=1&resize=1050%2C600 3x"},"classes":[]},{"id":5706,"url":"https:\/\/cepronda.com\/blog\/plan-de-autoproteccion-de-los-centros-y-modulo-de-prevencion-de-riesgos-laborales-en-seneca-taller-practico-para-las-coordinaciones-del-plan-de-seguridad-y-salud-laboral-232922ge104\/","url_meta":{"origin":8521,"position":4},"title":"PLAN DE AUTOPROTECCI\u00d3N DE LOS CENTROS Y M\u00d3DULO DE PREVENCI\u00d3N DE RIESGOS LABORALES EN S\u00c9NECA: TALLER PR\u00c1CTICO PARA LAS COORDINACIONES DEL PLAN DE SEGURIDAD Y SALUD LABORAL (232922GE104)","author":"Inmaculada Garc\u00eda","date":"18 enero, 2023","format":false,"excerpt":"Estimado\/a compa\u00f1ero\/a, Te informo que se encuentra abierta la inscripci\u00f3n al curso provincial, organizado por el CEP de M\u00e1laga: PLAN DE AUTOPROTECCI\u00d3N DE LOS CENTROS Y M\u00d3DULO DE PREVENCI\u00d3N DE RIESGOS LABORALES EN S\u00c9NECA: TALLER PR\u00c1CTICO PARA LAS COORDINACIONES DEL PLAN DE SEGURIDAD Y SALUD LABORAL C\u00f3digo: 232922GE104 Inscripciones: desde\u2026","rel":"","context":"En \u00abFormaciones\u00bb","block_context":{"text":"Formaciones","link":"https:\/\/cepronda.com\/blog\/category\/formaciones\/"},"img":{"alt_text":"","src":"https:\/\/i0.wp.com\/cepronda.com\/blog\/wp-content\/uploads\/2023\/01\/WhatsApp-Image-2023-01-18-at-13.32.01.jpeg?fit=1080%2C1080&ssl=1&resize=350%2C200","width":350,"height":200,"srcset":"https:\/\/i0.wp.com\/cepronda.com\/blog\/wp-content\/uploads\/2023\/01\/WhatsApp-Image-2023-01-18-at-13.32.01.jpeg?fit=1080%2C1080&ssl=1&resize=350%2C200 1x, https:\/\/i0.wp.com\/cepronda.com\/blog\/wp-content\/uploads\/2023\/01\/WhatsApp-Image-2023-01-18-at-13.32.01.jpeg?fit=1080%2C1080&ssl=1&resize=525%2C300 1.5x, https:\/\/i0.wp.com\/cepronda.com\/blog\/wp-content\/uploads\/2023\/01\/WhatsApp-Image-2023-01-18-at-13.32.01.jpeg?fit=1080%2C1080&ssl=1&resize=700%2C400 2x, https:\/\/i0.wp.com\/cepronda.com\/blog\/wp-content\/uploads\/2023\/01\/WhatsApp-Image-2023-01-18-at-13.32.01.jpeg?fit=1080%2C1080&ssl=1&resize=1050%2C600 3x"},"classes":[]},{"id":9106,"url":"https:\/\/cepronda.com\/blog\/mediacion-escolar-un-recurso-en-el-entorno-educativo\/","url_meta":{"origin":8521,"position":5},"title":"MEDIACI\u00d3N ESCOLAR. UN RECURSO EN EL ENTORNO EDUCATIVO","author":"Maribel Mu\u00f1oz","date":"5 diciembre, 2025","format":false,"excerpt":"Se encuentra abierto el plazo de inscripci\u00f3n en el curso provincial, \"MEDIACI\u00d3N ESCOLAR. UN RECURSO EN EL ENTORNO EDUCATIVO\", con c\u00f3digo: 262924GE174. Inscripciones: del 5 de diciembre al 8 de enero. Inicio del curso: 13 de enero de 2026. Fin del curso de formaci\u00f3n: 12 de febrero de 2026. Lugar:\u2026","rel":"","context":"En \u00abFormaciones\u00bb","block_context":{"text":"Formaciones","link":"https:\/\/cepronda.com\/blog\/category\/formaciones\/"},"img":{"alt_text":"","src":"https:\/\/i0.wp.com\/cepronda.com\/blog\/wp-content\/uploads\/2025\/12\/MEDIACION-262924GE174-1.png?fit=1080%2C1080&ssl=1&resize=350%2C200","width":350,"height":200,"srcset":"https:\/\/i0.wp.com\/cepronda.com\/blog\/wp-content\/uploads\/2025\/12\/MEDIACION-262924GE174-1.png?fit=1080%2C1080&ssl=1&resize=350%2C200 1x, https:\/\/i0.wp.com\/cepronda.com\/blog\/wp-content\/uploads\/2025\/12\/MEDIACION-262924GE174-1.png?fit=1080%2C1080&ssl=1&resize=525%2C300 1.5x, https:\/\/i0.wp.com\/cepronda.com\/blog\/wp-content\/uploads\/2025\/12\/MEDIACION-262924GE174-1.png?fit=1080%2C1080&ssl=1&resize=700%2C400 2x, https:\/\/i0.wp.com\/cepronda.com\/blog\/wp-content\/uploads\/2025\/12\/MEDIACION-262924GE174-1.png?fit=1080%2C1080&ssl=1&resize=1050%2C600 3x"},"classes":[]}],"jetpack_sharing_enabled":true,"_links":{"self":[{"href":"https:\/\/cepronda.com\/blog\/wp-json\/wp\/v2\/posts\/8521","targetHints":{"allow":["GET"]}}],"collection":[{"href":"https:\/\/cepronda.com\/blog\/wp-json\/wp\/v2\/posts"}],"about":[{"href":"https:\/\/cepronda.com\/blog\/wp-json\/wp\/v2\/types\/post"}],"author":[{"embeddable":true,"href":"https:\/\/cepronda.com\/blog\/wp-json\/wp\/v2\/users\/9"}],"replies":[{"embeddable":true,"href":"https:\/\/cepronda.com\/blog\/wp-json\/wp\/v2\/comments?post=8521"}],"version-history":[{"count":3,"href":"https:\/\/cepronda.com\/blog\/wp-json\/wp\/v2\/posts\/8521\/revisions"}],"predecessor-version":[{"id":8526,"href":"https:\/\/cepronda.com\/blog\/wp-json\/wp\/v2\/posts\/8521\/revisions\/8526"}],"wp:featuredmedia":[{"embeddable":true,"href":"https:\/\/cepronda.com\/blog\/wp-json\/wp\/v2\/media\/8524"}],"wp:attachment":[{"href":"https:\/\/cepronda.com\/blog\/wp-json\/wp\/v2\/media?parent=8521"}],"wp:term":[{"taxonomy":"category","embeddable":true,"href":"https:\/\/cepronda.com\/blog\/wp-json\/wp\/v2\/categories?post=8521"},{"taxonomy":"post_tag","embeddable":true,"href":"https:\/\/cepronda.com\/blog\/wp-json\/wp\/v2\/tags?post=8521"}],"curies":[{"name":"wp","href":"https:\/\/api.w.org\/{rel}","templated":true}]}}