{"id":8464,"date":"2025-04-23T13:54:13","date_gmt":"2025-04-23T11:54:13","guid":{"rendered":"https:\/\/cepronda.com\/blog\/?p=8464"},"modified":"2025-04-23T13:54:13","modified_gmt":"2025-04-23T11:54:13","slug":"iniciacion-al-uso-de-la-inteligencia-artificial-generativa-centrada-en-la-educacion","status":"publish","type":"post","link":"https:\/\/cepronda.com\/blog\/iniciacion-al-uso-de-la-inteligencia-artificial-generativa-centrada-en-la-educacion\/","title":{"rendered":"INICIACI\u00d3N AL USO DE LA INTELIGENCIA ARTIFICIAL GENERATIVA CENTRADA EN LA EDUCACI\u00d3N."},"content":{"rendered":"<div class=\"\" data-block=\"true\" data-editor=\"c7pak\" data-offset-key=\"2k55s-0-0\">\n<div class=\"_1mf _1mj\" data-offset-key=\"2k55s-0-0\"><span data-offset-key=\"2k55s-0-0\">Abierto el plazo de inscripci\u00f3n para la actividad a distancia \u00bb INICIACI\u00d3N AL USO DE LA INTELIGENCIA ARTIFICIAL GENERATIVA CENTRADA EN LA EDUCACI\u00d3N\u201d. C\u00f3digo: 259926WPF485.<\/span><\/div>\n<div data-offset-key=\"2k55s-0-0\">Curso con reconocimiento de 40 horas de formaci\u00f3n, a desarrollar en el Aula Virtual de Formaci\u00f3n del Profesorado.<\/div>\n<div data-offset-key=\"2k55s-0-0\"><\/div>\n<\/div>\n<div class=\"\" data-block=\"true\" data-editor=\"c7pak\" data-offset-key=\"81a5h-0-0\">\n<div class=\"_1mf _1mj\" data-offset-key=\"81a5h-0-0\"><span data-offset-key=\"81a5h-0-0\">Plazo de inscripci\u00f3n: 23\/04\/2025 hasta 05\/05\/2025<\/span><\/div>\n<div data-offset-key=\"81a5h-0-0\"><\/div>\n<\/div>\n<div class=\"\" data-block=\"true\" data-editor=\"c7pak\" data-offset-key=\"bmisa-0-0\">\n<div class=\"_1mf _1mj\" data-offset-key=\"bmisa-0-0\"><span data-offset-key=\"bmisa-0-0\">Fecha de la actividad: 07\/05\/2025 hasta 20\/06\/2025<\/span><\/div>\n<\/div>\n<div class=\"\" data-block=\"true\" data-editor=\"c7pak\" data-offset-key=\"d8q48-0-0\">\n<div class=\"_1mf _1mj\" data-offset-key=\"d8q48-0-0\"><span data-offset-key=\"d8q48-0-0\">Detalles e inscripci\u00f3n:<\/span><\/div>\n<\/div>\n<div class=\"\" data-block=\"true\" data-editor=\"c7pak\" data-offset-key=\"f1fgi-0-0\">\n<div class=\"_1mf _1mj\" data-offset-key=\"f1fgi-0-0\"><a href=\"https:\/\/www.juntadeandalucia.es\/educacion\/secretariavirtual\/consultaCEP\/actividad\/259926WPF485\/\"><span data-offset-key=\"f1fgi-0-0\">https:\/\/www.juntadeandalucia.es\/educacion\/secretariavirtual\/consultaCEP\/actividad\/259926WPF485\/<\/span><\/a><\/div>\n<\/div>\n<p><a href=\"https:\/\/www.juntadeandalucia.es\/educacion\/secretariavirtual\/consultaCEP\/actividad\/259926WPF485\/\"><img data-recalc-dims=\"1\" loading=\"lazy\" decoding=\"async\" class=\"aligncenter  wp-image-8465\" src=\"https:\/\/i0.wp.com\/cepronda.com\/blog\/wp-content\/uploads\/2025\/04\/ia-generativa.jpg?resize=267%2C334&#038;ssl=1\" alt=\"\" width=\"267\" height=\"334\" srcset=\"https:\/\/i0.wp.com\/cepronda.com\/blog\/wp-content\/uploads\/2025\/04\/ia-generativa.jpg?resize=819%2C1024&amp;ssl=1 819w, https:\/\/i0.wp.com\/cepronda.com\/blog\/wp-content\/uploads\/2025\/04\/ia-generativa.jpg?resize=240%2C300&amp;ssl=1 240w, https:\/\/i0.wp.com\/cepronda.com\/blog\/wp-content\/uploads\/2025\/04\/ia-generativa.jpg?resize=768%2C960&amp;ssl=1 768w, https:\/\/i0.wp.com\/cepronda.com\/blog\/wp-content\/uploads\/2025\/04\/ia-generativa.jpg?w=1080&amp;ssl=1 1080w\" sizes=\"auto, (max-width: 267px) 100vw, 267px\" \/><\/a><\/p>\n","protected":false},"excerpt":{"rendered":"<p>Abierto el plazo de inscripci\u00f3n para la actividad a distancia \u00bb INICIACI\u00d3N AL USO DE LA INTELIGENCIA ARTIFICIAL GENERATIVA CENTRADA EN LA EDUCACI\u00d3N\u201d. C\u00f3digo: 259926WPF485. Curso con reconocimiento de 40 horas de formaci\u00f3n, a desarrollar en el Aula Virtual de Formaci\u00f3n del Profesorado. Plazo de inscripci\u00f3n: 23\/04\/2025 hasta 05\/05\/2025 Fecha de la actividad: 07\/05\/2025 hasta [&hellip;]<\/p>\n","protected":false},"author":9,"featured_media":8465,"comment_status":"closed","ping_status":"open","sticky":false,"template":"","format":"standard","meta":{"_crdt_document":"","advanced_seo_description":"","jetpack_seo_html_title":"","jetpack_seo_noindex":false,"jetpack_post_was_ever_published":false,"_jetpack_newsletter_access":"","_jetpack_dont_email_post_to_subs":false,"_jetpack_newsletter_tier_id":0,"_jetpack_memberships_contains_paywalled_content":false,"_jetpack_memberships_contains_paid_content":false,"footnotes":"","jetpack_publicize_message":"","jetpack_publicize_feature_enabled":true,"jetpack_social_post_already_shared":false,"jetpack_social_options":{"image_generator_settings":{"template":"highway","default_image_id":0,"font":"","enabled":false},"version":2}},"categories":[3,5],"tags":[],"class_list":{"0":"post-8464","1":"post","2":"type-post","3":"status-publish","4":"format-standard","5":"has-post-thumbnail","7":"category-formaciones","8":"category-noticias","9":"czr-hentry"},"jetpack_publicize_connections":[],"jetpack_featured_media_url":"https:\/\/i0.wp.com\/cepronda.com\/blog\/wp-content\/uploads\/2025\/04\/ia-generativa.jpg?fit=1080%2C1350&ssl=1","jetpack_shortlink":"https:\/\/wp.me\/p8M4X7-2cw","jetpack-related-posts":[{"id":8251,"url":"https:\/\/cepronda.com\/blog\/iniciacion-al-uso-de-la-inteligencia-artificial-generativa-centrada-en-la-educacion-codigo-259924kpf485\/","url_meta":{"origin":8464,"position":0},"title":"\u00abINICIACI\u00d3N AL USO DE LA INTELIGENCIA ARTIFICIAL GENERATIVA CENTRADA EN LA EDUCACI\u00d3N\u00bb, c\u00f3digo: 259924KPF485.","author":"Inmaculada Garc\u00eda","date":"30 septiembre, 2024","format":false,"excerpt":"Se encuentra abierto el plazo de inscripci\u00f3n del curso provincial: INICIACI\u00d3N AL USO DE LA INTELIGENCIA ARTIFICIAL GENERATIVA CENTRADA EN LA EDUCACI\u00d3N, c\u00f3digo: 259924KPF485. Curso a distancia con certificaci\u00f3n de 40 horas de formaci\u00f3n y v\u00e1lido para la acreditaci\u00f3n del nivel A1 de CDD. A desarrollar en el Aula Virtual\u2026","rel":"","context":"En \u00abNoticias\u00bb","block_context":{"text":"Noticias","link":"https:\/\/cepronda.com\/blog\/category\/noticias\/"},"img":{"alt_text":"","src":"https:\/\/i0.wp.com\/cepronda.com\/blog\/wp-content\/uploads\/2025\/03\/Anadir-un-subtitulo-819x1024.jpg?resize=350%2C200&ssl=1","width":350,"height":200},"classes":[]},{"id":7952,"url":"https:\/\/cepronda.com\/blog\/iniciacion-al-uso-de-la-inteligencia-artificial-generativa-centrada-en-la-educacion-codigo-259925qpf485\/","url_meta":{"origin":8464,"position":1},"title":"\u00abINICIACI\u00d3N AL USO DE LA INTELIGENCIA ARTIFICIAL GENERATIVA CENTRADA EN LA EDUCACI\u00d3N\u00bb, c\u00f3digo: 259925QPF485.","author":"Inmaculada Garc\u00eda","date":"18 diciembre, 2024","format":false,"excerpt":"Se encuentra abierto el plazo de inscripci\u00f3n del curso provincial: INICIACI\u00d3N AL USO DE LA INTELIGENCIA ARTIFICIAL GENERATIVA CENTRADA EN LA EDUCACI\u00d3N, c\u00f3digo: 259925QPF485. \u270f\ufe0fInscripciones: del 17\/12\/2024 al 13\/01\/2025 \u270f\ufe0fFechas de realizaci\u00f3n: del 20 de enero al 24 de marzo de 2025. M\u00e1s informaci\u00f3n e inscripci\u00f3n en el siguiente enlace:\u2026","rel":"","context":"En \u00abFormaciones\u00bb","block_context":{"text":"Formaciones","link":"https:\/\/cepronda.com\/blog\/category\/formaciones\/"},"img":{"alt_text":"","src":"https:\/\/i0.wp.com\/cepronda.com\/blog\/wp-content\/uploads\/2024\/12\/IMG_20241217_103413_811.jpg?fit=960%2C1200&ssl=1&resize=350%2C200","width":350,"height":200,"srcset":"https:\/\/i0.wp.com\/cepronda.com\/blog\/wp-content\/uploads\/2024\/12\/IMG_20241217_103413_811.jpg?fit=960%2C1200&ssl=1&resize=350%2C200 1x, https:\/\/i0.wp.com\/cepronda.com\/blog\/wp-content\/uploads\/2024\/12\/IMG_20241217_103413_811.jpg?fit=960%2C1200&ssl=1&resize=525%2C300 1.5x, https:\/\/i0.wp.com\/cepronda.com\/blog\/wp-content\/uploads\/2024\/12\/IMG_20241217_103413_811.jpg?fit=960%2C1200&ssl=1&resize=700%2C400 2x"},"classes":[]},{"id":4819,"url":"https:\/\/cepronda.com\/blog\/uso-de-la-plataforma-moodle-centros-iniciacion\/","url_meta":{"origin":8464,"position":2},"title":"USO DE LA PLATAFORMA MOODLE CENTROS (INICIACI\u00d3N)","author":"Inmaculada Garc\u00eda","date":"25 octubre, 2021","format":false,"excerpt":"Buenas d\u00edas, compa\u00f1eras y compa\u00f1eros. Os informamos que est\u00e1 abierto el plazo de inscripci\u00f3n en la actividad\u00a0 \u00abUSO DE LA PLATAFORMA MOODLE CENTROS (INICIACI\u00d3N)\u00bb con c\u00f3digo 222924GE041. Es una actividad del \u00e1mbito CEP de Ronda.\u00a0 Se desarrollar\u00e1 en el Aula Virtual de Formaci\u00f3n del Profesorado. Las fechas de la formaci\u00f3n\u2026","rel":"","context":"En \u00abFormaciones\u00bb","block_context":{"text":"Formaciones","link":"https:\/\/cepronda.com\/blog\/category\/formaciones\/"},"img":{"alt_text":"","src":"","width":0,"height":0},"classes":[]},{"id":8356,"url":"https:\/\/cepronda.com\/blog\/iniciacion-al-pensamiento-computacional-con-python\/","url_meta":{"origin":8464,"position":3},"title":"INICIACI\u00d3N AL PENSAMIENTO COMPUTACIONAL CON PYTHON","author":"Inmaculada Garc\u00eda","date":"13 marzo, 2025","format":false,"excerpt":"Abierto el plazo de inscripci\u00f3n en la actividad regional \"INICIACI\u00d3N AL PENSAMIENTO COMPUTACIONAL CON PYTHON\", con c\u00f3digo 251812GE102. \u00a0 Inscripciones: desde el 05\/03\/2025 hasta el 21\/03\/2025 Modalidad: Curso a Distancia. Horas no presenciales totales: 50 N\u00ba de plazas: 120 Dirigido a: Internivelar \u00a0 Enlace a la inscripci\u00f3n: https:\/\/www.juntadeandalucia.es\/educacion\/secretariavirtual\/consultaCEP\/actividad\/251812GE102\/ \u00a0 Para\u2026","rel":"","context":"En \u00abFormaciones\u00bb","block_context":{"text":"Formaciones","link":"https:\/\/cepronda.com\/blog\/category\/formaciones\/"},"img":{"alt_text":"","src":"https:\/\/i0.wp.com\/cepronda.com\/blog\/wp-content\/uploads\/2025\/03\/251812GE102-PYTHON_INICIAL-1.jpg?fit=1080%2C1080&ssl=1&resize=350%2C200","width":350,"height":200,"srcset":"https:\/\/i0.wp.com\/cepronda.com\/blog\/wp-content\/uploads\/2025\/03\/251812GE102-PYTHON_INICIAL-1.jpg?fit=1080%2C1080&ssl=1&resize=350%2C200 1x, https:\/\/i0.wp.com\/cepronda.com\/blog\/wp-content\/uploads\/2025\/03\/251812GE102-PYTHON_INICIAL-1.jpg?fit=1080%2C1080&ssl=1&resize=525%2C300 1.5x, https:\/\/i0.wp.com\/cepronda.com\/blog\/wp-content\/uploads\/2025\/03\/251812GE102-PYTHON_INICIAL-1.jpg?fit=1080%2C1080&ssl=1&resize=700%2C400 2x, https:\/\/i0.wp.com\/cepronda.com\/blog\/wp-content\/uploads\/2025\/03\/251812GE102-PYTHON_INICIAL-1.jpg?fit=1080%2C1080&ssl=1&resize=1050%2C600 3x"},"classes":[]},{"id":7288,"url":"https:\/\/cepronda.com\/blog\/inteligencia-artificial-para-docentes\/","url_meta":{"origin":8464,"position":4},"title":"INTELIGENCIA ARTIFICIAL PARA DOCENTES","author":"V\u00edctor Caballero","date":"22 diciembre, 2023","format":false,"excerpt":"Se encuentra abierto el plazo de inscripci\u00f3n para la formaci\u00f3n \u201cINTELIGENCIA ARTIFICIAL PARA DOCENTES.\" C\u00d3DIGO 242924GE013. Ponente:\u00a0 Vanesa Moreno Duraci\u00f3n de la actividad 10 horas presenciales + 2 horas de tareas. Fecha actividad: J11\/01\/2024 (16:30h a 19:00h) CEP de Ronda J18\/01\/2024 (16:30h a 19:00h) CEP de Ronda J25\/01\/2024 (16:30h a\u2026","rel":"","context":"En \u00abFormaciones\u00bb","block_context":{"text":"Formaciones","link":"https:\/\/cepronda.com\/blog\/category\/formaciones\/"},"img":{"alt_text":"","src":"https:\/\/i0.wp.com\/cepronda.com\/blog\/wp-content\/uploads\/2023\/12\/242924GE013-Cartel-Inteligencia-artificial.png?fit=1080%2C1080&ssl=1&resize=350%2C200","width":350,"height":200,"srcset":"https:\/\/i0.wp.com\/cepronda.com\/blog\/wp-content\/uploads\/2023\/12\/242924GE013-Cartel-Inteligencia-artificial.png?fit=1080%2C1080&ssl=1&resize=350%2C200 1x, https:\/\/i0.wp.com\/cepronda.com\/blog\/wp-content\/uploads\/2023\/12\/242924GE013-Cartel-Inteligencia-artificial.png?fit=1080%2C1080&ssl=1&resize=525%2C300 1.5x, https:\/\/i0.wp.com\/cepronda.com\/blog\/wp-content\/uploads\/2023\/12\/242924GE013-Cartel-Inteligencia-artificial.png?fit=1080%2C1080&ssl=1&resize=700%2C400 2x, https:\/\/i0.wp.com\/cepronda.com\/blog\/wp-content\/uploads\/2023\/12\/242924GE013-Cartel-Inteligencia-artificial.png?fit=1080%2C1080&ssl=1&resize=1050%2C600 3x"},"classes":[]},{"id":4009,"url":"https:\/\/cepronda.com\/blog\/moodle-centros-iniciacion\/","url_meta":{"origin":8464,"position":5},"title":"MOODLE CENTROS. INICIACI\u00d3N","author":"Maribel Mu\u00f1oz","date":"26 noviembre, 2020","format":false,"excerpt":"Buenos d\u00edas compa\u00f1eras y compa\u00f1eros, Os informamos que est\u00e1 abierto el plazo de inscripci\u00f3n de la formaci\u00f3n USO DE LA PLATAFORMA MOODLE CENTROS (INICIACI\u00d3N) internivelar\u00a0 y provincial, que comenzar\u00e1 a desarrollarse el pr\u00f3ximo\u00a0 11\/01\/2021.\u00a0 ENLACE DIRECTO A LA FICHA EN S\u00c9NECA PARA INSCRIBIRSE https:\/\/www.juntadeandalucia.es\/educacion\/secretariavirtual\/consultaCEP\/actividad\/212923QPF147\/ Te rogamos que en el caso\u2026","rel":"","context":"En \u00abFormaciones\u00bb","block_context":{"text":"Formaciones","link":"https:\/\/cepronda.com\/blog\/category\/formaciones\/"},"img":{"alt_text":"","src":"https:\/\/i0.wp.com\/cepronda.com\/blog\/wp-content\/uploads\/2020\/11\/moodle-centros-300x122.png?resize=350%2C200","width":350,"height":200},"classes":[]}],"jetpack_sharing_enabled":true,"_links":{"self":[{"href":"https:\/\/cepronda.com\/blog\/wp-json\/wp\/v2\/posts\/8464","targetHints":{"allow":["GET"]}}],"collection":[{"href":"https:\/\/cepronda.com\/blog\/wp-json\/wp\/v2\/posts"}],"about":[{"href":"https:\/\/cepronda.com\/blog\/wp-json\/wp\/v2\/types\/post"}],"author":[{"embeddable":true,"href":"https:\/\/cepronda.com\/blog\/wp-json\/wp\/v2\/users\/9"}],"replies":[{"embeddable":true,"href":"https:\/\/cepronda.com\/blog\/wp-json\/wp\/v2\/comments?post=8464"}],"version-history":[{"count":1,"href":"https:\/\/cepronda.com\/blog\/wp-json\/wp\/v2\/posts\/8464\/revisions"}],"predecessor-version":[{"id":8466,"href":"https:\/\/cepronda.com\/blog\/wp-json\/wp\/v2\/posts\/8464\/revisions\/8466"}],"wp:featuredmedia":[{"embeddable":true,"href":"https:\/\/cepronda.com\/blog\/wp-json\/wp\/v2\/media\/8465"}],"wp:attachment":[{"href":"https:\/\/cepronda.com\/blog\/wp-json\/wp\/v2\/media?parent=8464"}],"wp:term":[{"taxonomy":"category","embeddable":true,"href":"https:\/\/cepronda.com\/blog\/wp-json\/wp\/v2\/categories?post=8464"},{"taxonomy":"post_tag","embeddable":true,"href":"https:\/\/cepronda.com\/blog\/wp-json\/wp\/v2\/tags?post=8464"}],"curies":[{"name":"wp","href":"https:\/\/api.w.org\/{rel}","templated":true}]}}