{"id":8458,"date":"2025-04-05T10:16:56","date_gmt":"2025-04-05T08:16:56","guid":{"rendered":"https:\/\/cepronda.com\/blog\/?p=8458"},"modified":"2025-04-22T12:03:00","modified_gmt":"2025-04-22T10:03:00","slug":"sistemas-de-gestion-seguridad-y-salud-en-el-trabajo","status":"publish","type":"post","link":"https:\/\/cepronda.com\/blog\/sistemas-de-gestion-seguridad-y-salud-en-el-trabajo\/","title":{"rendered":"SISTEMAS DE GESTI\u00d3N SEGURIDAD Y SALUD EN EL TRABAJO"},"content":{"rendered":"<div>Informamos de la apertura de plazo para solicitud de inscripci\u00f3n en la siguiente<b> actividad formativa dirigida a profesorado de centros de las redes IESCA y profesorado de centros CPIFP<\/b><\/div>\n<div><\/div>\n<div>\n<div>\n<ul>\n<li><b>T\u00edtulo:<\/b>\u00a0SISTEMAS DE GESTI\u00d3N SEGURIDAD Y SALUD EN EL TRABAJO CONFORME A LA NORMA ISO 45001:2018 EN CENTROS EDUCATIVOS<\/li>\n<li><b>Modalidad:<\/b>\u00a0Curso Semipresencial<\/li>\n<li><b>Enlace:<\/b>\u00a0<a href=\"https:\/\/www.juntadeandalucia.es\/educacion\/secretariavirtual\/consultaCEP\/actividad\/251408FP016\/\" target=\"_blank\" rel=\"noopener\" data-saferedirecturl=\"https:\/\/www.google.com\/url?q=https:\/\/www.juntadeandalucia.es\/educacion\/secretariavirtual\/consultaCEP\/actividad\/251408FP016\/&amp;source=gmail&amp;ust=1745392756168000&amp;usg=AOvVaw2oaLqRB5CgSzHWdRfpn2Qf\">https:\/\/www.<wbr \/>juntadeandalucia.es\/educacion\/<wbr \/>secretariavirtual\/consultaCEP\/<wbr \/>actividad\/251408FP016\/<\/a><\/li>\n<li><b>\u00c1mbito:<\/b>\u00a0Regional<\/li>\n<li><b>C\u00f3digo:<\/b>\u00a0251408FP016<\/li>\n<li><b>Fecha actividad:<\/b>\u00a014\/05\/2025 hasta 02\/06\/2025<\/li>\n<li><b>Fecha inscripci\u00f3n:<\/b>\u00a004\/04\/2025 hasta 18\/04\/2025<\/li>\n<li><b>Horas totales:<\/b>\u00a020<\/li>\n<li><b>Horas presenciales:<\/b>\u00a09<\/li>\n<li><b>Horas no presenciales:<\/b>\u00a011<\/li>\n<li><b>N\u00ba de plazas:<\/b>\u00a0100<\/li>\n<\/ul>\n<p><img data-recalc-dims=\"1\" loading=\"lazy\" decoding=\"async\" class=\"size-medium wp-image-8461 aligncenter\" src=\"https:\/\/i0.wp.com\/cepronda.com\/blog\/wp-content\/uploads\/2025\/04\/Post-de-Facebook-Inmobiliaria-Fotografico-Moderno-Azul-y-Gris.jpg?resize=300%2C251&#038;ssl=1\" alt=\"\" width=\"300\" height=\"251\" srcset=\"https:\/\/i0.wp.com\/cepronda.com\/blog\/wp-content\/uploads\/2025\/04\/Post-de-Facebook-Inmobiliaria-Fotografico-Moderno-Azul-y-Gris.jpg?resize=300%2C251&amp;ssl=1 300w, https:\/\/i0.wp.com\/cepronda.com\/blog\/wp-content\/uploads\/2025\/04\/Post-de-Facebook-Inmobiliaria-Fotografico-Moderno-Azul-y-Gris.jpg?resize=768%2C644&amp;ssl=1 768w, https:\/\/i0.wp.com\/cepronda.com\/blog\/wp-content\/uploads\/2025\/04\/Post-de-Facebook-Inmobiliaria-Fotografico-Moderno-Azul-y-Gris.jpg?w=940&amp;ssl=1 940w\" sizes=\"auto, (max-width: 300px) 100vw, 300px\" \/><\/p>\n<\/div>\n<\/div>\n","protected":false},"excerpt":{"rendered":"<p>Informamos de la apertura de plazo para solicitud de inscripci\u00f3n en la siguiente actividad formativa dirigida a profesorado de centros de las redes IESCA y profesorado de centros CPIFP T\u00edtulo:\u00a0SISTEMAS DE GESTI\u00d3N SEGURIDAD Y SALUD EN EL TRABAJO CONFORME A LA NORMA ISO 45001:2018 EN CENTROS EDUCATIVOS Modalidad:\u00a0Curso Semipresencial Enlace:\u00a0https:\/\/www.juntadeandalucia.es\/educacion\/secretariavirtual\/consultaCEP\/actividad\/251408FP016\/ \u00c1mbito:\u00a0Regional C\u00f3digo:\u00a0251408FP016 Fecha actividad:\u00a014\/05\/2025 hasta [&hellip;]<\/p>\n","protected":false},"author":13,"featured_media":8462,"comment_status":"closed","ping_status":"open","sticky":false,"template":"","format":"standard","meta":{"_crdt_document":"","advanced_seo_description":"","jetpack_seo_html_title":"","jetpack_seo_noindex":false,"jetpack_post_was_ever_published":false,"_jetpack_newsletter_access":"","_jetpack_dont_email_post_to_subs":false,"_jetpack_newsletter_tier_id":0,"_jetpack_memberships_contains_paywalled_content":false,"_jetpack_memberships_contains_paid_content":false,"footnotes":"","jetpack_publicize_message":"","jetpack_publicize_feature_enabled":true,"jetpack_social_post_already_shared":false,"jetpack_social_options":{"image_generator_settings":{"template":"highway","default_image_id":0,"font":"","enabled":false},"version":2}},"categories":[3],"tags":[71],"class_list":{"0":"post-8458","1":"post","2":"type-post","3":"status-publish","4":"format-standard","5":"has-post-thumbnail","7":"category-formaciones","8":"tag-formacion-profesional","9":"czr-hentry"},"jetpack_publicize_connections":[],"jetpack_featured_media_url":"https:\/\/i0.wp.com\/cepronda.com\/blog\/wp-content\/uploads\/2025\/04\/Post-de-Facebook-Inmobiliaria-Fotografico-Moderno-Azul-y-Gris-1.jpg?fit=940%2C788&ssl=1","jetpack_shortlink":"https:\/\/wp.me\/p8M4X7-2cq","jetpack-related-posts":[{"id":5706,"url":"https:\/\/cepronda.com\/blog\/plan-de-autoproteccion-de-los-centros-y-modulo-de-prevencion-de-riesgos-laborales-en-seneca-taller-practico-para-las-coordinaciones-del-plan-de-seguridad-y-salud-laboral-232922ge104\/","url_meta":{"origin":8458,"position":0},"title":"PLAN DE AUTOPROTECCI\u00d3N DE LOS CENTROS Y M\u00d3DULO DE PREVENCI\u00d3N DE RIESGOS LABORALES EN S\u00c9NECA: TALLER PR\u00c1CTICO PARA LAS COORDINACIONES DEL PLAN DE SEGURIDAD Y SALUD LABORAL (232922GE104)","author":"Inmaculada Garc\u00eda","date":"18 enero, 2023","format":false,"excerpt":"Estimado\/a compa\u00f1ero\/a, Te informo que se encuentra abierta la inscripci\u00f3n al curso provincial, organizado por el CEP de M\u00e1laga: PLAN DE AUTOPROTECCI\u00d3N DE LOS CENTROS Y M\u00d3DULO DE PREVENCI\u00d3N DE RIESGOS LABORALES EN S\u00c9NECA: TALLER PR\u00c1CTICO PARA LAS COORDINACIONES DEL PLAN DE SEGURIDAD Y SALUD LABORAL C\u00f3digo: 232922GE104 Inscripciones: desde\u2026","rel":"","context":"En \u00abFormaciones\u00bb","block_context":{"text":"Formaciones","link":"https:\/\/cepronda.com\/blog\/category\/formaciones\/"},"img":{"alt_text":"","src":"https:\/\/i0.wp.com\/cepronda.com\/blog\/wp-content\/uploads\/2023\/01\/WhatsApp-Image-2023-01-18-at-13.32.01.jpeg?fit=1080%2C1080&ssl=1&resize=350%2C200","width":350,"height":200,"srcset":"https:\/\/i0.wp.com\/cepronda.com\/blog\/wp-content\/uploads\/2023\/01\/WhatsApp-Image-2023-01-18-at-13.32.01.jpeg?fit=1080%2C1080&ssl=1&resize=350%2C200 1x, https:\/\/i0.wp.com\/cepronda.com\/blog\/wp-content\/uploads\/2023\/01\/WhatsApp-Image-2023-01-18-at-13.32.01.jpeg?fit=1080%2C1080&ssl=1&resize=525%2C300 1.5x, https:\/\/i0.wp.com\/cepronda.com\/blog\/wp-content\/uploads\/2023\/01\/WhatsApp-Image-2023-01-18-at-13.32.01.jpeg?fit=1080%2C1080&ssl=1&resize=700%2C400 2x, https:\/\/i0.wp.com\/cepronda.com\/blog\/wp-content\/uploads\/2023\/01\/WhatsApp-Image-2023-01-18-at-13.32.01.jpeg?fit=1080%2C1080&ssl=1&resize=1050%2C600 3x"},"classes":[]},{"id":4973,"url":"https:\/\/cepronda.com\/blog\/uso-de-la-plataforma-moodle-centros-profundizacion-222924ge042\/","url_meta":{"origin":8458,"position":1},"title":"USO DE LA PLATAFORMA MOODLE CENTROS (PROFUNDIZACI\u00d3N). 222924GE042","author":"Inmaculada Garc\u00eda","date":"13 enero, 2022","format":false,"excerpt":"Buenos d\u00edas, compa\u00f1eras y compa\u00f1eros. Os recordamos que est\u00e1 abierto el plazo de inscripci\u00f3n en la actividad USO DE LA PLATAFORMA MOODLE CENTROS (PROFUNDIZACI\u00d3N), c\u00f3digo 222924GE042. Es una actividad en modalidad de \u00abCurso a distancia\u00bb, que se desarrollar\u00e1 en el Aula Virtual de Formaci\u00f3n del Profesorado. Duraci\u00f3n de 25 horas\u2026","rel":"","context":"En \u00abFormaciones\u00bb","block_context":{"text":"Formaciones","link":"https:\/\/cepronda.com\/blog\/category\/formaciones\/"},"img":{"alt_text":"","src":"https:\/\/i0.wp.com\/cepronda.com\/blog\/wp-content\/uploads\/2022\/01\/USO-PLATAFORMA-MOODLE-CENTRO-1.png?fit=848%2C1200&ssl=1&resize=350%2C200","width":350,"height":200,"srcset":"https:\/\/i0.wp.com\/cepronda.com\/blog\/wp-content\/uploads\/2022\/01\/USO-PLATAFORMA-MOODLE-CENTRO-1.png?fit=848%2C1200&ssl=1&resize=350%2C200 1x, https:\/\/i0.wp.com\/cepronda.com\/blog\/wp-content\/uploads\/2022\/01\/USO-PLATAFORMA-MOODLE-CENTRO-1.png?fit=848%2C1200&ssl=1&resize=525%2C300 1.5x, https:\/\/i0.wp.com\/cepronda.com\/blog\/wp-content\/uploads\/2022\/01\/USO-PLATAFORMA-MOODLE-CENTRO-1.png?fit=848%2C1200&ssl=1&resize=700%2C400 2x"},"classes":[]},{"id":8072,"url":"https:\/\/cepronda.com\/blog\/jornadas-soft-skills-in-the-english-language-classroom-codigo259925kpi371\/","url_meta":{"origin":8458,"position":2},"title":"JORNADAS: SOFT SKILLS IN THE ENGLISH LANGUAGE CLASSROOM, c\u00f3digo:259925KPI371.","author":"Inmaculada Garc\u00eda","date":"22 enero, 2025","format":false,"excerpt":"Se abre plazo para la inscripci\u00f3n en la jornada Dirigido a Profesorado de Ingl\u00e9s Lengua Extranjera y de ANL en ingl\u00e9s de centros docentes sostenidos con fondos p\u00fablicos. Duraci\u00f3n: 10 horas no presenciales. Inscripciones: 22\/01\/2025 hasta 03\/02\/2025 Fecha actividad: 11\/02\/2025 hasta 11\/03\/2025 Lugar: Aula Virtual de Formaci\u00f3n del profesorado. Para\u2026","rel":"","context":"En \u00abFormaciones\u00bb","block_context":{"text":"Formaciones","link":"https:\/\/cepronda.com\/blog\/category\/formaciones\/"},"img":{"alt_text":"","src":"https:\/\/i0.wp.com\/cepronda.com\/blog\/wp-content\/uploads\/2025\/01\/11-de-Febrero.jpg?fit=1080%2C1080&ssl=1&resize=350%2C200","width":350,"height":200,"srcset":"https:\/\/i0.wp.com\/cepronda.com\/blog\/wp-content\/uploads\/2025\/01\/11-de-Febrero.jpg?fit=1080%2C1080&ssl=1&resize=350%2C200 1x, https:\/\/i0.wp.com\/cepronda.com\/blog\/wp-content\/uploads\/2025\/01\/11-de-Febrero.jpg?fit=1080%2C1080&ssl=1&resize=525%2C300 1.5x, https:\/\/i0.wp.com\/cepronda.com\/blog\/wp-content\/uploads\/2025\/01\/11-de-Febrero.jpg?fit=1080%2C1080&ssl=1&resize=700%2C400 2x, https:\/\/i0.wp.com\/cepronda.com\/blog\/wp-content\/uploads\/2025\/01\/11-de-Febrero.jpg?fit=1080%2C1080&ssl=1&resize=1050%2C600 3x"},"classes":[]},{"id":7334,"url":"https:\/\/cepronda.com\/blog\/el-aprendizaje-cooperativo-como-estrategia-de-gestion-del-aula\/","url_meta":{"origin":8458,"position":3},"title":"\u00abEL APRENDIZAJE COOPERATIVO COMO ESTRATEGIA DE GESTI\u00d3N DEL AULA\u00bb","author":"Mamen Moreno","date":"12 enero, 2024","format":false,"excerpt":"Abierto el plazo para la inscripci\u00f3n de la actividad provincial, organizada por el CEP de Antequera: \"EL APRENDIZAJE COOPERATIVO COMO ESTRATEGIA DE GESTI\u00d3N DEL AULA\" , c\u00f3digo: 242925GE206, dirigido a docentes de centros p\u00fablicos. El curso, de modalidad a distancia, se desarrollar\u00e1 en el Aula Virtual de Formaci\u00f3n del Profesorado,\u2026","rel":"","context":"En \u00abFormaciones\u00bb","block_context":{"text":"Formaciones","link":"https:\/\/cepronda.com\/blog\/category\/formaciones\/"},"img":{"alt_text":"","src":"https:\/\/i0.wp.com\/cepronda.com\/blog\/wp-content\/uploads\/2024\/01\/WhatsApp-Image-2024-01-12-at-13.05.43.jpeg?fit=1080%2C1080&ssl=1&resize=350%2C200","width":350,"height":200,"srcset":"https:\/\/i0.wp.com\/cepronda.com\/blog\/wp-content\/uploads\/2024\/01\/WhatsApp-Image-2024-01-12-at-13.05.43.jpeg?fit=1080%2C1080&ssl=1&resize=350%2C200 1x, https:\/\/i0.wp.com\/cepronda.com\/blog\/wp-content\/uploads\/2024\/01\/WhatsApp-Image-2024-01-12-at-13.05.43.jpeg?fit=1080%2C1080&ssl=1&resize=525%2C300 1.5x, https:\/\/i0.wp.com\/cepronda.com\/blog\/wp-content\/uploads\/2024\/01\/WhatsApp-Image-2024-01-12-at-13.05.43.jpeg?fit=1080%2C1080&ssl=1&resize=700%2C400 2x, https:\/\/i0.wp.com\/cepronda.com\/blog\/wp-content\/uploads\/2024\/01\/WhatsApp-Image-2024-01-12-at-13.05.43.jpeg?fit=1080%2C1080&ssl=1&resize=1050%2C600 3x"},"classes":[]},{"id":8863,"url":"https:\/\/cepronda.com\/blog\/gestion-economica-para-secretarias-4\/","url_meta":{"origin":8458,"position":4},"title":"GESTI\u00d3N ECON\u00d3MICA PARA SECRETAR\u00cdAS","author":"Mamen Moreno","date":"26 septiembre, 2025","format":false,"excerpt":"Abierta la inscripci\u00f3n de los cursos del Itinerario Formativo para Secretar\u00edas de Centros P\u00fablicos: \u00a01\u00ba Curso Semipresencial: 4 sesiones por videoconferencia Gesti\u00f3n econ\u00f3mica para secretar\u00edas n\u00f3veles . C\u00f3digo: 269926KPF011 \u00a0Dirigido a: secretar\u00edas en su primer a\u00f1o \u00a0Comienzo: 7 de octubre \u00a0Inscripci\u00f3n del 25\/09 al 05\/10:\u00a0https:\/\/www.juntadeandalucia.es\/educacion\/secretariavirtual\/consultaCEP\/actividad\/269926KPF011\/ \u00a02\u00ba Curso Online: Aula Virtual\u2026","rel":"","context":"En \u00abFormaciones\u00bb","block_context":{"text":"Formaciones","link":"https:\/\/cepronda.com\/blog\/category\/formaciones\/"},"img":{"alt_text":"","src":"https:\/\/i0.wp.com\/cepronda.com\/blog\/wp-content\/uploads\/2025\/09\/SECRETARIAS-NOVELES-2023_24.png?fit=848%2C1200&ssl=1&resize=350%2C200","width":350,"height":200,"srcset":"https:\/\/i0.wp.com\/cepronda.com\/blog\/wp-content\/uploads\/2025\/09\/SECRETARIAS-NOVELES-2023_24.png?fit=848%2C1200&ssl=1&resize=350%2C200 1x, https:\/\/i0.wp.com\/cepronda.com\/blog\/wp-content\/uploads\/2025\/09\/SECRETARIAS-NOVELES-2023_24.png?fit=848%2C1200&ssl=1&resize=525%2C300 1.5x, https:\/\/i0.wp.com\/cepronda.com\/blog\/wp-content\/uploads\/2025\/09\/SECRETARIAS-NOVELES-2023_24.png?fit=848%2C1200&ssl=1&resize=700%2C400 2x"},"classes":[]},{"id":4819,"url":"https:\/\/cepronda.com\/blog\/uso-de-la-plataforma-moodle-centros-iniciacion\/","url_meta":{"origin":8458,"position":5},"title":"USO DE LA PLATAFORMA MOODLE CENTROS (INICIACI\u00d3N)","author":"Inmaculada Garc\u00eda","date":"25 octubre, 2021","format":false,"excerpt":"Buenas d\u00edas, compa\u00f1eras y compa\u00f1eros. Os informamos que est\u00e1 abierto el plazo de inscripci\u00f3n en la actividad\u00a0 \u00abUSO DE LA PLATAFORMA MOODLE CENTROS (INICIACI\u00d3N)\u00bb con c\u00f3digo 222924GE041. Es una actividad del \u00e1mbito CEP de Ronda.\u00a0 Se desarrollar\u00e1 en el Aula Virtual de Formaci\u00f3n del Profesorado. Las fechas de la formaci\u00f3n\u2026","rel":"","context":"En \u00abFormaciones\u00bb","block_context":{"text":"Formaciones","link":"https:\/\/cepronda.com\/blog\/category\/formaciones\/"},"img":{"alt_text":"","src":"","width":0,"height":0},"classes":[]}],"jetpack_sharing_enabled":true,"_links":{"self":[{"href":"https:\/\/cepronda.com\/blog\/wp-json\/wp\/v2\/posts\/8458","targetHints":{"allow":["GET"]}}],"collection":[{"href":"https:\/\/cepronda.com\/blog\/wp-json\/wp\/v2\/posts"}],"about":[{"href":"https:\/\/cepronda.com\/blog\/wp-json\/wp\/v2\/types\/post"}],"author":[{"embeddable":true,"href":"https:\/\/cepronda.com\/blog\/wp-json\/wp\/v2\/users\/13"}],"replies":[{"embeddable":true,"href":"https:\/\/cepronda.com\/blog\/wp-json\/wp\/v2\/comments?post=8458"}],"version-history":[{"count":1,"href":"https:\/\/cepronda.com\/blog\/wp-json\/wp\/v2\/posts\/8458\/revisions"}],"predecessor-version":[{"id":8463,"href":"https:\/\/cepronda.com\/blog\/wp-json\/wp\/v2\/posts\/8458\/revisions\/8463"}],"wp:featuredmedia":[{"embeddable":true,"href":"https:\/\/cepronda.com\/blog\/wp-json\/wp\/v2\/media\/8462"}],"wp:attachment":[{"href":"https:\/\/cepronda.com\/blog\/wp-json\/wp\/v2\/media?parent=8458"}],"wp:term":[{"taxonomy":"category","embeddable":true,"href":"https:\/\/cepronda.com\/blog\/wp-json\/wp\/v2\/categories?post=8458"},{"taxonomy":"post_tag","embeddable":true,"href":"https:\/\/cepronda.com\/blog\/wp-json\/wp\/v2\/tags?post=8458"}],"curies":[{"name":"wp","href":"https:\/\/api.w.org\/{rel}","templated":true}]}}