{"id":8450,"date":"2025-04-07T11:21:20","date_gmt":"2025-04-07T09:21:20","guid":{"rendered":"https:\/\/cepronda.com\/blog\/?p=8450"},"modified":"2025-05-14T12:55:39","modified_gmt":"2025-05-14T10:55:39","slug":"actualizacion-normativa-ensenanzas-artisticas-superiores","status":"publish","type":"post","link":"https:\/\/cepronda.com\/blog\/actualizacion-normativa-ensenanzas-artisticas-superiores\/","title":{"rendered":"ACTUALIZACI\u00d3N NORMATIVA EN ENSE\u00d1ANZAS ART\u00cdSTICAS SUPERIORES:"},"content":{"rendered":"<p>Os informamos que est\u00e1 abierto el plazo de solicitudes para la actividad <strong>ACTUALIZACI\u00d3N NORMATIVA EN ENSE\u00d1ANZAS ART\u00cdSTICAS SUPERIORES: NOVEDADES Y ENFOQUE COMPETENCIAL,<\/strong> de 11 horas de formaci\u00f3n online, con <strong>c\u00f3digo 252318GE066<\/strong> dirigido a profesorado de ense\u00f1anzas art\u00edsticas, principalmente en relaci\u00f3n a m\u00fasica y artes esc\u00e9nicas superiores.<br class=\"html-br\" \/><br class=\"html-br\" \/><strong>Fecha de inscripci\u00f3n<\/strong>: hasta el 23\/04\/2025.<br class=\"html-br\" \/><strong>Publicaci\u00f3n listas provisionales:<\/strong> 23\/04\/2025.<br class=\"html-br\" \/><strong>Publicaci\u00f3n listas definitivas:<\/strong> 24\/04\/2025.<br class=\"html-br\" \/><br class=\"html-br\" \/><strong>Sesiones de la formaci\u00f3n:<\/strong><br class=\"html-br\" \/>&#8211; Viernes 25\/04\/2025<br class=\"html-br\" \/>&#8211; Viernes 09\/05\/2025<br class=\"html-br\" \/>&#8211; Viernes 16\/05\/2025<br class=\"html-br\" \/><br class=\"html-br\" \/><strong>M\u00e1s informaci\u00f3n e inscripciones<\/strong> en el siguiente:\u00a0<span class=\"html-span xdj266r x11i5rnm xat24cr x1mh8g0r xexx8yu x4uap5 x18d9i69 xkhd6sd x1hl2dhg x16tdsg8 x1vvkbs\"><a class=\"x1i10hfl xjbqb8w x1ejq31n xd10rxx x1sy0etr x17r0tee x972fbf xcfux6l x1qhh985 xm0m39n x9f619 x1ypdohk xt0psk2 xe8uvvx xdj266r x11i5rnm xat24cr x1mh8g0r xexx8yu x4uap5 x18d9i69 xkhd6sd x16tdsg8 x1hl2dhg xggy1nq x1a2a7pz xkrqix3 x1sur9pj x1fey0fg x1s688f\" tabindex=\"0\" role=\"link\" href=\"https:\/\/www.juntadeandalucia.es\/educacion\/secretariavirtual\/consultaCEP\/actividad\/252318GE066\/?fbclid=IwZXh0bgNhZW0CMTAAAR4Zqz7MZfw0KeVkw33y5TGompopuiIFt-BPL3IbZtr9998Av1YvQrd0Kpgq1w_aem_qkp_yXTFCnaQxR-8QcFopw\" target=\"_blank\" rel=\"nofollow noopener noreferrer\">https:\/\/www.juntadeandalucia.es\/&#8230;\/actividad\/252318GE066\/<\/a><\/span><\/p>\n<p><img data-recalc-dims=\"1\" loading=\"lazy\" decoding=\"async\" class=\"size-medium wp-image-8451 aligncenter\" src=\"https:\/\/i0.wp.com\/cepronda.com\/blog\/wp-content\/uploads\/2025\/04\/DIPTICO.png?resize=300%2C300&#038;ssl=1\" alt=\"\" width=\"300\" height=\"300\" srcset=\"https:\/\/i0.wp.com\/cepronda.com\/blog\/wp-content\/uploads\/2025\/04\/DIPTICO.png?resize=300%2C300&amp;ssl=1 300w, https:\/\/i0.wp.com\/cepronda.com\/blog\/wp-content\/uploads\/2025\/04\/DIPTICO.png?resize=1024%2C1024&amp;ssl=1 1024w, https:\/\/i0.wp.com\/cepronda.com\/blog\/wp-content\/uploads\/2025\/04\/DIPTICO.png?resize=150%2C150&amp;ssl=1 150w, https:\/\/i0.wp.com\/cepronda.com\/blog\/wp-content\/uploads\/2025\/04\/DIPTICO.png?resize=768%2C768&amp;ssl=1 768w, https:\/\/i0.wp.com\/cepronda.com\/blog\/wp-content\/uploads\/2025\/04\/DIPTICO.png?resize=50%2C50&amp;ssl=1 50w, https:\/\/i0.wp.com\/cepronda.com\/blog\/wp-content\/uploads\/2025\/04\/DIPTICO.png?w=1080&amp;ssl=1 1080w\" sizes=\"auto, (max-width: 300px) 100vw, 300px\" \/><\/p>\n","protected":false},"excerpt":{"rendered":"<p>Os informamos que est\u00e1 abierto el plazo de solicitudes para la actividad ACTUALIZACI\u00d3N NORMATIVA EN ENSE\u00d1ANZAS ART\u00cdSTICAS SUPERIORES: NOVEDADES Y ENFOQUE COMPETENCIAL, de 11 horas de formaci\u00f3n online, con c\u00f3digo 252318GE066 dirigido a profesorado de ense\u00f1anzas art\u00edsticas, principalmente en relaci\u00f3n a m\u00fasica y artes esc\u00e9nicas superiores.Fecha de inscripci\u00f3n: hasta el 23\/04\/2025.Publicaci\u00f3n listas provisionales: 23\/04\/2025.Publicaci\u00f3n listas [&hellip;]<\/p>\n","protected":false},"author":13,"featured_media":8451,"comment_status":"closed","ping_status":"open","sticky":false,"template":"","format":"standard","meta":{"_crdt_document":"","advanced_seo_description":"","jetpack_seo_html_title":"","jetpack_seo_noindex":false,"jetpack_post_was_ever_published":false,"_jetpack_newsletter_access":"","_jetpack_dont_email_post_to_subs":false,"_jetpack_newsletter_tier_id":0,"_jetpack_memberships_contains_paywalled_content":false,"_jetpack_memberships_contains_paid_content":false,"footnotes":"","jetpack_publicize_message":"","jetpack_publicize_feature_enabled":true,"jetpack_social_post_already_shared":false,"jetpack_social_options":{"image_generator_settings":{"template":"highway","default_image_id":0,"font":"","enabled":false},"version":2}},"categories":[3],"tags":[313],"class_list":{"0":"post-8450","1":"post","2":"type-post","3":"status-publish","4":"format-standard","5":"has-post-thumbnail","7":"category-formaciones","8":"tag-ensenanzas-musicales","9":"czr-hentry"},"jetpack_publicize_connections":[],"jetpack_featured_media_url":"https:\/\/i0.wp.com\/cepronda.com\/blog\/wp-content\/uploads\/2025\/04\/DIPTICO.png?fit=1080%2C1080&ssl=1","jetpack_shortlink":"https:\/\/wp.me\/p8M4X7-2ci","jetpack-related-posts":[{"id":2776,"url":"https:\/\/cepronda.com\/blog\/xxxiv-premios-francisco-giner-de-los-rios-a-la-mejora-de-la-calidad-educativa\/","url_meta":{"origin":8450,"position":0},"title":"XXXIV Premios Francisco Giner de los R\u00edos a la Mejora de la Calidad Educativa.","author":"V\u00edctor Caballero","date":"2 mayo, 2019","format":false,"excerpt":"Hola de nuevo, Compartimos con vosotros y vosotras la convocatoria de estos premios, donde el Ministerio de Educaci\u00f3n y Formaci\u00f3n Profesional, en colaboraci\u00f3n con la Fundaci\u00f3n BBVA, convoca los XXXIV Premios Francisco Giner de los R\u00edos a la Mejora de la Calidad Educativa, para los trabajos y experiencias pedag\u00f3gicas que\u2026","rel":"","context":"En \u00abFormaciones\u00bb","block_context":{"text":"Formaciones","link":"https:\/\/cepronda.com\/blog\/category\/formaciones\/"},"img":{"alt_text":"","src":"https:\/\/i0.wp.com\/cepronda.com\/blog\/wp-content\/uploads\/2019\/05\/ministerio.jpg?resize=350%2C200","width":350,"height":200},"classes":[]},{"id":5610,"url":"https:\/\/cepronda.com\/blog\/plataforma-iseneca-ipasen-ensenanzas-artisticas-de-musica-cuaderno-de-clase\/","url_meta":{"origin":8450,"position":1},"title":"PLATAFORMA ISENECA\/IPASEN ENSE\u00d1ANZAS ART\u00cdSTICAS DE M\u00daSICA. CUADERNO DE CLASE.","author":"Maribel Mu\u00f1oz","date":"11 noviembre, 2022","format":false,"excerpt":"Buenas tardes compa\u00f1eras y compa\u00f1eros, Os\u00a0 informamos que est\u00e1 abierto el plazo de inscripci\u00f3n en el curso provincial\u00a0 PLATAFORMA ISENECA\/IPASEN ENSE\u00d1ANZAS ART\u00cdSTICAS DE M\u00daSICA. CUADERNO DE CLASE con c\u00f3digo 232924GE031. Fechas de inscripci\u00f3n : del 11\/11\/2022 al 25\/11\/2022 Fecha de inicio: 1\/12\/2022 Fecha finalizaci\u00f3n: 23\/01\/2023 Horas: 15\u00a0 ( 8h de\u2026","rel":"","context":"En \u00abFormaciones\u00bb","block_context":{"text":"Formaciones","link":"https:\/\/cepronda.com\/blog\/category\/formaciones\/"},"img":{"alt_text":"","src":"https:\/\/i0.wp.com\/cepronda.com\/blog\/wp-content\/uploads\/2022\/11\/WhatsApp-Image-2022-11-10-at-17.04.44.jpeg?fit=848%2C1200&ssl=1&resize=350%2C200","width":350,"height":200,"srcset":"https:\/\/i0.wp.com\/cepronda.com\/blog\/wp-content\/uploads\/2022\/11\/WhatsApp-Image-2022-11-10-at-17.04.44.jpeg?fit=848%2C1200&ssl=1&resize=350%2C200 1x, https:\/\/i0.wp.com\/cepronda.com\/blog\/wp-content\/uploads\/2022\/11\/WhatsApp-Image-2022-11-10-at-17.04.44.jpeg?fit=848%2C1200&ssl=1&resize=525%2C300 1.5x, https:\/\/i0.wp.com\/cepronda.com\/blog\/wp-content\/uploads\/2022\/11\/WhatsApp-Image-2022-11-10-at-17.04.44.jpeg?fit=848%2C1200&ssl=1&resize=700%2C400 2x"},"classes":[]},{"id":7851,"url":"https:\/\/cepronda.com\/blog\/formaciones-para-ensenanzas-artisticas-danza\/","url_meta":{"origin":8450,"position":2},"title":"FORMACIONES PARA ENSE\u00d1ANZAS ART\u00cdSTICAS. DANZA.","author":"Mamen Moreno","date":"6 noviembre, 2024","format":false,"excerpt":"\u00a0III JORNADAS DE INVESTIGACI\u00d3N EN DANZA DEL CONSERVATORIO SUPERIOR \u00c1NGEL PERICET \u00a0Inscripci\u00f3n: hasta el 14\/11\/2024 \u00a0Actividad: 27\/11\/2024 - 28\/11\/2024 \u00a0Duraci\u00f3n: 10 horas presenciales \u00a0M\u00e1s informaci\u00f3n:\u00a0https:\/\/www.juntadeandalucia.es\/educacion\/secretariavirtual\/consultaCEP\/actividad\/252922GE080\/ \u00a0RECOPILACI\u00d3N DEL REPERTORIO DE LA DANZA ESPA\u00d1OLA \u00a0Inscripci\u00f3n: hasta el 11\/11\/2024 \u00a0Actividad: 19\/11\/2024 - 22\/11\/2024 \u00a0Duraci\u00f3n: 12 Presenciales \u00a0M\u00e1s informaci\u00f3n:\u00a0https:\/\/www.juntadeandalucia.es\/educacion\/secretariavirtual\/consultaCEP\/actividad\/252922GE081\/ \u00a0 \u00a0METODOLOG\u00cdA DE LA DANZA\u2026","rel":"","context":"En \u00abFormaciones\u00bb","block_context":{"text":"Formaciones","link":"https:\/\/cepronda.com\/blog\/category\/formaciones\/"},"img":{"alt_text":"","src":"https:\/\/i0.wp.com\/cepronda.com\/blog\/wp-content\/uploads\/2024\/11\/WhatsApp-Image-2024-10-31-at-12.46.27.jpeg?fit=1080%2C1080&ssl=1&resize=350%2C200","width":350,"height":200,"srcset":"https:\/\/i0.wp.com\/cepronda.com\/blog\/wp-content\/uploads\/2024\/11\/WhatsApp-Image-2024-10-31-at-12.46.27.jpeg?fit=1080%2C1080&ssl=1&resize=350%2C200 1x, https:\/\/i0.wp.com\/cepronda.com\/blog\/wp-content\/uploads\/2024\/11\/WhatsApp-Image-2024-10-31-at-12.46.27.jpeg?fit=1080%2C1080&ssl=1&resize=525%2C300 1.5x, https:\/\/i0.wp.com\/cepronda.com\/blog\/wp-content\/uploads\/2024\/11\/WhatsApp-Image-2024-10-31-at-12.46.27.jpeg?fit=1080%2C1080&ssl=1&resize=700%2C400 2x, https:\/\/i0.wp.com\/cepronda.com\/blog\/wp-content\/uploads\/2024\/11\/WhatsApp-Image-2024-10-31-at-12.46.27.jpeg?fit=1080%2C1080&ssl=1&resize=1050%2C600 3x"},"classes":[]},{"id":7958,"url":"https:\/\/cepronda.com\/blog\/edicion-digital-sonora-con-video-para-ensenanzas-are\/","url_meta":{"origin":8450,"position":3},"title":"EDICI\u00d3N DIGITAL SONORA CON V\u00cdDEO PARA ENSE\u00d1ANZAS ARE","author":"Mamen Moreno","date":"19 diciembre, 2024","format":false,"excerpt":"Abierto el plazo de inscripci\u00f3n para la formaci\u00f3n a nivel provincial: EDICI\u00d3N DIGITAL SONORA CON V\u00cdDEO PARA ENSE\u00d1ANZAS ARE Inscripci\u00f3n: 19\/12\/2024 a 20\/01\/2025 Actividad: 31\/01\/2025 - 21\/02\/2025 Duraci\u00f3n: 4 semanas M\u00e1s informaci\u00f3n: https:\/\/www.juntadeandalucia.es\/educacion\/secretariavirtual\/consultaCEP\/actividad\/252922GE086\/","rel":"","context":"En \u00abFormaciones\u00bb","block_context":{"text":"Formaciones","link":"https:\/\/cepronda.com\/blog\/category\/formaciones\/"},"img":{"alt_text":"","src":"https:\/\/i0.wp.com\/cepronda.com\/blog\/wp-content\/uploads\/2024\/12\/Imagen-de-WhatsApp-2024-12-18-a-las-17.49.40_2a4403c8-300x300.jpg?resize=350%2C200&ssl=1","width":350,"height":200},"classes":[]},{"id":7935,"url":"https:\/\/cepronda.com\/blog\/curso-edicion-davinci-resolve-para-ensenanzas-are\/","url_meta":{"origin":8450,"position":4},"title":"CURSO EDICI\u00d3N DAVINCI RESOLVE PARA ENSE\u00d1ANZAS ARE","author":"Mamen Moreno","date":"13 diciembre, 2024","format":false,"excerpt":"Abierta la inscripci\u00f3n del curso presencial provincial organizado por el CEP de M\u00e1laga CURSO EDICI\u00d3N DAVINCI RESOLVE PARA ENSE\u00d1ANZAS ARE C\u00f3digo: 252922GE091 Inscripciones:\u00a0desde el 12\/12\/2024 hasta 20\/01\/2025 Fecha de inicio y fin del curso:\u00a003\/02\/2025 -\u00a007\/02\/2025 Lugar de realizaci\u00f3n:\u00a0Escuela Superior de Arte Dram\u00e1tico de M\u00e1laga Detalle e inscripci\u00f3n:\u00a0https:\/\/www.juntadeandalucia.es\/educacion\/secretariavirtual\/consultaCEP\/actividad\/252922GE091\/","rel":"","context":"En \u00abFormaciones\u00bb","block_context":{"text":"Formaciones","link":"https:\/\/cepronda.com\/blog\/category\/formaciones\/"},"img":{"alt_text":"","src":"https:\/\/i0.wp.com\/cepronda.com\/blog\/wp-content\/uploads\/2024\/12\/Cartel-DAVINCI.jpeg?fit=1080%2C1080&ssl=1&resize=350%2C200","width":350,"height":200,"srcset":"https:\/\/i0.wp.com\/cepronda.com\/blog\/wp-content\/uploads\/2024\/12\/Cartel-DAVINCI.jpeg?fit=1080%2C1080&ssl=1&resize=350%2C200 1x, https:\/\/i0.wp.com\/cepronda.com\/blog\/wp-content\/uploads\/2024\/12\/Cartel-DAVINCI.jpeg?fit=1080%2C1080&ssl=1&resize=525%2C300 1.5x, https:\/\/i0.wp.com\/cepronda.com\/blog\/wp-content\/uploads\/2024\/12\/Cartel-DAVINCI.jpeg?fit=1080%2C1080&ssl=1&resize=700%2C400 2x, https:\/\/i0.wp.com\/cepronda.com\/blog\/wp-content\/uploads\/2024\/12\/Cartel-DAVINCI.jpeg?fit=1080%2C1080&ssl=1&resize=1050%2C600 3x"},"classes":[]},{"id":8041,"url":"https:\/\/cepronda.com\/blog\/diseno-de-iluminacion-para-ensenanzas-are-con-codigo-252922ge092\/","url_meta":{"origin":8450,"position":5},"title":"DISE\u00d1O DE ILUMINACI\u00d3N PARA ENSE\u00d1ANZAS ARE, con c\u00f3digo 252922GE092.","author":"Inmaculada Garc\u00eda","date":"14 enero, 2025","format":false,"excerpt":"Abierto plazo de inscripci\u00f3n para la actividad provincial,\u00a0DISE\u00d1O DE ILUMINACI\u00d3N PARA ENSE\u00d1ANZAS ARE, con c\u00f3digo 252922GE092. \u270f\ufe0f Plazo de inscripci\u00f3n: del 13\/01\/2025 al 04\/02\/2025. Realizaci\u00f3n de la actividad: del 17\/02\/2025 al 19\/02\/2025. \u27a1\ufe0f Duraci\u00f3n: 3 d\u00edas, presencial. M\u00e1s informaci\u00f3n: https:\/\/www.juntadeandalucia.es\/educacion\/secretariavirtual\/consultaCEP\/actividad\/252922GE092\/ \u00a0","rel":"","context":"En \u00abFormaciones\u00bb","block_context":{"text":"Formaciones","link":"https:\/\/cepronda.com\/blog\/category\/formaciones\/"},"img":{"alt_text":"","src":"https:\/\/i0.wp.com\/cepronda.com\/blog\/wp-content\/uploads\/2025\/01\/WhatsApp-Image-2025-01-14-at-08.37.00-1.jpeg?fit=1080%2C1080&ssl=1&resize=350%2C200","width":350,"height":200,"srcset":"https:\/\/i0.wp.com\/cepronda.com\/blog\/wp-content\/uploads\/2025\/01\/WhatsApp-Image-2025-01-14-at-08.37.00-1.jpeg?fit=1080%2C1080&ssl=1&resize=350%2C200 1x, https:\/\/i0.wp.com\/cepronda.com\/blog\/wp-content\/uploads\/2025\/01\/WhatsApp-Image-2025-01-14-at-08.37.00-1.jpeg?fit=1080%2C1080&ssl=1&resize=525%2C300 1.5x, https:\/\/i0.wp.com\/cepronda.com\/blog\/wp-content\/uploads\/2025\/01\/WhatsApp-Image-2025-01-14-at-08.37.00-1.jpeg?fit=1080%2C1080&ssl=1&resize=700%2C400 2x, https:\/\/i0.wp.com\/cepronda.com\/blog\/wp-content\/uploads\/2025\/01\/WhatsApp-Image-2025-01-14-at-08.37.00-1.jpeg?fit=1080%2C1080&ssl=1&resize=1050%2C600 3x"},"classes":[]}],"jetpack_sharing_enabled":true,"_links":{"self":[{"href":"https:\/\/cepronda.com\/blog\/wp-json\/wp\/v2\/posts\/8450","targetHints":{"allow":["GET"]}}],"collection":[{"href":"https:\/\/cepronda.com\/blog\/wp-json\/wp\/v2\/posts"}],"about":[{"href":"https:\/\/cepronda.com\/blog\/wp-json\/wp\/v2\/types\/post"}],"author":[{"embeddable":true,"href":"https:\/\/cepronda.com\/blog\/wp-json\/wp\/v2\/users\/13"}],"replies":[{"embeddable":true,"href":"https:\/\/cepronda.com\/blog\/wp-json\/wp\/v2\/comments?post=8450"}],"version-history":[{"count":2,"href":"https:\/\/cepronda.com\/blog\/wp-json\/wp\/v2\/posts\/8450\/revisions"}],"predecessor-version":[{"id":8453,"href":"https:\/\/cepronda.com\/blog\/wp-json\/wp\/v2\/posts\/8450\/revisions\/8453"}],"wp:featuredmedia":[{"embeddable":true,"href":"https:\/\/cepronda.com\/blog\/wp-json\/wp\/v2\/media\/8451"}],"wp:attachment":[{"href":"https:\/\/cepronda.com\/blog\/wp-json\/wp\/v2\/media?parent=8450"}],"wp:term":[{"taxonomy":"category","embeddable":true,"href":"https:\/\/cepronda.com\/blog\/wp-json\/wp\/v2\/categories?post=8450"},{"taxonomy":"post_tag","embeddable":true,"href":"https:\/\/cepronda.com\/blog\/wp-json\/wp\/v2\/tags?post=8450"}],"curies":[{"name":"wp","href":"https:\/\/api.w.org\/{rel}","templated":true}]}}