{"id":8442,"date":"2025-04-02T12:58:15","date_gmt":"2025-04-02T10:58:15","guid":{"rendered":"https:\/\/cepronda.com\/blog\/?p=8442"},"modified":"2025-04-02T12:58:15","modified_gmt":"2025-04-02T10:58:15","slug":"formacion-del-coordinador-del-bienestar-regulacion-y-cumplimiento-ley-8-2021-art-35","status":"publish","type":"post","link":"https:\/\/cepronda.com\/blog\/formacion-del-coordinador-del-bienestar-regulacion-y-cumplimiento-ley-8-2021-art-35\/","title":{"rendered":"FORMACI\u00d3N DEL COORDINADOR DEL BIENESTAR. REGULACI\u00d3N Y CUMPLIMIENTO LEY 8\/2021 art.35"},"content":{"rendered":"<div class=\"\" data-block=\"true\" data-editor=\"ehtod\" data-offset-key=\"d1ldu-0-0\">\n<div class=\"_1mf _1mj\" data-offset-key=\"d1ldu-0-0\"><span data-offset-key=\"d1ldu-0-0\">Abierto el plazo de solicitudes para \u00abFORMACI\u00d3N DEL COORDINADOR DEL BIENESTAR. REGULACI\u00d3N Y CUMPLIMIENTO LEY 8\/2021 art.35\u00bb, con c\u00f3digo 259901KPF557.<\/span><\/div>\n<\/div>\n<div class=\"\" data-block=\"true\" data-editor=\"ehtod\" data-offset-key=\"d172s-0-0\">\n<div class=\"_1mf _1mj\" data-offset-key=\"d172s-0-0\"><span data-offset-key=\"d172s-0-0\">\u00a0<\/span><\/div>\n<\/div>\n<div class=\"\" data-block=\"true\" data-editor=\"ehtod\" data-offset-key=\"73eva-0-0\">\n<div class=\"_1mf _1mj\" data-offset-key=\"73eva-0-0\"><span data-offset-key=\"73eva-0-0\">REQUISITOS DE INSCRIPCI\u00d3N:<\/span><\/div>\n<ul>\n<li class=\"_1mf _1mj\" data-offset-key=\"73eva-0-0\"><span data-offset-key=\"73eva-0-0\">Ser docentes en activo o responsables de bienestar en un centro educativo.<\/span><\/li>\n<li class=\"_1mf _1mj\" data-offset-key=\"73eva-0-0\"><span data-offset-key=\"73eva-0-0\">Tener conocimientos b\u00e1sicos sobre normativas escolares y protecci\u00f3n de menores. <\/span><\/li>\n<li class=\"_1mf _1mj\" data-offset-key=\"73eva-0-0\"><span data-offset-key=\"73eva-0-0\">Disponer de conexi\u00f3n a internet y acceso a la plataforma virtual. <\/span><\/li>\n<\/ul>\n<div data-offset-key=\"73eva-0-0\"><\/div>\n<div class=\"_1mf _1mj\" data-offset-key=\"73eva-0-0\"><span data-offset-key=\"73eva-0-0\">CRITERIOS DE BAREMACI\u00d3N:<\/span><\/div>\n<div class=\"_1mf _1mj\" data-offset-key=\"73eva-0-0\"><span data-offset-key=\"73eva-0-0\"> 1\u00ba.- Coordinadoras y coordinadores de Bienestar en centros educativos. <\/span><\/div>\n<div class=\"_1mf _1mj\" data-offset-key=\"73eva-0-0\"><span data-offset-key=\"73eva-0-0\">2\u00ba.- Docentes y Orientadores. <\/span><\/div>\n<div class=\"_1mf _1mj\" data-offset-key=\"73eva-0-0\"><span data-offset-key=\"73eva-0-0\">3\u00ba.- Responsables de la seguridad y bienestar del alumnado. <\/span><\/div>\n<div class=\"_1mf _1mj\" data-offset-key=\"73eva-0-0\"><span data-offset-key=\"73eva-0-0\">4\u00ba.- Profesionales de la educaci\u00f3n interesados en la protecci\u00f3n digital y prevenci\u00f3n del acoso escolar.<\/span><\/div>\n<\/div>\n<div class=\"\" data-block=\"true\" data-editor=\"ehtod\" data-offset-key=\"b7efs-0-0\">\n<div class=\"_1mf _1mj\" data-offset-key=\"b7efs-0-0\"><span data-offset-key=\"b7efs-0-0\">\u00a0<\/span><\/div>\n<\/div>\n<div class=\"\" data-block=\"true\" data-editor=\"ehtod\" data-offset-key=\"b7aua-0-0\">\n<div class=\"_1mf _1mj\" data-offset-key=\"b7aua-0-0\"><span data-offset-key=\"b7aua-0-0\">INSCRIPCI\u00d3N Y PLAZOS:<\/span><\/div>\n<\/div>\n<div class=\"\" data-block=\"true\" data-editor=\"ehtod\" data-offset-key=\"89q6a-0-0\">\n<div class=\"_1mf _1mj\" data-offset-key=\"89q6a-0-0\"><span data-offset-key=\"89q6a-0-0\">Plazo de solicitudes: del 01\/04\/2025 al 08\/04\/2025, hasta las 10:00 h.<\/span><\/div>\n<\/div>\n<div class=\"\" data-block=\"true\" data-editor=\"ehtod\" data-offset-key=\"412id-0-0\">\n<div class=\"_1mf _1mj\" data-offset-key=\"412id-0-0\"><span data-offset-key=\"412id-0-0\">Publicaci\u00f3n listado provisional: 09\/04\/2025.<\/span><\/div>\n<\/div>\n<div class=\"\" data-block=\"true\" data-editor=\"ehtod\" data-offset-key=\"6vso1-0-0\">\n<div class=\"_1mf _1mj\" data-offset-key=\"6vso1-0-0\"><span data-offset-key=\"6vso1-0-0\">Plazo de reclamaci\u00f3n: 10\/04\/2025.<\/span><\/div>\n<\/div>\n<div class=\"\" data-block=\"true\" data-editor=\"ehtod\" data-offset-key=\"28ok-0-0\">\n<div class=\"_1mf _1mj\" data-offset-key=\"28ok-0-0\"><span data-offset-key=\"28ok-0-0\">Publicaci\u00f3n listado definitivo: 11\/04\/2025.<\/span><\/div>\n<div data-offset-key=\"28ok-0-0\"><\/div>\n<\/div>\n<div class=\"\" data-block=\"true\" data-editor=\"ehtod\" data-offset-key=\"bsn3j-0-0\">\n<div class=\"_1mf _1mj\" data-offset-key=\"bsn3j-0-0\"><span data-offset-key=\"bsn3j-0-0\">ASESOR\u00cdA RESPONSABLE:<\/span><\/div>\n<\/div>\n<div class=\"\" data-block=\"true\" data-editor=\"ehtod\" data-offset-key=\"76m5j-0-0\">\n<div class=\"_1mf _1mj\" data-offset-key=\"76m5j-0-0\"><span style=\"font-weight: inherit;\">Yajaira Grao Moral<\/span><\/div>\n<\/div>\n<div class=\"\" data-block=\"true\" data-editor=\"ehtod\" data-offset-key=\"bok7l-0-0\">\n<div class=\"_1mf _1mj\" data-offset-key=\"bok7l-0-0\"><span style=\"font-weight: inherit;\">Irene Casta\u00f1eda Cazorla<\/span><\/div>\n<\/div>\n<div class=\"\" data-block=\"true\" data-editor=\"ehtod\" data-offset-key=\"mra2-0-0\">\n<div class=\"_1mf _1mj\" data-offset-key=\"mra2-0-0\"><span data-offset-key=\"mra2-0-0\">\u00a0<\/span><\/div>\n<\/div>\n<div class=\"\" data-block=\"true\" data-editor=\"ehtod\" data-offset-key=\"8qo62-0-0\">\n<div class=\"_1mf _1mj\" data-offset-key=\"8qo62-0-0\"><span data-offset-key=\"8qo62-0-0\">Inscripci\u00f3n: <a href=\"https:\/\/www.juntadeandalucia.es\/educacion\/secretariavirtual\/consultaCEP\/actividad\/259901KPF557\/\">https:\/\/www.juntadeandalucia.es\/educacion\/secretariavirtual\/consultaCEP\/actividad\/259901KPF557\/<\/a><\/span><\/div>\n<div data-offset-key=\"8qo62-0-0\"><\/div>\n<\/div>\n<div data-offset-key=\"8qo62-0-0\"><img data-recalc-dims=\"1\" loading=\"lazy\" decoding=\"async\" class=\"aligncenter  wp-image-8443\" src=\"https:\/\/i0.wp.com\/cepronda.com\/blog\/wp-content\/uploads\/2025\/04\/FORMACION-DEL-COORDINADOR-DEL-BIENESTAR.-REGULACION-Y-CUMPLIMIENTO-LEY-82021-art.35-1.png?resize=317%2C317&#038;ssl=1\" alt=\"\" width=\"317\" height=\"317\" srcset=\"https:\/\/i0.wp.com\/cepronda.com\/blog\/wp-content\/uploads\/2025\/04\/FORMACION-DEL-COORDINADOR-DEL-BIENESTAR.-REGULACION-Y-CUMPLIMIENTO-LEY-82021-art.35-1.png?resize=1024%2C1024&amp;ssl=1 1024w, https:\/\/i0.wp.com\/cepronda.com\/blog\/wp-content\/uploads\/2025\/04\/FORMACION-DEL-COORDINADOR-DEL-BIENESTAR.-REGULACION-Y-CUMPLIMIENTO-LEY-82021-art.35-1.png?resize=300%2C300&amp;ssl=1 300w, https:\/\/i0.wp.com\/cepronda.com\/blog\/wp-content\/uploads\/2025\/04\/FORMACION-DEL-COORDINADOR-DEL-BIENESTAR.-REGULACION-Y-CUMPLIMIENTO-LEY-82021-art.35-1.png?resize=150%2C150&amp;ssl=1 150w, https:\/\/i0.wp.com\/cepronda.com\/blog\/wp-content\/uploads\/2025\/04\/FORMACION-DEL-COORDINADOR-DEL-BIENESTAR.-REGULACION-Y-CUMPLIMIENTO-LEY-82021-art.35-1.png?resize=768%2C768&amp;ssl=1 768w, https:\/\/i0.wp.com\/cepronda.com\/blog\/wp-content\/uploads\/2025\/04\/FORMACION-DEL-COORDINADOR-DEL-BIENESTAR.-REGULACION-Y-CUMPLIMIENTO-LEY-82021-art.35-1.png?resize=50%2C50&amp;ssl=1 50w, https:\/\/i0.wp.com\/cepronda.com\/blog\/wp-content\/uploads\/2025\/04\/FORMACION-DEL-COORDINADOR-DEL-BIENESTAR.-REGULACION-Y-CUMPLIMIENTO-LEY-82021-art.35-1.png?w=1080&amp;ssl=1 1080w\" sizes=\"auto, (max-width: 317px) 100vw, 317px\" \/><\/div>\n","protected":false},"excerpt":{"rendered":"<p>Abierto el plazo de solicitudes para \u00abFORMACI\u00d3N DEL COORDINADOR DEL BIENESTAR. REGULACI\u00d3N Y CUMPLIMIENTO LEY 8\/2021 art.35\u00bb, con c\u00f3digo 259901KPF557. \u00a0 REQUISITOS DE INSCRIPCI\u00d3N: Ser docentes en activo o responsables de bienestar en un centro educativo. Tener conocimientos b\u00e1sicos sobre normativas escolares y protecci\u00f3n de menores. Disponer de conexi\u00f3n a internet y acceso a la [&hellip;]<\/p>\n","protected":false},"author":9,"featured_media":8443,"comment_status":"closed","ping_status":"open","sticky":false,"template":"","format":"standard","meta":{"_crdt_document":"","advanced_seo_description":"","jetpack_seo_html_title":"","jetpack_seo_noindex":false,"jetpack_post_was_ever_published":false,"_jetpack_newsletter_access":"","_jetpack_dont_email_post_to_subs":false,"_jetpack_newsletter_tier_id":0,"_jetpack_memberships_contains_paywalled_content":false,"_jetpack_memberships_contains_paid_content":false,"footnotes":"","jetpack_publicize_message":"","jetpack_publicize_feature_enabled":true,"jetpack_social_post_already_shared":false,"jetpack_social_options":{"image_generator_settings":{"template":"highway","default_image_id":0,"font":"","enabled":false},"version":2}},"categories":[3],"tags":[],"class_list":{"0":"post-8442","1":"post","2":"type-post","3":"status-publish","4":"format-standard","5":"has-post-thumbnail","7":"category-formaciones","8":"czr-hentry"},"jetpack_publicize_connections":[],"jetpack_featured_media_url":"https:\/\/i0.wp.com\/cepronda.com\/blog\/wp-content\/uploads\/2025\/04\/FORMACION-DEL-COORDINADOR-DEL-BIENESTAR.-REGULACION-Y-CUMPLIMIENTO-LEY-82021-art.35-1.png?fit=1080%2C1080&ssl=1","jetpack_shortlink":"https:\/\/wp.me\/p8M4X7-2ca","jetpack-related-posts":[{"id":9484,"url":"https:\/\/cepronda.com\/blog\/la-coordinacion-del-bienestar-y-proteccion-del-alumnado-en-centros-docentes-de-andalucia\/","url_meta":{"origin":8442,"position":0},"title":"LA COORDINACI\u00d3N DEL BIENESTAR Y PROTECCI\u00d3N DEL ALUMNADO EN CENTROS DOCENTES DE ANDALUC\u00cdA","author":"Inmaculada Garc\u00eda","date":"27 marzo, 2026","format":false,"excerpt":"Se encuentra abierto el plazo de inscripci\u00f3n para la formaci\u00f3n provincial a distancia: LA COORDINACI\u00d3N DEL BIENESTAR Y PROTECCI\u00d3N DEL ALUMNADO EN CENTROS DOCENTES DE ANDALUC\u00cdA, con c\u00f3digo: 269923CI437 \u00bfEres la persona encargada de la coordinaci\u00f3n de bienestar en tu centro? Esta actividad es para ti. Potencia la seguridad y\u2026","rel":"","context":"En \u00abFormaciones\u00bb","block_context":{"text":"Formaciones","link":"https:\/\/cepronda.com\/blog\/category\/formaciones\/"},"img":{"alt_text":"","src":"https:\/\/i0.wp.com\/cepronda.com\/blog\/wp-content\/uploads\/2026\/03\/Modelo-Plantilla-publicaciones.jpg?fit=960%2C1200&ssl=1&resize=350%2C200","width":350,"height":200,"srcset":"https:\/\/i0.wp.com\/cepronda.com\/blog\/wp-content\/uploads\/2026\/03\/Modelo-Plantilla-publicaciones.jpg?fit=960%2C1200&ssl=1&resize=350%2C200 1x, https:\/\/i0.wp.com\/cepronda.com\/blog\/wp-content\/uploads\/2026\/03\/Modelo-Plantilla-publicaciones.jpg?fit=960%2C1200&ssl=1&resize=525%2C300 1.5x, https:\/\/i0.wp.com\/cepronda.com\/blog\/wp-content\/uploads\/2026\/03\/Modelo-Plantilla-publicaciones.jpg?fit=960%2C1200&ssl=1&resize=700%2C400 2x"},"classes":[]},{"id":8172,"url":"https:\/\/cepronda.com\/blog\/curso-provincial-bienestar-emocional-y-autocuidado-del-personal-docente-codigo-259925ci478\/","url_meta":{"origin":8442,"position":1},"title":"BIENESTAR EMOCIONAL Y AUTOCUIDADO DEL PERSONAL DOCENTE.","author":"Inmaculada Garc\u00eda","date":"19 febrero, 2025","format":false,"excerpt":"Se encuentra abierto el plazo de inscripci\u00f3n del curso provincial:\u00a0 \"BIENESTAR EMOCIONAL Y AUTOCUIDADO DEL PERSONAL DOCENTE.\"\u00a0\u00a0C\u00f3digo:\u00a0259925CI478 Curso\u00a0a distancia, de 30 horas de duraci\u00f3n, en el Aula Virtual de Formaci\u00f3n del Profesorado. Internivelar. Plazo de inscripci\u00f3n:\u00a0del 18 de febrero al 3 de marzo de 2025. Fechas\u00a0de\u00a0realizaci\u00f3n:\u00a0del 11 de marzo al\u2026","rel":"","context":"En \u00abFormaciones\u00bb","block_context":{"text":"Formaciones","link":"https:\/\/cepronda.com\/blog\/category\/formaciones\/"},"img":{"alt_text":"","src":"https:\/\/i0.wp.com\/cepronda.com\/blog\/wp-content\/uploads\/2025\/02\/BINESTAR-EMOCIONAL-Y-AUTOCUIDADO-DEL-PERSONAL-DOCENTE.jpg?fit=864%2C1080&ssl=1&resize=350%2C200","width":350,"height":200,"srcset":"https:\/\/i0.wp.com\/cepronda.com\/blog\/wp-content\/uploads\/2025\/02\/BINESTAR-EMOCIONAL-Y-AUTOCUIDADO-DEL-PERSONAL-DOCENTE.jpg?fit=864%2C1080&ssl=1&resize=350%2C200 1x, https:\/\/i0.wp.com\/cepronda.com\/blog\/wp-content\/uploads\/2025\/02\/BINESTAR-EMOCIONAL-Y-AUTOCUIDADO-DEL-PERSONAL-DOCENTE.jpg?fit=864%2C1080&ssl=1&resize=525%2C300 1.5x, https:\/\/i0.wp.com\/cepronda.com\/blog\/wp-content\/uploads\/2025\/02\/BINESTAR-EMOCIONAL-Y-AUTOCUIDADO-DEL-PERSONAL-DOCENTE.jpg?fit=864%2C1080&ssl=1&resize=700%2C400 2x"},"classes":[]},{"id":5416,"url":"https:\/\/cepronda.com\/blog\/cuerpo-y-movimiento-las-claves-del-bienestar-en-el-trabajo\/","url_meta":{"origin":8442,"position":2},"title":"CUERPO Y MOVIMIENTO, LAS CLAVES DEL BIENESTAR EN EL TRABAJO.","author":"Inmaculada Garc\u00eda","date":"8 septiembre, 2022","format":false,"excerpt":"Os informamos que se ha abierto el plazo de inscripci\u00f3n en el curso: CUERPO Y MOVIMIENTO, LAS CLAVES DEL BIENESTAR EN EL TRABAJO.(C\u00f3digo: 232924GE005). Curso Presencial de 10 horas de duraci\u00f3n que se desarrollar\u00e1 en el Sal\u00f3n de Actos del CeP de Ronda, en horarios de16:30 a 18:00 los d\u00edas:\u00a0\u2026","rel":"","context":"En \u00abFormaciones\u00bb","block_context":{"text":"Formaciones","link":"https:\/\/cepronda.com\/blog\/category\/formaciones\/"},"img":{"alt_text":"","src":"https:\/\/i0.wp.com\/cepronda.com\/blog\/wp-content\/uploads\/2022\/09\/curso-cuerpo-y-movimiento-foto.jpg?fit=848%2C1200&ssl=1&resize=350%2C200","width":350,"height":200,"srcset":"https:\/\/i0.wp.com\/cepronda.com\/blog\/wp-content\/uploads\/2022\/09\/curso-cuerpo-y-movimiento-foto.jpg?fit=848%2C1200&ssl=1&resize=350%2C200 1x, https:\/\/i0.wp.com\/cepronda.com\/blog\/wp-content\/uploads\/2022\/09\/curso-cuerpo-y-movimiento-foto.jpg?fit=848%2C1200&ssl=1&resize=525%2C300 1.5x, https:\/\/i0.wp.com\/cepronda.com\/blog\/wp-content\/uploads\/2022\/09\/curso-cuerpo-y-movimiento-foto.jpg?fit=848%2C1200&ssl=1&resize=700%2C400 2x"},"classes":[]},{"id":4050,"url":"https:\/\/cepronda.com\/blog\/creando-aulas-resilientes-2\/","url_meta":{"origin":8442,"position":3},"title":"MINDFULNESS, BIENESTAR EMOCIONAL Y CREATIVIDAD EN EL AULA DE INGL\u00c9S","author":"V\u00edctor Caballero","date":"15 diciembre, 2020","format":false,"excerpt":"Muy buenas, compa\u00f1eros y compa\u00f1eras. Se abre el plazo para participar en la actividad formativa a nivel provincial que lleva el CEP de Marbella-Co\u00edn titulada:\u00a0 \"MINDFULNESS, BIENESTAR EMOCIONAL Y CREATIVIDAD EN EL AULA DE INGL\u00c9S\", con Lawrence Body. Esperamos que sea de vuestro inter\u00e9s. Un saludo. Fecha actividad:\u00a004\/02\/2021 hasta 22\/04\/2021\u2026","rel":"","context":"En \u00abNoticias\u00bb","block_context":{"text":"Noticias","link":"https:\/\/cepronda.com\/blog\/category\/noticias\/"},"img":{"alt_text":"","src":"https:\/\/i0.wp.com\/cepronda.com\/blog\/wp-content\/uploads\/2020\/12\/WhatsApp-Image-2020-12-15-at-11.04.01.jpeg?fit=848%2C1200&ssl=1&resize=350%2C200","width":350,"height":200,"srcset":"https:\/\/i0.wp.com\/cepronda.com\/blog\/wp-content\/uploads\/2020\/12\/WhatsApp-Image-2020-12-15-at-11.04.01.jpeg?fit=848%2C1200&ssl=1&resize=350%2C200 1x, https:\/\/i0.wp.com\/cepronda.com\/blog\/wp-content\/uploads\/2020\/12\/WhatsApp-Image-2020-12-15-at-11.04.01.jpeg?fit=848%2C1200&ssl=1&resize=525%2C300 1.5x, https:\/\/i0.wp.com\/cepronda.com\/blog\/wp-content\/uploads\/2020\/12\/WhatsApp-Image-2020-12-15-at-11.04.01.jpeg?fit=848%2C1200&ssl=1&resize=700%2C400 2x"},"classes":[]},{"id":8160,"url":"https:\/\/cepronda.com\/blog\/cuidando-cuerpo-y-mente-primeros-auxilios-y-bienestar-emocional-para-la-comunidad-educativa\/","url_meta":{"origin":8442,"position":4},"title":"CUIDANDO CUERPO Y MENTE: PRIMEROS AUXILIOS Y BIENESTAR EMOCIONAL PARA LA COMUNIDAD EDUCATIVA","author":"Mamen Moreno","date":"11 febrero, 2025","format":false,"excerpt":"Ya est\u00e1 abierto el plazo de inscripciones para el curso \"CUIDANDO CUERPO Y MENTE: PRIMEROS AUXILIOS Y BIENESTAR EMOCIONAL PARA LA COMUNIDAD EDUCATIVA\" C\u00f3digo 252924GE052 Fechas del curso: 6 y 18 de marzo de 2025 en horario de 16:30 a 19:30 Horas: 8 horas (6 presenciales y 2 no presenciales)\u2026","rel":"","context":"En \u00abFormaciones\u00bb","block_context":{"text":"Formaciones","link":"https:\/\/cepronda.com\/blog\/category\/formaciones\/"},"img":{"alt_text":"","src":"https:\/\/i0.wp.com\/cepronda.com\/blog\/wp-content\/uploads\/2025\/02\/cuidando-cuerpo-y-mente.-primeros-auxilios-y-bienestar-emocional-para-la-comunidad-educativa-1.png?fit=1200%2C1200&ssl=1&resize=350%2C200","width":350,"height":200,"srcset":"https:\/\/i0.wp.com\/cepronda.com\/blog\/wp-content\/uploads\/2025\/02\/cuidando-cuerpo-y-mente.-primeros-auxilios-y-bienestar-emocional-para-la-comunidad-educativa-1.png?fit=1200%2C1200&ssl=1&resize=350%2C200 1x, https:\/\/i0.wp.com\/cepronda.com\/blog\/wp-content\/uploads\/2025\/02\/cuidando-cuerpo-y-mente.-primeros-auxilios-y-bienestar-emocional-para-la-comunidad-educativa-1.png?fit=1200%2C1200&ssl=1&resize=525%2C300 1.5x, https:\/\/i0.wp.com\/cepronda.com\/blog\/wp-content\/uploads\/2025\/02\/cuidando-cuerpo-y-mente.-primeros-auxilios-y-bienestar-emocional-para-la-comunidad-educativa-1.png?fit=1200%2C1200&ssl=1&resize=700%2C400 2x, https:\/\/i0.wp.com\/cepronda.com\/blog\/wp-content\/uploads\/2025\/02\/cuidando-cuerpo-y-mente.-primeros-auxilios-y-bienestar-emocional-para-la-comunidad-educativa-1.png?fit=1200%2C1200&ssl=1&resize=1050%2C600 3x"},"classes":[]},{"id":4028,"url":"https:\/\/cepronda.com\/blog\/funcion-directiva-curso-de-formacion\/","url_meta":{"origin":8442,"position":5},"title":"Funci\u00f3n directiva. Curso de formaci\u00f3n.","author":"Maribel Mu\u00f1oz","date":"10 diciembre, 2020","format":false,"excerpt":"Buenos d\u00edas compa\u00f1eras y compa\u00f1eros, Os informamos que est\u00e1 publicada la Resoluci\u00f3n de 30 de noviembre de 2020, de la Direcci\u00f3n General de Formaci\u00f3n del Profesorado e Innovaci\u00f3n Educativa, por la que se convoca curso de formaci\u00f3n sobre el desarrollo de la funci\u00f3n directiva establecido en el art\u00edculo 134.1 de\u2026","rel":"","context":"En \u00abFormaciones\u00bb","block_context":{"text":"Formaciones","link":"https:\/\/cepronda.com\/blog\/category\/formaciones\/"},"img":{"alt_text":"","src":"https:\/\/i0.wp.com\/cepronda.com\/blog\/wp-content\/uploads\/2020\/03\/S%C2%B0mbolo-gen%C3%87rico-RRSS-redondo-negativo.png?fit=1200%2C1200&ssl=1&resize=350%2C200","width":350,"height":200,"srcset":"https:\/\/i0.wp.com\/cepronda.com\/blog\/wp-content\/uploads\/2020\/03\/S%C2%B0mbolo-gen%C3%87rico-RRSS-redondo-negativo.png?fit=1200%2C1200&ssl=1&resize=350%2C200 1x, https:\/\/i0.wp.com\/cepronda.com\/blog\/wp-content\/uploads\/2020\/03\/S%C2%B0mbolo-gen%C3%87rico-RRSS-redondo-negativo.png?fit=1200%2C1200&ssl=1&resize=525%2C300 1.5x, https:\/\/i0.wp.com\/cepronda.com\/blog\/wp-content\/uploads\/2020\/03\/S%C2%B0mbolo-gen%C3%87rico-RRSS-redondo-negativo.png?fit=1200%2C1200&ssl=1&resize=700%2C400 2x, https:\/\/i0.wp.com\/cepronda.com\/blog\/wp-content\/uploads\/2020\/03\/S%C2%B0mbolo-gen%C3%87rico-RRSS-redondo-negativo.png?fit=1200%2C1200&ssl=1&resize=1050%2C600 3x"},"classes":[]}],"jetpack_sharing_enabled":true,"_links":{"self":[{"href":"https:\/\/cepronda.com\/blog\/wp-json\/wp\/v2\/posts\/8442","targetHints":{"allow":["GET"]}}],"collection":[{"href":"https:\/\/cepronda.com\/blog\/wp-json\/wp\/v2\/posts"}],"about":[{"href":"https:\/\/cepronda.com\/blog\/wp-json\/wp\/v2\/types\/post"}],"author":[{"embeddable":true,"href":"https:\/\/cepronda.com\/blog\/wp-json\/wp\/v2\/users\/9"}],"replies":[{"embeddable":true,"href":"https:\/\/cepronda.com\/blog\/wp-json\/wp\/v2\/comments?post=8442"}],"version-history":[{"count":1,"href":"https:\/\/cepronda.com\/blog\/wp-json\/wp\/v2\/posts\/8442\/revisions"}],"predecessor-version":[{"id":8444,"href":"https:\/\/cepronda.com\/blog\/wp-json\/wp\/v2\/posts\/8442\/revisions\/8444"}],"wp:featuredmedia":[{"embeddable":true,"href":"https:\/\/cepronda.com\/blog\/wp-json\/wp\/v2\/media\/8443"}],"wp:attachment":[{"href":"https:\/\/cepronda.com\/blog\/wp-json\/wp\/v2\/media?parent=8442"}],"wp:term":[{"taxonomy":"category","embeddable":true,"href":"https:\/\/cepronda.com\/blog\/wp-json\/wp\/v2\/categories?post=8442"},{"taxonomy":"post_tag","embeddable":true,"href":"https:\/\/cepronda.com\/blog\/wp-json\/wp\/v2\/tags?post=8442"}],"curies":[{"name":"wp","href":"https:\/\/api.w.org\/{rel}","templated":true}]}}