{"id":8430,"date":"2025-04-01T12:37:10","date_gmt":"2025-04-01T10:37:10","guid":{"rendered":"https:\/\/cepronda.com\/blog\/?p=8430"},"modified":"2025-04-28T12:10:09","modified_gmt":"2025-04-28T10:10:09","slug":"vii-jornadas-provinciales-de-educacion-fisica","status":"publish","type":"post","link":"https:\/\/cepronda.com\/blog\/vii-jornadas-provinciales-de-educacion-fisica\/","title":{"rendered":"VII JORNADAS PROVINCIALES DE EDUCACI\u00d3N F\u00cdSICA. MODELOS PEDAG\u00d3GICOS"},"content":{"rendered":"<p>Se abre el plazo de inscripci\u00f3n para las <strong>\u00abVII JORNADAS PROVINCIALES DE EDUCACI\u00d3N F\u00cdSICA (#EFIMA25): MODELOS PEDAG\u00d3GICOS EN EDUCACI\u00d3N F\u00cdSICA\u00bb<\/strong><br \/>\nDirigida al <strong>profesorado de Educaci\u00f3n F\u00edsica de la provincia de M\u00e1laga.<\/strong><\/p>\n<p><strong>Las fechas de realizaci\u00f3n:<\/strong>\u00a014 y 15 de mayo de 2025<br \/>\n<strong>Lugar:<\/strong> CEULAJ de Mollina.<\/p>\n<p><strong>Fechas de inscripci\u00f3n:<\/strong> desde el 1 de abril a las 12:00 pm al 23 de abril a las 9:00 am.<\/p>\n<p>M\u00e1s informaci\u00f3n e inscripci\u00f3n en el siguiente enlace:<\/p>\n<p><strong><a href=\"https:\/\/www.juntadeandalucia.es\/educacion\/secretariavirtual\/consultaCEP\/actividad\/252925IC500\/\">https:\/\/www.juntadeandalucia.es\/educacion\/secretariavirtual\/consultaCEP\/actividad\/252925IC500\/<\/a><\/strong><\/p>\n<p>Canal de Telegram, para estar informado\/a de todas las novedades:<br \/>\n<strong><a href=\"https:\/\/t.me\/+awtOdElzmQJiOTM0\">https:\/\/t.me\/+awtOdElzmQJiOTM0<\/a><\/strong><\/p>\n<p><strong><a href=\"https:\/\/www.youtube.com\/watch?v=QLAFFU16oVc&amp;list=PLKPEeRPeshQhtsW8sOlBrK5TmqEqetY1W\">Canal de YouTube<\/a><\/strong> con la narrativa a usar en el modelo pedag\u00f3gico de Gamificaci\u00f3n<\/p>\n<p>Web de #EFIMA25:<\/p>\n<p><strong><a href=\"https:\/\/sites.google.com\/g.educaand.es\/jornadasprovincialesefima\/sobre-la-jornada\">https:\/\/sites.google.com\/g.educaand.es\/jornadasprovincialesefima\/sobre-la-jornada<\/a><\/strong><\/p>\n<p><strong>IMPORTANTE: Permiso de asistencia:<\/strong><\/p>\n<p><span style=\"font-weight: inherit;\">En caso de obtener plaza, el profesorado solicitante ser\u00e1 el responsable de tramitar el permiso de asistencia a la formaci\u00f3n para la ma\u00f1ana del jueves 15 de mayo. Se realizar\u00e1 entregando los siguientes documentos a la Direcci\u00f3n de tu centro educativo. <\/span><\/p>\n<ul>\n<li><span style=\"font-weight: inherit;\">Anexo I permisos por formaci\u00f3n <\/span><\/li>\n<li><span style=\"font-weight: inherit;\">Ficha de S\u00e9neca o Programa de la actividad <\/span><\/li>\n<li><span style=\"font-weight: inherit;\">Informe con las medidas de atenci\u00f3n al alumnado<\/span><\/li>\n<\/ul>\n<p>&nbsp;<\/p>\n<p><img data-recalc-dims=\"1\" loading=\"lazy\" decoding=\"async\" class=\"aligncenter wp-image-8437 size-full\" src=\"https:\/\/i0.wp.com\/cepronda.com\/blog\/wp-content\/uploads\/2025\/04\/Captura-de-pantalla-2025-04-01-a-las-12.27.42.png?resize=716%2C1009&#038;ssl=1\" alt=\"\" width=\"716\" height=\"1009\" srcset=\"https:\/\/i0.wp.com\/cepronda.com\/blog\/wp-content\/uploads\/2025\/04\/Captura-de-pantalla-2025-04-01-a-las-12.27.42.png?w=716&amp;ssl=1 716w, https:\/\/i0.wp.com\/cepronda.com\/blog\/wp-content\/uploads\/2025\/04\/Captura-de-pantalla-2025-04-01-a-las-12.27.42.png?resize=213%2C300&amp;ssl=1 213w\" sizes=\"auto, (max-width: 716px) 100vw, 716px\" \/><\/p>\n<p>&nbsp;<\/p>\n","protected":false},"excerpt":{"rendered":"<p>Se abre el plazo de inscripci\u00f3n para las \u00abVII JORNADAS PROVINCIALES DE EDUCACI\u00d3N F\u00cdSICA (#EFIMA25): MODELOS PEDAG\u00d3GICOS EN EDUCACI\u00d3N F\u00cdSICA\u00bb Dirigida al profesorado de Educaci\u00f3n F\u00edsica de la provincia de M\u00e1laga. Las fechas de realizaci\u00f3n:\u00a014 y 15 de mayo de 2025 Lugar: CEULAJ de Mollina. Fechas de inscripci\u00f3n: desde el 1 de abril a las [&hellip;]<\/p>\n","protected":false},"author":3,"featured_media":8437,"comment_status":"closed","ping_status":"open","sticky":false,"template":"","format":"standard","meta":{"_crdt_document":"","advanced_seo_description":"","jetpack_seo_html_title":"","jetpack_seo_noindex":false,"jetpack_post_was_ever_published":false,"_jetpack_newsletter_access":"","_jetpack_dont_email_post_to_subs":false,"_jetpack_newsletter_tier_id":0,"_jetpack_memberships_contains_paywalled_content":false,"_jetpack_memberships_contains_paid_content":false,"footnotes":"","jetpack_publicize_message":"","jetpack_publicize_feature_enabled":true,"jetpack_social_post_already_shared":false,"jetpack_social_options":{"image_generator_settings":{"template":"highway","default_image_id":0,"font":"","enabled":false},"version":2}},"categories":[3],"tags":[362,158,401],"class_list":{"0":"post-8430","1":"post","2":"type-post","3":"status-publish","4":"format-standard","5":"has-post-thumbnail","7":"category-formaciones","8":"tag-emociones","9":"tag-gamificacion","10":"tag-tde","11":"czr-hentry"},"jetpack_publicize_connections":[],"jetpack_featured_media_url":"https:\/\/i0.wp.com\/cepronda.com\/blog\/wp-content\/uploads\/2025\/04\/Captura-de-pantalla-2025-04-01-a-las-12.27.42.png?fit=716%2C1009&ssl=1","jetpack_shortlink":"https:\/\/wp.me\/p8M4X7-2bY","jetpack-related-posts":[{"id":5814,"url":"https:\/\/cepronda.com\/blog\/vi-jornadas-provinciales-de-educacion-fisica-provincia-de-malaga-inscripciones\/","url_meta":{"origin":8430,"position":0},"title":"VI JORNADAS PROVINCIALES DE EDUCACI\u00d3N F\u00cdSICA (Provincia de M\u00e1laga) \u00a1Inscripciones!","author":"V\u00edctor Caballero","date":"7 marzo, 2023","format":false,"excerpt":"Abierta inscripci\u00f3n VI JORNADAS PROVINCIALES DE EDUCACI\u00d3N F\u00cdSICA: LOMLOE Y COMPETENCIA DIGITAL DOCENTE. C\u00f3digo: 232926EF512 Inscripciones: desde el 07\/03\/2023 hasta 20\/03\/2023 Comienzo de las Jornadas: 10\/05\/2023 Lugar de realizaci\u00f3n: Torre del Mar (V\u00e9lez-M\u00e1laga) Detalle e inscripci\u00f3n: https:\/\/www.juntadeandalucia.es\/educacion\/secretariavirtual\/consultaCEP\/actividad\/232926EF512\/ Rogamos la lectura de las OBSERVACIONES en la ficha de S\u00c9NECA antes de\u2026","rel":"","context":"En \u00abNoticias\u00bb","block_context":{"text":"Noticias","link":"https:\/\/cepronda.com\/blog\/category\/noticias\/"},"img":{"alt_text":"","src":"https:\/\/i0.wp.com\/cepronda.com\/blog\/wp-content\/uploads\/2023\/03\/Cartel-EF.jpeg?fit=848%2C1200&ssl=1&resize=350%2C200","width":350,"height":200,"srcset":"https:\/\/i0.wp.com\/cepronda.com\/blog\/wp-content\/uploads\/2023\/03\/Cartel-EF.jpeg?fit=848%2C1200&ssl=1&resize=350%2C200 1x, https:\/\/i0.wp.com\/cepronda.com\/blog\/wp-content\/uploads\/2023\/03\/Cartel-EF.jpeg?fit=848%2C1200&ssl=1&resize=525%2C300 1.5x, https:\/\/i0.wp.com\/cepronda.com\/blog\/wp-content\/uploads\/2023\/03\/Cartel-EF.jpeg?fit=848%2C1200&ssl=1&resize=700%2C400 2x"},"classes":[]},{"id":8879,"url":"https:\/\/cepronda.com\/blog\/documental-jornadas-de-educacion-fisica-2025\/","url_meta":{"origin":8430,"position":1},"title":"DOCUMENTAL JORNADAS DE EDUCACI\u00d3N F\u00cdSICA 2025","author":"Mamen Moreno","date":"3 octubre, 2025","format":false,"excerpt":"Compartimos el v\u00eddeo resumen de las Jornadas celebradas los d\u00edas 14 y 15 de mayo de 2025 en CEULAJ, Mollina (CEP de Antequera), organizadas por el Equipo Provincial del \u00e1mbito de Educaci\u00f3n F\u00edsica de la provincia de M\u00e1laga. Estas jornadas incluyeron talleres pr\u00e1cticos, retos f\u00edsicos cooperativos, experiencias con modelos pedag\u00f3gicos\u2026","rel":"","context":"En \u00abNoticias\u00bb","block_context":{"text":"Noticias","link":"https:\/\/cepronda.com\/blog\/category\/noticias\/"},"img":{"alt_text":"","src":"https:\/\/i0.wp.com\/cepronda.com\/blog\/wp-content\/uploads\/2025\/10\/Z60XprHTf5nIO0ge.jpg?fit=675%2C1200&ssl=1&resize=350%2C200","width":350,"height":200,"srcset":"https:\/\/i0.wp.com\/cepronda.com\/blog\/wp-content\/uploads\/2025\/10\/Z60XprHTf5nIO0ge.jpg?fit=675%2C1200&ssl=1&resize=350%2C200 1x, https:\/\/i0.wp.com\/cepronda.com\/blog\/wp-content\/uploads\/2025\/10\/Z60XprHTf5nIO0ge.jpg?fit=675%2C1200&ssl=1&resize=525%2C300 1.5x"},"classes":[]},{"id":5789,"url":"https:\/\/cepronda.com\/blog\/vi-jornadas-provinciales-de-educacion-fisica-provincia-de-malaga\/","url_meta":{"origin":8430,"position":2},"title":"VI JORNADAS PROVINCIALES DE EDUCACI\u00d3N F\u00cdSICA (Provincia de M\u00e1laga)","author":"V\u00edctor Caballero","date":"17 febrero, 2023","format":false,"excerpt":"Buenos d\u00edas. \u00a1Este curso s\u00ed que s\u00ed! El equipo provincial de Educaci\u00f3n F\u00edsica de la red asesora de la provincia de M\u00e1laga ya est\u00e1 trabajando de pleno en las VI Jornadas provinciales de E.F. Muy atentos a las redes sociales y a la mensajer\u00eda de S\u00e9neca ya que las plazas\u2026","rel":"","context":"En \u00abNoticias\u00bb","block_context":{"text":"Noticias","link":"https:\/\/cepronda.com\/blog\/category\/noticias\/"},"img":{"alt_text":"","src":"https:\/\/i0.wp.com\/cepronda.com\/blog\/wp-content\/uploads\/2023\/02\/EF.jpeg?fit=1080%2C1080&ssl=1&resize=350%2C200","width":350,"height":200,"srcset":"https:\/\/i0.wp.com\/cepronda.com\/blog\/wp-content\/uploads\/2023\/02\/EF.jpeg?fit=1080%2C1080&ssl=1&resize=350%2C200 1x, https:\/\/i0.wp.com\/cepronda.com\/blog\/wp-content\/uploads\/2023\/02\/EF.jpeg?fit=1080%2C1080&ssl=1&resize=525%2C300 1.5x, https:\/\/i0.wp.com\/cepronda.com\/blog\/wp-content\/uploads\/2023\/02\/EF.jpeg?fit=1080%2C1080&ssl=1&resize=700%2C400 2x, https:\/\/i0.wp.com\/cepronda.com\/blog\/wp-content\/uploads\/2023\/02\/EF.jpeg?fit=1080%2C1080&ssl=1&resize=1050%2C600 3x"},"classes":[]},{"id":7591,"url":"https:\/\/cepronda.com\/blog\/i-jornadas-provinciales-profesorado-de-educacion-plastica-visual-y-audiovisual\/","url_meta":{"origin":8430,"position":3},"title":"I JORNADAS PROVINCIALES PROFESORADO DE EDUCACI\u00d3N PL\u00c1STICA, VISUAL Y AUDIOVISUAL.","author":"Mamen Moreno","date":"22 abril, 2024","format":false,"excerpt":"Abierto el plazo de solicitudes de las I JORNADAS PROVINCIALES PROFESORADO DE EDUCACI\u00d3N PL\u00c1STICA, VISUAL Y AUDIOVISUAL. 8 horas presenciales (Lugar: Colecci\u00f3n del Museo Ruso de M\u00e1laga). Fecha inscripci\u00f3n: 22\/04\/2024 hasta 06\/05\/2024. Fecha actividad: 16\/05\/2024. M\u00e1s informaci\u00f3n e inscripci\u00f3n: https:\/\/www.juntadeandalucia.es\/educacion\/secretariavirtual\/consultaCEP\/actividad\/242922GE257\/","rel":"","context":"En \u00abNoticias\u00bb","block_context":{"text":"Noticias","link":"https:\/\/cepronda.com\/blog\/category\/noticias\/"},"img":{"alt_text":"","src":"https:\/\/i0.wp.com\/cepronda.com\/blog\/wp-content\/uploads\/2024\/04\/WhatsApp-Image-2024-04-20-at-11.09.52.jpeg?fit=942%2C787&ssl=1&resize=350%2C200","width":350,"height":200,"srcset":"https:\/\/i0.wp.com\/cepronda.com\/blog\/wp-content\/uploads\/2024\/04\/WhatsApp-Image-2024-04-20-at-11.09.52.jpeg?fit=942%2C787&ssl=1&resize=350%2C200 1x, https:\/\/i0.wp.com\/cepronda.com\/blog\/wp-content\/uploads\/2024\/04\/WhatsApp-Image-2024-04-20-at-11.09.52.jpeg?fit=942%2C787&ssl=1&resize=525%2C300 1.5x, https:\/\/i0.wp.com\/cepronda.com\/blog\/wp-content\/uploads\/2024\/04\/WhatsApp-Image-2024-04-20-at-11.09.52.jpeg?fit=942%2C787&ssl=1&resize=700%2C400 2x"},"classes":[]},{"id":1114,"url":"https:\/\/cepronda.com\/blog\/jornadas-de-educacion-fisica\/","url_meta":{"origin":8430,"position":4},"title":"Jornadas de Educaci\u00f3n F\u00edsica","author":"V\u00edctor Caballero","date":"9 junio, 2017","format":false,"excerpt":"Muy buenas, Como sab\u00e9is desde ayer tarde estamos celebrando las Jornadas Provinciales de Educaci\u00f3n F\u00edsica en el Albergue de Cortes de la Frontera. Est\u00e1n siendo unas jornadas muy muy divertidas, din\u00e1micas, activas, l\u00fadicas,... Como muestra aqu\u00ed ten\u00e9is algunas fotos y v\u00eddeos \u00a0 https:\/\/youtu.be\/Arpu3HCIIkk https:\/\/youtu.be\/5m7Tf8Hpp_w","rel":"","context":"En \u00abNoticias\u00bb","block_context":{"text":"Noticias","link":"https:\/\/cepronda.com\/blog\/category\/noticias\/"},"img":{"alt_text":"","src":"https:\/\/i0.wp.com\/cepronda.com\/blog\/wp-content\/uploads\/2017\/06\/WhatsApp-Image-2017-06-09-at-09.25.16-300x225.jpeg?resize=350%2C200","width":350,"height":200},"classes":[]},{"id":5954,"url":"https:\/\/cepronda.com\/blog\/jornadas-provinciales-nuevos-retos-y-enfoques-para-una-direccion-de-exito\/","url_meta":{"origin":8430,"position":5},"title":"JORNADAS PROVINCIALES \u00abNUEVOS RETOS Y ENFOQUES PARA UNA DIRECCI\u00d3N DE \u00c9XITO\u00bb","author":"Mamen Moreno","date":"21 abril, 2023","format":false,"excerpt":"Se encuentra abierto el plazo de inscripci\u00f3n para las Jornadas Provinciales de Directores y Directoras \"NUEVOS RETOS Y ENFOQUES PARA UNA DIRECCI\u00d3N DE \u00c9XITO\" Inscripci\u00f3n: desde 20 de abril a 19 de mayo Fecha: 1 de junio Lugar: Facultad de Ciencias de la Educaci\u00f3n (UMA) Duraci\u00f3n: 8 horas M\u00e1s informaci\u00f3n\u2026","rel":"","context":"En \u00abNoticias\u00bb","block_context":{"text":"Noticias","link":"https:\/\/cepronda.com\/blog\/category\/noticias\/"},"img":{"alt_text":"","src":"https:\/\/i0.wp.com\/cepronda.com\/blog\/wp-content\/uploads\/2023\/04\/WhatsApp-Image-2023-04-20-at-17.21.58.jpeg?fit=1080%2C1080&ssl=1&resize=350%2C200","width":350,"height":200,"srcset":"https:\/\/i0.wp.com\/cepronda.com\/blog\/wp-content\/uploads\/2023\/04\/WhatsApp-Image-2023-04-20-at-17.21.58.jpeg?fit=1080%2C1080&ssl=1&resize=350%2C200 1x, https:\/\/i0.wp.com\/cepronda.com\/blog\/wp-content\/uploads\/2023\/04\/WhatsApp-Image-2023-04-20-at-17.21.58.jpeg?fit=1080%2C1080&ssl=1&resize=525%2C300 1.5x, https:\/\/i0.wp.com\/cepronda.com\/blog\/wp-content\/uploads\/2023\/04\/WhatsApp-Image-2023-04-20-at-17.21.58.jpeg?fit=1080%2C1080&ssl=1&resize=700%2C400 2x, https:\/\/i0.wp.com\/cepronda.com\/blog\/wp-content\/uploads\/2023\/04\/WhatsApp-Image-2023-04-20-at-17.21.58.jpeg?fit=1080%2C1080&ssl=1&resize=1050%2C600 3x"},"classes":[]}],"jetpack_sharing_enabled":true,"_links":{"self":[{"href":"https:\/\/cepronda.com\/blog\/wp-json\/wp\/v2\/posts\/8430","targetHints":{"allow":["GET"]}}],"collection":[{"href":"https:\/\/cepronda.com\/blog\/wp-json\/wp\/v2\/posts"}],"about":[{"href":"https:\/\/cepronda.com\/blog\/wp-json\/wp\/v2\/types\/post"}],"author":[{"embeddable":true,"href":"https:\/\/cepronda.com\/blog\/wp-json\/wp\/v2\/users\/3"}],"replies":[{"embeddable":true,"href":"https:\/\/cepronda.com\/blog\/wp-json\/wp\/v2\/comments?post=8430"}],"version-history":[{"count":2,"href":"https:\/\/cepronda.com\/blog\/wp-json\/wp\/v2\/posts\/8430\/revisions"}],"predecessor-version":[{"id":8439,"href":"https:\/\/cepronda.com\/blog\/wp-json\/wp\/v2\/posts\/8430\/revisions\/8439"}],"wp:featuredmedia":[{"embeddable":true,"href":"https:\/\/cepronda.com\/blog\/wp-json\/wp\/v2\/media\/8437"}],"wp:attachment":[{"href":"https:\/\/cepronda.com\/blog\/wp-json\/wp\/v2\/media?parent=8430"}],"wp:term":[{"taxonomy":"category","embeddable":true,"href":"https:\/\/cepronda.com\/blog\/wp-json\/wp\/v2\/categories?post=8430"},{"taxonomy":"post_tag","embeddable":true,"href":"https:\/\/cepronda.com\/blog\/wp-json\/wp\/v2\/tags?post=8430"}],"curies":[{"name":"wp","href":"https:\/\/api.w.org\/{rel}","templated":true}]}}