{"id":8405,"date":"2025-03-31T10:18:23","date_gmt":"2025-03-31T08:18:23","guid":{"rendered":"https:\/\/cepronda.com\/blog\/?p=8405"},"modified":"2025-03-31T10:18:23","modified_gmt":"2025-03-31T08:18:23","slug":"tecnicas-mixtas-especificas-aplicables-al-ambito-artistico","status":"publish","type":"post","link":"https:\/\/cepronda.com\/blog\/tecnicas-mixtas-especificas-aplicables-al-ambito-artistico\/","title":{"rendered":"T\u00c9CNICAS MIXTAS ESPEC\u00cdFICAS APLICABLES AL \u00c1MBITO ART\u00cdSTICO"},"content":{"rendered":"<p>Se\u00a0abre el plazo de inscripci\u00f3n al curso T\u00c9CNICAS MIXTAS ESPEC\u00cdFICAS APLICABLES AL \u00c1MBITO ART\u00cdSTICO<\/p>\n<p>\u270f\ufe0f Inscripci\u00f3n: hasta el 10\/4\/2025.<br \/>\n Actividad: 22, 29 de abril y 6 de mayo.<br \/>\n\u27a1\ufe0f Lugar de realizaci\u00f3n: CEP de V\u00e9lez M\u00e1laga.<br \/>\n M\u00e1s informaci\u00f3n:<a href=\"https:\/\/www.juntadeandalucia.es\/educacion\/secretariavirtual\/consultaCEP\/actividad\/252926GE707\/\"> https:\/\/www.juntadeandalucia.es\/educacion\/secretariavirtual\/consultaCEP\/actividad\/252926GE707\/<\/a><\/p>\n<p><img data-recalc-dims=\"1\" loading=\"lazy\" decoding=\"async\" class=\"size-medium wp-image-8406 aligncenter\" src=\"https:\/\/i0.wp.com\/cepronda.com\/blog\/wp-content\/uploads\/2025\/03\/WhatsApp-Image-2025-03-31-at-08.43.56.jpeg?resize=240%2C300&#038;ssl=1\" alt=\"\" width=\"240\" height=\"300\" srcset=\"https:\/\/i0.wp.com\/cepronda.com\/blog\/wp-content\/uploads\/2025\/03\/WhatsApp-Image-2025-03-31-at-08.43.56.jpeg?resize=240%2C300&amp;ssl=1 240w, https:\/\/i0.wp.com\/cepronda.com\/blog\/wp-content\/uploads\/2025\/03\/WhatsApp-Image-2025-03-31-at-08.43.56.jpeg?resize=819%2C1024&amp;ssl=1 819w, https:\/\/i0.wp.com\/cepronda.com\/blog\/wp-content\/uploads\/2025\/03\/WhatsApp-Image-2025-03-31-at-08.43.56.jpeg?resize=768%2C960&amp;ssl=1 768w, https:\/\/i0.wp.com\/cepronda.com\/blog\/wp-content\/uploads\/2025\/03\/WhatsApp-Image-2025-03-31-at-08.43.56.jpeg?w=1080&amp;ssl=1 1080w\" sizes=\"auto, (max-width: 240px) 100vw, 240px\" \/><\/p>\n<p>&nbsp;<\/p>\n","protected":false},"excerpt":{"rendered":"<p>Se\u00a0abre el plazo de inscripci\u00f3n al curso T\u00c9CNICAS MIXTAS ESPEC\u00cdFICAS APLICABLES AL \u00c1MBITO ART\u00cdSTICO \u270f\ufe0f Inscripci\u00f3n: hasta el 10\/4\/2025. Actividad: 22, 29 de abril y 6 de mayo. \u27a1\ufe0f Lugar de realizaci\u00f3n: CEP de V\u00e9lez M\u00e1laga. M\u00e1s informaci\u00f3n: https:\/\/www.juntadeandalucia.es\/educacion\/secretariavirtual\/consultaCEP\/actividad\/252926GE707\/ &nbsp;<\/p>\n","protected":false},"author":13,"featured_media":8406,"comment_status":"closed","ping_status":"open","sticky":false,"template":"","format":"standard","meta":{"_crdt_document":"","advanced_seo_description":"","jetpack_seo_html_title":"","jetpack_seo_noindex":false,"jetpack_post_was_ever_published":false,"_jetpack_newsletter_access":"","_jetpack_dont_email_post_to_subs":false,"_jetpack_newsletter_tier_id":0,"_jetpack_memberships_contains_paywalled_content":false,"_jetpack_memberships_contains_paid_content":false,"footnotes":"","jetpack_publicize_message":"","jetpack_publicize_feature_enabled":true,"jetpack_social_post_already_shared":false,"jetpack_social_options":{"image_generator_settings":{"template":"highway","default_image_id":0,"font":"","enabled":false},"version":2}},"categories":[3],"tags":[287,78],"class_list":{"0":"post-8405","1":"post","2":"type-post","3":"status-publish","4":"format-standard","5":"has-post-thumbnail","7":"category-formaciones","8":"tag-ambito-artistico","9":"tag-noticias","10":"czr-hentry"},"jetpack_publicize_connections":[],"jetpack_featured_media_url":"https:\/\/i0.wp.com\/cepronda.com\/blog\/wp-content\/uploads\/2025\/03\/WhatsApp-Image-2025-03-31-at-08.43.56.jpeg?fit=1080%2C1350&ssl=1","jetpack_shortlink":"https:\/\/wp.me\/p8M4X7-2bz","jetpack-related-posts":[{"id":7974,"url":"https:\/\/cepronda.com\/blog\/protocolo-de-actuacion-dirigido-al-alumnado-con-necesidades-especificas-de-apoyo-educativo-neae-en-el-ambito-de-conservatorio-codigo-252922ge093\/","url_meta":{"origin":8405,"position":0},"title":"\u00a0PROTOCOLO DE ACTUACI\u00d3N DIRIGIDO AL ALUMNADO CON NECESIDADES ESPEC\u00cdFICAS DE APOYO EDUCATIVO (NEAE) EN EL \u00c1MBITO DE CONSERVATORIO, C\u00d3DIGO 252922GE093.","author":"Inmaculada Garc\u00eda","date":"20 diciembre, 2024","format":false,"excerpt":"Abierto el plazo de inscripci\u00f3n al curso provincial: PROTOCOLO DE ACTUACI\u00d3N DIRIGIDO AL ALUMNADO CON NECESIDADES ESPEC\u00cdFICAS DE APOYO EDUCATIVO (NEAE) EN EL \u00c1MBITO DE CONSERVATORIO. \u00a0Inscripci\u00f3n: 17\/12\/2024 hasta 14\/01\/2025 \u00a0Actividad: 27\/01\/2025 - 07\/02\/2025 \u00a0Duraci\u00f3n: 2 semanas M\u00e1s informaci\u00f3n:\u00a0https:\/\/www.juntadeandalucia.es\/educacion\/secretariavirtual\/consultaCEP\/actividad\/252922GE093\/ \/","rel":"","context":"En \u00abFormaciones\u00bb","block_context":{"text":"Formaciones","link":"https:\/\/cepronda.com\/blog\/category\/formaciones\/"},"img":{"alt_text":"","src":"https:\/\/i0.wp.com\/cepronda.com\/blog\/wp-content\/uploads\/2024\/12\/252922GE093_CARTEL.jpeg?fit=1080%2C1080&ssl=1&resize=350%2C200","width":350,"height":200,"srcset":"https:\/\/i0.wp.com\/cepronda.com\/blog\/wp-content\/uploads\/2024\/12\/252922GE093_CARTEL.jpeg?fit=1080%2C1080&ssl=1&resize=350%2C200 1x, https:\/\/i0.wp.com\/cepronda.com\/blog\/wp-content\/uploads\/2024\/12\/252922GE093_CARTEL.jpeg?fit=1080%2C1080&ssl=1&resize=525%2C300 1.5x, https:\/\/i0.wp.com\/cepronda.com\/blog\/wp-content\/uploads\/2024\/12\/252922GE093_CARTEL.jpeg?fit=1080%2C1080&ssl=1&resize=700%2C400 2x, https:\/\/i0.wp.com\/cepronda.com\/blog\/wp-content\/uploads\/2024\/12\/252922GE093_CARTEL.jpeg?fit=1080%2C1080&ssl=1&resize=1050%2C600 3x"},"classes":[]},{"id":7606,"url":"https:\/\/cepronda.com\/blog\/jornadas-tecnicas-de-colaboracion-del-sector-productivo-en-educacion-241410fp005\/","url_meta":{"origin":8405,"position":1},"title":"\u00abJORNADAS T\u00c9CNICAS DE COLABORACI\u00d3N DEL SECTOR PRODUCTIVO EN EDUCACI\u00d3N\u00bb (241410FP005)","author":"Inmaculada Garc\u00eda","date":"8 mayo, 2024","format":false,"excerpt":"Abierto el plazo de inscripci\u00f3n en la actividad de \u00e1mbito REGIONAL FP: \"Jornadas t\u00e9cnicas de colaboraci\u00f3n del sector productivo con Educaci\u00f3n.\" \u00a0 C\u00f3digo: 241410FP005 \u00c1mbito: Regional Modalidad: Curso presencial Lugar de realizaci\u00f3n: Parque Empresarial Pr\u00edncipe Felipe - Centro Tecnol\u00f3gico IAT (Lucena\/C\u00f3rdoba) \ufe0fFecha actividad: 05\/06\/2024 Fecha inscripci\u00f3n: 07\/05\/2024 hasta 28\/05\/2024 Duraci\u00f3n:\u2026","rel":"","context":"En \u00abFormaciones\u00bb","block_context":{"text":"Formaciones","link":"https:\/\/cepronda.com\/blog\/category\/formaciones\/"},"img":{"alt_text":"","src":"https:\/\/i0.wp.com\/cepronda.com\/blog\/wp-content\/uploads\/2024\/05\/fp-regional.jpg?fit=680%2C456&ssl=1&resize=350%2C200","width":350,"height":200,"srcset":"https:\/\/i0.wp.com\/cepronda.com\/blog\/wp-content\/uploads\/2024\/05\/fp-regional.jpg?fit=680%2C456&ssl=1&resize=350%2C200 1x, https:\/\/i0.wp.com\/cepronda.com\/blog\/wp-content\/uploads\/2024\/05\/fp-regional.jpg?fit=680%2C456&ssl=1&resize=525%2C300 1.5x"},"classes":[]},{"id":8080,"url":"https:\/\/cepronda.com\/blog\/la-ciberceguridad-en-el-ambito-educativo\/","url_meta":{"origin":8405,"position":2},"title":"LA CIBERSEGURIDAD EN EL \u00c1MBITO EDUCATIVO","author":"Mamen Moreno","date":"27 enero, 2025","format":false,"excerpt":"Se abre el plazo de inscripci\u00f3n de la actividad formativa \"LA CIBERSEGURIDAD EN EL \u00c1MBITO EDUCATIVO\" con c\u00f3digo 259922QPF484 Curso a distancia de 40 horas internivelar Fecha inscripci\u00f3n: 24\/01\/2025 hasta 02\/02\/2025. Fecha actividad: 11\/02\/2025 hasta 10\/04\/2025. M\u00e1s informaci\u00f3n e inscripciones: https:\/\/www.juntadeandalucia.es\/educacion\/secretariavirtual\/consultaCEP\/actividad\/259922QPF484\/","rel":"","context":"En \u00abNoticias\u00bb","block_context":{"text":"Noticias","link":"https:\/\/cepronda.com\/blog\/category\/noticias\/"},"img":{"alt_text":"","src":"https:\/\/i0.wp.com\/cepronda.com\/blog\/wp-content\/uploads\/2025\/01\/image.png?fit=1080%2C1080&ssl=1&resize=350%2C200","width":350,"height":200,"srcset":"https:\/\/i0.wp.com\/cepronda.com\/blog\/wp-content\/uploads\/2025\/01\/image.png?fit=1080%2C1080&ssl=1&resize=350%2C200 1x, https:\/\/i0.wp.com\/cepronda.com\/blog\/wp-content\/uploads\/2025\/01\/image.png?fit=1080%2C1080&ssl=1&resize=525%2C300 1.5x, https:\/\/i0.wp.com\/cepronda.com\/blog\/wp-content\/uploads\/2025\/01\/image.png?fit=1080%2C1080&ssl=1&resize=700%2C400 2x, https:\/\/i0.wp.com\/cepronda.com\/blog\/wp-content\/uploads\/2025\/01\/image.png?fit=1080%2C1080&ssl=1&resize=1050%2C600 3x"},"classes":[]},{"id":7807,"url":"https:\/\/cepronda.com\/blog\/la-ciberseguridad-en-el-ambito-educativo-con-codigo-259922kpf484\/","url_meta":{"origin":8405,"position":3},"title":"\u00abLA CIBERSEGURIDAD EN EL \u00c1MBITO EDUCATIVO\u00bb, con c\u00f3digo\u00a0\u00a0259922KPF484","author":"Inmaculada Garc\u00eda","date":"21 octubre, 2024","format":false,"excerpt":"Abierta la inscripci\u00f3n en el curso provincial, \"LA CIBERSEGURIDAD EN EL \u00c1MBITO EDUCATIVO\", con c\u00f3digo\u00a0\u00a0259922KPF484. Curso a distancia 40 horas, que se desarrollar\u00e1 en el Aula Virtual de Formaci\u00f3n del Profesorado. Internivelar. Inscripci\u00f3n: Del 16 al 23 de octubre de 2024. Realizaci\u00f3n: Del 28\/10\/24 al 15\/01\/2025. Ficha de la actividad:\u2026","rel":"","context":"En \u00abNoticias\u00bb","block_context":{"text":"Noticias","link":"https:\/\/cepronda.com\/blog\/category\/noticias\/"},"img":{"alt_text":"","src":"https:\/\/i0.wp.com\/cepronda.com\/blog\/wp-content\/uploads\/2024\/10\/post_curso_ciberseguridad.jpeg?fit=680%2C680&ssl=1&resize=350%2C200","width":350,"height":200,"srcset":"https:\/\/i0.wp.com\/cepronda.com\/blog\/wp-content\/uploads\/2024\/10\/post_curso_ciberseguridad.jpeg?fit=680%2C680&ssl=1&resize=350%2C200 1x, https:\/\/i0.wp.com\/cepronda.com\/blog\/wp-content\/uploads\/2024\/10\/post_curso_ciberseguridad.jpeg?fit=680%2C680&ssl=1&resize=525%2C300 1.5x"},"classes":[]},{"id":4851,"url":"https:\/\/cepronda.com\/blog\/dificultades-especificas-de-aprendizaje-dislexia-disgrafia-disortografia-y-discalculia-enfoque-e-intervencion-en-el-aula-ordinaria\/","url_meta":{"origin":8405,"position":4},"title":"DIFICULTADES ESPEC\u00cdFICAS DE APRENDIZAJE: DISLEXIA, DISGRAF\u00cdA, DISORTOGRAF\u00cdA Y DISCALCULIA. ENFOQUE E INTERVENCI\u00d3N EN EL AULA ORDINARIA","author":"V\u00edctor Caballero","date":"2 noviembre, 2021","format":false,"excerpt":"Buenas tardes compa\u00f1eras y compa\u00f1eros, \u00a1\u00a1\u00a1SOLO PARA LA ZONA DE EL BURGO Y YUNQUERA!!! Os informamos que est\u00e1 abierto el plazo de inscripci\u00f3n en la actividad \u00a0\"DIFICULTADES ESPEC\u00cdFICAS DE APRENDIZAJE: DISLEXIA, DISGRAF\u00cdA, DISORTOGRAF\u00cdA Y DISCALCULIA. ENFOQUE E INTERVENCI\u00d3N EN EL AULA ORDINARIA\" con c\u00f3digo 222924FC050. Es una actividad destinada al\u2026","rel":"","context":"En \u00abFormaciones\u00bb","block_context":{"text":"Formaciones","link":"https:\/\/cepronda.com\/blog\/category\/formaciones\/"},"img":{"alt_text":"","src":"https:\/\/i0.wp.com\/cepronda.com\/blog\/wp-content\/uploads\/2021\/11\/Captura-de-pantalla-2021-11-02-a-las-14.26.17.png?fit=597%2C843&ssl=1&resize=350%2C200","width":350,"height":200,"srcset":"https:\/\/i0.wp.com\/cepronda.com\/blog\/wp-content\/uploads\/2021\/11\/Captura-de-pantalla-2021-11-02-a-las-14.26.17.png?fit=597%2C843&ssl=1&resize=350%2C200 1x, https:\/\/i0.wp.com\/cepronda.com\/blog\/wp-content\/uploads\/2021\/11\/Captura-de-pantalla-2021-11-02-a-las-14.26.17.png?fit=597%2C843&ssl=1&resize=525%2C300 1.5x"},"classes":[]},{"id":7427,"url":"https:\/\/cepronda.com\/blog\/claves-para-la-educacion-sexual-en-el-ambito-educativo\/","url_meta":{"origin":8405,"position":5},"title":"CLAVES PARA LA EDUCACI\u00d3N SEXUAL EN EL \u00c1MBITO EDUCATIVO","author":"Mamen Moreno","date":"2 febrero, 2024","format":false,"excerpt":"CURSO PROVINCIAL A DISTANCIA: CLAVES PARA LA EDUCACI\u00d3N SEXUAL EN EL \u00c1MBITO EDUCATIVO. Nivel I C\u00f3digo: 242922GE059 Curso Provincial a Distancia (AVFP) de 30 horas. Fecha inscripci\u00f3n: 01\/02\/2024 hasta el 15\/02\/2024 Fecha actividad: 07\/03\/2024 hasta 26\/04\/2024. M\u00e1s informaci\u00f3n e inscripci\u00f3n en: https:\/\/bit.ly\/3SFE9yr","rel":"","context":"En \u00abFormaciones\u00bb","block_context":{"text":"Formaciones","link":"https:\/\/cepronda.com\/blog\/category\/formaciones\/"},"img":{"alt_text":"","src":"https:\/\/i0.wp.com\/cepronda.com\/blog\/wp-content\/uploads\/2024\/02\/WhatsApp-Image-2024-02-01-at-08.47.28.jpeg?fit=1080%2C1080&ssl=1&resize=350%2C200","width":350,"height":200,"srcset":"https:\/\/i0.wp.com\/cepronda.com\/blog\/wp-content\/uploads\/2024\/02\/WhatsApp-Image-2024-02-01-at-08.47.28.jpeg?fit=1080%2C1080&ssl=1&resize=350%2C200 1x, https:\/\/i0.wp.com\/cepronda.com\/blog\/wp-content\/uploads\/2024\/02\/WhatsApp-Image-2024-02-01-at-08.47.28.jpeg?fit=1080%2C1080&ssl=1&resize=525%2C300 1.5x, https:\/\/i0.wp.com\/cepronda.com\/blog\/wp-content\/uploads\/2024\/02\/WhatsApp-Image-2024-02-01-at-08.47.28.jpeg?fit=1080%2C1080&ssl=1&resize=700%2C400 2x, https:\/\/i0.wp.com\/cepronda.com\/blog\/wp-content\/uploads\/2024\/02\/WhatsApp-Image-2024-02-01-at-08.47.28.jpeg?fit=1080%2C1080&ssl=1&resize=1050%2C600 3x"},"classes":[]}],"jetpack_sharing_enabled":true,"_links":{"self":[{"href":"https:\/\/cepronda.com\/blog\/wp-json\/wp\/v2\/posts\/8405","targetHints":{"allow":["GET"]}}],"collection":[{"href":"https:\/\/cepronda.com\/blog\/wp-json\/wp\/v2\/posts"}],"about":[{"href":"https:\/\/cepronda.com\/blog\/wp-json\/wp\/v2\/types\/post"}],"author":[{"embeddable":true,"href":"https:\/\/cepronda.com\/blog\/wp-json\/wp\/v2\/users\/13"}],"replies":[{"embeddable":true,"href":"https:\/\/cepronda.com\/blog\/wp-json\/wp\/v2\/comments?post=8405"}],"version-history":[{"count":1,"href":"https:\/\/cepronda.com\/blog\/wp-json\/wp\/v2\/posts\/8405\/revisions"}],"predecessor-version":[{"id":8407,"href":"https:\/\/cepronda.com\/blog\/wp-json\/wp\/v2\/posts\/8405\/revisions\/8407"}],"wp:featuredmedia":[{"embeddable":true,"href":"https:\/\/cepronda.com\/blog\/wp-json\/wp\/v2\/media\/8406"}],"wp:attachment":[{"href":"https:\/\/cepronda.com\/blog\/wp-json\/wp\/v2\/media?parent=8405"}],"wp:term":[{"taxonomy":"category","embeddable":true,"href":"https:\/\/cepronda.com\/blog\/wp-json\/wp\/v2\/categories?post=8405"},{"taxonomy":"post_tag","embeddable":true,"href":"https:\/\/cepronda.com\/blog\/wp-json\/wp\/v2\/tags?post=8405"}],"curies":[{"name":"wp","href":"https:\/\/api.w.org\/{rel}","templated":true}]}}