{"id":8395,"date":"2025-03-21T14:25:33","date_gmt":"2025-03-21T13:25:33","guid":{"rendered":"https:\/\/cepronda.com\/blog\/?p=8395"},"modified":"2025-03-21T14:25:33","modified_gmt":"2025-03-21T13:25:33","slug":"acompanamiento-educativo-en-situacion-de-duelo-con-codigo-259928ci547","status":"publish","type":"post","link":"https:\/\/cepronda.com\/blog\/acompanamiento-educativo-en-situacion-de-duelo-con-codigo-259928ci547\/","title":{"rendered":"ACOMPA\u00d1AMIENTO EDUCATIVO EN SITUACI\u00d3N DE DUELO, con c\u00f3digo: 259928CI547."},"content":{"rendered":"<div class=\"xdj266r x11i5rnm xat24cr x1mh8g0r x1vvkbs x126k92a\">\n<div dir=\"auto\">Se convoca el curso de \u00e1mbito regional: ACOMPA\u00d1AMIENTO EDUCATIVO EN SITUACI\u00d3N DE DUELO, con c\u00f3digo: 259928CI547.<\/div>\n<\/div>\n<div class=\"x11i5rnm xat24cr x1mh8g0r x1vvkbs xtlvy1s x126k92a\">\n<div dir=\"auto\">Dicho curso se desarrollar\u00e1 en la modalidad a distancia, con 30 horas de duraci\u00f3n y 120 plazas disponibles en convocatoria abierta a los docentes interesados de cualquier nivel educativo.<\/div>\n<\/div>\n<div class=\"x11i5rnm xat24cr x1mh8g0r x1vvkbs xtlvy1s x126k92a\">\n<div dir=\"auto\">PLAZO DE INSCRIPCI\u00d3N: Desde el 24 de marzo de 2025 hasta el 03 de abril de 2025.<\/div>\n<\/div>\n<div class=\"x11i5rnm xat24cr x1mh8g0r x1vvkbs xtlvy1s x126k92a\">\n<div dir=\"auto\">FECHAS DE DESARROLLO: del desde el 22 de abril de 2025 hasta el 26 de mayo de 2025.<\/div>\n<\/div>\n<div class=\"x11i5rnm xat24cr x1mh8g0r x1vvkbs xtlvy1s x126k92a\">\n<div dir=\"auto\">La finalidad de este curso es dotar a los docentes de la base te\u00f3rica y de las herramientas pr\u00e1cticas necesarias para poder acompa\u00f1ar al alumnado en cualquiera de las etapas del duelo e identificar aquellas situaciones en las que sea necesario derivar a especialistas, capacitar a<\/div>\n<div dir=\"auto\">docentes en el manejo adecuado de la muerte y el duelo dentro del entorno educativo del aula.<\/div>\n<\/div>\n<div dir=\"auto\">INSCRIPCI\u00d3N:<a href=\"https:\/\/www.juntadeandalucia.es\/educacion\/secretariavirtual\/consultaCEP\/actividad\/259928CI547\/\"> https:\/\/www.juntadeandalucia.es\/educacion\/secretariavirtual\/consultaCEP\/actividad\/259928CI547\/<\/a><\/div>\n","protected":false},"excerpt":{"rendered":"<p>Se convoca el curso de \u00e1mbito regional: ACOMPA\u00d1AMIENTO EDUCATIVO EN SITUACI\u00d3N DE DUELO, con c\u00f3digo: 259928CI547. Dicho curso se desarrollar\u00e1 en la modalidad a distancia, con 30 horas de duraci\u00f3n y 120 plazas disponibles en convocatoria abierta a los docentes interesados de cualquier nivel educativo. PLAZO DE INSCRIPCI\u00d3N: Desde el 24 de marzo de 2025 [&hellip;]<\/p>\n","protected":false},"author":9,"featured_media":0,"comment_status":"closed","ping_status":"open","sticky":false,"template":"","format":"standard","meta":{"_crdt_document":"","advanced_seo_description":"","jetpack_seo_html_title":"","jetpack_seo_noindex":false,"jetpack_post_was_ever_published":false,"_jetpack_newsletter_access":"","_jetpack_dont_email_post_to_subs":false,"_jetpack_newsletter_tier_id":0,"_jetpack_memberships_contains_paywalled_content":false,"_jetpack_memberships_contains_paid_content":false,"footnotes":"","jetpack_publicize_message":"","jetpack_publicize_feature_enabled":true,"jetpack_social_post_already_shared":false,"jetpack_social_options":{"image_generator_settings":{"template":"highway","default_image_id":0,"font":"","enabled":false},"version":2}},"categories":[3],"tags":[],"class_list":{"0":"post-8395","1":"post","2":"type-post","3":"status-publish","4":"format-standard","6":"category-formaciones","7":"czr-hentry"},"jetpack_publicize_connections":[],"jetpack_featured_media_url":"","jetpack_shortlink":"https:\/\/wp.me\/p8M4X7-2bp","jetpack-related-posts":[{"id":9418,"url":"https:\/\/cepronda.com\/blog\/acompanamiento-educativo-en-situacion-de-duelo\/","url_meta":{"origin":8395,"position":0},"title":"ACOMPA\u00d1AMIENTO EDUCATIVO EN SITUACI\u00d3N DE DUELO","author":"Inmaculada Garc\u00eda","date":"2 marzo, 2026","format":false,"excerpt":"Se encuentra abierto el plazo de inscripci\u00f3n para el curso regional: ACOMPA\u00d1AMIENTO EDUCATIVO EN SITUACI\u00d3N DE DUELO, con c\u00f3digo 269928CI547. Curso a Distancia de 30 horas no presenciales. Fecha inscripci\u00f3n: 24\/02\/2026 hasta 03\/03\/2026. Fecha actividad: 16\/03\/2026 hasta 28\/04\/2026. Para m\u00e1s informaci\u00f3n e inscripci\u00f3n: https:\/\/secretariavirtual.juntadeandalucia.es\/secretariavirtual\/consultaCEP\/actividad\/269928CI547\/","rel":"","context":"En \u00abFormaciones\u00bb","block_context":{"text":"Formaciones","link":"https:\/\/cepronda.com\/blog\/category\/formaciones\/"},"img":{"alt_text":"","src":"https:\/\/i0.wp.com\/cepronda.com\/blog\/wp-content\/uploads\/2026\/03\/duelo.jpg?fit=1080%2C1080&ssl=1&resize=350%2C200","width":350,"height":200,"srcset":"https:\/\/i0.wp.com\/cepronda.com\/blog\/wp-content\/uploads\/2026\/03\/duelo.jpg?fit=1080%2C1080&ssl=1&resize=350%2C200 1x, https:\/\/i0.wp.com\/cepronda.com\/blog\/wp-content\/uploads\/2026\/03\/duelo.jpg?fit=1080%2C1080&ssl=1&resize=525%2C300 1.5x, https:\/\/i0.wp.com\/cepronda.com\/blog\/wp-content\/uploads\/2026\/03\/duelo.jpg?fit=1080%2C1080&ssl=1&resize=700%2C400 2x, https:\/\/i0.wp.com\/cepronda.com\/blog\/wp-content\/uploads\/2026\/03\/duelo.jpg?fit=1080%2C1080&ssl=1&resize=1050%2C600 3x"},"classes":[]},{"id":9154,"url":"https:\/\/cepronda.com\/blog\/acompanamiento-educativo-en-situaciones-de-duelo-y-de-cuidados-paliativos\/","url_meta":{"origin":8395,"position":1},"title":"ACOMPA\u00d1AMIENTO EDUCATIVO EN SITUACIONES DE DUELO Y DE CUIDADOS PALIATIVOS","author":"Inmaculada Garc\u00eda","date":"18 diciembre, 2025","format":false,"excerpt":"Se encuentra abierto el plazo de inscripci\u00f3n en el curso provincial presencial dde 14h: ACOMPA\u00d1AMIENTO EDUCATIVO EN SITUACIONES DE DUELO Y DE CUIDADOS PALIATIVOS, c\u00f3digo: 262922GE035. Dirigido preferentemente a profesorado de aulas hospitalarias y atenci\u00f3n domiciliaria y personal adscrito al ETPOEP. Inscripci\u00f3n: 11\/12\/2025 al 07\/01\/2026. Fecha de actividad: Del 14\u2026","rel":"","context":"En \u00abFormaciones\u00bb","block_context":{"text":"Formaciones","link":"https:\/\/cepronda.com\/blog\/category\/formaciones\/"},"img":{"alt_text":"","src":"https:\/\/i0.wp.com\/cepronda.com\/blog\/wp-content\/uploads\/2025\/12\/CARTEL-CURSO-ACOMPANAMIENTO-EDUCATIVO-035.png?fit=1080%2C1080&ssl=1&resize=350%2C200","width":350,"height":200,"srcset":"https:\/\/i0.wp.com\/cepronda.com\/blog\/wp-content\/uploads\/2025\/12\/CARTEL-CURSO-ACOMPANAMIENTO-EDUCATIVO-035.png?fit=1080%2C1080&ssl=1&resize=350%2C200 1x, https:\/\/i0.wp.com\/cepronda.com\/blog\/wp-content\/uploads\/2025\/12\/CARTEL-CURSO-ACOMPANAMIENTO-EDUCATIVO-035.png?fit=1080%2C1080&ssl=1&resize=525%2C300 1.5x, https:\/\/i0.wp.com\/cepronda.com\/blog\/wp-content\/uploads\/2025\/12\/CARTEL-CURSO-ACOMPANAMIENTO-EDUCATIVO-035.png?fit=1080%2C1080&ssl=1&resize=700%2C400 2x, https:\/\/i0.wp.com\/cepronda.com\/blog\/wp-content\/uploads\/2025\/12\/CARTEL-CURSO-ACOMPANAMIENTO-EDUCATIVO-035.png?fit=1080%2C1080&ssl=1&resize=1050%2C600 3x"},"classes":[]},{"id":8080,"url":"https:\/\/cepronda.com\/blog\/la-ciberceguridad-en-el-ambito-educativo\/","url_meta":{"origin":8395,"position":2},"title":"LA CIBERSEGURIDAD EN EL \u00c1MBITO EDUCATIVO","author":"Mamen Moreno","date":"27 enero, 2025","format":false,"excerpt":"Se abre el plazo de inscripci\u00f3n de la actividad formativa \"LA CIBERSEGURIDAD EN EL \u00c1MBITO EDUCATIVO\" con c\u00f3digo 259922QPF484 Curso a distancia de 40 horas internivelar Fecha inscripci\u00f3n: 24\/01\/2025 hasta 02\/02\/2025. Fecha actividad: 11\/02\/2025 hasta 10\/04\/2025. M\u00e1s informaci\u00f3n e inscripciones: https:\/\/www.juntadeandalucia.es\/educacion\/secretariavirtual\/consultaCEP\/actividad\/259922QPF484\/","rel":"","context":"En \u00abNoticias\u00bb","block_context":{"text":"Noticias","link":"https:\/\/cepronda.com\/blog\/category\/noticias\/"},"img":{"alt_text":"","src":"https:\/\/i0.wp.com\/cepronda.com\/blog\/wp-content\/uploads\/2025\/01\/image.png?fit=1080%2C1080&ssl=1&resize=350%2C200","width":350,"height":200,"srcset":"https:\/\/i0.wp.com\/cepronda.com\/blog\/wp-content\/uploads\/2025\/01\/image.png?fit=1080%2C1080&ssl=1&resize=350%2C200 1x, https:\/\/i0.wp.com\/cepronda.com\/blog\/wp-content\/uploads\/2025\/01\/image.png?fit=1080%2C1080&ssl=1&resize=525%2C300 1.5x, https:\/\/i0.wp.com\/cepronda.com\/blog\/wp-content\/uploads\/2025\/01\/image.png?fit=1080%2C1080&ssl=1&resize=700%2C400 2x, https:\/\/i0.wp.com\/cepronda.com\/blog\/wp-content\/uploads\/2025\/01\/image.png?fit=1080%2C1080&ssl=1&resize=1050%2C600 3x"},"classes":[]},{"id":7807,"url":"https:\/\/cepronda.com\/blog\/la-ciberseguridad-en-el-ambito-educativo-con-codigo-259922kpf484\/","url_meta":{"origin":8395,"position":3},"title":"\u00abLA CIBERSEGURIDAD EN EL \u00c1MBITO EDUCATIVO\u00bb, con c\u00f3digo\u00a0\u00a0259922KPF484","author":"Inmaculada Garc\u00eda","date":"21 octubre, 2024","format":false,"excerpt":"Abierta la inscripci\u00f3n en el curso provincial, \"LA CIBERSEGURIDAD EN EL \u00c1MBITO EDUCATIVO\", con c\u00f3digo\u00a0\u00a0259922KPF484. Curso a distancia 40 horas, que se desarrollar\u00e1 en el Aula Virtual de Formaci\u00f3n del Profesorado. Internivelar. Inscripci\u00f3n: Del 16 al 23 de octubre de 2024. Realizaci\u00f3n: Del 28\/10\/24 al 15\/01\/2025. Ficha de la actividad:\u2026","rel":"","context":"En \u00abNoticias\u00bb","block_context":{"text":"Noticias","link":"https:\/\/cepronda.com\/blog\/category\/noticias\/"},"img":{"alt_text":"","src":"https:\/\/i0.wp.com\/cepronda.com\/blog\/wp-content\/uploads\/2024\/10\/post_curso_ciberseguridad.jpeg?fit=680%2C680&ssl=1&resize=350%2C200","width":350,"height":200,"srcset":"https:\/\/i0.wp.com\/cepronda.com\/blog\/wp-content\/uploads\/2024\/10\/post_curso_ciberseguridad.jpeg?fit=680%2C680&ssl=1&resize=350%2C200 1x, https:\/\/i0.wp.com\/cepronda.com\/blog\/wp-content\/uploads\/2024\/10\/post_curso_ciberseguridad.jpeg?fit=680%2C680&ssl=1&resize=525%2C300 1.5x"},"classes":[]},{"id":7974,"url":"https:\/\/cepronda.com\/blog\/protocolo-de-actuacion-dirigido-al-alumnado-con-necesidades-especificas-de-apoyo-educativo-neae-en-el-ambito-de-conservatorio-codigo-252922ge093\/","url_meta":{"origin":8395,"position":4},"title":"\u00a0PROTOCOLO DE ACTUACI\u00d3N DIRIGIDO AL ALUMNADO CON NECESIDADES ESPEC\u00cdFICAS DE APOYO EDUCATIVO (NEAE) EN EL \u00c1MBITO DE CONSERVATORIO, C\u00d3DIGO 252922GE093.","author":"Inmaculada Garc\u00eda","date":"20 diciembre, 2024","format":false,"excerpt":"Abierto el plazo de inscripci\u00f3n al curso provincial: PROTOCOLO DE ACTUACI\u00d3N DIRIGIDO AL ALUMNADO CON NECESIDADES ESPEC\u00cdFICAS DE APOYO EDUCATIVO (NEAE) EN EL \u00c1MBITO DE CONSERVATORIO. \u00a0Inscripci\u00f3n: 17\/12\/2024 hasta 14\/01\/2025 \u00a0Actividad: 27\/01\/2025 - 07\/02\/2025 \u00a0Duraci\u00f3n: 2 semanas M\u00e1s informaci\u00f3n:\u00a0https:\/\/www.juntadeandalucia.es\/educacion\/secretariavirtual\/consultaCEP\/actividad\/252922GE093\/ \/","rel":"","context":"En \u00abFormaciones\u00bb","block_context":{"text":"Formaciones","link":"https:\/\/cepronda.com\/blog\/category\/formaciones\/"},"img":{"alt_text":"","src":"https:\/\/i0.wp.com\/cepronda.com\/blog\/wp-content\/uploads\/2024\/12\/252922GE093_CARTEL.jpeg?fit=1080%2C1080&ssl=1&resize=350%2C200","width":350,"height":200,"srcset":"https:\/\/i0.wp.com\/cepronda.com\/blog\/wp-content\/uploads\/2024\/12\/252922GE093_CARTEL.jpeg?fit=1080%2C1080&ssl=1&resize=350%2C200 1x, https:\/\/i0.wp.com\/cepronda.com\/blog\/wp-content\/uploads\/2024\/12\/252922GE093_CARTEL.jpeg?fit=1080%2C1080&ssl=1&resize=525%2C300 1.5x, https:\/\/i0.wp.com\/cepronda.com\/blog\/wp-content\/uploads\/2024\/12\/252922GE093_CARTEL.jpeg?fit=1080%2C1080&ssl=1&resize=700%2C400 2x, https:\/\/i0.wp.com\/cepronda.com\/blog\/wp-content\/uploads\/2024\/12\/252922GE093_CARTEL.jpeg?fit=1080%2C1080&ssl=1&resize=1050%2C600 3x"},"classes":[]},{"id":5895,"url":"https:\/\/cepronda.com\/blog\/curso-el-teatro-de-repertorio-como-recurso-educativo\/","url_meta":{"origin":8395,"position":5},"title":"CURSO \u00abEL TEATRO DE REPERTORIO COMO RECURSO EDUCATIVO\u00bb","author":"Mamen Moreno","date":"10 abril, 2023","format":false,"excerpt":"Os Informamos de que se encuentra abierto el plazo de inscripci\u00f3n del CURSO \"EL TEATRO DE REPERTORIO COMO RECURSO EDUCATIVO\" con c\u00f3digo: 232924GE047 \u00a0 Fecha inscripci\u00f3n: 10\/04\/2023 hasta 03\/05\/2023 Fecha actividad: 04\/05\/2023 hasta 16\/05\/2023 \u00a0 Horas totales: 12 h. Lugar de realizaci\u00f3n: CEP DE RONDA Detalle e inscripci\u00f3n: https:\/\/www.juntadeandalucia.es\/educacion\/secretariavirtual\/consultaCEP\/actividad\/232924GE047\/ \u00a0\u2026","rel":"","context":"En \u00abFormaciones\u00bb","block_context":{"text":"Formaciones","link":"https:\/\/cepronda.com\/blog\/category\/formaciones\/"},"img":{"alt_text":"","src":"https:\/\/i0.wp.com\/cepronda.com\/blog\/wp-content\/uploads\/2023\/04\/curso-teatro-en-el-aula-1.jpg?fit=848%2C1200&ssl=1&resize=350%2C200","width":350,"height":200,"srcset":"https:\/\/i0.wp.com\/cepronda.com\/blog\/wp-content\/uploads\/2023\/04\/curso-teatro-en-el-aula-1.jpg?fit=848%2C1200&ssl=1&resize=350%2C200 1x, https:\/\/i0.wp.com\/cepronda.com\/blog\/wp-content\/uploads\/2023\/04\/curso-teatro-en-el-aula-1.jpg?fit=848%2C1200&ssl=1&resize=525%2C300 1.5x, https:\/\/i0.wp.com\/cepronda.com\/blog\/wp-content\/uploads\/2023\/04\/curso-teatro-en-el-aula-1.jpg?fit=848%2C1200&ssl=1&resize=700%2C400 2x"},"classes":[]}],"jetpack_sharing_enabled":true,"_links":{"self":[{"href":"https:\/\/cepronda.com\/blog\/wp-json\/wp\/v2\/posts\/8395","targetHints":{"allow":["GET"]}}],"collection":[{"href":"https:\/\/cepronda.com\/blog\/wp-json\/wp\/v2\/posts"}],"about":[{"href":"https:\/\/cepronda.com\/blog\/wp-json\/wp\/v2\/types\/post"}],"author":[{"embeddable":true,"href":"https:\/\/cepronda.com\/blog\/wp-json\/wp\/v2\/users\/9"}],"replies":[{"embeddable":true,"href":"https:\/\/cepronda.com\/blog\/wp-json\/wp\/v2\/comments?post=8395"}],"version-history":[{"count":1,"href":"https:\/\/cepronda.com\/blog\/wp-json\/wp\/v2\/posts\/8395\/revisions"}],"predecessor-version":[{"id":8396,"href":"https:\/\/cepronda.com\/blog\/wp-json\/wp\/v2\/posts\/8395\/revisions\/8396"}],"wp:attachment":[{"href":"https:\/\/cepronda.com\/blog\/wp-json\/wp\/v2\/media?parent=8395"}],"wp:term":[{"taxonomy":"category","embeddable":true,"href":"https:\/\/cepronda.com\/blog\/wp-json\/wp\/v2\/categories?post=8395"},{"taxonomy":"post_tag","embeddable":true,"href":"https:\/\/cepronda.com\/blog\/wp-json\/wp\/v2\/tags?post=8395"}],"curies":[{"name":"wp","href":"https:\/\/api.w.org\/{rel}","templated":true}]}}