{"id":8361,"date":"2025-03-13T17:36:11","date_gmt":"2025-03-13T16:36:11","guid":{"rendered":"https:\/\/cepronda.com\/blog\/?p=8361"},"modified":"2025-03-13T17:36:11","modified_gmt":"2025-03-13T16:36:11","slug":"recapacicla-educacion-para-la-circularidad","status":"publish","type":"post","link":"https:\/\/cepronda.com\/blog\/recapacicla-educacion-para-la-circularidad\/","title":{"rendered":"RECAPACICLA, EDUCACI\u00d3N PARA LA CIRCULARIDAD"},"content":{"rendered":"<div><b><span style=\"font-size: x-large;\">Abierto el plazo de inscripci\u00f3n para la actividad formativa: RECAPACICLA, EDUCACI\u00d3N PARA LA CIRCULARIDAD, con c\u00f3digo 259920KEA114.<\/span><\/b><\/div>\n<div dir=\"auto\"><\/div>\n<div dir=\"auto\"><span style=\"color: #f44336; font-size: medium;\"><i><b>Actividad dirigida al Profesorado de centros educativos sostenidos con fondos p\u00fablicos que hayan seleccionado la L\u00ednea de Actuaci\u00f3n \u201cEducaci\u00f3n para la Circularidad, (Recapacicla)\u201d del Programa CIMA 2024\/2025<\/b><\/i><\/span><\/div>\n<div dir=\"auto\"><\/div>\n<div dir=\"auto\">Duraci\u00f3n: 30 horas no presenciales.<\/div>\n<div dir=\"auto\"><b>Solicitudes de inscripci\u00f3n <\/b><span style=\"font-weight: inherit;\">del 12 al 20 de marzo de 2025<\/span><\/div>\n<div dir=\"auto\">\n<div dir=\"auto\"><b>Listado provisional de admitidos: <\/b><span style=\"font-weight: inherit;\">martes<\/span><span class=\"gmail_default\" style=\"font-weight: inherit;\">\u00a0<\/span><span style=\"font-weight: inherit;\">25 de marzo de 2025 a las 10:00\u00a0 \u00a0<\/span><\/div>\n<div dir=\"auto\"><b>Listado definitivo de admitidos: <\/b><span style=\"font-weight: inherit;\">jueves 27 de marzo de 2025 a las 10:00<\/span><\/div>\n<div dir=\"auto\"><b>Inicio del curso: <\/b><span style=\"font-weight: inherit;\">viernes 28 de marzo de 2025<\/span><span class=\"gmail_default\" style=\"font-weight: inherit;\">\u00a0<\/span><span style=\"font-weight: inherit;\">a las 10:00<\/span><\/div>\n<div dir=\"auto\"><b>Finalizaci\u00f3n del curso: <\/b><span style=\"font-weight: inherit;\">lunes 5 de mayo de 2025<\/span><\/div>\n<\/div>\n<div dir=\"auto\"><\/div>\n<div dir=\"auto\"><span style=\"color: #2196f3;\">M\u00e1s informaci\u00f3n en inscripciones<\/span>:<\/div>\n<div dir=\"auto\"><i><b><a href=\"https:\/\/www.juntadeandalucia.es\/educacion\/secretariavirtual\/consultaCEP\/actividad\/259920KEA114\/\" target=\"_blank\" rel=\"noopener noreferrer\" data-saferedirecturl=\"https:\/\/www.google.com\/url?q=https:\/\/www.juntadeandalucia.es\/educacion\/secretariavirtual\/consultaCEP\/actividad\/259920KEA114\/&amp;source=gmail&amp;ust=1741966623208000&amp;usg=AOvVaw3cGmZTAisIit7Xh25k81lX\">https:\/\/www.juntadeandalucia.<wbr \/>es\/educacion\/<wbr \/>secretariavirtual\/consultaCEP\/<wbr \/>actividad\/259920KEA114\/<\/a><\/b><\/i><\/div>\n<div dir=\"auto\"><\/div>\n<div dir=\"auto\"><\/div>\n<div dir=\"auto\"><a href=\"https:\/\/www.juntadeandalucia.es\/educacion\/secretariavirtual\/consultaCEP\/actividad\/259920KEA114\/\"><img data-recalc-dims=\"1\" loading=\"lazy\" decoding=\"async\" class=\"aligncenter  wp-image-8364\" src=\"https:\/\/i0.wp.com\/cepronda.com\/blog\/wp-content\/uploads\/2025\/03\/259920KEA114_RECAPACICLA-1.jpg?resize=279%2C279&#038;ssl=1\" alt=\"\" width=\"279\" height=\"279\" srcset=\"https:\/\/i0.wp.com\/cepronda.com\/blog\/wp-content\/uploads\/2025\/03\/259920KEA114_RECAPACICLA-1.jpg?resize=1024%2C1024&amp;ssl=1 1024w, https:\/\/i0.wp.com\/cepronda.com\/blog\/wp-content\/uploads\/2025\/03\/259920KEA114_RECAPACICLA-1.jpg?resize=300%2C300&amp;ssl=1 300w, https:\/\/i0.wp.com\/cepronda.com\/blog\/wp-content\/uploads\/2025\/03\/259920KEA114_RECAPACICLA-1.jpg?resize=150%2C150&amp;ssl=1 150w, https:\/\/i0.wp.com\/cepronda.com\/blog\/wp-content\/uploads\/2025\/03\/259920KEA114_RECAPACICLA-1.jpg?resize=768%2C768&amp;ssl=1 768w, https:\/\/i0.wp.com\/cepronda.com\/blog\/wp-content\/uploads\/2025\/03\/259920KEA114_RECAPACICLA-1.jpg?resize=1536%2C1536&amp;ssl=1 1536w, https:\/\/i0.wp.com\/cepronda.com\/blog\/wp-content\/uploads\/2025\/03\/259920KEA114_RECAPACICLA-1.jpg?resize=50%2C50&amp;ssl=1 50w, https:\/\/i0.wp.com\/cepronda.com\/blog\/wp-content\/uploads\/2025\/03\/259920KEA114_RECAPACICLA-1.jpg?w=1755&amp;ssl=1 1755w\" sizes=\"auto, (max-width: 279px) 100vw, 279px\" \/><\/a><\/div>\n<div dir=\"auto\">En caso de duda contacte con el asesor responsable:<\/div>\n<div dir=\"auto\">Jos\u00e9 Francisco\u00a0Teba Fern\u00e1ndez,\u00a0619964302<\/div>\n<div dir=\"auto\"><a href=\"mailto:aprimaria3@cepubeda.es\" target=\"_blank\" rel=\"noopener\">aprimaria3@cepubeda.es<\/a><\/div>\n","protected":false},"excerpt":{"rendered":"<p>Abierto el plazo de inscripci\u00f3n para la actividad formativa: RECAPACICLA, EDUCACI\u00d3N PARA LA CIRCULARIDAD, con c\u00f3digo 259920KEA114. Actividad dirigida al Profesorado de centros educativos sostenidos con fondos p\u00fablicos que hayan seleccionado la L\u00ednea de Actuaci\u00f3n \u201cEducaci\u00f3n para la Circularidad, (Recapacicla)\u201d del Programa CIMA 2024\/2025 Duraci\u00f3n: 30 horas no presenciales. Solicitudes de inscripci\u00f3n del 12 al [&hellip;]<\/p>\n","protected":false},"author":9,"featured_media":8364,"comment_status":"closed","ping_status":"open","sticky":false,"template":"","format":"standard","meta":{"_crdt_document":"","advanced_seo_description":"","jetpack_seo_html_title":"","jetpack_seo_noindex":false,"jetpack_post_was_ever_published":false,"_jetpack_newsletter_access":"","_jetpack_dont_email_post_to_subs":false,"_jetpack_newsletter_tier_id":0,"_jetpack_memberships_contains_paywalled_content":false,"_jetpack_memberships_contains_paid_content":false,"footnotes":"","jetpack_publicize_message":"","jetpack_publicize_feature_enabled":true,"jetpack_social_post_already_shared":false,"jetpack_social_options":{"image_generator_settings":{"template":"highway","default_image_id":0,"font":"","enabled":false},"version":2}},"categories":[3],"tags":[],"class_list":{"0":"post-8361","1":"post","2":"type-post","3":"status-publish","4":"format-standard","5":"has-post-thumbnail","7":"category-formaciones","8":"czr-hentry"},"jetpack_publicize_connections":[],"jetpack_featured_media_url":"https:\/\/i0.wp.com\/cepronda.com\/blog\/wp-content\/uploads\/2025\/03\/259920KEA114_RECAPACICLA-1.jpg?fit=1755%2C1755&ssl=1","jetpack_shortlink":"https:\/\/wp.me\/p8M4X7-2aR","jetpack-related-posts":[{"id":9233,"url":"https:\/\/cepronda.com\/blog\/9233-2\/","url_meta":{"origin":8361,"position":0},"title":"PROGRAMA ALDEA: RECAPACICLA, EDUCACI\u00d3N PARA LA CIRCULARIDAD","author":"Encarni Jim\u00e9nez Rosado","date":"19 enero, 2026","format":false,"excerpt":"Abierto el plazo de inscripci\u00f3n de la actividad, \"PROGRAMA ALDEA: RECAPACICLA, EDUCACI\u00d3N PARA LA CIRCULARIDAD\", con c\u00f3digo: 269920KPF114. Curso de 30 horas no presenciales, de car\u00e1cter voluntario dirigido prioritariamente al profesorado coordinador del Programa ALDEA en el Curso 2025-26. Especialmente aquellos que tienen la l\u00ednea de trabajo de Recapacicla, impulsado\u2026","rel":"","context":"En \u00abFormaciones\u00bb","block_context":{"text":"Formaciones","link":"https:\/\/cepronda.com\/blog\/category\/formaciones\/"},"img":{"alt_text":"","src":"https:\/\/i0.wp.com\/cepronda.com\/blog\/wp-content\/uploads\/2026\/01\/aldea.jpg?fit=450%2C450&ssl=1&resize=350%2C200","width":350,"height":200},"classes":[]},{"id":9488,"url":"https:\/\/cepronda.com\/blog\/9488-2\/","url_meta":{"origin":8361,"position":1},"title":"PROGRAMA ALDEA: RECAPACICLA, EDUCACI\u00d3N PARA LA CIRCULARIDAD (Segunda edici\u00f3n)","author":"Encarni Jim\u00e9nez Rosado","date":"6 abril, 2026","format":false,"excerpt":"Ya est\u00e1 abierto el plazo de inscripci\u00f3n de la actividad: PROGRAMA ALDEA: RECAPACICLA, EDUCACI\u00d3N PARA LA CIRCULARIDAD (Segunda edici\u00f3n), C\u00f3digo:269920QPF114 Curso de 30 horas no presenciales, de car\u00e1cter voluntario dirigido prioritariamente al profesorado coordinador del Programa ALDEA en el Curso 2025-26, especialmente aquellos que tienen la l\u00ednea de trabajo de\u2026","rel":"","context":"En \u00abFormaciones\u00bb","block_context":{"text":"Formaciones","link":"https:\/\/cepronda.com\/blog\/category\/formaciones\/"},"img":{"alt_text":"","src":"https:\/\/i0.wp.com\/cepronda.com\/blog\/wp-content\/uploads\/2026\/04\/Sin-titulo.png?fit=598%2C595&ssl=1&resize=350%2C200","width":350,"height":200,"srcset":"https:\/\/i0.wp.com\/cepronda.com\/blog\/wp-content\/uploads\/2026\/04\/Sin-titulo.png?fit=598%2C595&ssl=1&resize=350%2C200 1x, https:\/\/i0.wp.com\/cepronda.com\/blog\/wp-content\/uploads\/2026\/04\/Sin-titulo.png?fit=598%2C595&ssl=1&resize=525%2C300 1.5x"},"classes":[]},{"id":7561,"url":"https:\/\/cepronda.com\/blog\/actividades-programa-cima\/","url_meta":{"origin":8361,"position":2},"title":"ACTIVIDADES PROGRAMA CIMA","author":"Mamen Moreno","date":"11 abril, 2024","format":false,"excerpt":"Abierto plazo de solicitudes de tres actividades formativas REGIONALES para docentes participantes en el programa CIMA: \"RECAPACICLA, EDUCACI\u00d3N PARA LA CIRCULARIDAD\": https:\/\/www.juntadeandalucia.es\/educacion\/secretariavirtual\/consultaCEP\/actividad\/249920EA114\/ \"LA AVENTURA DE NUESTRO ECOHUERTO\": https:\/\/www.juntadeandalucia.es\/educacion\/secretariavirtual\/consultaCEP\/actividad\/249907EA144\/ \u00a1T\u00da PUEDES SER OL\u00cdMPIC@! UNA PROPUESTA EDUCATIVA E INTEGRADORA A TRAV\u00c9S DEL OLIMPISMO: https:\/\/www.juntadeandalucia.es\/educacion\/secretariavirtual\/consultaCEP\/actividad\/249932HVS258\/ Solicitudes de inscripci\u00f3n: del 11 al 17 de\u2026","rel":"","context":"En \u00abFormaciones\u00bb","block_context":{"text":"Formaciones","link":"https:\/\/cepronda.com\/blog\/category\/formaciones\/"},"img":{"alt_text":"","src":"https:\/\/i0.wp.com\/cepronda.com\/blog\/wp-content\/uploads\/2024\/04\/Copia-de-TEATRO-SEMIOTICA-1-1.png?fit=1080%2C1080&ssl=1&resize=350%2C200","width":350,"height":200,"srcset":"https:\/\/i0.wp.com\/cepronda.com\/blog\/wp-content\/uploads\/2024\/04\/Copia-de-TEATRO-SEMIOTICA-1-1.png?fit=1080%2C1080&ssl=1&resize=350%2C200 1x, https:\/\/i0.wp.com\/cepronda.com\/blog\/wp-content\/uploads\/2024\/04\/Copia-de-TEATRO-SEMIOTICA-1-1.png?fit=1080%2C1080&ssl=1&resize=525%2C300 1.5x, https:\/\/i0.wp.com\/cepronda.com\/blog\/wp-content\/uploads\/2024\/04\/Copia-de-TEATRO-SEMIOTICA-1-1.png?fit=1080%2C1080&ssl=1&resize=700%2C400 2x, https:\/\/i0.wp.com\/cepronda.com\/blog\/wp-content\/uploads\/2024\/04\/Copia-de-TEATRO-SEMIOTICA-1-1.png?fit=1080%2C1080&ssl=1&resize=1050%2C600 3x"},"classes":[]},{"id":8456,"url":"https:\/\/cepronda.com\/blog\/jornadas-trastornos-de-espectro-autista-una-mirada-desde-la-inclusion\/","url_meta":{"origin":8361,"position":3},"title":"JORNADAS TRASTORNOS DE ESPECTRO AUTISTA: UNA MIRADA DESDE LA INCLUSI\u00d3N","author":"Inmaculada Garc\u00eda","date":"27 marzo, 2025","format":false,"excerpt":"Abierto el plazo de inscripci\u00f3n para las \"JORNADAS TRASTORNOS DE ESPECTRO AUTISTA: UNA MIRADA DESDE LA INCLUSI\u00d3N\",\u00a0con\u00a0c\u00f3digo de ficha original 259927E011. FECHAS PREVISTAS: SOLICITUDES E INSCRIPCI\u00d3N:\u00a0desde el mi\u00e9rcoles 26 de marzo hasta el viernes 11 de abril de 2025 (ambos inclusive) LISTADOS PROVISIONALES DE ADMITIDOS:\u00a0lunes 21 de abril de 2025\u2026","rel":"","context":"En \u00abFormaciones\u00bb","block_context":{"text":"Formaciones","link":"https:\/\/cepronda.com\/blog\/category\/formaciones\/"},"img":{"alt_text":"","src":"https:\/\/i0.wp.com\/cepronda.com\/blog\/wp-content\/uploads\/2025\/04\/tea.jpg?resize=350%2C200&ssl=1","width":350,"height":200},"classes":[]},{"id":9047,"url":"https:\/\/cepronda.com\/blog\/569-mejora-de-la-competencia-matematica-en-el-aula-de-educacion-infantil-y-primaria-nivel-i\/","url_meta":{"origin":8361,"position":4},"title":"569. MEJORA DE LA COMPETENCIA MATEM\u00c1TICA EN EL AULA DE EDUCACI\u00d3N INFANTIL Y PRIMARIA. NIVEL I.","author":"Inmaculada Garc\u00eda","date":"14 noviembre, 2025","format":false,"excerpt":"Se encuentra abierto el plazo de inscripci\u00f3n para la formaci\u00f3n regional a distancia: 569. MEJORA DE LA COMPETENCIA MATEM\u00c1TICA EN EL AULA DE EDUCACI\u00d3N INFANTIL Y PRIMARIA. NIVEL I. C\u00f3digo: 269920KPF569. Con una dedicaci\u00f3n de 30 HORAS NO PRESENCIALES (AVFP). Plazo de solicitudes: 11 noviembre al 18 de noviembre. Listado\u2026","rel":"","context":"En \u00abFormaciones\u00bb","block_context":{"text":"Formaciones","link":"https:\/\/cepronda.com\/blog\/category\/formaciones\/"},"img":{"alt_text":"","src":"https:\/\/i0.wp.com\/cepronda.com\/blog\/wp-content\/uploads\/2025\/11\/Copia-de-CEP-MOTOR-INTERNACIONALIZACION-PRIMEROS-PASOS.pptx-3.jpg?fit=960%2C1200&ssl=1&resize=350%2C200","width":350,"height":200,"srcset":"https:\/\/i0.wp.com\/cepronda.com\/blog\/wp-content\/uploads\/2025\/11\/Copia-de-CEP-MOTOR-INTERNACIONALIZACION-PRIMEROS-PASOS.pptx-3.jpg?fit=960%2C1200&ssl=1&resize=350%2C200 1x, https:\/\/i0.wp.com\/cepronda.com\/blog\/wp-content\/uploads\/2025\/11\/Copia-de-CEP-MOTOR-INTERNACIONALIZACION-PRIMEROS-PASOS.pptx-3.jpg?fit=960%2C1200&ssl=1&resize=525%2C300 1.5x, https:\/\/i0.wp.com\/cepronda.com\/blog\/wp-content\/uploads\/2025\/11\/Copia-de-CEP-MOTOR-INTERNACIONALIZACION-PRIMEROS-PASOS.pptx-3.jpg?fit=960%2C1200&ssl=1&resize=700%2C400 2x"},"classes":[]},{"id":5820,"url":"https:\/\/cepronda.com\/blog\/pratiques-denseignement-innovantes-soutenues-par-lutilisation-des-tice-dans-la-classe-de-langue\/","url_meta":{"origin":8361,"position":5},"title":"PRATIQUES D&#8217;ENSEIGNEMENT INNOVANTES SOUTENUES PAR L&#8217;UTILISATION DES TICE DANS LA CLASSE DE LANGUE","author":"Inmaculada Garc\u00eda","date":"10 marzo, 2023","format":false,"excerpt":"CURSO REGIONAL A DISTANCIA EN EL AVFP dirigido a profesorado de franc\u00e9s de cualquier nivel (la\u00a0lengua vehicular\u00a0ser\u00e1 el\u00a0franc\u00e9s): PRATIQUES D'ENSEIGNEMENT INNOVANTES SOUTENUES PAR L'UTILISATION DES TICE DANS LA CLASSE DE LANGUE, con c\u00f3digo\u00a023K9911AV158. \u00a0- PLAZO DE INSCRIPCI\u00d3N:\u00a0del 17 al 31 de marzo 2023 - LISTA PROVISIONAL ADMITIDOS:\u00a010 de abril de\u2026","rel":"","context":"En \u00abFormaciones\u00bb","block_context":{"text":"Formaciones","link":"https:\/\/cepronda.com\/blog\/category\/formaciones\/"},"img":{"alt_text":"","src":"","width":0,"height":0},"classes":[]}],"jetpack_sharing_enabled":true,"_links":{"self":[{"href":"https:\/\/cepronda.com\/blog\/wp-json\/wp\/v2\/posts\/8361","targetHints":{"allow":["GET"]}}],"collection":[{"href":"https:\/\/cepronda.com\/blog\/wp-json\/wp\/v2\/posts"}],"about":[{"href":"https:\/\/cepronda.com\/blog\/wp-json\/wp\/v2\/types\/post"}],"author":[{"embeddable":true,"href":"https:\/\/cepronda.com\/blog\/wp-json\/wp\/v2\/users\/9"}],"replies":[{"embeddable":true,"href":"https:\/\/cepronda.com\/blog\/wp-json\/wp\/v2\/comments?post=8361"}],"version-history":[{"count":1,"href":"https:\/\/cepronda.com\/blog\/wp-json\/wp\/v2\/posts\/8361\/revisions"}],"predecessor-version":[{"id":8365,"href":"https:\/\/cepronda.com\/blog\/wp-json\/wp\/v2\/posts\/8361\/revisions\/8365"}],"wp:featuredmedia":[{"embeddable":true,"href":"https:\/\/cepronda.com\/blog\/wp-json\/wp\/v2\/media\/8364"}],"wp:attachment":[{"href":"https:\/\/cepronda.com\/blog\/wp-json\/wp\/v2\/media?parent=8361"}],"wp:term":[{"taxonomy":"category","embeddable":true,"href":"https:\/\/cepronda.com\/blog\/wp-json\/wp\/v2\/categories?post=8361"},{"taxonomy":"post_tag","embeddable":true,"href":"https:\/\/cepronda.com\/blog\/wp-json\/wp\/v2\/tags?post=8361"}],"curies":[{"name":"wp","href":"https:\/\/api.w.org\/{rel}","templated":true}]}}