{"id":8356,"date":"2025-03-13T17:07:05","date_gmt":"2025-03-13T16:07:05","guid":{"rendered":"https:\/\/cepronda.com\/blog\/?p=8356"},"modified":"2025-03-13T17:07:44","modified_gmt":"2025-03-13T16:07:44","slug":"iniciacion-al-pensamiento-computacional-con-python","status":"publish","type":"post","link":"https:\/\/cepronda.com\/blog\/iniciacion-al-pensamiento-computacional-con-python\/","title":{"rendered":"INICIACI\u00d3N AL PENSAMIENTO COMPUTACIONAL CON PYTHON"},"content":{"rendered":"<div class=\"\" data-block=\"true\" data-editor=\"atkbe\" data-offset-key=\"1af06-0-0\">\n<div class=\"_1mf _1mj\" data-offset-key=\"1af06-0-0\">\n<div class=\"\" data-block=\"true\" data-editor=\"e9ko7\" data-offset-key=\"dpo7p-0-0\">\n<div class=\"_1mf _1mj\" data-offset-key=\"dpo7p-0-0\"><span data-offset-key=\"dpo7p-0-0\">Abierto el plazo de inscripci\u00f3n en la actividad regional \u00abINICIACI\u00d3N AL PENSAMIENTO COMPUTACIONAL CON PYTHON\u00bb, con c\u00f3digo 251812GE102.<\/span><\/div>\n<\/div>\n<div class=\"\" data-block=\"true\" data-editor=\"e9ko7\" data-offset-key=\"btsvs-0-0\">\n<div class=\"_1mf _1mj\" data-offset-key=\"btsvs-0-0\"><span data-offset-key=\"btsvs-0-0\">\u00a0<\/span><\/div>\n<\/div>\n<div class=\"\" data-block=\"true\" data-editor=\"e9ko7\" data-offset-key=\"24jsi-0-0\">\n<div class=\"_1mf _1mj\" data-offset-key=\"24jsi-0-0\"><span data-offset-key=\"24jsi-0-0\"> Inscripciones: desde el 05\/03\/2025 hasta el 21\/03\/2025<\/span><\/div>\n<\/div>\n<div class=\"\" data-block=\"true\" data-editor=\"e9ko7\" data-offset-key=\"833vs-0-0\">\n<div class=\"_1mf _1mj\" data-offset-key=\"833vs-0-0\"><span data-offset-key=\"833vs-0-0\"> Modalidad: Curso a Distancia.<\/span><\/div>\n<\/div>\n<div class=\"\" data-block=\"true\" data-editor=\"e9ko7\" data-offset-key=\"fncv4-0-0\">\n<div class=\"_1mf _1mj\" data-offset-key=\"fncv4-0-0\"><span data-offset-key=\"fncv4-0-0\">Horas no presenciales totales: 50<\/span><\/div>\n<\/div>\n<div class=\"\" data-block=\"true\" data-editor=\"e9ko7\" data-offset-key=\"k2rk-0-0\">\n<div class=\"_1mf _1mj\" data-offset-key=\"k2rk-0-0\"><span data-offset-key=\"k2rk-0-0\">N\u00ba de plazas: 120<\/span><\/div>\n<\/div>\n<div class=\"\" data-block=\"true\" data-editor=\"e9ko7\" data-offset-key=\"7emnf-0-0\">\n<div class=\"_1mf _1mj\" data-offset-key=\"7emnf-0-0\"><span data-offset-key=\"7emnf-0-0\">Dirigido a: Internivelar<\/span><\/div>\n<\/div>\n<div class=\"\" data-block=\"true\" data-editor=\"e9ko7\" data-offset-key=\"51m3o-0-0\">\n<div class=\"_1mf _1mj\" data-offset-key=\"51m3o-0-0\"><span data-offset-key=\"51m3o-0-0\">\u00a0<\/span><\/div>\n<\/div>\n<div class=\"\" data-block=\"true\" data-editor=\"e9ko7\" data-offset-key=\"df73h-0-0\">\n<div class=\"_1mf _1mj\" data-offset-key=\"df73h-0-0\"><span data-offset-key=\"df73h-0-0\">Enlace a la inscripci\u00f3n: <a href=\"https:\/\/www.juntadeandalucia.es\/educacion\/secretariavirtual\/consultaCEP\/actividad\/251812GE102\/\">https:\/\/www.juntadeandalucia.es\/educacion\/secretariavirtual\/consultaCEP\/actividad\/251812GE102\/<\/a><\/span><\/div>\n<\/div>\n<div class=\"\" data-block=\"true\" data-editor=\"e9ko7\" data-offset-key=\"25ar7-0-0\">\n<div class=\"_1mf _1mj\" data-offset-key=\"25ar7-0-0\"><span data-offset-key=\"25ar7-0-0\">\u00a0<\/span><\/div>\n<\/div>\n<div class=\"\" data-block=\"true\" data-editor=\"e9ko7\" data-offset-key=\"80jcm-0-0\">\n<div class=\"_1mf _1mj\" data-offset-key=\"80jcm-0-0\"><\/div>\n<\/div>\n<div class=\"\" data-block=\"true\" data-editor=\"e9ko7\" data-offset-key=\"25ttp-0-0\">\n<div class=\"_1mf _1mj\" data-offset-key=\"25ttp-0-0\"><span data-offset-key=\"25ttp-0-0\">Para cualquier aclaraci\u00f3n la asesor\u00eda responsable es:<\/span><\/div>\n<\/div>\n<div class=\"\" data-block=\"true\" data-editor=\"e9ko7\" data-offset-key=\"1f705-0-0\">\n<div class=\"_1mf _1mj\" data-offset-key=\"1f705-0-0\"><span data-offset-key=\"1f705-0-0\">ESTHER L\u00d3PEZ DELGADO<\/span><\/div>\n<\/div>\n<div class=\"\" data-block=\"true\" data-editor=\"e9ko7\" data-offset-key=\"5c7li-0-0\">\n<div class=\"_1mf _1mj\" data-offset-key=\"5c7li-0-0\"><span data-offset-key=\"5c7li-0-0\">660 19 59 07<\/span><\/div>\n<\/div>\n<\/div>\n<\/div>\n<p><a href=\"https:\/\/www.juntadeandalucia.es\/educacion\/secretariavirtual\/consultaCEP\/actividad\/251812GE102\/\"><img data-recalc-dims=\"1\" loading=\"lazy\" decoding=\"async\" class=\"aligncenter wp-image-8357\" src=\"https:\/\/i0.wp.com\/cepronda.com\/blog\/wp-content\/uploads\/2025\/03\/251812GE102-PYTHON_INICIAL-1.jpg?resize=409%2C409&#038;ssl=1\" alt=\"\" width=\"409\" height=\"409\" srcset=\"https:\/\/i0.wp.com\/cepronda.com\/blog\/wp-content\/uploads\/2025\/03\/251812GE102-PYTHON_INICIAL-1.jpg?resize=1024%2C1024&amp;ssl=1 1024w, https:\/\/i0.wp.com\/cepronda.com\/blog\/wp-content\/uploads\/2025\/03\/251812GE102-PYTHON_INICIAL-1.jpg?resize=300%2C300&amp;ssl=1 300w, https:\/\/i0.wp.com\/cepronda.com\/blog\/wp-content\/uploads\/2025\/03\/251812GE102-PYTHON_INICIAL-1.jpg?resize=150%2C150&amp;ssl=1 150w, https:\/\/i0.wp.com\/cepronda.com\/blog\/wp-content\/uploads\/2025\/03\/251812GE102-PYTHON_INICIAL-1.jpg?resize=768%2C768&amp;ssl=1 768w, https:\/\/i0.wp.com\/cepronda.com\/blog\/wp-content\/uploads\/2025\/03\/251812GE102-PYTHON_INICIAL-1.jpg?resize=50%2C50&amp;ssl=1 50w, https:\/\/i0.wp.com\/cepronda.com\/blog\/wp-content\/uploads\/2025\/03\/251812GE102-PYTHON_INICIAL-1.jpg?w=1080&amp;ssl=1 1080w\" sizes=\"auto, (max-width: 409px) 100vw, 409px\" \/><\/a><\/p>\n","protected":false},"excerpt":{"rendered":"<p>Abierto el plazo de inscripci\u00f3n en la actividad regional \u00abINICIACI\u00d3N AL PENSAMIENTO COMPUTACIONAL CON PYTHON\u00bb, con c\u00f3digo 251812GE102. \u00a0 Inscripciones: desde el 05\/03\/2025 hasta el 21\/03\/2025 Modalidad: Curso a Distancia. Horas no presenciales totales: 50 N\u00ba de plazas: 120 Dirigido a: Internivelar \u00a0 Enlace a la inscripci\u00f3n: https:\/\/www.juntadeandalucia.es\/educacion\/secretariavirtual\/consultaCEP\/actividad\/251812GE102\/ \u00a0 Para cualquier aclaraci\u00f3n la asesor\u00eda responsable [&hellip;]<\/p>\n","protected":false},"author":9,"featured_media":8357,"comment_status":"closed","ping_status":"open","sticky":false,"template":"","format":"standard","meta":{"_crdt_document":"","advanced_seo_description":"","jetpack_seo_html_title":"","jetpack_seo_noindex":false,"jetpack_post_was_ever_published":false,"_jetpack_newsletter_access":"","_jetpack_dont_email_post_to_subs":false,"_jetpack_newsletter_tier_id":0,"_jetpack_memberships_contains_paywalled_content":false,"_jetpack_memberships_contains_paid_content":false,"footnotes":"","jetpack_publicize_message":"","jetpack_publicize_feature_enabled":true,"jetpack_social_post_already_shared":false,"jetpack_social_options":{"image_generator_settings":{"template":"highway","default_image_id":0,"font":"","enabled":false},"version":2}},"categories":[3],"tags":[],"class_list":{"0":"post-8356","1":"post","2":"type-post","3":"status-publish","4":"format-standard","5":"has-post-thumbnail","7":"category-formaciones","8":"czr-hentry"},"jetpack_publicize_connections":[],"jetpack_featured_media_url":"https:\/\/i0.wp.com\/cepronda.com\/blog\/wp-content\/uploads\/2025\/03\/251812GE102-PYTHON_INICIAL-1.jpg?fit=1080%2C1080&ssl=1","jetpack_shortlink":"https:\/\/wp.me\/p8M4X7-2aM","jetpack-related-posts":[{"id":7987,"url":"https:\/\/cepronda.com\/blog\/robotica-y-pensamiento-computacional-en-primaria\/","url_meta":{"origin":8356,"position":0},"title":"ROB\u00d3TICA Y PENSAMIENTO COMPUTACIONAL EN PRIMARIA","author":"Mamen Moreno","date":"20 diciembre, 2024","format":false,"excerpt":"Se abre el plazo de inscripci\u00f3n para la actividad provincial ROB\u00d3TICA Y PENSAMIENTO COMPUTACIONAL EN PRIMARIA. Inscripci\u00f3n: Hasta el 31\/12\/24 Dirigido a Educaci\u00f3n Primaria Actividad: del 15\/01\/25 a 05\/02\/25 Duraci\u00f3n:12 h presenciales + 3 en AVFP M\u00e1s en: https:\/www.juntadeandalucia.es\/educacion\/secretariavirtual\/consultaCEP\/actividad\/252922GE073\/","rel":"","context":"En \u00abFormaciones\u00bb","block_context":{"text":"Formaciones","link":"https:\/\/cepronda.com\/blog\/category\/formaciones\/"},"img":{"alt_text":"","src":"https:\/\/i0.wp.com\/cepronda.com\/blog\/wp-content\/uploads\/2024\/12\/WhatsApp-Image-2024-12-20-at-13.06.06-300x300.jpeg?resize=350%2C200&ssl=1","width":350,"height":200},"classes":[]},{"id":8464,"url":"https:\/\/cepronda.com\/blog\/iniciacion-al-uso-de-la-inteligencia-artificial-generativa-centrada-en-la-educacion\/","url_meta":{"origin":8356,"position":1},"title":"INICIACI\u00d3N AL USO DE LA INTELIGENCIA ARTIFICIAL GENERATIVA CENTRADA EN LA EDUCACI\u00d3N.","author":"Inmaculada Garc\u00eda","date":"23 abril, 2025","format":false,"excerpt":"Abierto el plazo de inscripci\u00f3n para la actividad a distancia \" INICIACI\u00d3N AL USO DE LA INTELIGENCIA ARTIFICIAL GENERATIVA CENTRADA EN LA EDUCACI\u00d3N\u201d. C\u00f3digo: 259926WPF485. Curso con reconocimiento de 40 horas de formaci\u00f3n, a desarrollar en el Aula Virtual de Formaci\u00f3n del Profesorado. Plazo de inscripci\u00f3n: 23\/04\/2025 hasta 05\/05\/2025 Fecha\u2026","rel":"","context":"En \u00abFormaciones\u00bb","block_context":{"text":"Formaciones","link":"https:\/\/cepronda.com\/blog\/category\/formaciones\/"},"img":{"alt_text":"","src":"https:\/\/i0.wp.com\/cepronda.com\/blog\/wp-content\/uploads\/2025\/04\/ia-generativa.jpg?fit=960%2C1200&ssl=1&resize=350%2C200","width":350,"height":200,"srcset":"https:\/\/i0.wp.com\/cepronda.com\/blog\/wp-content\/uploads\/2025\/04\/ia-generativa.jpg?fit=960%2C1200&ssl=1&resize=350%2C200 1x, https:\/\/i0.wp.com\/cepronda.com\/blog\/wp-content\/uploads\/2025\/04\/ia-generativa.jpg?fit=960%2C1200&ssl=1&resize=525%2C300 1.5x, https:\/\/i0.wp.com\/cepronda.com\/blog\/wp-content\/uploads\/2025\/04\/ia-generativa.jpg?fit=960%2C1200&ssl=1&resize=700%2C400 2x"},"classes":[]},{"id":7952,"url":"https:\/\/cepronda.com\/blog\/iniciacion-al-uso-de-la-inteligencia-artificial-generativa-centrada-en-la-educacion-codigo-259925qpf485\/","url_meta":{"origin":8356,"position":2},"title":"\u00abINICIACI\u00d3N AL USO DE LA INTELIGENCIA ARTIFICIAL GENERATIVA CENTRADA EN LA EDUCACI\u00d3N\u00bb, c\u00f3digo: 259925QPF485.","author":"Inmaculada Garc\u00eda","date":"18 diciembre, 2024","format":false,"excerpt":"Se encuentra abierto el plazo de inscripci\u00f3n del curso provincial: INICIACI\u00d3N AL USO DE LA INTELIGENCIA ARTIFICIAL GENERATIVA CENTRADA EN LA EDUCACI\u00d3N, c\u00f3digo: 259925QPF485. \u270f\ufe0fInscripciones: del 17\/12\/2024 al 13\/01\/2025 \u270f\ufe0fFechas de realizaci\u00f3n: del 20 de enero al 24 de marzo de 2025. M\u00e1s informaci\u00f3n e inscripci\u00f3n en el siguiente enlace:\u2026","rel":"","context":"En \u00abFormaciones\u00bb","block_context":{"text":"Formaciones","link":"https:\/\/cepronda.com\/blog\/category\/formaciones\/"},"img":{"alt_text":"","src":"https:\/\/i0.wp.com\/cepronda.com\/blog\/wp-content\/uploads\/2024\/12\/IMG_20241217_103413_811.jpg?fit=960%2C1200&ssl=1&resize=350%2C200","width":350,"height":200,"srcset":"https:\/\/i0.wp.com\/cepronda.com\/blog\/wp-content\/uploads\/2024\/12\/IMG_20241217_103413_811.jpg?fit=960%2C1200&ssl=1&resize=350%2C200 1x, https:\/\/i0.wp.com\/cepronda.com\/blog\/wp-content\/uploads\/2024\/12\/IMG_20241217_103413_811.jpg?fit=960%2C1200&ssl=1&resize=525%2C300 1.5x, https:\/\/i0.wp.com\/cepronda.com\/blog\/wp-content\/uploads\/2024\/12\/IMG_20241217_103413_811.jpg?fit=960%2C1200&ssl=1&resize=700%2C400 2x"},"classes":[]},{"id":1600,"url":"https:\/\/cepronda.com\/blog\/creando-codigo\/","url_meta":{"origin":8356,"position":3},"title":"Creando c\u00f3digo","author":"V\u00edctor Caballero","date":"8 febrero, 2018","format":false,"excerpt":"Muy buenas, compartimos con todos y todas vosotras esta informaci\u00f3n que creemos os puede resultar interesante. Se trata del proyecto \"Creando c\u00f3digo\".\u00a0 Con la metodolog\u00eda del\u00a0aprendizaje basado en proyectos\u00a0el proyecto\u00a0Creando C\u00f3digo\u00a0permitir\u00e1 a los profesionales del futuro adquirir las competencias del siglo XXI: colaboraci\u00f3n, comunicaci\u00f3n, creatividad, pensamiento cr\u00edtico y resoluci\u00f3n de\u2026","rel":"","context":"En \u00abNoticias\u00bb","block_context":{"text":"Noticias","link":"https:\/\/cepronda.com\/blog\/category\/noticias\/"},"img":{"alt_text":"","src":"https:\/\/i0.wp.com\/cepronda.com\/blog\/wp-content\/uploads\/2018\/02\/creando_c%C3%B3digo.png?fit=764%2C676&ssl=1&resize=350%2C200","width":350,"height":200,"srcset":"https:\/\/i0.wp.com\/cepronda.com\/blog\/wp-content\/uploads\/2018\/02\/creando_c%C3%B3digo.png?fit=764%2C676&ssl=1&resize=350%2C200 1x, https:\/\/i0.wp.com\/cepronda.com\/blog\/wp-content\/uploads\/2018\/02\/creando_c%C3%B3digo.png?fit=764%2C676&ssl=1&resize=525%2C300 1.5x, https:\/\/i0.wp.com\/cepronda.com\/blog\/wp-content\/uploads\/2018\/02\/creando_c%C3%B3digo.png?fit=764%2C676&ssl=1&resize=700%2C400 2x"},"classes":[]},{"id":4009,"url":"https:\/\/cepronda.com\/blog\/moodle-centros-iniciacion\/","url_meta":{"origin":8356,"position":4},"title":"MOODLE CENTROS. INICIACI\u00d3N","author":"Maribel Mu\u00f1oz","date":"26 noviembre, 2020","format":false,"excerpt":"Buenos d\u00edas compa\u00f1eras y compa\u00f1eros, Os informamos que est\u00e1 abierto el plazo de inscripci\u00f3n de la formaci\u00f3n USO DE LA PLATAFORMA MOODLE CENTROS (INICIACI\u00d3N) internivelar\u00a0 y provincial, que comenzar\u00e1 a desarrollarse el pr\u00f3ximo\u00a0 11\/01\/2021.\u00a0 ENLACE DIRECTO A LA FICHA EN S\u00c9NECA PARA INSCRIBIRSE https:\/\/www.juntadeandalucia.es\/educacion\/secretariavirtual\/consultaCEP\/actividad\/212923QPF147\/ Te rogamos que en el caso\u2026","rel":"","context":"En \u00abFormaciones\u00bb","block_context":{"text":"Formaciones","link":"https:\/\/cepronda.com\/blog\/category\/formaciones\/"},"img":{"alt_text":"","src":"https:\/\/i0.wp.com\/cepronda.com\/blog\/wp-content\/uploads\/2020\/11\/moodle-centros-300x122.png?resize=350%2C200","width":350,"height":200},"classes":[]},{"id":8251,"url":"https:\/\/cepronda.com\/blog\/iniciacion-al-uso-de-la-inteligencia-artificial-generativa-centrada-en-la-educacion-codigo-259924kpf485\/","url_meta":{"origin":8356,"position":5},"title":"\u00abINICIACI\u00d3N AL USO DE LA INTELIGENCIA ARTIFICIAL GENERATIVA CENTRADA EN LA EDUCACI\u00d3N\u00bb, c\u00f3digo: 259924KPF485.","author":"Inmaculada Garc\u00eda","date":"30 septiembre, 2024","format":false,"excerpt":"Se encuentra abierto el plazo de inscripci\u00f3n del curso provincial: INICIACI\u00d3N AL USO DE LA INTELIGENCIA ARTIFICIAL GENERATIVA CENTRADA EN LA EDUCACI\u00d3N, c\u00f3digo: 259924KPF485. Curso a distancia con certificaci\u00f3n de 40 horas de formaci\u00f3n y v\u00e1lido para la acreditaci\u00f3n del nivel A1 de CDD. A desarrollar en el Aula Virtual\u2026","rel":"","context":"En \u00abNoticias\u00bb","block_context":{"text":"Noticias","link":"https:\/\/cepronda.com\/blog\/category\/noticias\/"},"img":{"alt_text":"","src":"https:\/\/i0.wp.com\/cepronda.com\/blog\/wp-content\/uploads\/2025\/03\/Anadir-un-subtitulo-819x1024.jpg?resize=350%2C200&ssl=1","width":350,"height":200},"classes":[]}],"jetpack_sharing_enabled":true,"_links":{"self":[{"href":"https:\/\/cepronda.com\/blog\/wp-json\/wp\/v2\/posts\/8356","targetHints":{"allow":["GET"]}}],"collection":[{"href":"https:\/\/cepronda.com\/blog\/wp-json\/wp\/v2\/posts"}],"about":[{"href":"https:\/\/cepronda.com\/blog\/wp-json\/wp\/v2\/types\/post"}],"author":[{"embeddable":true,"href":"https:\/\/cepronda.com\/blog\/wp-json\/wp\/v2\/users\/9"}],"replies":[{"embeddable":true,"href":"https:\/\/cepronda.com\/blog\/wp-json\/wp\/v2\/comments?post=8356"}],"version-history":[{"count":2,"href":"https:\/\/cepronda.com\/blog\/wp-json\/wp\/v2\/posts\/8356\/revisions"}],"predecessor-version":[{"id":8359,"href":"https:\/\/cepronda.com\/blog\/wp-json\/wp\/v2\/posts\/8356\/revisions\/8359"}],"wp:featuredmedia":[{"embeddable":true,"href":"https:\/\/cepronda.com\/blog\/wp-json\/wp\/v2\/media\/8357"}],"wp:attachment":[{"href":"https:\/\/cepronda.com\/blog\/wp-json\/wp\/v2\/media?parent=8356"}],"wp:term":[{"taxonomy":"category","embeddable":true,"href":"https:\/\/cepronda.com\/blog\/wp-json\/wp\/v2\/categories?post=8356"},{"taxonomy":"post_tag","embeddable":true,"href":"https:\/\/cepronda.com\/blog\/wp-json\/wp\/v2\/tags?post=8356"}],"curies":[{"name":"wp","href":"https:\/\/api.w.org\/{rel}","templated":true}]}}