{"id":834,"date":"2017-05-18T11:05:24","date_gmt":"2017-05-18T09:05:24","guid":{"rendered":"http:\/\/cepronda.com\/blog\/?p=834"},"modified":"2025-04-28T12:06:21","modified_gmt":"2025-04-28T10:06:21","slug":"atencion-novedades-en-las-jornadas-de-educacion-fisica","status":"publish","type":"post","link":"https:\/\/cepronda.com\/blog\/atencion-novedades-en-las-jornadas-de-educacion-fisica\/","title":{"rendered":"\u00a1ATENCI\u00d3N! Novedades en las Jornadas de Educaci\u00f3n F\u00edsica"},"content":{"rendered":"<p>Atenci\u00f3n atenci\u00f3n, finalmente \u00ablas diosas meteorol\u00f3gicas\u00bb se han aliado con los \u00abdioses log\u00edsticos\u00bb y no vamos a tener que esperar hasta septiembre para poder disfrutar de las Jornadas provinciales de Educaci\u00f3n F\u00edsica!!!!<\/p>\n<p>Y es que finalmente podremos jugar, disfrutar, encontrarnos y aprender el pr\u00f3ximo 8 y 9 de junio, en el Albergue de Cortes de la Frontera. As\u00ed que id reservando energ\u00edas para esos d\u00edas, que nos van a hacer falta. Os seguiremos informando a trav\u00e9s del blog, de nuestras redes sociales, y de los canales de comunicaci\u00f3n propios de las Jornadas. \u00a1Nos vemos pronto!<\/p>\n<p>&nbsp;<\/p>\n<p><img data-recalc-dims=\"1\" loading=\"lazy\" decoding=\"async\" class=\"size-medium wp-image-844 aligncenter\" src=\"https:\/\/i0.wp.com\/cepronda.com\/blog\/wp-content\/uploads\/2017\/05\/cartel._jpg-300x216.png?resize=300%2C216\" alt=\"\" width=\"300\" height=\"216\" \/><\/p>\n","protected":false},"excerpt":{"rendered":"<p>Atenci\u00f3n atenci\u00f3n, finalmente \u00ablas diosas meteorol\u00f3gicas\u00bb se han aliado con los \u00abdioses log\u00edsticos\u00bb y no vamos a tener que esperar hasta septiembre para poder disfrutar de las Jornadas provinciales de Educaci\u00f3n F\u00edsica!!!! Y es que finalmente podremos jugar, disfrutar, encontrarnos y aprender el pr\u00f3ximo 8 y 9 de junio, en el Albergue de Cortes de [&hellip;]<\/p>\n","protected":false},"author":3,"featured_media":844,"comment_status":"open","ping_status":"open","sticky":false,"template":"","format":"standard","meta":{"_crdt_document":"","advanced_seo_description":"","jetpack_seo_html_title":"","jetpack_seo_noindex":false,"jetpack_post_was_ever_published":false,"_jetpack_newsletter_access":"","_jetpack_dont_email_post_to_subs":false,"_jetpack_newsletter_tier_id":0,"_jetpack_memberships_contains_paywalled_content":false,"_jetpack_memberships_contains_paid_content":false,"footnotes":"","jetpack_publicize_message":"","jetpack_publicize_feature_enabled":true,"jetpack_social_post_already_shared":false,"jetpack_social_options":{"image_generator_settings":{"template":"highway","default_image_id":0,"font":"","enabled":false},"version":2}},"categories":[5],"tags":[22,174],"class_list":{"0":"post-834","1":"post","2":"type-post","3":"status-publish","4":"format-standard","5":"has-post-thumbnail","7":"category-noticias","8":"tag-ef","9":"tag-jornadas","10":"czr-hentry"},"jetpack_publicize_connections":[],"jetpack_featured_media_url":"https:\/\/i0.wp.com\/cepronda.com\/blog\/wp-content\/uploads\/2017\/05\/cartel._jpg-e1495712693598.png?fit=500%2C360&ssl=1","jetpack_shortlink":"https:\/\/wp.me\/p8M4X7-ds","jetpack-related-posts":[{"id":8879,"url":"https:\/\/cepronda.com\/blog\/documental-jornadas-de-educacion-fisica-2025\/","url_meta":{"origin":834,"position":0},"title":"DOCUMENTAL JORNADAS DE EDUCACI\u00d3N F\u00cdSICA 2025","author":"Mamen Moreno","date":"3 octubre, 2025","format":false,"excerpt":"Compartimos el v\u00eddeo resumen de las Jornadas celebradas los d\u00edas 14 y 15 de mayo de 2025 en CEULAJ, Mollina (CEP de Antequera), organizadas por el Equipo Provincial del \u00e1mbito de Educaci\u00f3n F\u00edsica de la provincia de M\u00e1laga. Estas jornadas incluyeron talleres pr\u00e1cticos, retos f\u00edsicos cooperativos, experiencias con modelos pedag\u00f3gicos\u2026","rel":"","context":"En \u00abNoticias\u00bb","block_context":{"text":"Noticias","link":"https:\/\/cepronda.com\/blog\/category\/noticias\/"},"img":{"alt_text":"","src":"https:\/\/i0.wp.com\/cepronda.com\/blog\/wp-content\/uploads\/2025\/10\/Z60XprHTf5nIO0ge.jpg?fit=675%2C1200&ssl=1&resize=350%2C200","width":350,"height":200,"srcset":"https:\/\/i0.wp.com\/cepronda.com\/blog\/wp-content\/uploads\/2025\/10\/Z60XprHTf5nIO0ge.jpg?fit=675%2C1200&ssl=1&resize=350%2C200 1x, https:\/\/i0.wp.com\/cepronda.com\/blog\/wp-content\/uploads\/2025\/10\/Z60XprHTf5nIO0ge.jpg?fit=675%2C1200&ssl=1&resize=525%2C300 1.5x"},"classes":[]},{"id":5814,"url":"https:\/\/cepronda.com\/blog\/vi-jornadas-provinciales-de-educacion-fisica-provincia-de-malaga-inscripciones\/","url_meta":{"origin":834,"position":1},"title":"VI JORNADAS PROVINCIALES DE EDUCACI\u00d3N F\u00cdSICA (Provincia de M\u00e1laga) \u00a1Inscripciones!","author":"V\u00edctor Caballero","date":"7 marzo, 2023","format":false,"excerpt":"Abierta inscripci\u00f3n VI JORNADAS PROVINCIALES DE EDUCACI\u00d3N F\u00cdSICA: LOMLOE Y COMPETENCIA DIGITAL DOCENTE. C\u00f3digo: 232926EF512 Inscripciones: desde el 07\/03\/2023 hasta 20\/03\/2023 Comienzo de las Jornadas: 10\/05\/2023 Lugar de realizaci\u00f3n: Torre del Mar (V\u00e9lez-M\u00e1laga) Detalle e inscripci\u00f3n: https:\/\/www.juntadeandalucia.es\/educacion\/secretariavirtual\/consultaCEP\/actividad\/232926EF512\/ Rogamos la lectura de las OBSERVACIONES en la ficha de S\u00c9NECA antes de\u2026","rel":"","context":"En \u00abNoticias\u00bb","block_context":{"text":"Noticias","link":"https:\/\/cepronda.com\/blog\/category\/noticias\/"},"img":{"alt_text":"","src":"https:\/\/i0.wp.com\/cepronda.com\/blog\/wp-content\/uploads\/2023\/03\/Cartel-EF.jpeg?fit=848%2C1200&ssl=1&resize=350%2C200","width":350,"height":200,"srcset":"https:\/\/i0.wp.com\/cepronda.com\/blog\/wp-content\/uploads\/2023\/03\/Cartel-EF.jpeg?fit=848%2C1200&ssl=1&resize=350%2C200 1x, https:\/\/i0.wp.com\/cepronda.com\/blog\/wp-content\/uploads\/2023\/03\/Cartel-EF.jpeg?fit=848%2C1200&ssl=1&resize=525%2C300 1.5x, https:\/\/i0.wp.com\/cepronda.com\/blog\/wp-content\/uploads\/2023\/03\/Cartel-EF.jpeg?fit=848%2C1200&ssl=1&resize=700%2C400 2x"},"classes":[]},{"id":5789,"url":"https:\/\/cepronda.com\/blog\/vi-jornadas-provinciales-de-educacion-fisica-provincia-de-malaga\/","url_meta":{"origin":834,"position":2},"title":"VI JORNADAS PROVINCIALES DE EDUCACI\u00d3N F\u00cdSICA (Provincia de M\u00e1laga)","author":"V\u00edctor Caballero","date":"17 febrero, 2023","format":false,"excerpt":"Buenos d\u00edas. \u00a1Este curso s\u00ed que s\u00ed! El equipo provincial de Educaci\u00f3n F\u00edsica de la red asesora de la provincia de M\u00e1laga ya est\u00e1 trabajando de pleno en las VI Jornadas provinciales de E.F. Muy atentos a las redes sociales y a la mensajer\u00eda de S\u00e9neca ya que las plazas\u2026","rel":"","context":"En \u00abNoticias\u00bb","block_context":{"text":"Noticias","link":"https:\/\/cepronda.com\/blog\/category\/noticias\/"},"img":{"alt_text":"","src":"https:\/\/i0.wp.com\/cepronda.com\/blog\/wp-content\/uploads\/2023\/02\/EF.jpeg?fit=1080%2C1080&ssl=1&resize=350%2C200","width":350,"height":200,"srcset":"https:\/\/i0.wp.com\/cepronda.com\/blog\/wp-content\/uploads\/2023\/02\/EF.jpeg?fit=1080%2C1080&ssl=1&resize=350%2C200 1x, https:\/\/i0.wp.com\/cepronda.com\/blog\/wp-content\/uploads\/2023\/02\/EF.jpeg?fit=1080%2C1080&ssl=1&resize=525%2C300 1.5x, https:\/\/i0.wp.com\/cepronda.com\/blog\/wp-content\/uploads\/2023\/02\/EF.jpeg?fit=1080%2C1080&ssl=1&resize=700%2C400 2x, https:\/\/i0.wp.com\/cepronda.com\/blog\/wp-content\/uploads\/2023\/02\/EF.jpeg?fit=1080%2C1080&ssl=1&resize=1050%2C600 3x"},"classes":[]},{"id":1114,"url":"https:\/\/cepronda.com\/blog\/jornadas-de-educacion-fisica\/","url_meta":{"origin":834,"position":3},"title":"Jornadas de Educaci\u00f3n F\u00edsica","author":"V\u00edctor Caballero","date":"9 junio, 2017","format":false,"excerpt":"Muy buenas, Como sab\u00e9is desde ayer tarde estamos celebrando las Jornadas Provinciales de Educaci\u00f3n F\u00edsica en el Albergue de Cortes de la Frontera. Est\u00e1n siendo unas jornadas muy muy divertidas, din\u00e1micas, activas, l\u00fadicas,... Como muestra aqu\u00ed ten\u00e9is algunas fotos y v\u00eddeos \u00a0 https:\/\/youtu.be\/Arpu3HCIIkk https:\/\/youtu.be\/5m7Tf8Hpp_w","rel":"","context":"En \u00abNoticias\u00bb","block_context":{"text":"Noticias","link":"https:\/\/cepronda.com\/blog\/category\/noticias\/"},"img":{"alt_text":"","src":"https:\/\/i0.wp.com\/cepronda.com\/blog\/wp-content\/uploads\/2017\/06\/WhatsApp-Image-2017-06-09-at-09.25.16-300x225.jpeg?resize=350%2C200","width":350,"height":200},"classes":[]},{"id":8430,"url":"https:\/\/cepronda.com\/blog\/vii-jornadas-provinciales-de-educacion-fisica\/","url_meta":{"origin":834,"position":4},"title":"VII JORNADAS PROVINCIALES DE EDUCACI\u00d3N F\u00cdSICA. MODELOS PEDAG\u00d3GICOS","author":"V\u00edctor Caballero","date":"1 abril, 2025","format":false,"excerpt":"Se abre el plazo de inscripci\u00f3n para las \"VII JORNADAS PROVINCIALES DE EDUCACI\u00d3N F\u00cdSICA (#EFIMA25): MODELOS PEDAG\u00d3GICOS EN EDUCACI\u00d3N F\u00cdSICA\" Dirigida al profesorado de Educaci\u00f3n F\u00edsica de la provincia de M\u00e1laga. Las fechas de realizaci\u00f3n:\u00a014 y 15 de mayo de 2025 Lugar: CEULAJ de Mollina. Fechas de inscripci\u00f3n: desde el\u2026","rel":"","context":"En \u00abFormaciones\u00bb","block_context":{"text":"Formaciones","link":"https:\/\/cepronda.com\/blog\/category\/formaciones\/"},"img":{"alt_text":"","src":"https:\/\/i0.wp.com\/cepronda.com\/blog\/wp-content\/uploads\/2025\/04\/Captura-de-pantalla-2025-04-01-a-las-12.27.42.png?fit=716%2C1009&ssl=1&resize=350%2C200","width":350,"height":200,"srcset":"https:\/\/i0.wp.com\/cepronda.com\/blog\/wp-content\/uploads\/2025\/04\/Captura-de-pantalla-2025-04-01-a-las-12.27.42.png?fit=716%2C1009&ssl=1&resize=350%2C200 1x, https:\/\/i0.wp.com\/cepronda.com\/blog\/wp-content\/uploads\/2025\/04\/Captura-de-pantalla-2025-04-01-a-las-12.27.42.png?fit=716%2C1009&ssl=1&resize=525%2C300 1.5x, https:\/\/i0.wp.com\/cepronda.com\/blog\/wp-content\/uploads\/2025\/04\/Captura-de-pantalla-2025-04-01-a-las-12.27.42.png?fit=716%2C1009&ssl=1&resize=700%2C400 2x"},"classes":[]},{"id":1160,"url":"https:\/\/cepronda.com\/blog\/video-resumen-de-las-v-jornadas-provinciales-de-ef\/","url_meta":{"origin":834,"position":5},"title":"V\u00eddeo resumen de las V Jornadas Provinciales de EF","author":"V\u00edctor Caballero","date":"12 junio, 2017","format":false,"excerpt":"Muy buenas familia, Empezamos la semana con pilas recargadas...y m\u00e1s despu\u00e9s de visionar este v\u00eddeo realizado por Sergio Carrasco como colof\u00f3n final a las V Jornadas de Educaci\u00f3n F\u00edsica que tuvieron lugar el jueves y viernes pasado. Os recomiendo ver el v\u00eddeo... https:\/\/vimeo.com\/221180461","rel":"","context":"En \u00abNoticias\u00bb","block_context":{"text":"Noticias","link":"https:\/\/cepronda.com\/blog\/category\/noticias\/"},"img":{"alt_text":"","src":"https:\/\/cepronda.com\/blog\/wp-content\/uploads\/2017\/06\/Cartel-Jornadas-EF-junio.bmp","width":350,"height":200,"srcset":"https:\/\/cepronda.com\/blog\/wp-content\/uploads\/2017\/06\/Cartel-Jornadas-EF-junio.bmp 1x, https:\/\/cepronda.com\/blog\/wp-content\/uploads\/2017\/06\/Cartel-Jornadas-EF-junio.bmp 1.5x, https:\/\/cepronda.com\/blog\/wp-content\/uploads\/2017\/06\/Cartel-Jornadas-EF-junio.bmp 2x, https:\/\/cepronda.com\/blog\/wp-content\/uploads\/2017\/06\/Cartel-Jornadas-EF-junio.bmp 3x"},"classes":[]}],"jetpack_sharing_enabled":true,"_links":{"self":[{"href":"https:\/\/cepronda.com\/blog\/wp-json\/wp\/v2\/posts\/834","targetHints":{"allow":["GET"]}}],"collection":[{"href":"https:\/\/cepronda.com\/blog\/wp-json\/wp\/v2\/posts"}],"about":[{"href":"https:\/\/cepronda.com\/blog\/wp-json\/wp\/v2\/types\/post"}],"author":[{"embeddable":true,"href":"https:\/\/cepronda.com\/blog\/wp-json\/wp\/v2\/users\/3"}],"replies":[{"embeddable":true,"href":"https:\/\/cepronda.com\/blog\/wp-json\/wp\/v2\/comments?post=834"}],"version-history":[{"count":2,"href":"https:\/\/cepronda.com\/blog\/wp-json\/wp\/v2\/posts\/834\/revisions"}],"predecessor-version":[{"id":989,"href":"https:\/\/cepronda.com\/blog\/wp-json\/wp\/v2\/posts\/834\/revisions\/989"}],"wp:featuredmedia":[{"embeddable":true,"href":"https:\/\/cepronda.com\/blog\/wp-json\/wp\/v2\/media\/844"}],"wp:attachment":[{"href":"https:\/\/cepronda.com\/blog\/wp-json\/wp\/v2\/media?parent=834"}],"wp:term":[{"taxonomy":"category","embeddable":true,"href":"https:\/\/cepronda.com\/blog\/wp-json\/wp\/v2\/categories?post=834"},{"taxonomy":"post_tag","embeddable":true,"href":"https:\/\/cepronda.com\/blog\/wp-json\/wp\/v2\/tags?post=834"}],"curies":[{"name":"wp","href":"https:\/\/api.w.org\/{rel}","templated":true}]}}