{"id":8332,"date":"2025-03-12T10:36:04","date_gmt":"2025-03-12T09:36:04","guid":{"rendered":"https:\/\/cepronda.com\/blog\/?p=8332"},"modified":"2025-03-21T11:21:49","modified_gmt":"2025-03-21T10:21:49","slug":"el-aprendizaje-cooperativo-como-estrategia-de-gestion-del-aula-2","status":"publish","type":"post","link":"https:\/\/cepronda.com\/blog\/el-aprendizaje-cooperativo-como-estrategia-de-gestion-del-aula-2\/","title":{"rendered":"EL APRENDIZAJE COOPERATIVO COMO ESTRATEGIA DE GESTI\u00d3N DEL AULA"},"content":{"rendered":"<div>Informamos que se encuentra abierto el plazo de inscripci\u00f3n para el curso provincial a distancia: EL APRENDIZAJE COOP<wbr \/>ERATIVO\u00a0COMO\u00a0ESTRATEGIA\u00a0DE\u00a0<wbr \/>GESTI\u00d3N\u00a0DEL\u00a0AULA (252925GE204), que se desarrollar\u00e1\u00a0en el<strong>\u00a0Aula Virtual de Formaci\u00f3n del Profesorado, del 7 de abril al 29 de mayo de 2025.<\/strong><\/div>\n<div>\n<div>\n<div><\/div>\n<div>Plazo de inscripci\u00f3n:<strong>\u00a0<\/strong>del 11 al 26 de marzo.<\/div>\n<div><strong>\u00a0<\/strong><\/div>\n<div>M\u00e1s informaci\u00f3n\u00a0e inscripci\u00f3n:<\/div>\n<div>\n<div><a href=\"https:\/\/www.juntadeandalucia.es\/educacion\/secretariavirtual\/consultaCEP\/actividad\/252925GE204\/\" target=\"_blank\" rel=\"noopener\" data-saferedirecturl=\"https:\/\/www.google.com\/url?q=https:\/\/www.juntadeandalucia.es\/educacion\/secretariavirtual\/consultaCEP\/actividad\/252925GE204\/&amp;source=gmail&amp;ust=1741858384417000&amp;usg=AOvVaw2im3QZKoz_m062bcARaEeO\">https:\/\/www.juntadeandalucia.e<wbr \/>s\/educacion\/secretariavirtual\/<wbr \/>consultaCEP\/actividad\/<wbr \/>252925GE204\/<\/a><\/div>\n<\/div>\n<div><img data-recalc-dims=\"1\" loading=\"lazy\" decoding=\"async\" class=\"size-medium wp-image-8333 aligncenter\" src=\"https:\/\/i0.wp.com\/cepronda.com\/blog\/wp-content\/uploads\/2025\/03\/CURSO-AC.jpg?resize=225%2C300&#038;ssl=1\" alt=\"\" width=\"225\" height=\"300\" srcset=\"https:\/\/i0.wp.com\/cepronda.com\/blog\/wp-content\/uploads\/2025\/03\/CURSO-AC.jpg?resize=225%2C300&amp;ssl=1 225w, https:\/\/i0.wp.com\/cepronda.com\/blog\/wp-content\/uploads\/2025\/03\/CURSO-AC.jpg?resize=768%2C1024&amp;ssl=1 768w, https:\/\/i0.wp.com\/cepronda.com\/blog\/wp-content\/uploads\/2025\/03\/CURSO-AC.jpg?w=960&amp;ssl=1 960w\" sizes=\"auto, (max-width: 225px) 100vw, 225px\" \/><\/div>\n<div><\/div>\n<\/div>\n<\/div>\n","protected":false},"excerpt":{"rendered":"<p>Informamos que se encuentra abierto el plazo de inscripci\u00f3n para el curso provincial a distancia: EL APRENDIZAJE COOPERATIVO\u00a0COMO\u00a0ESTRATEGIA\u00a0DE\u00a0GESTI\u00d3N\u00a0DEL\u00a0AULA (252925GE204), que se desarrollar\u00e1\u00a0en el\u00a0Aula Virtual de Formaci\u00f3n del Profesorado, del 7 de abril al 29 de mayo de 2025. Plazo de inscripci\u00f3n:\u00a0del 11 al 26 de marzo. \u00a0 M\u00e1s informaci\u00f3n\u00a0e inscripci\u00f3n: https:\/\/www.juntadeandalucia.es\/educacion\/secretariavirtual\/consultaCEP\/actividad\/252925GE204\/<\/p>\n","protected":false},"author":13,"featured_media":8333,"comment_status":"closed","ping_status":"open","sticky":false,"template":"","format":"standard","meta":{"_crdt_document":"","advanced_seo_description":"","jetpack_seo_html_title":"","jetpack_seo_noindex":false,"jetpack_post_was_ever_published":false,"_jetpack_newsletter_access":"","_jetpack_dont_email_post_to_subs":false,"_jetpack_newsletter_tier_id":0,"_jetpack_memberships_contains_paywalled_content":false,"_jetpack_memberships_contains_paid_content":false,"footnotes":"","jetpack_publicize_message":"","jetpack_publicize_feature_enabled":true,"jetpack_social_post_already_shared":false,"jetpack_social_options":{"image_generator_settings":{"template":"highway","default_image_id":0,"font":"","enabled":false},"version":2}},"categories":[3],"tags":[222,202],"class_list":{"0":"post-8332","1":"post","2":"type-post","3":"status-publish","4":"format-standard","5":"has-post-thumbnail","7":"category-formaciones","8":"tag-internivelar","9":"tag-provincial","10":"czr-hentry"},"jetpack_publicize_connections":[],"jetpack_featured_media_url":"https:\/\/i0.wp.com\/cepronda.com\/blog\/wp-content\/uploads\/2025\/03\/CURSO-AC.jpg?fit=960%2C1280&ssl=1","jetpack_shortlink":"https:\/\/wp.me\/p8M4X7-2ao","jetpack-related-posts":[{"id":7334,"url":"https:\/\/cepronda.com\/blog\/el-aprendizaje-cooperativo-como-estrategia-de-gestion-del-aula\/","url_meta":{"origin":8332,"position":0},"title":"\u00abEL APRENDIZAJE COOPERATIVO COMO ESTRATEGIA DE GESTI\u00d3N DEL AULA\u00bb","author":"Mamen Moreno","date":"12 enero, 2024","format":false,"excerpt":"Abierto el plazo para la inscripci\u00f3n de la actividad provincial, organizada por el CEP de Antequera: \"EL APRENDIZAJE COOPERATIVO COMO ESTRATEGIA DE GESTI\u00d3N DEL AULA\" , c\u00f3digo: 242925GE206, dirigido a docentes de centros p\u00fablicos. El curso, de modalidad a distancia, se desarrollar\u00e1 en el Aula Virtual de Formaci\u00f3n del Profesorado,\u2026","rel":"","context":"En \u00abFormaciones\u00bb","block_context":{"text":"Formaciones","link":"https:\/\/cepronda.com\/blog\/category\/formaciones\/"},"img":{"alt_text":"","src":"https:\/\/i0.wp.com\/cepronda.com\/blog\/wp-content\/uploads\/2024\/01\/WhatsApp-Image-2024-01-12-at-13.05.43.jpeg?fit=1080%2C1080&ssl=1&resize=350%2C200","width":350,"height":200,"srcset":"https:\/\/i0.wp.com\/cepronda.com\/blog\/wp-content\/uploads\/2024\/01\/WhatsApp-Image-2024-01-12-at-13.05.43.jpeg?fit=1080%2C1080&ssl=1&resize=350%2C200 1x, https:\/\/i0.wp.com\/cepronda.com\/blog\/wp-content\/uploads\/2024\/01\/WhatsApp-Image-2024-01-12-at-13.05.43.jpeg?fit=1080%2C1080&ssl=1&resize=525%2C300 1.5x, https:\/\/i0.wp.com\/cepronda.com\/blog\/wp-content\/uploads\/2024\/01\/WhatsApp-Image-2024-01-12-at-13.05.43.jpeg?fit=1080%2C1080&ssl=1&resize=700%2C400 2x, https:\/\/i0.wp.com\/cepronda.com\/blog\/wp-content\/uploads\/2024\/01\/WhatsApp-Image-2024-01-12-at-13.05.43.jpeg?fit=1080%2C1080&ssl=1&resize=1050%2C600 3x"},"classes":[]},{"id":9185,"url":"https:\/\/cepronda.com\/blog\/9185-2\/","url_meta":{"origin":8332,"position":1},"title":"CURSO EL APRENDIZAJE COOPERATIVO COMO ESTRATEGIA DE GESTI\u00d3N DE AULA","author":"Encarni Jim\u00e9nez Rosado","date":"13 enero, 2026","format":false,"excerpt":"Abierto plazo de inscripci\u00f3n para el curso \u201cEL APRENDIZAJE COOPERATIVO COMO ESTRATEGIA DE GESTI\u00d3N DE AULA\u201d C\u00f3digo: 262925GE401 Inscripciones: desde el 09\/01\/2026 hasta 27\/01\/2026 Fecha de inicio y fin del curso: 02\/02\/2026 hasta 08\/04\/2026 Lugar de realizaci\u00f3n: Aula Virtual de Formaci\u00f3n del Profesorado (https:\/\/educacionadistancia.juntadeandalucia.es\/profesorado\/) Detalle e inscripci\u00f3n: https:\/\/secretariavirtual.juntadeandalucia.es\/secretariavirtual\/consultaCEP\/actividad\/262925GE401\/","rel":"","context":"En \u00abFormaciones\u00bb","block_context":{"text":"Formaciones","link":"https:\/\/cepronda.com\/blog\/category\/formaciones\/"},"img":{"alt_text":"","src":"https:\/\/i0.wp.com\/cepronda.com\/blog\/wp-content\/uploads\/2026\/01\/WhatsApp-Image-2026-01-13-at-12.20.28-e1768303479670.jpeg?fit=500%2C835&ssl=1&resize=350%2C200","width":350,"height":200},"classes":[]},{"id":7826,"url":"https:\/\/cepronda.com\/blog\/curso-provincial-creando-entornos-de-aprendizaje-inclusivos-atencion-a-la-diversidad-en-el-aula-y-en-el-centro-escolar-con-codigo-252924ge004\/","url_meta":{"origin":8332,"position":2},"title":"Curso provincial: \u00abCREANDO ENTORNOS DE APRENDIZAJE INCLUSIVOS: ATENCI\u00d3N A LA DIVERSIDAD EN EL AULA Y EN EL CENTRO ESCOLAR\u00bb, con c\u00f3digo 252924GE004.","author":"Inmaculada Garc\u00eda","date":"30 octubre, 2024","format":false,"excerpt":"Se encuentra abierto el plazo de inscripci\u00f3n en el curso provincial: \"CREANDO ENTORNOS DE APRENDIZAJE INCLUSIVOS: ATENCI\u00d3N A LA DIVERSIDAD EN EL AULA Y EN EL CENTRO ESCOLAR\", con c\u00f3digo 252924GE004. Fecha inscripci\u00f3n: 30\/10\/2024 hasta 15\/11\/2024. Fecha actividad: 19\/11\/2024 hasta 10\/12\/2024 Lugar: Sala de videoconferencias Webex. Duraci\u00f3n del curso: 15\u2026","rel":"","context":"En \u00abFormaciones\u00bb","block_context":{"text":"Formaciones","link":"https:\/\/cepronda.com\/blog\/category\/formaciones\/"},"img":{"alt_text":"","src":"https:\/\/i0.wp.com\/cepronda.com\/blog\/wp-content\/uploads\/2024\/10\/CREANDO-ENTORNOS-DE-APRENDIZAJE-INCLUSIVOS-ATENCION-A-LA-DIVERSIDAD-EN-EL-AULA-Y-EN-EL-CENTRO-ESCOLAR.jpg?fit=1120%2C1120&ssl=1&resize=350%2C200","width":350,"height":200,"srcset":"https:\/\/i0.wp.com\/cepronda.com\/blog\/wp-content\/uploads\/2024\/10\/CREANDO-ENTORNOS-DE-APRENDIZAJE-INCLUSIVOS-ATENCION-A-LA-DIVERSIDAD-EN-EL-AULA-Y-EN-EL-CENTRO-ESCOLAR.jpg?fit=1120%2C1120&ssl=1&resize=350%2C200 1x, https:\/\/i0.wp.com\/cepronda.com\/blog\/wp-content\/uploads\/2024\/10\/CREANDO-ENTORNOS-DE-APRENDIZAJE-INCLUSIVOS-ATENCION-A-LA-DIVERSIDAD-EN-EL-AULA-Y-EN-EL-CENTRO-ESCOLAR.jpg?fit=1120%2C1120&ssl=1&resize=525%2C300 1.5x, https:\/\/i0.wp.com\/cepronda.com\/blog\/wp-content\/uploads\/2024\/10\/CREANDO-ENTORNOS-DE-APRENDIZAJE-INCLUSIVOS-ATENCION-A-LA-DIVERSIDAD-EN-EL-AULA-Y-EN-EL-CENTRO-ESCOLAR.jpg?fit=1120%2C1120&ssl=1&resize=700%2C400 2x, https:\/\/i0.wp.com\/cepronda.com\/blog\/wp-content\/uploads\/2024\/10\/CREANDO-ENTORNOS-DE-APRENDIZAJE-INCLUSIVOS-ATENCION-A-LA-DIVERSIDAD-EN-EL-AULA-Y-EN-EL-CENTRO-ESCOLAR.jpg?fit=1120%2C1120&ssl=1&resize=1050%2C600 3x"},"classes":[]},{"id":7834,"url":"https:\/\/cepronda.com\/blog\/curso-provincial-gestion-economica-para-secretarias-con-codigo-259924kpf230\/","url_meta":{"origin":8332,"position":3},"title":"Curso provincial: \u00abGESTI\u00d3N ECON\u00d3MICA PARA SECRETAR\u00cdAS\u00bb, con c\u00f3digo 259924KPF230.","author":"Inmaculada Garc\u00eda","date":"4 noviembre, 2024","format":false,"excerpt":"Informamos que se ha abierto el plazo de inscripci\u00f3n en el curso provincial: \"GESTI\u00d3N ECON\u00d3MICA PARA SECRETAR\u00cdAS\", con c\u00f3digo 259924KPF230. \u270f\ufe0fFecha inscripci\u00f3n: 04\/11\/2024 hasta 22\/11\/2024. Fecha actividad: 26\/11\/2024 hasta 21\/01\/2025 \u27a1\ufe0fLugar: Aula Virtual de Formaci\u00f3n del Profesorado. Duraci\u00f3n del curso: 40 horas M\u00e1s informaci\u00f3n e inscripci\u00f3n:\u00a0https:\/\/www.juntadeandalucia.es\/educacion\/secretariavirtual\/consultaCEP\/actividad\/259924KPF230\/","rel":"","context":"En \u00abFormaciones\u00bb","block_context":{"text":"Formaciones","link":"https:\/\/cepronda.com\/blog\/category\/formaciones\/"},"img":{"alt_text":"","src":"https:\/\/i0.wp.com\/cepronda.com\/blog\/wp-content\/uploads\/2024\/11\/CARTEL-GESTION-ECONOMICA-PARA-SECRETARIAS.jpg?fit=848%2C1200&ssl=1&resize=350%2C200","width":350,"height":200,"srcset":"https:\/\/i0.wp.com\/cepronda.com\/blog\/wp-content\/uploads\/2024\/11\/CARTEL-GESTION-ECONOMICA-PARA-SECRETARIAS.jpg?fit=848%2C1200&ssl=1&resize=350%2C200 1x, https:\/\/i0.wp.com\/cepronda.com\/blog\/wp-content\/uploads\/2024\/11\/CARTEL-GESTION-ECONOMICA-PARA-SECRETARIAS.jpg?fit=848%2C1200&ssl=1&resize=525%2C300 1.5x, https:\/\/i0.wp.com\/cepronda.com\/blog\/wp-content\/uploads\/2024\/11\/CARTEL-GESTION-ECONOMICA-PARA-SECRETARIAS.jpg?fit=848%2C1200&ssl=1&resize=700%2C400 2x"},"classes":[]},{"id":8397,"url":"https:\/\/cepronda.com\/blog\/la-neurociencia-como-elemento-para-el-desarrollo-del-aprendizaje\/","url_meta":{"origin":8332,"position":4},"title":"LA NEUROCIENCIA COMO ELEMENTO PARA EL DESARROLLO DEL APRENDIZAJE","author":"Mamen Moreno","date":"24 marzo, 2025","format":false,"excerpt":"Abierto el plazo de inscripci\u00f3n para el curso provincial semipresencial online organizado por el CEP de V\u00e9lez-M\u00e1laga, dirigido a todo el profesorado: LA NEUROCIENCIA COMO ELEMENTO PARA EL DESARROLLO DEL APRENDIZAJE con c\u00f3digo 252926GE304. Lugar: AULA VIRTUAL DE FORMACI\u00d3N DEL PROFESORADO (AVFP) Plazo de inscripci\u00f3n: hasta el 31 de marzo\u2026","rel":"","context":"En \u00abFormaciones\u00bb","block_context":{"text":"Formaciones","link":"https:\/\/cepronda.com\/blog\/category\/formaciones\/"},"img":{"alt_text":"","src":"https:\/\/i0.wp.com\/cepronda.com\/blog\/wp-content\/uploads\/2025\/03\/neurociencia_cartel.jpeg?fit=848%2C1200&ssl=1&resize=350%2C200","width":350,"height":200,"srcset":"https:\/\/i0.wp.com\/cepronda.com\/blog\/wp-content\/uploads\/2025\/03\/neurociencia_cartel.jpeg?fit=848%2C1200&ssl=1&resize=350%2C200 1x, https:\/\/i0.wp.com\/cepronda.com\/blog\/wp-content\/uploads\/2025\/03\/neurociencia_cartel.jpeg?fit=848%2C1200&ssl=1&resize=525%2C300 1.5x, https:\/\/i0.wp.com\/cepronda.com\/blog\/wp-content\/uploads\/2025\/03\/neurociencia_cartel.jpeg?fit=848%2C1200&ssl=1&resize=700%2C400 2x"},"classes":[]},{"id":8115,"url":"https:\/\/cepronda.com\/blog\/curso-eper-provincial-y-presencial-situaciones-de-aprendizaje-en-el-aula-eper\/","url_meta":{"origin":8332,"position":5},"title":"CURSO EPER PROVINCIAL Y PRESENCIAL: SITUACIONES DE APRENDIZAJE EN EL AULA EPER","author":"Mamen Moreno","date":"6 febrero, 2025","format":false,"excerpt":"CURSO EPER PROVINCIAL Y PRESENCIAL: SITUACIONES DE APRENDIZAJE EN EL AULA EPER C\u00f3digo: 252922GE102. Dirigido prioritariamente a personal de EPER y en segundo lugar a ARE y FP. En \u00faltima instancia al resto de niveles educativos. \u00c1mbito: Provincial. Duraci\u00f3n: 15 horas presenciales. Fechas de inscripci\u00f3n: 10\/02\/25 al 10\/03\/25 Fechas sesiones:\u2026","rel":"","context":"En \u00abFormaciones\u00bb","block_context":{"text":"Formaciones","link":"https:\/\/cepronda.com\/blog\/category\/formaciones\/"},"img":{"alt_text":"","src":"https:\/\/i0.wp.com\/cepronda.com\/blog\/wp-content\/uploads\/2025\/02\/WhatsApp-Image-2025-02-06-at-12.44.14.jpeg?fit=940%2C788&ssl=1&resize=350%2C200","width":350,"height":200,"srcset":"https:\/\/i0.wp.com\/cepronda.com\/blog\/wp-content\/uploads\/2025\/02\/WhatsApp-Image-2025-02-06-at-12.44.14.jpeg?fit=940%2C788&ssl=1&resize=350%2C200 1x, https:\/\/i0.wp.com\/cepronda.com\/blog\/wp-content\/uploads\/2025\/02\/WhatsApp-Image-2025-02-06-at-12.44.14.jpeg?fit=940%2C788&ssl=1&resize=525%2C300 1.5x, https:\/\/i0.wp.com\/cepronda.com\/blog\/wp-content\/uploads\/2025\/02\/WhatsApp-Image-2025-02-06-at-12.44.14.jpeg?fit=940%2C788&ssl=1&resize=700%2C400 2x"},"classes":[]}],"jetpack_sharing_enabled":true,"_links":{"self":[{"href":"https:\/\/cepronda.com\/blog\/wp-json\/wp\/v2\/posts\/8332","targetHints":{"allow":["GET"]}}],"collection":[{"href":"https:\/\/cepronda.com\/blog\/wp-json\/wp\/v2\/posts"}],"about":[{"href":"https:\/\/cepronda.com\/blog\/wp-json\/wp\/v2\/types\/post"}],"author":[{"embeddable":true,"href":"https:\/\/cepronda.com\/blog\/wp-json\/wp\/v2\/users\/13"}],"replies":[{"embeddable":true,"href":"https:\/\/cepronda.com\/blog\/wp-json\/wp\/v2\/comments?post=8332"}],"version-history":[{"count":7,"href":"https:\/\/cepronda.com\/blog\/wp-json\/wp\/v2\/posts\/8332\/revisions"}],"predecessor-version":[{"id":8375,"href":"https:\/\/cepronda.com\/blog\/wp-json\/wp\/v2\/posts\/8332\/revisions\/8375"}],"wp:featuredmedia":[{"embeddable":true,"href":"https:\/\/cepronda.com\/blog\/wp-json\/wp\/v2\/media\/8333"}],"wp:attachment":[{"href":"https:\/\/cepronda.com\/blog\/wp-json\/wp\/v2\/media?parent=8332"}],"wp:term":[{"taxonomy":"category","embeddable":true,"href":"https:\/\/cepronda.com\/blog\/wp-json\/wp\/v2\/categories?post=8332"},{"taxonomy":"post_tag","embeddable":true,"href":"https:\/\/cepronda.com\/blog\/wp-json\/wp\/v2\/tags?post=8332"}],"curies":[{"name":"wp","href":"https:\/\/api.w.org\/{rel}","templated":true}]}}