{"id":831,"date":"2017-05-18T09:48:12","date_gmt":"2017-05-18T07:48:12","guid":{"rendered":"http:\/\/cepronda.com\/blog\/?p=831"},"modified":"2017-05-25T11:48:51","modified_gmt":"2017-05-25T11:48:51","slug":"cursos-de-verano-2017","status":"publish","type":"post","link":"https:\/\/cepronda.com\/blog\/cursos-de-verano-2017\/","title":{"rendered":"Cursos de verano 2017"},"content":{"rendered":"<p>\u00a1Hola familia! Creemos que esta informaci\u00f3n os puede resultar \u00a0interesante, y es por ello por lo que lo compartimos a trav\u00e9s de este blog&#8230;<\/p>\n<p>El Ministerio de Educaci\u00f3n, Cultura y Deporte en colaboraci\u00f3n con la Universidad Internacional Men\u00e9ndez Pelayo convoca los cursos de verano 2017. Los cursos se celebrar\u00e1n en las sedes de la UIMP en Santander, A Coru\u00f1a, Cuenca, Tenerife y Valencia del 3 al 14 de julio. Los cursos tienen una duraci\u00f3n semanal y, en general, van acompa\u00f1ados de una fase en red que se celebrar\u00e1 entre septiembre y noviembre.<\/p>\n<p>El <strong>plazo de inscripciones es del 13 al 27 de mayo<\/strong> y se realiza en la Sede electr\u00f3nica del MECD:<\/p>\n<p><a title=\"Ir a Sede electr\u00f3nica del Ministerio. Abre en ventana nueva.\" href=\"http:\/\/www.mecd.gob.es\/servicios-al-ciudadano-mecd\/catalogo\/educacion\/profesorado\/profesorado-no-universitario\/cursos-y-jornadas\/cursos-verano-profesorado.html\" target=\"_blank\" rel=\"noopener noreferrer\">Sede electr\u00f3nica del Ministerio<\/a><\/p>\n<p>Los participantes seleccionados recibir\u00e1n una ayuda del MECD que cubre los gastos de matr\u00edcula, alojamiento y manutenci\u00f3n (seg\u00fan modalidad) de los cursos asignados.<\/p>\n<p>Los cursos son los siguientes:<\/p>\n<p>Primera semana de julio<\/p>\n<ul>\n<li>La Coru\u00f1a, del 3 al 7 de julio: \u00abEducaci\u00f3n inclusiva: ideas y realidades en marcha\u00bb.<\/li>\n<li>Santander, del 3\u00a0 al 5 de julio \u00abClaves para la mejora educativa: una lectura de las evaluaciones internacionales\u00bb<\/li>\n<li>Valencia, del 3 al 7 de julio: \u00abDesarrollo del pensamiento computacional a trav\u00e9s de la programaci\u00f3n y la rob\u00f3tica\u00bb<\/li>\n<li>Valencia, del 3 al 7 de julio: \u00abConvivencia escolar y ciudadan\u00eda activa en la era digital\u00bb<\/li>\n<\/ul>\n<p>Segunda semana de julio<\/p>\n<ul>\n<li>Cuenca, del 10 al 14 de julio: \u00abInnovation within CLIC: Mindfulness, Desingn Thinking and ICT\u00bb<\/li>\n<li>La Coru\u00f1a, del 10 al 14 de julio: \u00abJuego y espacios comno instrumentos educativos\u00bb<\/li>\n<li>La Coru\u00f1a, del 10 al 14 de julio: \u00abEl desafio de las ciencias: una mirada a las evaluaciones internacionales\u00bb<\/li>\n<li>Valencia, del 10 al 14 de julio: \u00abLiderazgo escolar para el exito educativo de todo el alumnado\u00bb<\/li>\n<li>Valencia, del 10 al 14 de julio: \u00abNeurobiolog\u00eda de las dificultades de aprendizaje\u00bb<\/li>\n<li>Santander, del 10 al 14 de julio: \u00abRetos e innovaciones pedag\u00f3gicas en la escuela digital\u00bb<\/li>\n<li>Tenerife, del 10 al 14 de julio: \u00abExplorando el Universo\u00bb<\/li>\n<\/ul>\n<p>M\u00e1s informaci\u00f3n en:<\/p>\n<ul>\n<li><a title=\"Ir a Sede electr\u00f3nica del Ministerio. Abre en ventana nueva.\" href=\"http:\/\/www.mecd.gob.es\/servicios-al-ciudadano-mecd\/catalogo\/educacion\/profesorado\/profesorado-no-universitario\/cursos-y-jornadas\/cursos-verano-profesorado.html\" target=\"_blank\" rel=\"noopener noreferrer\">P\u00e1gina oficial de la convocatoria<\/a><\/li>\n<li><a title=\"Ir al Blog del INTEF. Abre en ventana nueva.\" href=\"http:\/\/blog.educalab.es\/intef\/2017\/05\/09\/cursos-de-verano-mecd-uimp-2017\/\" target=\"_blank\" rel=\"noopener noreferrer\">Publicaci\u00f3n en el Blog del INTEF<\/a><\/li>\n<li><a title=\"Ir a Twitter con la etiqueta #MECD_UIMP17. Abre en ventana nueva.\" href=\"https:\/\/twitter.com\/hashtag\/MECD_UIMP17?f=tweets\" target=\"_blank\" rel=\"noopener noreferrer\">Twitter con la etiqueta #MECD_UIMP17<\/a><\/li>\n<\/ul>\n<p>Para incidencias y consultas deber\u00e1n dirigir un correo electr\u00f3nico a <a href=\"http:\/\/educalab.es\/intef\/formacion\/formacion-presencial\/cursos-verano\/intef.cursosverano@mecd.es.\">intef.cursosverano@mecd.es.<\/a><\/p>\n","protected":false},"excerpt":{"rendered":"<p>\u00a1Hola familia! Creemos que esta informaci\u00f3n os puede resultar \u00a0interesante, y es por ello por lo que lo compartimos a trav\u00e9s de este blog&#8230; El Ministerio de Educaci\u00f3n, Cultura y Deporte en colaboraci\u00f3n con la Universidad Internacional Men\u00e9ndez Pelayo convoca los cursos de verano 2017. Los cursos se celebrar\u00e1n en las sedes de la UIMP [&hellip;]<\/p>\n","protected":false},"author":3,"featured_media":1003,"comment_status":"open","ping_status":"open","sticky":false,"template":"","format":"standard","meta":{"_crdt_document":"","advanced_seo_description":"","jetpack_seo_html_title":"","jetpack_seo_noindex":false,"jetpack_post_was_ever_published":false,"_jetpack_newsletter_access":"","_jetpack_dont_email_post_to_subs":false,"_jetpack_newsletter_tier_id":0,"_jetpack_memberships_contains_paywalled_content":false,"_jetpack_memberships_contains_paid_content":false,"footnotes":"","jetpack_publicize_message":"","jetpack_publicize_feature_enabled":true,"jetpack_social_post_already_shared":false,"jetpack_social_options":{"image_generator_settings":{"template":"highway","default_image_id":0,"font":"","enabled":false},"version":2}},"categories":[5],"tags":[19],"class_list":{"0":"post-831","1":"post","2":"type-post","3":"status-publish","4":"format-standard","5":"has-post-thumbnail","7":"category-noticias","8":"tag-cursos-verano","9":"czr-hentry"},"jetpack_publicize_connections":[],"jetpack_featured_media_url":"https:\/\/i0.wp.com\/cepronda.com\/blog\/wp-content\/uploads\/2017\/05\/book-1549589_640-e1495712924552.jpg?fit=640%2C428&ssl=1","jetpack_shortlink":"https:\/\/wp.me\/p8M4X7-dp","jetpack-related-posts":[{"id":2735,"url":"https:\/\/cepronda.com\/blog\/cursos-de-verano-para-la-formacion-permanente-del-profesorado\/","url_meta":{"origin":831,"position":0},"title":"Cursos de verano para la formaci\u00f3n permanente del profesorado","author":"V\u00edctor Caballero","date":"9 abril, 2019","format":false,"excerpt":"\u00a1Hola de nuevo! Ha salido la convocatoria de los cursos de verano en convenio con la Universidad Men\u00e9ndez Pelayo. Esta convocatoria incluye las ayudas para la realizaci\u00f3n y asistencia a estos cursos, con alojamiento y pensi\u00f3n completa. Los cursos tienen una duraci\u00f3n de una semana y se imparten en las\u2026","rel":"","context":"En \u00abNoticias\u00bb","block_context":{"text":"Noticias","link":"https:\/\/cepronda.com\/blog\/category\/noticias\/"},"img":{"alt_text":"","src":"https:\/\/i0.wp.com\/cepronda.com\/blog\/wp-content\/uploads\/2019\/04\/cursosdeverano2019.jpg?fit=538%2C369&ssl=1&resize=350%2C200","width":350,"height":200,"srcset":"https:\/\/i0.wp.com\/cepronda.com\/blog\/wp-content\/uploads\/2019\/04\/cursosdeverano2019.jpg?fit=538%2C369&ssl=1&resize=350%2C200 1x, https:\/\/i0.wp.com\/cepronda.com\/blog\/wp-content\/uploads\/2019\/04\/cursosdeverano2019.jpg?fit=538%2C369&ssl=1&resize=525%2C300 1.5x"},"classes":[]},{"id":5321,"url":"https:\/\/cepronda.com\/blog\/convocatoria-de-cursos-sobre-el-curriculo-lomloe\/","url_meta":{"origin":831,"position":1},"title":"CONVOCATORIA DE CURSOS SOBRE EL CURR\u00cdCULO LOMLOE","author":"Maribel Mu\u00f1oz","date":"19 mayo, 2022","format":false,"excerpt":"Buenas tardes compa\u00f1eras y compa\u00f1eros Os informamos que est\u00e1 abierto el plazo de inscripci\u00f3n en los cursos tutorizados en l\u00ednea para la formaci\u00f3n del profesorado sobre el curr\u00edculo derivado de la LOMLOE. En el marco del Componente 21 del Plan de Recuperaci\u00f3n, Transformaci\u00f3n y Resiliencia, y \u00a0financiadas con los fondos\u2026","rel":"","context":"En \u00abFormaciones\u00bb","block_context":{"text":"Formaciones","link":"https:\/\/cepronda.com\/blog\/category\/formaciones\/"},"img":{"alt_text":"","src":"https:\/\/i0.wp.com\/cepronda.com\/blog\/wp-content\/uploads\/2022\/05\/Intef.jpg?resize=350%2C200","width":350,"height":200},"classes":[]},{"id":3303,"url":"https:\/\/cepronda.com\/blog\/cursos-tutorizados-en-linea-del-intef-1a-edicion-2020\/","url_meta":{"origin":831,"position":2},"title":"Cursos tutorizados en l\u00ednea del INTEF, 1\u00aa edici\u00f3n 2020","author":"V\u00edctor Caballero","date":"9 enero, 2020","format":false,"excerpt":"Muy buenas de nuevo familia, Sabemos que muchas y muchos de vosotros hac\u00e9is de forma habitual formaciones on-line, siendo una muy buena opci\u00f3n los cursos organizados por el INTEF. Os dejamos con el enlace a la informaci\u00f3n. El Ministerio de Educaci\u00f3n y Formaci\u00f3n Profesional, a trav\u00e9s del INTEF, convoca 7.550\u2026","rel":"","context":"En \u00abFormaciones\u00bb","block_context":{"text":"Formaciones","link":"https:\/\/cepronda.com\/blog\/category\/formaciones\/"},"img":{"alt_text":"","src":"https:\/\/i0.wp.com\/cepronda.com\/blog\/wp-content\/uploads\/2016\/09\/intef.png?resize=350%2C200","width":350,"height":200},"classes":[]},{"id":2879,"url":"https:\/\/cepronda.com\/blog\/cursos-en-abierto-en-el-aula-virtual-del-profesorado\/","url_meta":{"origin":831,"position":3},"title":"Cursos en abierto en el Aula Virtual del Profesorado","author":"V\u00edctor Caballero","date":"18 junio, 2019","format":false,"excerpt":"Muy buenas familia, Os comentamos que se ha actualizado el cat\u00e1logo de cursos en abierto del Aula Virtual de Formaci\u00f3n del Profesorado. Para acceder a ellos no es necesario registrarse ni identificarse con el usuario habitual.\u00a0 Puedes ver todo el cat\u00e1logo de cursos en el siguiente enlace.","rel":"","context":"En \u00abNoticias\u00bb","block_context":{"text":"Noticias","link":"https:\/\/cepronda.com\/blog\/category\/noticias\/"},"img":{"alt_text":"","src":"https:\/\/i0.wp.com\/cepronda.com\/blog\/wp-content\/uploads\/2016\/09\/AVFP.jpg?resize=350%2C200","width":350,"height":200},"classes":[]},{"id":4180,"url":"https:\/\/cepronda.com\/blog\/podcast-recurso-educativo-didactico-e-internivelar-para-todas-las-especialidades-dentro-y-fuera-del-aula-virtual-nivel-ii\/","url_meta":{"origin":831,"position":4},"title":"PODCAST: RECURSO EDUCATIVO, DID\u00c1CTICO E INTERNIVELAR, PARA TODAS LAS ESPECIALIDADES, DENTRO Y FUERA DEL AULA VIRTUAL. NIVEL II","author":"Maribel Mu\u00f1oz","date":"11 febrero, 2021","format":false,"excerpt":"Buenos d\u00edas compa\u00f1eras y compa\u00f1eros,Os informamos que est\u00e1 abierto el plazo de inscripci\u00f3n de la formaci\u00f3n\u00a0 PODCAST: RECURSO EDUCATIVO, DID\u00c1CTICO E INTERNIVELAR. NIVEL II\u00a0 212924GE008,\u00a0\u00a0 que comenzar\u00e1 a desarrollarse el pr\u00f3ximo\u00a0 08\/03\/2021. Adjuntamos enlace : https:\/\/www.juntadeandalucia.es\/educacion\/secretariavirtual\/consultaCEP\/actividad\/212924GE008\/Te rogamos que en el caso de renunciar o no poder asistir a esta formaci\u00f3n,\u2026","rel":"","context":"En \u00abFormaciones\u00bb","block_context":{"text":"Formaciones","link":"https:\/\/cepronda.com\/blog\/category\/formaciones\/"},"img":{"alt_text":"","src":"https:\/\/i0.wp.com\/cepronda.com\/blog\/wp-content\/uploads\/2021\/02\/PODCAST-II-212924GE008.jpg?fit=848%2C1200&ssl=1&resize=350%2C200","width":350,"height":200,"srcset":"https:\/\/i0.wp.com\/cepronda.com\/blog\/wp-content\/uploads\/2021\/02\/PODCAST-II-212924GE008.jpg?fit=848%2C1200&ssl=1&resize=350%2C200 1x, https:\/\/i0.wp.com\/cepronda.com\/blog\/wp-content\/uploads\/2021\/02\/PODCAST-II-212924GE008.jpg?fit=848%2C1200&ssl=1&resize=525%2C300 1.5x, https:\/\/i0.wp.com\/cepronda.com\/blog\/wp-content\/uploads\/2021\/02\/PODCAST-II-212924GE008.jpg?fit=848%2C1200&ssl=1&resize=700%2C400 2x"},"classes":[]},{"id":4738,"url":"https:\/\/cepronda.com\/blog\/primera-convocatoria-regional-de-cursos-de-formacion-a-distancia-2021-22\/","url_meta":{"origin":831,"position":5},"title":"Primera Convocatoria Regional de cursos de formaci\u00f3n a distancia 2021-22","author":"Inmaculada Garc\u00eda","date":"11 octubre, 2021","format":false,"excerpt":"Dentro del plan de formaci\u00f3n del profesorado de la Consejer\u00eda de Educaci\u00f3n se ofertan 50 cursos en la modalidad de a distancia. Las condiciones de la oferta son las siguientes: Plazo de inscripci\u00f3n: Desde el lunes 18 de octubre de 2021 a las 15:00 hasta las 15:00 horas del jueves\u2026","rel":"","context":"En \u00abFormaciones\u00bb","block_context":{"text":"Formaciones","link":"https:\/\/cepronda.com\/blog\/category\/formaciones\/"},"img":{"alt_text":"","src":"","width":0,"height":0},"classes":[]}],"jetpack_sharing_enabled":true,"_links":{"self":[{"href":"https:\/\/cepronda.com\/blog\/wp-json\/wp\/v2\/posts\/831","targetHints":{"allow":["GET"]}}],"collection":[{"href":"https:\/\/cepronda.com\/blog\/wp-json\/wp\/v2\/posts"}],"about":[{"href":"https:\/\/cepronda.com\/blog\/wp-json\/wp\/v2\/types\/post"}],"author":[{"embeddable":true,"href":"https:\/\/cepronda.com\/blog\/wp-json\/wp\/v2\/users\/3"}],"replies":[{"embeddable":true,"href":"https:\/\/cepronda.com\/blog\/wp-json\/wp\/v2\/comments?post=831"}],"version-history":[{"count":1,"href":"https:\/\/cepronda.com\/blog\/wp-json\/wp\/v2\/posts\/831\/revisions"}],"predecessor-version":[{"id":991,"href":"https:\/\/cepronda.com\/blog\/wp-json\/wp\/v2\/posts\/831\/revisions\/991"}],"wp:featuredmedia":[{"embeddable":true,"href":"https:\/\/cepronda.com\/blog\/wp-json\/wp\/v2\/media\/1003"}],"wp:attachment":[{"href":"https:\/\/cepronda.com\/blog\/wp-json\/wp\/v2\/media?parent=831"}],"wp:term":[{"taxonomy":"category","embeddable":true,"href":"https:\/\/cepronda.com\/blog\/wp-json\/wp\/v2\/categories?post=831"},{"taxonomy":"post_tag","embeddable":true,"href":"https:\/\/cepronda.com\/blog\/wp-json\/wp\/v2\/tags?post=831"}],"curies":[{"name":"wp","href":"https:\/\/api.w.org\/{rel}","templated":true}]}}