{"id":8304,"date":"2025-03-07T13:42:02","date_gmt":"2025-03-07T12:42:02","guid":{"rendered":"https:\/\/cepronda.com\/blog\/?p=8304"},"modified":"2025-03-07T13:42:02","modified_gmt":"2025-03-07T12:42:02","slug":"%e2%9a%a1%e2%9a%a1nueva-convocatoria-regional-de-cursos%e2%9a%a1%e2%9a%a1","status":"publish","type":"post","link":"https:\/\/cepronda.com\/blog\/%e2%9a%a1%e2%9a%a1nueva-convocatoria-regional-de-cursos%e2%9a%a1%e2%9a%a1\/","title":{"rendered":"\u26a1\u26a1NUEVA CONVOCATORIA REGIONAL DE CURSOS\u26a1\u26a1"},"content":{"rendered":"<div class=\"\" data-block=\"true\" data-editor=\"7ve5t\" data-offset-key=\"8jcgl-0-0\">\n<div class=\"_1mf _1mj\" data-offset-key=\"8jcgl-0-0\"><span data-offset-key=\"8jcgl-0-0\"> \u26a1\u26a1NUEVA CONVOCATORIA REGIONAL DE CURSOS\u26a1\u26a1<\/span><\/div>\n<\/div>\n<div class=\"\" data-block=\"true\" data-editor=\"7ve5t\" data-offset-key=\"4i586-0-0\">\n<div class=\"_1mf _1mj\" data-offset-key=\"4i586-0-0\"><span data-offset-key=\"4i586-0-0\">\u00a0<\/span><\/div>\n<\/div>\n<div class=\"\" data-block=\"true\" data-editor=\"7ve5t\" data-offset-key=\"far8i-0-0\">\n<div class=\"_1mf _1mj\" data-offset-key=\"far8i-0-0\">\n<div dir=\"auto\">\u00a1A\u00fan puedes certificar un nivel en Competencia Digital Docente!<\/div>\n<div dir=\"auto\">Pincha en el enlace y accede a la nueva oferta formativa regional.<\/div>\n<div dir=\"auto\">Plazos de inscripci\u00f3n: 10\/03\/2025 hasta 17\/03\/2025.<\/div>\n<div dir=\"auto\">A desarrollar en el Aula Virtual de Formaci\u00f3n al Profesorado.<\/div>\n<div dir=\"auto\">INFORMACI\u00d3N E INSCRIPCIONES: <span class=\"html-span xdj266r x11i5rnm xat24cr x1mh8g0r xexx8yu x4uap5 x18d9i69 xkhd6sd x1hl2dhg x16tdsg8 x1vvkbs\"><a class=\"x1i10hfl xjbqb8w x1ejq31n xd10rxx x1sy0etr x17r0tee x972fbf xcfux6l x1qhh985 xm0m39n x9f619 x1ypdohk xt0psk2 xe8uvvx xdj266r x11i5rnm xat24cr x1mh8g0r xexx8yu x4uap5 x18d9i69 xkhd6sd x16tdsg8 x1hl2dhg xggy1nq x1a2a7pz xkrqix3 x1sur9pj x1fey0fg x1s688f\" tabindex=\"0\" role=\"link\" href=\"https:\/\/bit.ly\/41JycpE?fbclid=IwZXh0bgNhZW0CMTAAAR1-iwSxVtRRHfc0BycNrI2AjZNhttqeSq1kL5jIt9HPNn8zQViFFCChqjk_aem_7uGv1hJO0G1GkYz7eIUpGQ\" target=\"_blank\" rel=\"nofollow noopener noreferrer\">https:\/\/bit.ly\/41JycpE<\/a><\/span><\/div>\n<div dir=\"auto\"><\/div>\n<\/div>\n<\/div>\n<div class=\"\" data-block=\"true\" data-editor=\"7ve5t\" data-offset-key=\"e0lkb-0-0\">\n<div class=\"_1mf _1mj\" data-offset-key=\"e0lkb-0-0\"><span data-offset-key=\"e0lkb-0-0\"><img data-recalc-dims=\"1\" loading=\"lazy\" decoding=\"async\" class=\"aligncenter  wp-image-8305\" src=\"https:\/\/i0.wp.com\/cepronda.com\/blog\/wp-content\/uploads\/2025\/03\/Captura-de-pantalla-2025-03-07-132914.png?resize=990%2C606&#038;ssl=1\" alt=\"\" width=\"990\" height=\"606\" srcset=\"https:\/\/i0.wp.com\/cepronda.com\/blog\/wp-content\/uploads\/2025\/03\/Captura-de-pantalla-2025-03-07-132914.png?resize=1024%2C627&amp;ssl=1 1024w, https:\/\/i0.wp.com\/cepronda.com\/blog\/wp-content\/uploads\/2025\/03\/Captura-de-pantalla-2025-03-07-132914.png?resize=300%2C184&amp;ssl=1 300w, https:\/\/i0.wp.com\/cepronda.com\/blog\/wp-content\/uploads\/2025\/03\/Captura-de-pantalla-2025-03-07-132914.png?resize=768%2C470&amp;ssl=1 768w, https:\/\/i0.wp.com\/cepronda.com\/blog\/wp-content\/uploads\/2025\/03\/Captura-de-pantalla-2025-03-07-132914.png?resize=570%2C350&amp;ssl=1 570w, https:\/\/i0.wp.com\/cepronda.com\/blog\/wp-content\/uploads\/2025\/03\/Captura-de-pantalla-2025-03-07-132914.png?w=1496&amp;ssl=1 1496w\" sizes=\"auto, (max-width: 990px) 100vw, 990px\" \/><\/span><\/div>\n<\/div>\n","protected":false},"excerpt":{"rendered":"<p>\u26a1\u26a1NUEVA CONVOCATORIA REGIONAL DE CURSOS\u26a1\u26a1 \u00a0 \u00a1A\u00fan puedes certificar un nivel en Competencia Digital Docente! Pincha en el enlace y accede a la nueva oferta formativa regional. Plazos de inscripci\u00f3n: 10\/03\/2025 hasta 17\/03\/2025. A desarrollar en el Aula Virtual de Formaci\u00f3n al Profesorado. INFORMACI\u00d3N E INSCRIPCIONES: https:\/\/bit.ly\/41JycpE<\/p>\n","protected":false},"author":9,"featured_media":8305,"comment_status":"closed","ping_status":"open","sticky":false,"template":"","format":"standard","meta":{"_crdt_document":"","advanced_seo_description":"","jetpack_seo_html_title":"","jetpack_seo_noindex":false,"jetpack_post_was_ever_published":false,"_jetpack_newsletter_access":"","_jetpack_dont_email_post_to_subs":false,"_jetpack_newsletter_tier_id":0,"_jetpack_memberships_contains_paywalled_content":false,"_jetpack_memberships_contains_paid_content":false,"footnotes":"","jetpack_publicize_message":"","jetpack_publicize_feature_enabled":true,"jetpack_social_post_already_shared":false,"jetpack_social_options":{"image_generator_settings":{"template":"highway","default_image_id":0,"font":"","enabled":false},"version":2}},"categories":[3],"tags":[],"class_list":{"0":"post-8304","1":"post","2":"type-post","3":"status-publish","4":"format-standard","5":"has-post-thumbnail","7":"category-formaciones","8":"czr-hentry"},"jetpack_publicize_connections":[],"jetpack_featured_media_url":"https:\/\/i0.wp.com\/cepronda.com\/blog\/wp-content\/uploads\/2025\/03\/Captura-de-pantalla-2025-03-07-132914.png?fit=1496%2C916&ssl=1","jetpack_shortlink":"https:\/\/wp.me\/p8M4X7-29W","jetpack-related-posts":[{"id":8809,"url":"https:\/\/cepronda.com\/blog\/jornadas-pct-para-equipos-directivos\/","url_meta":{"origin":8304,"position":0},"title":"JORNADAS PCT PARA EQUIPOS DIRECTIVOS.","author":"Inmaculada Garc\u00eda","date":"18 septiembre, 2025","format":false,"excerpt":"Hoy participamos en una jornada \u00fanica donde hemos abordado la mejora de las competencias matem\u00e1tica y lectora de la mano de expertos de primer nivel. \u00a0 En la mesa inaugural han participado D\u00aa. Almudena Garc\u00eda Rosado(D.G. de Participaci\u00f3n e Inclusi\u00f3n Educativa), D. Manuel Jes\u00fas S\u00e1nchez Hermosilla (D.G. de Ordenaci\u00f3n y\u2026","rel":"","context":"En \u00abNoticias\u00bb","block_context":{"text":"Noticias","link":"https:\/\/cepronda.com\/blog\/category\/noticias\/"},"img":{"alt_text":"","src":"https:\/\/i0.wp.com\/cepronda.com\/blog\/wp-content\/uploads\/2025\/09\/WhatsApp-Image-2025-09-18-at-10.40.02.jpeg?fit=1200%2C900&ssl=1&resize=350%2C200","width":350,"height":200,"srcset":"https:\/\/i0.wp.com\/cepronda.com\/blog\/wp-content\/uploads\/2025\/09\/WhatsApp-Image-2025-09-18-at-10.40.02.jpeg?fit=1200%2C900&ssl=1&resize=350%2C200 1x, https:\/\/i0.wp.com\/cepronda.com\/blog\/wp-content\/uploads\/2025\/09\/WhatsApp-Image-2025-09-18-at-10.40.02.jpeg?fit=1200%2C900&ssl=1&resize=525%2C300 1.5x, https:\/\/i0.wp.com\/cepronda.com\/blog\/wp-content\/uploads\/2025\/09\/WhatsApp-Image-2025-09-18-at-10.40.02.jpeg?fit=1200%2C900&ssl=1&resize=700%2C400 2x, https:\/\/i0.wp.com\/cepronda.com\/blog\/wp-content\/uploads\/2025\/09\/WhatsApp-Image-2025-09-18-at-10.40.02.jpeg?fit=1200%2C900&ssl=1&resize=1050%2C600 3x"},"classes":[]},{"id":4228,"url":"https:\/\/cepronda.com\/blog\/adjudicacion-de-plazas-de-la-2a-convocatoria-regional\/","url_meta":{"origin":8304,"position":1},"title":"Adjudicaci\u00f3n de plazas de la 2\u00aa convocatoria regional","author":"Maribel Mu\u00f1oz","date":"2 marzo, 2021","format":false,"excerpt":"Buenas tardes campa\u00f1eras y compa\u00f1eros, Os hacemos llegar estos dos enlaces con publidad sobre la adjudicaci\u00f3n de plazas de los cursos de la 2\u00aa convocatoria regional . https:\/\/view.genial.ly\/6038a3342e75ae0d0934bfb4\/presentation-convocatoria https:\/\/twitter.com\/FormacProfAnd\/status\/1365216663113789440?s=20 Deseamos que sea de vuestro inter\u00e9s. Saludos.","rel":"","context":"En \u00abFormaciones\u00bb","block_context":{"text":"Formaciones","link":"https:\/\/cepronda.com\/blog\/category\/formaciones\/"},"img":{"alt_text":"","src":"https:\/\/i0.wp.com\/cepronda.com\/blog\/wp-content\/uploads\/2020\/09\/Logo-progamas-de-formacion-oficial.jpg?resize=350%2C200","width":350,"height":200},"classes":[]},{"id":368,"url":"https:\/\/cepronda.com\/blog\/1a-convocatoria-de-cursos-de-teleformacion-regional-2016-17\/","url_meta":{"origin":8304,"position":2},"title":"1\u00aa convocatoria de cursos de teleformaci\u00f3n regional 2016-17","author":"V\u00edctor Caballero","date":"18 noviembre, 2016","format":false,"excerpt":"Terminamos la semana con la noticia de que ya se ha publicado la 1\u00aa convocatoria de cursos de teleformaci\u00f3n regional del presente curso. Para esta convocatoria se ofertan 26 cursos de distintas modalidades, y seguro que alguno de ellos cuadra con vuestras inquietudes y\/o necesidades. Si quer\u00e9is acceder al listado,\u2026","rel":"","context":"En \u00abFormaciones\u00bb","block_context":{"text":"Formaciones","link":"https:\/\/cepronda.com\/blog\/category\/formaciones\/"},"img":{"alt_text":"internet-42584_150","src":"https:\/\/i0.wp.com\/cepronda.com\/blog\/wp-content\/uploads\/2016\/11\/internet-42584_150.png?resize=350%2C200","width":350,"height":200},"classes":[]},{"id":3091,"url":"https:\/\/cepronda.com\/blog\/primera-convocatoria-regional-2019-2020-oferta-formativa-del-aula-virtual-de-formacion-del-profesorado\/","url_meta":{"origin":8304,"position":3},"title":"Primera convocatoria regional 2019\/2020. Oferta formativa del aula virtual de formaci\u00f3n del profesorado.","author":"V\u00edctor Caballero","date":"12 octubre, 2019","format":false,"excerpt":"Dentro del plan de formaci\u00f3n del profesorado de la Consejer\u00eda de Educaci\u00f3n se ofertan 35 cursos en la modalidad de cursos a distancia. Las condiciones de la oferta son las siguientes: Plazo de inscripci\u00f3n:\u00a0Desde el 14 de octubre de 2019 a las 15:00 horas hasta el 17 de octubre de\u2026","rel":"","context":"En \u00abFormaciones\u00bb","block_context":{"text":"Formaciones","link":"https:\/\/cepronda.com\/blog\/category\/formaciones\/"},"img":{"alt_text":"","src":"https:\/\/i0.wp.com\/cepronda.com\/blog\/wp-content\/uploads\/2019\/10\/AVFP1920.png?resize=350%2C200&ssl=1","width":350,"height":200,"srcset":"https:\/\/i0.wp.com\/cepronda.com\/blog\/wp-content\/uploads\/2019\/10\/AVFP1920.png?resize=350%2C200&ssl=1 1x, https:\/\/i0.wp.com\/cepronda.com\/blog\/wp-content\/uploads\/2019\/10\/AVFP1920.png?resize=525%2C300&ssl=1 1.5x"},"classes":[]},{"id":2496,"url":"https:\/\/cepronda.com\/blog\/primera-convocatoria-regional-de-teleformacion-2018-19\/","url_meta":{"origin":8304,"position":4},"title":"Primera Convocatoria Regional de Teleformaci\u00f3n 2018\/19","author":"V\u00edctor Caballero","date":"29 noviembre, 2018","format":false,"excerpt":"Muy buenas familia,\u00a0 Sabemos que muchas y muchos de vosotros estabais esperando esta convocatoria, y ya la tenemos aqu\u00ed.\u00a0Para m\u00e1s informaci\u00f3n y solicitar la inscripci\u00f3n en alguna de la oferta s\u00f3lo ten\u00e9is que seguir este enlace. El plazo de inscripci\u00f3n se abre ma\u00f1ana 30 de noviembre a las 10:00. Dentro\u2026","rel":"","context":"En \u00abFormaciones\u00bb","block_context":{"text":"Formaciones","link":"https:\/\/cepronda.com\/blog\/category\/formaciones\/"},"img":{"alt_text":"","src":"https:\/\/i0.wp.com\/cepronda.com\/blog\/wp-content\/uploads\/2017\/05\/logo_ja_ce_mejor.jpg?fit=732%2C600&ssl=1&resize=350%2C200","width":350,"height":200,"srcset":"https:\/\/i0.wp.com\/cepronda.com\/blog\/wp-content\/uploads\/2017\/05\/logo_ja_ce_mejor.jpg?fit=732%2C600&ssl=1&resize=350%2C200 1x, https:\/\/i0.wp.com\/cepronda.com\/blog\/wp-content\/uploads\/2017\/05\/logo_ja_ce_mejor.jpg?fit=732%2C600&ssl=1&resize=525%2C300 1.5x, https:\/\/i0.wp.com\/cepronda.com\/blog\/wp-content\/uploads\/2017\/05\/logo_ja_ce_mejor.jpg?fit=732%2C600&ssl=1&resize=700%2C400 2x"},"classes":[]},{"id":4738,"url":"https:\/\/cepronda.com\/blog\/primera-convocatoria-regional-de-cursos-de-formacion-a-distancia-2021-22\/","url_meta":{"origin":8304,"position":5},"title":"Primera Convocatoria Regional de cursos de formaci\u00f3n a distancia 2021-22","author":"Inmaculada Garc\u00eda","date":"11 octubre, 2021","format":false,"excerpt":"Dentro del plan de formaci\u00f3n del profesorado de la Consejer\u00eda de Educaci\u00f3n se ofertan 50 cursos en la modalidad de a distancia. Las condiciones de la oferta son las siguientes: Plazo de inscripci\u00f3n: Desde el lunes 18 de octubre de 2021 a las 15:00 hasta las 15:00 horas del jueves\u2026","rel":"","context":"En \u00abFormaciones\u00bb","block_context":{"text":"Formaciones","link":"https:\/\/cepronda.com\/blog\/category\/formaciones\/"},"img":{"alt_text":"","src":"","width":0,"height":0},"classes":[]}],"jetpack_sharing_enabled":true,"_links":{"self":[{"href":"https:\/\/cepronda.com\/blog\/wp-json\/wp\/v2\/posts\/8304","targetHints":{"allow":["GET"]}}],"collection":[{"href":"https:\/\/cepronda.com\/blog\/wp-json\/wp\/v2\/posts"}],"about":[{"href":"https:\/\/cepronda.com\/blog\/wp-json\/wp\/v2\/types\/post"}],"author":[{"embeddable":true,"href":"https:\/\/cepronda.com\/blog\/wp-json\/wp\/v2\/users\/9"}],"replies":[{"embeddable":true,"href":"https:\/\/cepronda.com\/blog\/wp-json\/wp\/v2\/comments?post=8304"}],"version-history":[{"count":2,"href":"https:\/\/cepronda.com\/blog\/wp-json\/wp\/v2\/posts\/8304\/revisions"}],"predecessor-version":[{"id":8339,"href":"https:\/\/cepronda.com\/blog\/wp-json\/wp\/v2\/posts\/8304\/revisions\/8339"}],"wp:featuredmedia":[{"embeddable":true,"href":"https:\/\/cepronda.com\/blog\/wp-json\/wp\/v2\/media\/8305"}],"wp:attachment":[{"href":"https:\/\/cepronda.com\/blog\/wp-json\/wp\/v2\/media?parent=8304"}],"wp:term":[{"taxonomy":"category","embeddable":true,"href":"https:\/\/cepronda.com\/blog\/wp-json\/wp\/v2\/categories?post=8304"},{"taxonomy":"post_tag","embeddable":true,"href":"https:\/\/cepronda.com\/blog\/wp-json\/wp\/v2\/tags?post=8304"}],"curies":[{"name":"wp","href":"https:\/\/api.w.org\/{rel}","templated":true}]}}