{"id":8274,"date":"2025-03-06T13:28:48","date_gmt":"2025-03-06T12:28:48","guid":{"rendered":"https:\/\/cepronda.com\/blog\/?p=8274"},"modified":"2025-04-28T11:41:09","modified_gmt":"2025-04-28T09:41:09","slug":"actividades-para-el-desarrollo-de-la-competencia-digital-docente-2","status":"publish","type":"post","link":"https:\/\/cepronda.com\/blog\/actividades-para-el-desarrollo-de-la-competencia-digital-docente-2\/","title":{"rendered":"ACTIVIDADES PARA EL DESARROLLO DE LA COMPETENCIA DIGITAL"},"content":{"rendered":"<div class=\"\" data-block=\"true\" data-editor=\"59ja2\" data-offset-key=\"4t0ti-0-0\">\n<div class=\"_1mf _1mj\" data-offset-key=\"4t0ti-0-0\"><span data-offset-key=\"4t0ti-0-0\">Abierto el plazo de inscripciones de las <strong>ACTIVIDADES PARA EL DESARROLLO DE LA COMPETENCIA DIGITAL DOCENTE<\/strong><\/span><\/div>\n<\/div>\n<div class=\"\" data-block=\"true\" data-editor=\"59ja2\" data-offset-key=\"c25i4-0-0\">\n<div class=\"_1mf _1mj\" data-offset-key=\"c25i4-0-0\"><span data-offset-key=\"c25i4-0-0\">\u00a0<\/span><\/div>\n<\/div>\n<div class=\"\" data-block=\"true\" data-editor=\"59ja2\" data-offset-key=\"sih9-0-0\">\n<div class=\"_1mf _1mj\" data-offset-key=\"sih9-0-0\"><span data-offset-key=\"sih9-0-0\">&#8211; Inscripci\u00f3n del <strong>6 de marzo hasta el 16 de marzo.<\/strong><\/span><\/div>\n<\/div>\n<div class=\"\" data-block=\"true\" data-editor=\"59ja2\" data-offset-key=\"6d1ka-0-0\">\n<div class=\"_1mf _1mj\" data-offset-key=\"6d1ka-0-0\"><span data-offset-key=\"6d1ka-0-0\">\u00a0<\/span><\/div>\n<\/div>\n<div class=\"\" data-block=\"true\" data-editor=\"59ja2\" data-offset-key=\"eg84g-0-0\">\n<div class=\"_1mf _1mj\" data-offset-key=\"eg84g-0-0\"><span data-offset-key=\"eg84g-0-0\">&#8211; Realizaci\u00f3n entre el <strong>24 de marzo y 25 de mayo de 2025<\/strong> a trav\u00e9s del Aula Virtual de Formaci\u00f3n del Profesorado.<\/span><\/div>\n<\/div>\n<div class=\"\" data-block=\"true\" data-editor=\"59ja2\" data-offset-key=\"96pb4-0-0\">\n<div class=\"_1mf _1mj\" data-offset-key=\"96pb4-0-0\"><span data-offset-key=\"96pb4-0-0\">\u00a0<\/span><\/div>\n<\/div>\n<div class=\"\" data-block=\"true\" data-editor=\"59ja2\" data-offset-key=\"clfsk-0-0\">\n<div class=\"_1mf _1mj\" data-offset-key=\"clfsk-0-0\"><span data-offset-key=\"clfsk-0-0\"> M\u00e1s informaci\u00f3n e inscripci\u00f3n: <a href=\"https:\/\/bit.ly\/CURSOS_CDD_PROVINCIA_MALAGA_MAR_25\">https:\/\/bit.ly\/CURSOS_CDD_PROVINCIA_MALAGA_MAR_25<\/a><\/span><\/div>\n<\/div>\n<div data-offset-key=\"clfsk-0-0\"><\/div>\n<div data-offset-key=\"clfsk-0-0\"><img data-recalc-dims=\"1\" loading=\"lazy\" decoding=\"async\" class=\"alignnone size-medium wp-image-8275 aligncenter\" src=\"https:\/\/i0.wp.com\/cepronda.com\/blog\/wp-content\/uploads\/2025\/03\/Post-de-Facebook-Inmobiliaria-Fotografico-Moderno-Azul-y-Gris-1.png?resize=300%2C251&#038;ssl=1\" alt=\"\" width=\"300\" height=\"251\" srcset=\"https:\/\/i0.wp.com\/cepronda.com\/blog\/wp-content\/uploads\/2025\/03\/Post-de-Facebook-Inmobiliaria-Fotografico-Moderno-Azul-y-Gris-1.png?resize=300%2C251&amp;ssl=1 300w, https:\/\/i0.wp.com\/cepronda.com\/blog\/wp-content\/uploads\/2025\/03\/Post-de-Facebook-Inmobiliaria-Fotografico-Moderno-Azul-y-Gris-1.png?resize=768%2C644&amp;ssl=1 768w, https:\/\/i0.wp.com\/cepronda.com\/blog\/wp-content\/uploads\/2025\/03\/Post-de-Facebook-Inmobiliaria-Fotografico-Moderno-Azul-y-Gris-1.png?w=940&amp;ssl=1 940w\" sizes=\"auto, (max-width: 300px) 100vw, 300px\" \/><\/div>\n","protected":false},"excerpt":{"rendered":"<p>Abierto el plazo de inscripciones de las ACTIVIDADES PARA EL DESARROLLO DE LA COMPETENCIA DIGITAL DOCENTE \u00a0 &#8211; Inscripci\u00f3n del 6 de marzo hasta el 16 de marzo. \u00a0 &#8211; Realizaci\u00f3n entre el 24 de marzo y 25 de mayo de 2025 a trav\u00e9s del Aula Virtual de Formaci\u00f3n del Profesorado. \u00a0 M\u00e1s informaci\u00f3n e [&hellip;]<\/p>\n","protected":false},"author":13,"featured_media":8275,"comment_status":"closed","ping_status":"open","sticky":false,"template":"","format":"standard","meta":{"_crdt_document":"","advanced_seo_description":"","jetpack_seo_html_title":"","jetpack_seo_noindex":false,"jetpack_post_was_ever_published":false,"_jetpack_newsletter_access":"","_jetpack_dont_email_post_to_subs":false,"_jetpack_newsletter_tier_id":0,"_jetpack_memberships_contains_paywalled_content":false,"_jetpack_memberships_contains_paid_content":false,"footnotes":"","jetpack_publicize_message":"","jetpack_publicize_feature_enabled":true,"jetpack_social_post_already_shared":false,"jetpack_social_options":{"image_generator_settings":{"template":"highway","default_image_id":0,"font":"","enabled":false},"version":2}},"categories":[3,5],"tags":[276],"class_list":{"0":"post-8274","1":"post","2":"type-post","3":"status-publish","4":"format-standard","5":"has-post-thumbnail","7":"category-formaciones","8":"category-noticias","9":"tag-competencia-digital","10":"czr-hentry"},"jetpack_publicize_connections":[],"jetpack_featured_media_url":"https:\/\/i0.wp.com\/cepronda.com\/blog\/wp-content\/uploads\/2025\/03\/Post-de-Facebook-Inmobiliaria-Fotografico-Moderno-Azul-y-Gris-1.png?fit=940%2C788&ssl=1","jetpack_shortlink":"https:\/\/wp.me\/p8M4X7-29s","jetpack-related-posts":[{"id":7916,"url":"https:\/\/cepronda.com\/blog\/actividades-para-el-desarrollo-de-la-competencia-digital-docente\/","url_meta":{"origin":8274,"position":0},"title":"ACTIVIDADES PARA EL DESARROLLO DE LA COMPETENCIA DIGITAL DOCENTE","author":"Mamen Moreno","date":"5 diciembre, 2024","format":false,"excerpt":"Abierto el plazo de inscripciones de las ACTIVIDADES PARA EL DESARROLLO DE LA COMPETENCIA DIGITAL DOCENTE Inscripci\u00f3n del 5 de diciembre hasta el 8 de enero Realizaci\u00f3n entre el 16 de enero y 17 de marzo de 2025 a trav\u00e9s del Aula Virtual de Formaci\u00f3n del Profesorado M\u00e1s informaci\u00f3n e\u2026","rel":"","context":"En \u00abFormaciones\u00bb","block_context":{"text":"Formaciones","link":"https:\/\/cepronda.com\/blog\/category\/formaciones\/"},"img":{"alt_text":"","src":"https:\/\/i0.wp.com\/cepronda.com\/blog\/wp-content\/uploads\/2024\/12\/WhatsApp-Image-2024-12-04-at-18.13.35.jpeg?fit=1000%2C1000&ssl=1&resize=350%2C200","width":350,"height":200,"srcset":"https:\/\/i0.wp.com\/cepronda.com\/blog\/wp-content\/uploads\/2024\/12\/WhatsApp-Image-2024-12-04-at-18.13.35.jpeg?fit=1000%2C1000&ssl=1&resize=350%2C200 1x, https:\/\/i0.wp.com\/cepronda.com\/blog\/wp-content\/uploads\/2024\/12\/WhatsApp-Image-2024-12-04-at-18.13.35.jpeg?fit=1000%2C1000&ssl=1&resize=525%2C300 1.5x, https:\/\/i0.wp.com\/cepronda.com\/blog\/wp-content\/uploads\/2024\/12\/WhatsApp-Image-2024-12-04-at-18.13.35.jpeg?fit=1000%2C1000&ssl=1&resize=700%2C400 2x"},"classes":[]},{"id":9346,"url":"https:\/\/cepronda.com\/blog\/mejora-tu-competencia-digital-docente-convocatoria-marzo-2026\/","url_meta":{"origin":8274,"position":1},"title":"MEJORA TU COMPETENCIA DIGITAL DOCENTE. Convocatoria Marzo 2026.","author":"Inmaculada Garc\u00eda","date":"9 febrero, 2026","format":false,"excerpt":"Os informamos que se encuentra abierto el plazo de inscripci\u00f3n en los cursos para la mejora de la Competencia Digital Docente. COMPETENCIA\u00a0DIGITAL\u00a0DOCENTE\u00a0NIVEL A2, 50 horas, con c\u00f3digo 269923KPF426. COMPETENCIA\u00a0DIGITAL\u00a0DOCENTE\u00a0NIVEL B1, 60 horas, con c\u00f3digo 269925KPF432. COMPETENCIA\u00a0DIGITAL\u00a0DOCENTE\u00a0NIVEL B2, 70 horas, con c\u00f3digo 262924KPF429. \u00a0 \u00a0 \u00a0 \u00a0 Plazo de Inscripci\u00f3n del\u2026","rel":"","context":"En \u00abFormaciones\u00bb","block_context":{"text":"Formaciones","link":"https:\/\/cepronda.com\/blog\/category\/formaciones\/"},"img":{"alt_text":"","src":"https:\/\/i0.wp.com\/cepronda.com\/blog\/wp-content\/uploads\/2026\/02\/Copia-de-Copia-de-CEP-MOTOR-INTERNACIONALIZACION-PRIMEROS-PASOS.pptx.jpg?fit=960%2C1200&ssl=1&resize=350%2C200","width":350,"height":200,"srcset":"https:\/\/i0.wp.com\/cepronda.com\/blog\/wp-content\/uploads\/2026\/02\/Copia-de-Copia-de-CEP-MOTOR-INTERNACIONALIZACION-PRIMEROS-PASOS.pptx.jpg?fit=960%2C1200&ssl=1&resize=350%2C200 1x, https:\/\/i0.wp.com\/cepronda.com\/blog\/wp-content\/uploads\/2026\/02\/Copia-de-Copia-de-CEP-MOTOR-INTERNACIONALIZACION-PRIMEROS-PASOS.pptx.jpg?fit=960%2C1200&ssl=1&resize=525%2C300 1.5x, https:\/\/i0.wp.com\/cepronda.com\/blog\/wp-content\/uploads\/2026\/02\/Copia-de-Copia-de-CEP-MOTOR-INTERNACIONALIZACION-PRIMEROS-PASOS.pptx.jpg?fit=960%2C1200&ssl=1&resize=700%2C400 2x"},"classes":[]},{"id":5366,"url":"https:\/\/cepronda.com\/blog\/campus-para-el-desarrollo-de-la-competencia-digital-docente\/","url_meta":{"origin":8274,"position":2},"title":"CAMPUS PARA EL DESARROLLO DE LA COMPETENCIA DIGITAL DOCENTE","author":"Maribel Mu\u00f1oz","date":"1 junio, 2022","format":false,"excerpt":"Buenas tardes compa\u00f1eras y compa\u00f1eros, Os recordamos que desde ayer 31 de mayo\u00a0 est\u00e1 abierto el plazo de inscripci\u00f3n en el CAMPUS PARA EL DESARROLLO DE LA COMPETENCIA DIGITAL DOCENTE de \u00e1mbito regional con c\u00f3digo 229901PF407.\u00a0 El plazo de inscripci\u00f3n finaliza el pr\u00f3ximo 7 de junio. El encuentro se realizar\u00e1\u2026","rel":"","context":"En \u00abFormaciones\u00bb","block_context":{"text":"Formaciones","link":"https:\/\/cepronda.com\/blog\/category\/formaciones\/"},"img":{"alt_text":"","src":"https:\/\/i0.wp.com\/cepronda.com\/blog\/wp-content\/uploads\/2020\/03\/S%C2%B0mbolo-gen%C3%87rico-RRSS-redondo-negativo.png?fit=1200%2C1200&ssl=1&resize=350%2C200","width":350,"height":200,"srcset":"https:\/\/i0.wp.com\/cepronda.com\/blog\/wp-content\/uploads\/2020\/03\/S%C2%B0mbolo-gen%C3%87rico-RRSS-redondo-negativo.png?fit=1200%2C1200&ssl=1&resize=350%2C200 1x, https:\/\/i0.wp.com\/cepronda.com\/blog\/wp-content\/uploads\/2020\/03\/S%C2%B0mbolo-gen%C3%87rico-RRSS-redondo-negativo.png?fit=1200%2C1200&ssl=1&resize=525%2C300 1.5x, https:\/\/i0.wp.com\/cepronda.com\/blog\/wp-content\/uploads\/2020\/03\/S%C2%B0mbolo-gen%C3%87rico-RRSS-redondo-negativo.png?fit=1200%2C1200&ssl=1&resize=700%2C400 2x, https:\/\/i0.wp.com\/cepronda.com\/blog\/wp-content\/uploads\/2020\/03\/S%C2%B0mbolo-gen%C3%87rico-RRSS-redondo-negativo.png?fit=1200%2C1200&ssl=1&resize=1050%2C600 3x"},"classes":[]},{"id":7768,"url":"https:\/\/cepronda.com\/blog\/cursos-areas-5-y-6-de-cdd-empodera-digitalmente-a-tu-alumnado-y-desarrolla-la-competencia-digital-de-tu-alumnado\/","url_meta":{"origin":8274,"position":3},"title":"Cursos \u00e1reas 5 y 6 de CDD: \u00abEMPODERA DIGITALMENTE A TU ALUMNADO\u00bb y \u00abDESARROLLA LA COMPETENCIA DIGITAL DE TU ALUMNADO\u00bb","author":"V\u00edctor Caballero","date":"30 septiembre, 2024","format":false,"excerpt":"Abierto el plazo de inscripciones para certificar un nivel de Competencia Digital Docente para las \u00e1reas 5 y 6 del MRDD: 532. \"EMPODERA DIGITALMENTE A TU ALUMNADO\" (Desarrolla el \u00e1rea 5 del MRDD) con c\u00f3digo 259924KPF532 Enlace para la inscripci\u00f3n y m\u00e1s informaci\u00f3n: https:\/\/www.juntadeandalucia.es\/educacion\/secretariavirtual\/consultaCEP\/actividad\/259924KPF532\/ \u00a0 531. \"DESARROLLA LA COMPETENCIA DIGITAL\u2026","rel":"","context":"En \u00abFormaciones\u00bb","block_context":{"text":"Formaciones","link":"https:\/\/cepronda.com\/blog\/category\/formaciones\/"},"img":{"alt_text":"","src":"https:\/\/i0.wp.com\/cepronda.com\/blog\/wp-content\/uploads\/2024\/09\/259924KPF531_Cartel-5-Y-6.jpg?fit=1200%2C675&ssl=1&resize=350%2C200","width":350,"height":200,"srcset":"https:\/\/i0.wp.com\/cepronda.com\/blog\/wp-content\/uploads\/2024\/09\/259924KPF531_Cartel-5-Y-6.jpg?fit=1200%2C675&ssl=1&resize=350%2C200 1x, https:\/\/i0.wp.com\/cepronda.com\/blog\/wp-content\/uploads\/2024\/09\/259924KPF531_Cartel-5-Y-6.jpg?fit=1200%2C675&ssl=1&resize=525%2C300 1.5x, https:\/\/i0.wp.com\/cepronda.com\/blog\/wp-content\/uploads\/2024\/09\/259924KPF531_Cartel-5-Y-6.jpg?fit=1200%2C675&ssl=1&resize=700%2C400 2x, https:\/\/i0.wp.com\/cepronda.com\/blog\/wp-content\/uploads\/2024\/09\/259924KPF531_Cartel-5-Y-6.jpg?fit=1200%2C675&ssl=1&resize=1050%2C600 3x"},"classes":[]},{"id":5683,"url":"https:\/\/cepronda.com\/blog\/cursos-de-competencia-digital-docente-niveles-a2-b1-y-b2\/","url_meta":{"origin":8274,"position":4},"title":"CURSOS DE COMPETENCIA DIGITAL DOCENTE. NIVELES A2, B1 Y B2.","author":"Inmaculada Garc\u00eda","date":"10 enero, 2023","format":false,"excerpt":"Est\u00e1 abierto el plazo para los siguientes cursos de Competencia Digital Docente: \u00a0 - COMPETENCIA DIGITAL DOCENTE NIVEL A2 (50 horas). Inscripciones: https:\/\/www.juntadeandalucia.es\/...\/actividad\/239923KPF426\/ \u00a0 - COMPETENCIA DIGITAL DOCENTE NIVEL B1 (60 horas). Inscripciones: https:\/\/www.juntadeandalucia.es\/...\/actividad\/239922KPF432\/ \u00a0 - COMPETENCIA DIGITAL DOCENTE NIVEL B2 (80 horas). Inscripciones: https:\/\/www.juntadeandalucia.es\/...\/actividad\/239926KPF429\/ \u00a0 Fecha actividad: 27\/01\/2023 hasta\u2026","rel":"","context":"En \u00abFormaciones\u00bb","block_context":{"text":"Formaciones","link":"https:\/\/cepronda.com\/blog\/category\/formaciones\/"},"img":{"alt_text":"","src":"https:\/\/i0.wp.com\/cepronda.com\/blog\/wp-content\/uploads\/2023\/01\/322102607_691638952677560_6394053168575758545_n.jpg?fit=960%2C540&ssl=1&resize=350%2C200","width":350,"height":200,"srcset":"https:\/\/i0.wp.com\/cepronda.com\/blog\/wp-content\/uploads\/2023\/01\/322102607_691638952677560_6394053168575758545_n.jpg?fit=960%2C540&ssl=1&resize=350%2C200 1x, https:\/\/i0.wp.com\/cepronda.com\/blog\/wp-content\/uploads\/2023\/01\/322102607_691638952677560_6394053168575758545_n.jpg?fit=960%2C540&ssl=1&resize=525%2C300 1.5x, https:\/\/i0.wp.com\/cepronda.com\/blog\/wp-content\/uploads\/2023\/01\/322102607_691638952677560_6394053168575758545_n.jpg?fit=960%2C540&ssl=1&resize=700%2C400 2x"},"classes":[]},{"id":5421,"url":"https:\/\/cepronda.com\/blog\/convocatoria-provincial-para-el-desarrollo-de-la-competencia-digital-docente\/","url_meta":{"origin":8274,"position":5},"title":"CONVOCATORIA PROVINCIAL PARA EL DESARROLLO DE LA COMPETENCIA DIGITAL DOCENTE.","author":"Inmaculada Garc\u00eda","date":"20 septiembre, 2022","format":false,"excerpt":"Os informamos de que el pr\u00f3ximo viernes \u00a023 de septiembre se abrir\u00e1 el plazo para solicitar la inscripci\u00f3n en las formaciones ofertadas en la Convocatoria Provincial para el desarrollo de la Competencia Digital Docente, dentro del plan de formaci\u00f3n del profesorado de la Consejer\u00eda de Desarrollo Educativo y Formaci\u00f3n Profesional.\u2026","rel":"","context":"En \u00abFormaciones\u00bb","block_context":{"text":"Formaciones","link":"https:\/\/cepronda.com\/blog\/category\/formaciones\/"},"img":{"alt_text":"","src":"https:\/\/i0.wp.com\/cepronda.com\/blog\/wp-content\/uploads\/2022\/09\/convocatoria-provincial-para-el-desarrollo-de-la-competencia-digital.png?fit=1200%2C705&ssl=1&resize=350%2C200","width":350,"height":200,"srcset":"https:\/\/i0.wp.com\/cepronda.com\/blog\/wp-content\/uploads\/2022\/09\/convocatoria-provincial-para-el-desarrollo-de-la-competencia-digital.png?fit=1200%2C705&ssl=1&resize=350%2C200 1x, https:\/\/i0.wp.com\/cepronda.com\/blog\/wp-content\/uploads\/2022\/09\/convocatoria-provincial-para-el-desarrollo-de-la-competencia-digital.png?fit=1200%2C705&ssl=1&resize=525%2C300 1.5x, https:\/\/i0.wp.com\/cepronda.com\/blog\/wp-content\/uploads\/2022\/09\/convocatoria-provincial-para-el-desarrollo-de-la-competencia-digital.png?fit=1200%2C705&ssl=1&resize=700%2C400 2x, https:\/\/i0.wp.com\/cepronda.com\/blog\/wp-content\/uploads\/2022\/09\/convocatoria-provincial-para-el-desarrollo-de-la-competencia-digital.png?fit=1200%2C705&ssl=1&resize=1050%2C600 3x"},"classes":[]}],"jetpack_sharing_enabled":true,"_links":{"self":[{"href":"https:\/\/cepronda.com\/blog\/wp-json\/wp\/v2\/posts\/8274","targetHints":{"allow":["GET"]}}],"collection":[{"href":"https:\/\/cepronda.com\/blog\/wp-json\/wp\/v2\/posts"}],"about":[{"href":"https:\/\/cepronda.com\/blog\/wp-json\/wp\/v2\/types\/post"}],"author":[{"embeddable":true,"href":"https:\/\/cepronda.com\/blog\/wp-json\/wp\/v2\/users\/13"}],"replies":[{"embeddable":true,"href":"https:\/\/cepronda.com\/blog\/wp-json\/wp\/v2\/comments?post=8274"}],"version-history":[{"count":2,"href":"https:\/\/cepronda.com\/blog\/wp-json\/wp\/v2\/posts\/8274\/revisions"}],"predecessor-version":[{"id":8292,"href":"https:\/\/cepronda.com\/blog\/wp-json\/wp\/v2\/posts\/8274\/revisions\/8292"}],"wp:featuredmedia":[{"embeddable":true,"href":"https:\/\/cepronda.com\/blog\/wp-json\/wp\/v2\/media\/8275"}],"wp:attachment":[{"href":"https:\/\/cepronda.com\/blog\/wp-json\/wp\/v2\/media?parent=8274"}],"wp:term":[{"taxonomy":"category","embeddable":true,"href":"https:\/\/cepronda.com\/blog\/wp-json\/wp\/v2\/categories?post=8274"},{"taxonomy":"post_tag","embeddable":true,"href":"https:\/\/cepronda.com\/blog\/wp-json\/wp\/v2\/tags?post=8274"}],"curies":[{"name":"wp","href":"https:\/\/api.w.org\/{rel}","templated":true}]}}