{"id":8258,"date":"2025-02-21T14:53:14","date_gmt":"2025-02-21T13:53:14","guid":{"rendered":"https:\/\/cepronda.com\/blog\/?p=8258"},"modified":"2025-03-07T11:19:18","modified_gmt":"2025-03-07T10:19:18","slug":"curso-autoevaluacion-plan-de-mejora-y-proyecto-formativo-codigo-259923kpf386","status":"publish","type":"post","link":"https:\/\/cepronda.com\/blog\/curso-autoevaluacion-plan-de-mejora-y-proyecto-formativo-codigo-259923kpf386\/","title":{"rendered":"AUTOEVALUACI\u00d3N. PLAN DE MEJORA Y PROYECTO FORMATIVO"},"content":{"rendered":"<div class=\"\" data-block=\"true\" data-editor=\"go13\" data-offset-key=\"8nr31-0-0\">\n<div class=\"_1mf _1mj\" data-offset-key=\"8nr31-0-0\"><span data-offset-key=\"8nr31-0-0\">Abierto el plazo de inscripci\u00f3n del curso semipresencial provincial: AUTOEVALUACI\u00d3N. PLAN DE MEJORA Y PROYECTO FORMATIVO. C\u00f3digo: 259923KPF386<\/span><\/div>\n<\/div>\n<div class=\"\" data-block=\"true\" data-editor=\"go13\" data-offset-key=\"fqsfo-0-0\">\n<div class=\"_1mf _1mj\" data-offset-key=\"fqsfo-0-0\"><span data-offset-key=\"fqsfo-0-0\">\u00a0<\/span><\/div>\n<\/div>\n<div class=\"\" data-block=\"true\" data-editor=\"go13\" data-offset-key=\"p1c-0-0\">\n<div class=\"_1mf _1mj\" data-offset-key=\"p1c-0-0\"><span data-offset-key=\"p1c-0-0\">\u00b7 Inscripci\u00f3n hasta el 21 de marzo<\/span><\/div>\n<\/div>\n<div class=\"\" data-block=\"true\" data-editor=\"go13\" data-offset-key=\"2kd9d-0-0\">\n<div class=\"_1mf _1mj\" data-offset-key=\"2kd9d-0-0\"><span data-offset-key=\"2kd9d-0-0\">\u00b7 Aula Virtual de Formaci\u00f3n del Profesorado entre 01\/04\/25 y 20\/05\/25<\/span><\/div>\n<\/div>\n<div class=\"\" data-block=\"true\" data-editor=\"go13\" data-offset-key=\"ctu3v-0-0\">\n<div class=\"_1mf _1mj\" data-offset-key=\"ctu3v-0-0\"><span data-offset-key=\"ctu3v-0-0\">\u00b7 Sesiones presenciales en el CEP de M\u00e1laga: 24\/04\/25 y 08\/05\/25 de 16:30 a 19:30<\/span><\/div>\n<\/div>\n<div class=\"\" data-block=\"true\" data-editor=\"go13\" data-offset-key=\"2ke6f-0-0\">\n<div class=\"_1mf _1mj\" data-offset-key=\"2ke6f-0-0\"><span data-offset-key=\"2ke6f-0-0\">\u00a0<\/span><\/div>\n<\/div>\n<div class=\"\" data-block=\"true\" data-editor=\"go13\" data-offset-key=\"fht8g-0-0\">\n<div class=\"_1mf _1mj\" data-offset-key=\"fht8g-0-0\"><span data-offset-key=\"fht8g-0-0\">M\u00e1s informaci\u00f3n e inscripciones: <a href=\"https:\/\/www.juntadeandalucia.es\/educacion\/secretariavirtual\/consultaCEP\/actividad\/259923KPF386\/\">https:\/\/www.juntadeandalucia.es\/educacion\/secretariavirtual\/consultaCEP\/actividad\/259923KPF386\/<\/a><\/span><\/div>\n<div class=\"_1mf _1mj\" data-offset-key=\"fht8g-0-0\"><span data-offset-key=\"fht8g-0-0\"><a href=\"https:\/\/www.juntadeandalucia.es\/educacion\/secretariavirtual\/consultaCEP\/actividad\/259923KPF386\/\"><img data-recalc-dims=\"1\" loading=\"lazy\" decoding=\"async\" class=\"aligncenter wp-image-8259\" src=\"https:\/\/i0.wp.com\/cepronda.com\/blog\/wp-content\/uploads\/2025\/03\/Sin-titulo-1080-x-1350-px.jpg?resize=344%2C430&#038;ssl=1\" alt=\"\" width=\"344\" height=\"430\" srcset=\"https:\/\/i0.wp.com\/cepronda.com\/blog\/wp-content\/uploads\/2025\/03\/Sin-titulo-1080-x-1350-px.jpg?resize=819%2C1024&amp;ssl=1 819w, https:\/\/i0.wp.com\/cepronda.com\/blog\/wp-content\/uploads\/2025\/03\/Sin-titulo-1080-x-1350-px.jpg?resize=240%2C300&amp;ssl=1 240w, https:\/\/i0.wp.com\/cepronda.com\/blog\/wp-content\/uploads\/2025\/03\/Sin-titulo-1080-x-1350-px.jpg?resize=768%2C960&amp;ssl=1 768w, https:\/\/i0.wp.com\/cepronda.com\/blog\/wp-content\/uploads\/2025\/03\/Sin-titulo-1080-x-1350-px.jpg?resize=1229%2C1536&amp;ssl=1 1229w, https:\/\/i0.wp.com\/cepronda.com\/blog\/wp-content\/uploads\/2025\/03\/Sin-titulo-1080-x-1350-px.jpg?resize=1639%2C2048&amp;ssl=1 1639w, https:\/\/i0.wp.com\/cepronda.com\/blog\/wp-content\/uploads\/2025\/03\/Sin-titulo-1080-x-1350-px.jpg?w=2025&amp;ssl=1 2025w\" sizes=\"auto, (max-width: 344px) 100vw, 344px\" \/><\/a><\/span><\/div>\n<\/div>\n","protected":false},"excerpt":{"rendered":"<p>Abierto el plazo de inscripci\u00f3n del curso semipresencial provincial: AUTOEVALUACI\u00d3N. PLAN DE MEJORA Y PROYECTO FORMATIVO. C\u00f3digo: 259923KPF386 \u00a0 \u00b7 Inscripci\u00f3n hasta el 21 de marzo \u00b7 Aula Virtual de Formaci\u00f3n del Profesorado entre 01\/04\/25 y 20\/05\/25 \u00b7 Sesiones presenciales en el CEP de M\u00e1laga: 24\/04\/25 y 08\/05\/25 de 16:30 a 19:30 \u00a0 M\u00e1s informaci\u00f3n [&hellip;]<\/p>\n","protected":false},"author":9,"featured_media":8259,"comment_status":"closed","ping_status":"open","sticky":false,"template":"","format":"standard","meta":{"_crdt_document":"","advanced_seo_description":"","jetpack_seo_html_title":"","jetpack_seo_noindex":false,"jetpack_post_was_ever_published":false,"_jetpack_newsletter_access":"","_jetpack_dont_email_post_to_subs":false,"_jetpack_newsletter_tier_id":0,"_jetpack_memberships_contains_paywalled_content":false,"_jetpack_memberships_contains_paid_content":false,"footnotes":"","jetpack_publicize_message":"","jetpack_publicize_feature_enabled":true,"jetpack_social_post_already_shared":false,"jetpack_social_options":{"image_generator_settings":{"template":"highway","default_image_id":0,"font":"","enabled":false},"version":2}},"categories":[3],"tags":[],"class_list":{"0":"post-8258","1":"post","2":"type-post","3":"status-publish","4":"format-standard","5":"has-post-thumbnail","7":"category-formaciones","8":"czr-hentry"},"jetpack_publicize_connections":[],"jetpack_featured_media_url":"https:\/\/i0.wp.com\/cepronda.com\/blog\/wp-content\/uploads\/2025\/03\/Sin-titulo-1080-x-1350-px.jpg?fit=2025%2C2531&ssl=1","jetpack_shortlink":"https:\/\/wp.me\/p8M4X7-29c","jetpack-related-posts":[{"id":9521,"url":"https:\/\/cepronda.com\/blog\/9521-2\/","url_meta":{"origin":8258,"position":0},"title":"AUTOEVALUACI\u00d3N. PLAN DE MEJORA Y PROYECTO FORMATIVO.","author":"Encarni Jim\u00e9nez Rosado","date":"23 abril, 2026","format":false,"excerpt":"Se abre plazo de inscripci\u00f3n para el viso \u201cAUTOEVALUACI\u00d3N. PLAN DE MEJORA Y PROYECTO FORMATIVO\u201d C\u00d3DIGO: 269923KPF386 MODALIDAD: Curso Semipresencial \u00c1MBITO: Provincial FECHA INSCRIPCI\u00d3N: 23\/04\/2026 hasta 05\/05\/2026 FECHA ACTIVIDAD: 14\/05\/2026 hasta 28\/05\/2026 \ud83d\udd17 M\u00c1S INFORMACI\u00d3N E INSCRIPCI\u00d3N: https:\/\/secretariavirtual.juntadeandalucia.es\/secretariavirtual\/consultaCEP\/actividad\/269923KPF386\/ \u00a0","rel":"","context":"En \u00abFormaciones\u00bb","block_context":{"text":"Formaciones","link":"https:\/\/cepronda.com\/blog\/category\/formaciones\/"},"img":{"alt_text":"","src":"https:\/\/i0.wp.com\/cepronda.com\/blog\/wp-content\/uploads\/2026\/04\/Autoevaluacion-y-plan-de-mejora.png?fit=695%2C869&ssl=1&resize=350%2C200","width":350,"height":200,"srcset":"https:\/\/i0.wp.com\/cepronda.com\/blog\/wp-content\/uploads\/2026\/04\/Autoevaluacion-y-plan-de-mejora.png?fit=695%2C869&ssl=1&resize=350%2C200 1x, https:\/\/i0.wp.com\/cepronda.com\/blog\/wp-content\/uploads\/2026\/04\/Autoevaluacion-y-plan-de-mejora.png?fit=695%2C869&ssl=1&resize=525%2C300 1.5x"},"classes":[]},{"id":4730,"url":"https:\/\/cepronda.com\/blog\/plan-de-mejora-elaboracion-de-indicadores-de-autoevaluacion-y-propuestas-de-mejora\/","url_meta":{"origin":8258,"position":1},"title":"PLAN DE MEJORA: ELABORACI\u00d3N DE INDICADORES DE AUTOEVALUACI\u00d3N Y PROPUESTAS DE MEJORA.","author":"Maribel Mu\u00f1oz","date":"8 octubre, 2021","format":false,"excerpt":"Buenas tardes compa\u00f1eras y compa\u00f1eros, Os informamos que est\u00e1 abierto el plazo de inscripci\u00f3n en la actividad\u00a0 PLAN DE MEJORA: ELABORACI\u00d3N DE INDICADORES DE AUTOEVALUACI\u00d3N Y PROPUESTAS DE MEJORA con c\u00f3digo 222924GE034. La formaci\u00f3n es presencial, con un total de 5 horas . Es de \u00e1mbito CEP.\u00a0 La fechas son:\u00a0\u2026","rel":"","context":"En \u00abFormaciones\u00bb","block_context":{"text":"Formaciones","link":"https:\/\/cepronda.com\/blog\/category\/formaciones\/"},"img":{"alt_text":"","src":"https:\/\/i0.wp.com\/cepronda.com\/blog\/wp-content\/uploads\/2021\/10\/WhatsApp-Image-2021-10-08-at-12.01.11-1-1.jpeg?fit=848%2C1200&ssl=1&resize=350%2C200","width":350,"height":200,"srcset":"https:\/\/i0.wp.com\/cepronda.com\/blog\/wp-content\/uploads\/2021\/10\/WhatsApp-Image-2021-10-08-at-12.01.11-1-1.jpeg?fit=848%2C1200&ssl=1&resize=350%2C200 1x, https:\/\/i0.wp.com\/cepronda.com\/blog\/wp-content\/uploads\/2021\/10\/WhatsApp-Image-2021-10-08-at-12.01.11-1-1.jpeg?fit=848%2C1200&ssl=1&resize=525%2C300 1.5x, https:\/\/i0.wp.com\/cepronda.com\/blog\/wp-content\/uploads\/2021\/10\/WhatsApp-Image-2021-10-08-at-12.01.11-1-1.jpeg?fit=848%2C1200&ssl=1&resize=700%2C400 2x"},"classes":[]},{"id":4523,"url":"https:\/\/cepronda.com\/blog\/la-memoria-de-autoevaluacion-indicadores-de-calidad-para-la-mejora-del-centro\/","url_meta":{"origin":8258,"position":2},"title":"LA MEMORIA DE AUTOEVALUACI\u00d3N: INDICADORES DE CALIDAD PARA LA MEJORA DEL CENTRO","author":"Mar\u00eda Jos\u00e9 M\u00e1rquez","date":"10 mayo, 2021","format":false,"excerpt":"Buenas tardes compa\u00f1eras y compa\u00f1eros. Se abre el plazo de inscripci\u00f3n para la actividad LA MEMORIA DE AUTOEVALUACI\u00d3N: INDICADORES DE CALIDAD PARA LA MEJORA DEL CENTRO. C\u00f3digo : 212924GE040 Esta actividad va dirigida a los Equipos Directivos de la zona de actuaci\u00f3n del CEP de Ronda, a los miembros de\u2026","rel":"","context":"En \u00abNoticias\u00bb","block_context":{"text":"Noticias","link":"https:\/\/cepronda.com\/blog\/category\/noticias\/"},"img":{"alt_text":"indicadores","src":"https:\/\/i0.wp.com\/cepronda.com\/blog\/wp-content\/uploads\/2021\/05\/INDICADORES-EVALUACIO%CC%81N-212x300.png?resize=350%2C200","width":350,"height":200},"classes":[]},{"id":2287,"url":"https:\/\/cepronda.com\/blog\/nueva-actividad-los-procesos-de-autoevaluacion-y-mejora-como-base-de-la-innovacion-educativa\/","url_meta":{"origin":8258,"position":3},"title":"Nueva actividad: \u00abLOS PROCESOS DE AUTOEVALUACI\u00d3N Y MEJORA COMO BASE DE LA INNOVACI\u00d3N EDUCATIVA\u00bb","author":"V\u00edctor Caballero","date":"10 septiembre, 2018","format":false,"excerpt":"\u00a1Hola familia! Antes de nada desearos a los centros de primaria que comenz\u00e1is hoy las clases con el alumnado, un gran comienzo y un mejor curso escolar.\u00a0 Y tras esto comentaros que en diversas entradas hoy os vamos a informar de varias actividades que ya tenemos con plazos de inscripci\u00f3n\u2026","rel":"","context":"En \u00abFormaciones\u00bb","block_context":{"text":"Formaciones","link":"https:\/\/cepronda.com\/blog\/category\/formaciones\/"},"img":{"alt_text":"","src":"https:\/\/i0.wp.com\/cepronda.com\/blog\/wp-content\/uploads\/2018\/09\/home-office-1207834_640.jpg?fit=640%2C426&ssl=1&resize=350%2C200","width":350,"height":200,"srcset":"https:\/\/i0.wp.com\/cepronda.com\/blog\/wp-content\/uploads\/2018\/09\/home-office-1207834_640.jpg?fit=640%2C426&ssl=1&resize=350%2C200 1x, https:\/\/i0.wp.com\/cepronda.com\/blog\/wp-content\/uploads\/2018\/09\/home-office-1207834_640.jpg?fit=640%2C426&ssl=1&resize=525%2C300 1.5x"},"classes":[]},{"id":1284,"url":"https:\/\/cepronda.com\/blog\/curso-de-la-autoevaluacion-al-plan-de-mejora\/","url_meta":{"origin":8258,"position":4},"title":"Curso: De la autoevaluaci\u00f3n al Plan de Mejora","author":"V\u00edctor Caballero","date":"25 septiembre, 2017","format":false,"excerpt":"Muy buenas de nuevo, En esta ocasi\u00f3n os queremos informar sobre otra de nuestras apuestas en este curso, y es una actividad dirigida a 2 miembros de los ETCP de los Centros de Infantil y Primaria, y al Departamento de Formaci\u00f3n de los IES. En las tres sesiones trabajaremos los\u2026","rel":"","context":"En \u00abFormaciones\u00bb","block_context":{"text":"Formaciones","link":"https:\/\/cepronda.com\/blog\/category\/formaciones\/"},"img":{"alt_text":"","src":"https:\/\/i0.wp.com\/cepronda.com\/blog\/wp-content\/uploads\/2017\/05\/notepad-117597_1280.png?fit=1127%2C1200&ssl=1&resize=350%2C200","width":350,"height":200,"srcset":"https:\/\/i0.wp.com\/cepronda.com\/blog\/wp-content\/uploads\/2017\/05\/notepad-117597_1280.png?fit=1127%2C1200&ssl=1&resize=350%2C200 1x, https:\/\/i0.wp.com\/cepronda.com\/blog\/wp-content\/uploads\/2017\/05\/notepad-117597_1280.png?fit=1127%2C1200&ssl=1&resize=525%2C300 1.5x, https:\/\/i0.wp.com\/cepronda.com\/blog\/wp-content\/uploads\/2017\/05\/notepad-117597_1280.png?fit=1127%2C1200&ssl=1&resize=700%2C400 2x, https:\/\/i0.wp.com\/cepronda.com\/blog\/wp-content\/uploads\/2017\/05\/notepad-117597_1280.png?fit=1127%2C1200&ssl=1&resize=1050%2C600 3x"},"classes":[]},{"id":3906,"url":"https:\/\/cepronda.com\/blog\/itinerario-formativo-para-centros-rurales\/","url_meta":{"origin":8258,"position":5},"title":"ITINERARIO FORMATIVO PARA LA ESCUELA RURAL.","author":"Inmaculada Garc\u00eda","date":"19 octubre, 2020","format":false,"excerpt":"Buenas tardes compa\u00f1eras y compa\u00f1eros: Os presentamos nuestro nuevo Itinerario Formativo para Centros Rurales\u00a0 que\u00a0 consta de tres actividades, una por trimestre, en las que nos acercaremos a diferentes recursos, t\u00e9cnicas y herramientas metodol\u00f3gicas adaptadas a grupos multinivel, partiendo de la realidad de nuestros centros y contando con profesionales con\u2026","rel":"","context":"En \u00abNoticias\u00bb","block_context":{"text":"Noticias","link":"https:\/\/cepronda.com\/blog\/category\/noticias\/"},"img":{"alt_text":"","src":"https:\/\/i0.wp.com\/cepronda.com\/blog\/wp-content\/uploads\/2020\/10\/Captura-de-pantalla-3-3.png?fit=1200%2C675&ssl=1&resize=350%2C200","width":350,"height":200,"srcset":"https:\/\/i0.wp.com\/cepronda.com\/blog\/wp-content\/uploads\/2020\/10\/Captura-de-pantalla-3-3.png?fit=1200%2C675&ssl=1&resize=350%2C200 1x, https:\/\/i0.wp.com\/cepronda.com\/blog\/wp-content\/uploads\/2020\/10\/Captura-de-pantalla-3-3.png?fit=1200%2C675&ssl=1&resize=525%2C300 1.5x, https:\/\/i0.wp.com\/cepronda.com\/blog\/wp-content\/uploads\/2020\/10\/Captura-de-pantalla-3-3.png?fit=1200%2C675&ssl=1&resize=700%2C400 2x, https:\/\/i0.wp.com\/cepronda.com\/blog\/wp-content\/uploads\/2020\/10\/Captura-de-pantalla-3-3.png?fit=1200%2C675&ssl=1&resize=1050%2C600 3x"},"classes":[]}],"jetpack_sharing_enabled":true,"_links":{"self":[{"href":"https:\/\/cepronda.com\/blog\/wp-json\/wp\/v2\/posts\/8258","targetHints":{"allow":["GET"]}}],"collection":[{"href":"https:\/\/cepronda.com\/blog\/wp-json\/wp\/v2\/posts"}],"about":[{"href":"https:\/\/cepronda.com\/blog\/wp-json\/wp\/v2\/types\/post"}],"author":[{"embeddable":true,"href":"https:\/\/cepronda.com\/blog\/wp-json\/wp\/v2\/users\/9"}],"replies":[{"embeddable":true,"href":"https:\/\/cepronda.com\/blog\/wp-json\/wp\/v2\/comments?post=8258"}],"version-history":[{"count":2,"href":"https:\/\/cepronda.com\/blog\/wp-json\/wp\/v2\/posts\/8258\/revisions"}],"predecessor-version":[{"id":8294,"href":"https:\/\/cepronda.com\/blog\/wp-json\/wp\/v2\/posts\/8258\/revisions\/8294"}],"wp:featuredmedia":[{"embeddable":true,"href":"https:\/\/cepronda.com\/blog\/wp-json\/wp\/v2\/media\/8259"}],"wp:attachment":[{"href":"https:\/\/cepronda.com\/blog\/wp-json\/wp\/v2\/media?parent=8258"}],"wp:term":[{"taxonomy":"category","embeddable":true,"href":"https:\/\/cepronda.com\/blog\/wp-json\/wp\/v2\/categories?post=8258"},{"taxonomy":"post_tag","embeddable":true,"href":"https:\/\/cepronda.com\/blog\/wp-json\/wp\/v2\/tags?post=8258"}],"curies":[{"name":"wp","href":"https:\/\/api.w.org\/{rel}","templated":true}]}}