{"id":822,"date":"2017-05-12T13:57:15","date_gmt":"2017-05-12T11:57:15","guid":{"rendered":"http:\/\/cepronda.com\/blog\/?p=822"},"modified":"2025-04-28T12:06:21","modified_gmt":"2025-04-28T10:06:21","slug":"iv-ciclo-de-conferencias-de-divulgacion-cientifica-diego-perez-de-mesa","status":"publish","type":"post","link":"https:\/\/cepronda.com\/blog\/iv-ciclo-de-conferencias-de-divulgacion-cientifica-diego-perez-de-mesa\/","title":{"rendered":"IV CICLO DE CONFERENCIAS DE DIVULGACI\u00d3N CIENT\u00cdFICA \u00bbDIEGO P\u00c9REZ DE MESA\u00bb"},"content":{"rendered":"<p>Muy buenas,<\/p>\n<p>\u00a1Terminamos la semana con energ\u00eda! A partir de hoy pod\u00e9is inscribiros en las jornadas de divulgaci\u00f3n cient\u00edfica que tendr\u00e1n lugar los pr\u00f3ximos 17 y 18 de mayo en la biblioteca del CEP de Ronda.\u00a0Con estas conferencias pretendemos dar un paso m\u00e1s en la divulgaci\u00f3n de la ciencia, aprovechando las posibilidades que nos ofrece la ciencia como eje vertebrador para la realizaci\u00f3n de buenas pr\u00e1cticas con nuestro alumnado. Dada la modalidad de formaci\u00f3n elegida, se abrir\u00e1 al p\u00fablico en general la asistencia a esta actividad formativa. As\u00ed que todas y todos est\u00e1is invitados a participar en la misma.<\/p>\n<p>Para inscribiros y poder ver los detalles de las conferencias y actividades programadas s\u00f3lo ten\u00e9is que hacer clic en <strong><a href=\"https:\/\/www.juntadeandalucia.es\/educacion\/secretariavirtual\/consultaCEP\/actividad\/172924GE054\/\" target=\"_blank\" rel=\"noopener noreferrer\">este enlace<\/a><\/strong> o en la imagen.<\/p>\n<p><a href=\"https:\/\/www.juntadeandalucia.es\/educacion\/secretariavirtual\/consultaCEP\/actividad\/172924GE054\/\" target=\"_blank\" rel=\"noopener noreferrer\"><img data-recalc-dims=\"1\" loading=\"lazy\" decoding=\"async\" class=\"aligncenter wp-image-823 \" src=\"https:\/\/i0.wp.com\/cepronda.com\/blog\/wp-content\/uploads\/2017\/05\/beakers-309864_640.png?resize=416%2C439\" alt=\"\" width=\"416\" height=\"439\" \/><\/a><\/p>\n","protected":false},"excerpt":{"rendered":"<p>Muy buenas, \u00a1Terminamos la semana con energ\u00eda! A partir de hoy pod\u00e9is inscribiros en las jornadas de divulgaci\u00f3n cient\u00edfica que tendr\u00e1n lugar los pr\u00f3ximos 17 y 18 de mayo en la biblioteca del CEP de Ronda.\u00a0Con estas conferencias pretendemos dar un paso m\u00e1s en la divulgaci\u00f3n de la ciencia, aprovechando las posibilidades que nos ofrece [&hellip;]<\/p>\n","protected":false},"author":3,"featured_media":860,"comment_status":"open","ping_status":"open","sticky":false,"template":"","format":"standard","meta":{"_crdt_document":"","advanced_seo_description":"","jetpack_seo_html_title":"","jetpack_seo_noindex":false,"jetpack_post_was_ever_published":false,"_jetpack_newsletter_access":"","_jetpack_dont_email_post_to_subs":false,"_jetpack_newsletter_tier_id":0,"_jetpack_memberships_contains_paywalled_content":false,"_jetpack_memberships_contains_paid_content":false,"footnotes":"","jetpack_publicize_message":"","jetpack_publicize_feature_enabled":true,"jetpack_social_post_already_shared":false,"jetpack_social_options":{"image_generator_settings":{"template":"highway","default_image_id":0,"font":"","enabled":false},"version":2}},"categories":[5],"tags":[14,174],"class_list":{"0":"post-822","1":"post","2":"type-post","3":"status-publish","4":"format-standard","5":"has-post-thumbnail","7":"category-noticias","8":"tag-ciencias","9":"tag-jornadas","10":"czr-hentry"},"jetpack_publicize_connections":[],"jetpack_featured_media_url":"https:\/\/i0.wp.com\/cepronda.com\/blog\/wp-content\/uploads\/2017\/05\/beakers-309864_640.png?fit=607%2C640&ssl=1","jetpack_shortlink":"https:\/\/wp.me\/p8M4X7-dg","jetpack-related-posts":[{"id":7324,"url":"https:\/\/cepronda.com\/blog\/vii-jornadas-de-divulgacion-cientifica-diego-perez-de-mesa-la-ciencia-no-entiende-de-genero-2\/","url_meta":{"origin":822,"position":0},"title":"VII JORNADAS DE DIVULGACI\u00d3N CIENT\u00cdFICA \u00bbDIEGO P\u00c9REZ DE MESA\u00bb. LA CIENCIA NO ENTIENDE DE G\u00c9NERO","author":"Mamen Moreno","date":"11 enero, 2024","format":false,"excerpt":"Se encuentra abierto el plazo de inscripci\u00f3n de las VII JORNADAS DE DIVULGACI\u00d3N CIENT\u00cdFICA ''DIEGO P\u00c9REZ DE MESA'' con c\u00f3digo 242924GE030. En esta ocasi\u00f3n relacionadas con la Ciencia no entiende de g\u00e9nero. El contenido de estas jornadas comprende tres sesiones con una serie de conferencias relacionadas con la divulgaci\u00f3n cient\u00edfica,\u2026","rel":"","context":"En \u00abFormaciones\u00bb","block_context":{"text":"Formaciones","link":"https:\/\/cepronda.com\/blog\/category\/formaciones\/"},"img":{"alt_text":"","src":"https:\/\/i0.wp.com\/cepronda.com\/blog\/wp-content\/uploads\/2024\/01\/Poster-Contratacion-de-la-Universidad-Foto-en-Escala-de-Grises-y-Azul.png?fit=848%2C1200&ssl=1&resize=350%2C200","width":350,"height":200,"srcset":"https:\/\/i0.wp.com\/cepronda.com\/blog\/wp-content\/uploads\/2024\/01\/Poster-Contratacion-de-la-Universidad-Foto-en-Escala-de-Grises-y-Azul.png?fit=848%2C1200&ssl=1&resize=350%2C200 1x, https:\/\/i0.wp.com\/cepronda.com\/blog\/wp-content\/uploads\/2024\/01\/Poster-Contratacion-de-la-Universidad-Foto-en-Escala-de-Grises-y-Azul.png?fit=848%2C1200&ssl=1&resize=525%2C300 1.5x, https:\/\/i0.wp.com\/cepronda.com\/blog\/wp-content\/uploads\/2024\/01\/Poster-Contratacion-de-la-Universidad-Foto-en-Escala-de-Grises-y-Azul.png?fit=848%2C1200&ssl=1&resize=700%2C400 2x"},"classes":[]},{"id":5940,"url":"https:\/\/cepronda.com\/blog\/vii-jornadas-de-divulgacion-cientifica-diego-perez-de-mesa-la-ciencia-no-entiende-de-genero\/","url_meta":{"origin":822,"position":1},"title":"VII JORNADAS DE DIVULGACI\u00d3N CIENT\u00cdFICA \u00bbDIEGO P\u00c9REZ DE MESA\u00bb. LA CIENCIA NO ENTIENDE DE G\u00c9NERO","author":"Mamen Moreno","date":"18 abril, 2023","format":false,"excerpt":"Volvemos a retomar para el mes de mayo con las VII Jornadas de Divulgaci\u00f3n Cient\u00edfica Diego P\u00e9rez de Mesa. En esta ocasi\u00f3n relacionadas con la Ciencia no entiende g\u00e9nero. El contenido de estas jornadas comprende tres sesiones con una serie de conferencias relacionadas con la divulgaci\u00f3n cient\u00edfica: Jueves 4 de\u2026","rel":"","context":"En \u00abFormaciones\u00bb","block_context":{"text":"Formaciones","link":"https:\/\/cepronda.com\/blog\/category\/formaciones\/"},"img":{"alt_text":"","src":"https:\/\/i0.wp.com\/cepronda.com\/blog\/wp-content\/uploads\/2023\/04\/CARTEL-JORNADAS-DE-DIVULGACION-CIENTIFICA.jpg?fit=848%2C1200&ssl=1&resize=350%2C200","width":350,"height":200,"srcset":"https:\/\/i0.wp.com\/cepronda.com\/blog\/wp-content\/uploads\/2023\/04\/CARTEL-JORNADAS-DE-DIVULGACION-CIENTIFICA.jpg?fit=848%2C1200&ssl=1&resize=350%2C200 1x, https:\/\/i0.wp.com\/cepronda.com\/blog\/wp-content\/uploads\/2023\/04\/CARTEL-JORNADAS-DE-DIVULGACION-CIENTIFICA.jpg?fit=848%2C1200&ssl=1&resize=525%2C300 1.5x, https:\/\/i0.wp.com\/cepronda.com\/blog\/wp-content\/uploads\/2023\/04\/CARTEL-JORNADAS-DE-DIVULGACION-CIENTIFICA.jpg?fit=848%2C1200&ssl=1&resize=700%2C400 2x"},"classes":[]},{"id":2769,"url":"https:\/\/cepronda.com\/blog\/vi-jornadas-de-divulgacion-cientifica-diego-perez-de-mesa-50-aniversario-de-la-llegada-del-ser-humano-a-la-luna\/","url_meta":{"origin":822,"position":2},"title":"VI JORNADAS DE DIVULGACI\u00d3N CIENT\u00cdFICA \u00bbDIEGO P\u00c9REZ DE MESA\u00bb: 50 ANIVERSARIO DE LA LLEGADA DEL SER HUMANO A LA LUNA.","author":"V\u00edctor Caballero","date":"29 abril, 2019","format":false,"excerpt":"Como ya va siendo habitual, junto con la llegada del calor y el buen tiempo aparecen en escena las VI Jornada de divulgaci\u00f3n cient\u00edfica Diego P\u00e9rez de Mesa. En esta ocasi\u00f3n est\u00e1n muy relacionadas con el aniversario de la llegada del ser humano a la Luna. El contenido de estas\u2026","rel":"","context":"En \u00abFormaciones\u00bb","block_context":{"text":"Formaciones","link":"https:\/\/cepronda.com\/blog\/category\/formaciones\/"},"img":{"alt_text":"","src":"https:\/\/i0.wp.com\/cepronda.com\/blog\/wp-content\/uploads\/2019\/04\/50-a%C3%B1os-luna-Humano-logos-1.jpg?fit=841%2C1200&ssl=1&resize=350%2C200","width":350,"height":200,"srcset":"https:\/\/i0.wp.com\/cepronda.com\/blog\/wp-content\/uploads\/2019\/04\/50-a%C3%B1os-luna-Humano-logos-1.jpg?fit=841%2C1200&ssl=1&resize=350%2C200 1x, https:\/\/i0.wp.com\/cepronda.com\/blog\/wp-content\/uploads\/2019\/04\/50-a%C3%B1os-luna-Humano-logos-1.jpg?fit=841%2C1200&ssl=1&resize=525%2C300 1.5x, https:\/\/i0.wp.com\/cepronda.com\/blog\/wp-content\/uploads\/2019\/04\/50-a%C3%B1os-luna-Humano-logos-1.jpg?fit=841%2C1200&ssl=1&resize=700%2C400 2x"},"classes":[]},{"id":1688,"url":"https:\/\/cepronda.com\/blog\/v-jornadas-de-divulgacion-cientifica-diego-perez-de-mesa\/","url_meta":{"origin":822,"position":3},"title":"V Jornadas de divulgaci\u00f3n cient\u00edfica \u00abDiego P\u00e9rez de Mesa\u00bb","author":"V\u00edctor Caballero","date":"13 abril, 2018","format":false,"excerpt":"Muy buenas, Como se viene haciendo en los \u00faltimos a\u00f1os desde el CEP de Ronda, en colaboraci\u00f3n con la Asociaci\u00f3n Astron\u00f3mica Abb\u00e1s Ibn Firn\u00e1s, se han preparado las V Jornadas de Divulgaci\u00f3n Cient\u00edfica \"Diego P\u00e9rez de Mesa\". Este a\u00f1o se ha cambiado un poco el formato de las mismas, y\u2026","rel":"","context":"En \u00abNoticias\u00bb","block_context":{"text":"Noticias","link":"https:\/\/cepronda.com\/blog\/category\/noticias\/"},"img":{"alt_text":"","src":"https:\/\/i0.wp.com\/cepronda.com\/blog\/wp-content\/uploads\/2018\/04\/jornadas_ciencias.png?fit=1200%2C347&ssl=1&resize=350%2C200","width":350,"height":200,"srcset":"https:\/\/i0.wp.com\/cepronda.com\/blog\/wp-content\/uploads\/2018\/04\/jornadas_ciencias.png?fit=1200%2C347&ssl=1&resize=350%2C200 1x, https:\/\/i0.wp.com\/cepronda.com\/blog\/wp-content\/uploads\/2018\/04\/jornadas_ciencias.png?fit=1200%2C347&ssl=1&resize=525%2C300 1.5x, https:\/\/i0.wp.com\/cepronda.com\/blog\/wp-content\/uploads\/2018\/04\/jornadas_ciencias.png?fit=1200%2C347&ssl=1&resize=700%2C400 2x, https:\/\/i0.wp.com\/cepronda.com\/blog\/wp-content\/uploads\/2018\/04\/jornadas_ciencias.png?fit=1200%2C347&ssl=1&resize=1050%2C600 3x"},"classes":[]},{"id":2519,"url":"https:\/\/cepronda.com\/blog\/jornadas-provinciales-para-directores-y-directoras\/","url_meta":{"origin":822,"position":4},"title":"Jornadas provinciales para Directores y Directoras","author":"V\u00edctor Caballero","date":"5 diciembre, 2018","format":false,"excerpt":"Muy buenas de nuevo, Para el pr\u00f3ximo 7 de febrero estamos preparando las jornadas provinciales \"Objetivo: liderazgo pedag\u00f3gico\" a desarrollar en M\u00e1laga. Para todas aquellas personas interesadas seguid este enlace y podr\u00e9is acceder a la informaci\u00f3n y a inscribiros en las mismas.\u00a0","rel":"","context":"En \u00abFormaciones\u00bb","block_context":{"text":"Formaciones","link":"https:\/\/cepronda.com\/blog\/category\/formaciones\/"},"img":{"alt_text":"","src":"https:\/\/i0.wp.com\/cepronda.com\/blog\/wp-content\/uploads\/2018\/12\/IMG_20181205_170242_704.jpg?fit=848%2C1200&ssl=1&resize=350%2C200","width":350,"height":200,"srcset":"https:\/\/i0.wp.com\/cepronda.com\/blog\/wp-content\/uploads\/2018\/12\/IMG_20181205_170242_704.jpg?fit=848%2C1200&ssl=1&resize=350%2C200 1x, https:\/\/i0.wp.com\/cepronda.com\/blog\/wp-content\/uploads\/2018\/12\/IMG_20181205_170242_704.jpg?fit=848%2C1200&ssl=1&resize=525%2C300 1.5x, https:\/\/i0.wp.com\/cepronda.com\/blog\/wp-content\/uploads\/2018\/12\/IMG_20181205_170242_704.jpg?fit=848%2C1200&ssl=1&resize=700%2C400 2x"},"classes":[]},{"id":3228,"url":"https:\/\/cepronda.com\/blog\/jornadas-de-buenas-practicas-sobre-gamificacion\/","url_meta":{"origin":822,"position":5},"title":"JORNADAS DE BUENAS PR\u00c1CTICAS SOBRE GAMIFICACI\u00d3N","author":"V\u00edctor Caballero","date":"5 diciembre, 2019","format":false,"excerpt":"Muy buenas, antes de irnos de puente (merecid\u00edsimo) compartimos con todas y todos vosotros estas jornadas provinciales a celebrar en Antequera, y que creemos puede resultar de vuestro inter\u00e9s. El dise\u00f1o de las mismas estar\u00e1 centrado en dicha visualizaci\u00f3n e incorporar\u00e1 pautas para: - Gamificar en E. Infantil (de forma\u2026","rel":"","context":"En \u00abFormaciones\u00bb","block_context":{"text":"Formaciones","link":"https:\/\/cepronda.com\/blog\/category\/formaciones\/"},"img":{"alt_text":"","src":"https:\/\/i0.wp.com\/cepronda.com\/blog\/wp-content\/uploads\/2019\/12\/Gamificaci%C3%B3n-Antequera.jpeg?fit=848%2C1200&ssl=1&resize=350%2C200","width":350,"height":200,"srcset":"https:\/\/i0.wp.com\/cepronda.com\/blog\/wp-content\/uploads\/2019\/12\/Gamificaci%C3%B3n-Antequera.jpeg?fit=848%2C1200&ssl=1&resize=350%2C200 1x, https:\/\/i0.wp.com\/cepronda.com\/blog\/wp-content\/uploads\/2019\/12\/Gamificaci%C3%B3n-Antequera.jpeg?fit=848%2C1200&ssl=1&resize=525%2C300 1.5x, https:\/\/i0.wp.com\/cepronda.com\/blog\/wp-content\/uploads\/2019\/12\/Gamificaci%C3%B3n-Antequera.jpeg?fit=848%2C1200&ssl=1&resize=700%2C400 2x"},"classes":[]}],"jetpack_sharing_enabled":true,"_links":{"self":[{"href":"https:\/\/cepronda.com\/blog\/wp-json\/wp\/v2\/posts\/822","targetHints":{"allow":["GET"]}}],"collection":[{"href":"https:\/\/cepronda.com\/blog\/wp-json\/wp\/v2\/posts"}],"about":[{"href":"https:\/\/cepronda.com\/blog\/wp-json\/wp\/v2\/types\/post"}],"author":[{"embeddable":true,"href":"https:\/\/cepronda.com\/blog\/wp-json\/wp\/v2\/users\/3"}],"replies":[{"embeddable":true,"href":"https:\/\/cepronda.com\/blog\/wp-json\/wp\/v2\/comments?post=822"}],"version-history":[{"count":1,"href":"https:\/\/cepronda.com\/blog\/wp-json\/wp\/v2\/posts\/822\/revisions"}],"predecessor-version":[{"id":994,"href":"https:\/\/cepronda.com\/blog\/wp-json\/wp\/v2\/posts\/822\/revisions\/994"}],"wp:featuredmedia":[{"embeddable":true,"href":"https:\/\/cepronda.com\/blog\/wp-json\/wp\/v2\/media\/860"}],"wp:attachment":[{"href":"https:\/\/cepronda.com\/blog\/wp-json\/wp\/v2\/media?parent=822"}],"wp:term":[{"taxonomy":"category","embeddable":true,"href":"https:\/\/cepronda.com\/blog\/wp-json\/wp\/v2\/categories?post=822"},{"taxonomy":"post_tag","embeddable":true,"href":"https:\/\/cepronda.com\/blog\/wp-json\/wp\/v2\/tags?post=822"}],"curies":[{"name":"wp","href":"https:\/\/api.w.org\/{rel}","templated":true}]}}