{"id":818,"date":"2017-05-11T12:20:15","date_gmt":"2017-05-11T10:20:15","guid":{"rendered":"http:\/\/cepronda.com\/blog\/?p=818"},"modified":"2017-05-25T11:34:14","modified_gmt":"2017-05-25T11:34:14","slug":"2a-edicion-cursos-de-formacion-en-red-del-profesorado-2017-del-intef","status":"publish","type":"post","link":"https:\/\/cepronda.com\/blog\/2a-edicion-cursos-de-formacion-en-red-del-profesorado-2017-del-intef\/","title":{"rendered":"2\u00aa Edici\u00f3n Cursos de Formaci\u00f3n en Red del Profesorado 2017 del INTEF"},"content":{"rendered":"<p>\u00a1Hola a todo el mundo!<\/p>\n<p>Escribimos esta entrada para contaros que el pasado martes se abri\u00f3 el plazo de inscripci\u00f3n de los cursos de formaci\u00f3n del INTEF. Se trata de una serie de cursos on-line y la oferta es bastante amplia.<\/p>\n<p>El pasado\u00a0<strong>martes, 9 de mayo de 2017,<\/strong> se abrir\u00e1 la <strong><a href=\"http:\/\/www.mecd.gob.es\/mecd\/servicios-al-ciudadano-mecd\/catalogo\/general\/educacion\/201533\/ficha\/201533-2017-2\" target=\"_blank\" rel=\"noopener noreferrer\">inscripci\u00f3n para la segunda\u00a0edici\u00f3n<\/a> <\/strong>de los <strong><a href=\"http:\/\/www.pap.minhap.gob.es\/bdnstrans\/GE\/es\/convocatoria\/524153\/document\/42706\" target=\"_blank\" rel=\"noopener noreferrer\">cursos de formaci\u00f3n en red para la formaci\u00f3n permanente del profesorado que ejerce en niveles anteriores al universitario y de actualizaci\u00f3n de competencias directivas a\u00f1o 2017<\/a><\/strong>.\u00a0El per\u00edodo de inscripci\u00f3n finalizar\u00e1 el martes 23 de mayo de 2017.<\/p>\n<p>En esta segunda edici\u00f3n de los cursos de formaci\u00f3n en red 2017 se ofertan los siguientes cursos:<\/p>\n<ul>\n<li><strong><a href=\"http:\/\/www.mecd.gob.es\/mecd\/dms\/mecd\/servicios-al-ciudadano-mecd\/catalogo\/general\/educacion\/201533\/ficha\/201533-2017-2\/1_Ficha_INTEF_Actualizacion_competencias_directivas.pdf\" target=\"_blank\" rel=\"noopener noreferrer\">Actualizaci\u00f3n de las competencias directivas\u00a0<\/a><\/strong><\/li>\n<li><strong><a href=\"http:\/\/www.mecd.gob.es\/mecd\/dms\/mecd\/servicios-al-ciudadano-mecd\/catalogo\/general\/educacion\/201533\/ficha\/201533-2017-2\/2_Ficha_INTEF_ABPInf.pdf\" target=\"_blank\" rel=\"noopener noreferrer\">ABP. Aprendizaje basado en proyectos (Infantil y primaria)<\/a><\/strong><\/li>\n<li><strong><a href=\"http:\/\/www.mecd.gob.es\/mecd\/dms\/mecd\/servicios-al-ciudadano-mecd\/catalogo\/general\/educacion\/201533\/ficha\/201533-2017-2\/3_Ficha_INTEF_ABPSec.pdf\" target=\"_blank\" rel=\"noopener noreferrer\">ABP. Aprendizaje Basado en proyectos (Secundaria y Bachillerato)<\/a><\/strong><\/li>\n<li><strong><a href=\"http:\/\/www.mecd.gob.es\/mecd\/dms\/mecd\/servicios-al-ciudadano-mecd\/catalogo\/general\/educacion\/201533\/ficha\/201533-2017-2\/4_Ficha_INTEF_Alfabetizaciones_multiples_FRED61.pdf\" target=\"_blank\" rel=\"noopener noreferrer\">Alfabetizaciones m\u00faltiples<\/a><\/strong><\/li>\n<li><strong><a href=\"http:\/\/www.mecd.gob.es\/mecd\/dms\/mecd\/servicios-al-ciudadano-mecd\/catalogo\/general\/educacion\/201533\/ficha\/201533-2017-2\/5_Ficha_INTEF_Aprendizaje_Personalizado_Entornos_Digitales.pdf\" target=\"_blank\" rel=\"noopener noreferrer\">Aprendizaje personalizado en entornos digitales<\/a><\/strong><\/li>\n<li><strong><a href=\"http:\/\/www.mecd.gob.es\/mecd\/dms\/mecd\/servicios-al-ciudadano-mecd\/catalogo\/general\/educacion\/201533\/ficha\/201533-2017-2\/6_Ficha_INTEF_Bibliotecas_escolares_Abies_Web.pdf\" target=\"_blank\" rel=\"noopener noreferrer\">Bibliotecas escolares y uso de AbiesWeb<\/a><\/strong><\/li>\n<li><strong><a href=\"http:\/\/www.mecd.gob.es\/mecd\/dms\/mecd\/servicios-al-ciudadano-mecd\/catalogo\/general\/educacion\/201533\/ficha\/201533-2017-2\/7_Ficha_INTEF_CNIIE_Convivencia.pdf\" target=\"_blank\" rel=\"noopener noreferrer\">Convivencia escolar: Prevenci\u00f3n e intervenci\u00f3n<\/a><\/strong><\/li>\n<li><strong><a href=\"http:\/\/www.mecd.gob.es\/mecd\/dms\/mecd\/servicios-al-ciudadano-mecd\/catalogo\/general\/educacion\/201533\/ficha\/201533-2017-2\/8_Ficha_INTEF_REA.pdf\" target=\"_blank\" rel=\"noopener noreferrer\">Creaci\u00f3n de Recursos Educativos Abiertos para la Ense\u00f1anza<\/a><\/strong><\/li>\n<li><strong><a href=\"http:\/\/www.mecd.gob.es\/mecd\/dms\/mecd\/servicios-al-ciudadano-mecd\/catalogo\/general\/educacion\/201533\/ficha\/201533-2017-2\/9_FICHA_INTEF_Flipped.pdf\" target=\"_blank\" rel=\"noopener noreferrer\">Dale la vuelta a tu clase (Flipped Classroom)<\/a><\/strong><\/li>\n<li><strong><a href=\"http:\/\/www.mecd.gob.es\/mecd\/dms\/mecd\/servicios-al-ciudadano-mecd\/catalogo\/general\/educacion\/201533\/ficha\/201533-2017-2\/10_Ficha_INTEF_Portafolio_Educativo.pdf\" target=\"_blank\" rel=\"noopener noreferrer\">El Portafolio educativo como instrumento de aprendizaje y evaluaci\u00f3n<\/a><\/strong><\/li>\n<li><strong><a href=\"http:\/\/www.mecd.gob.es\/mecd\/dms\/mecd\/servicios-al-ciudadano-mecd\/catalogo\/general\/educacion\/201533\/ficha\/201533-2017-2\/11_Ficha_INTEF_El_Tutor_en_red_2017.pdf\" target=\"_blank\" rel=\"noopener noreferrer\">El tutor en red<\/a><\/strong><\/li>\n<li><strong><a href=\"http:\/\/www.mecd.gob.es\/mecd\/dms\/mecd\/servicios-al-ciudadano-mecd\/catalogo\/general\/educacion\/201533\/ficha\/201533-2017-2\/13_Ficha_INTEF_Mobile-Learning-y-Realidad-Aumentada\/13_Ficha_INTEF_Mobile%20Learning%20y%20Realidad%20Aumentada.pdf\" target=\"_blank\" rel=\"noopener noreferrer\"><em>Mobile Learning<\/em> y realidad aumentada<\/a><\/strong><\/li>\n<li><strong><a href=\"http:\/\/www.mecd.gob.es\/mecd\/dms\/mecd\/servicios-al-ciudadano-mecd\/catalogo\/general\/educacion\/201533\/ficha\/201533-2017-2\/14_FICHA_INTEF_NARRATIVA_DIGITAL.pdf\" target=\"_blank\" rel=\"noopener noreferrer\">Narrativa digital en el aula<\/a><\/strong><\/li>\n<li><strong><a href=\"http:\/\/www.mecd.gob.es\/mecd\/dms\/mecd\/servicios-al-ciudadano-mecd\/catalogo\/general\/educacion\/201533\/ficha\/201533-2017-2\/15_Ficha_INTEF_Neuropsicologia.pdf\" target=\"_blank\" rel=\"noopener noreferrer\">Neuropsicolog\u00eda y dificultades de aprendizaje<\/a><\/strong><\/li>\n<li><strong><a href=\"http:\/\/www.mecd.gob.es\/mecd\/dms\/mecd\/servicios-al-ciudadano-mecd\/catalogo\/general\/educacion\/201533\/ficha\/201533-2017-2\/16_FICHA_INTEF_eTwinning.pdf\" target=\"_blank\" rel=\"noopener noreferrer\">Proyecta eTwinning<\/a><\/strong><\/li>\n<li><strong><a href=\"http:\/\/www.mecd.gob.es\/mecd\/dms\/mecd\/servicios-al-ciudadano-mecd\/catalogo\/general\/educacion\/201533\/ficha\/201533-2017-2\/17_Ficha_INTEF_Sentido_Iniciativa_Emprendimiento_Aula.pdf\" target=\"_blank\" rel=\"noopener noreferrer\">Sentido de la iniciativa y emprendimiento en el aula<\/a><\/strong><\/li>\n<\/ul>\n<p>En esta edici\u00f3n 2 de 2017 queremos subrayar la incorporaci\u00f3n al cat\u00e1logo de siete nuevos cursos tutorizados. Concretamente se trata de los siguientes:\u00a0<strong><a href=\"http:\/\/www.mecd.gob.es\/mecd\/dms\/mecd\/servicios-al-ciudadano-mecd\/catalogo\/general\/educacion\/201533\/ficha\/201533-2017-2\/6_Ficha_INTEF_Bibliotecas_escolares_Abies_Web.pdf\" target=\"_blank\" rel=\"noopener noreferrer\">Bibliotecas escolares y uso de AbiesWeb<\/a><\/strong>,<strong>\u00a0<\/strong><strong><a href=\"http:\/\/www.mecd.gob.es\/mecd\/dms\/mecd\/servicios-al-ciudadano-mecd\/catalogo\/general\/educacion\/201533\/ficha\/201533-2017-2\/14_FICHA_INTEF_NARRATIVA_DIGITAL.pdf\" target=\"_blank\" rel=\"noopener noreferrer\">Narrativa digital en el aula<\/a><\/strong>, <strong><a href=\"http:\/\/www.mecd.gob.es\/mecd\/dms\/mecd\/servicios-al-ciudadano-mecd\/catalogo\/general\/educacion\/201533\/ficha\/201533-2017-2\/15_Ficha_INTEF_Neuropsicologia.pdf\" target=\"_blank\" rel=\"noopener noreferrer\">Neuropsicolog\u00eda y dificultades de aprendizaje<\/a><\/strong>, <strong><a href=\"http:\/\/www.mecd.gob.es\/mecd\/dms\/mecd\/servicios-al-ciudadano-mecd\/catalogo\/general\/educacion\/201533\/ficha\/201533-2017-2\/17_Ficha_INTEF_Sentido_Iniciativa_Emprendimiento_Aula.pdf\" target=\"_blank\" rel=\"noopener noreferrer\">Sentido de la iniciativa y el emprendimiento en el aula<\/a><\/strong>, <strong><a href=\"http:\/\/www.mecd.gob.es\/mecd\/dms\/mecd\/servicios-al-ciudadano-mecd\/catalogo\/general\/educacion\/201533\/ficha\/201533-2017-2\/5_Ficha_INTEF_Aprendizaje_Personalizado_Entornos_Digitales.pdf\" target=\"_blank\" rel=\"noopener noreferrer\">Aprendizaje personalizado en entornos digitales<\/a><\/strong>, <strong><a href=\"http:\/\/www.mecd.gob.es\/mecd\/dms\/mecd\/servicios-al-ciudadano-mecd\/catalogo\/general\/educacion\/201533\/ficha\/201533-2017-2\/1_Ficha_INTEF_Actualizacion_competencias_directivas.pdf\" target=\"_blank\" rel=\"noopener noreferrer\">Actualizaci\u00f3n de las competencias directivas<\/a><\/strong> y <strong><a href=\"http:\/\/www.mecd.gob.es\/mecd\/dms\/mecd\/servicios-al-ciudadano-mecd\/catalogo\/general\/educacion\/201533\/ficha\/201533-2017-2\/11_Ficha_INTEF_El_Tutor_en_red_2017.pdf\" target=\"_blank\" rel=\"noopener noreferrer\">El tutor en red<\/a><\/strong>.<\/p>\n<p>En las fichas de cada uno de estos cursos se incluye m\u00e1s informaci\u00f3n sobre el contenido de los mismos. Todos ellos comparten la misma metodolog\u00eda con un marcado componente social y colaborativo, com\u00fan a toda\u00a0la oferta del <a href=\"http:\/\/aprende.educalab.es\/\" target=\"_blank\" rel=\"noopener noreferrer\"><strong>\u00c1rea de Formaci\u00f3n en Red, Experimentaci\u00f3n y Redes Sociales<\/strong><\/a> del <a href=\"http:\/\/educalab.es\/intef\" target=\"_blank\" rel=\"noopener noreferrer\"><strong>INTEF<\/strong><\/a>.<\/p>\n<p><a href=\"http:\/\/blog.educalab.es\/intef\/2017\/05\/05\/2a-edicion-cursos-de-formacion-en-red-del-profesorado-2017\/\"><img data-recalc-dims=\"1\" loading=\"lazy\" decoding=\"async\" class=\"aligncenter wp-image-819 size-full\" src=\"https:\/\/i0.wp.com\/cepronda.com\/blog\/wp-content\/uploads\/2017\/05\/intef.png?resize=272%2C185\" alt=\"\" width=\"272\" height=\"185\" \/><\/a><\/p>\n","protected":false},"excerpt":{"rendered":"<p>\u00a1Hola a todo el mundo! Escribimos esta entrada para contaros que el pasado martes se abri\u00f3 el plazo de inscripci\u00f3n de los cursos de formaci\u00f3n del INTEF. Se trata de una serie de cursos on-line y la oferta es bastante amplia. El pasado\u00a0martes, 9 de mayo de 2017, se abrir\u00e1 la inscripci\u00f3n para la segunda\u00a0edici\u00f3n [&hellip;]<\/p>\n","protected":false},"author":3,"featured_media":847,"comment_status":"open","ping_status":"open","sticky":false,"template":"","format":"standard","meta":{"_crdt_document":"","advanced_seo_description":"","jetpack_seo_html_title":"","jetpack_seo_noindex":false,"jetpack_post_was_ever_published":false,"_jetpack_newsletter_access":"","_jetpack_dont_email_post_to_subs":false,"_jetpack_newsletter_tier_id":0,"_jetpack_memberships_contains_paywalled_content":false,"_jetpack_memberships_contains_paid_content":false,"footnotes":"","jetpack_publicize_message":"","jetpack_publicize_feature_enabled":true,"jetpack_social_post_already_shared":false,"jetpack_social_options":{"image_generator_settings":{"template":"highway","default_image_id":0,"font":"","enabled":false},"version":2}},"categories":[5],"tags":[29,40],"class_list":{"0":"post-818","1":"post","2":"type-post","3":"status-publish","4":"format-standard","5":"has-post-thumbnail","7":"category-noticias","8":"tag-formacion-on-line","9":"tag-intef","10":"czr-hentry"},"jetpack_publicize_connections":[],"jetpack_featured_media_url":"https:\/\/i0.wp.com\/cepronda.com\/blog\/wp-content\/uploads\/2017\/05\/intef.png?fit=272%2C185&ssl=1","jetpack_shortlink":"https:\/\/wp.me\/p8M4X7-dc","jetpack-related-posts":[{"id":3596,"url":"https:\/\/cepronda.com\/blog\/apertura-del-plazo-de-inscripcion-para-la-2a-edicion-de-cursos-de-formacion-en-linea-del-profesorado-2020\/","url_meta":{"origin":818,"position":0},"title":"Apertura del plazo de inscripci\u00f3n para la 2\u00aa edici\u00f3n de cursos de formaci\u00f3n en l\u00ednea del Profesorado 2020","author":"V\u00edctor Caballero","date":"1 junio, 2020","format":false,"excerpt":"Muy buenas familia, Comenzamos la semana compartiendo que a partir de hoy se abre el plazo de inscripci\u00f3n para la 2\u00aa edici\u00f3n de los cursos de formaci\u00f3n en l\u00ednea del profesorado del INTEF. Cursos que se realizar\u00edan entre septiembre y noviembre. Como siempre son muy interesantes y pueden resultarnos muy\u2026","rel":"","context":"En \u00abFormaciones\u00bb","block_context":{"text":"Formaciones","link":"https:\/\/cepronda.com\/blog\/category\/formaciones\/"},"img":{"alt_text":"","src":"https:\/\/i0.wp.com\/cepronda.com\/blog\/wp-content\/uploads\/2020\/06\/INTEF.png?fit=803%2C306&ssl=1&resize=350%2C200","width":350,"height":200,"srcset":"https:\/\/i0.wp.com\/cepronda.com\/blog\/wp-content\/uploads\/2020\/06\/INTEF.png?fit=803%2C306&ssl=1&resize=350%2C200 1x, https:\/\/i0.wp.com\/cepronda.com\/blog\/wp-content\/uploads\/2020\/06\/INTEF.png?fit=803%2C306&ssl=1&resize=525%2C300 1.5x, https:\/\/i0.wp.com\/cepronda.com\/blog\/wp-content\/uploads\/2020\/06\/INTEF.png?fit=803%2C306&ssl=1&resize=700%2C400 2x"},"classes":[]},{"id":1888,"url":"https:\/\/cepronda.com\/blog\/2a-convocatoria-de-2018-del-intef\/","url_meta":{"origin":818,"position":1},"title":"2\u00aa convocatoria de 2018 del INTEF","author":"V\u00edctor Caballero","date":"22 mayo, 2018","format":false,"excerpt":"Muy buenas,\u00a0 Queremos compartir la 2\u00aa convocatoria de este a\u00f1o 2018 del INTEF. Se trata de una convocatoria de plazas en concurrencia competitiva para la realizaci\u00f3n de cursos de formaci\u00f3n en Red para la formaci\u00f3n permanente del profesorado que ejerce en niveles anteriores al universitario, en centros sostenidos con fondos\u2026","rel":"","context":"En \u00abNoticias\u00bb","block_context":{"text":"Noticias","link":"https:\/\/cepronda.com\/blog\/category\/noticias\/"},"img":{"alt_text":"","src":"","width":0,"height":0},"classes":[]},{"id":2594,"url":"https:\/\/cepronda.com\/blog\/1a-edicion-de-la-convocatoria-de-2019-de-cursos-en-red-del-intef-para-el-profesorado-de-los-centros-educativos\/","url_meta":{"origin":818,"position":2},"title":"1\u00aa edici\u00f3n de la convocatoria de 2019 de cursos en red del INTEF para el profesorado de los centros educativos.","author":"V\u00edctor Caballero","date":"17 enero, 2019","format":false,"excerpt":"C\u00f3mo sab\u00e9is una de las modalidades formativas m\u00e1s interesantes es la formaci\u00f3n on-line. En este sentido, adem\u00e1s del Aula Virtual de Formaci\u00f3n del Profesorado de la Junta de Andaluc\u00eda, tenemos la opci\u00f3n de inscribirnos en los cursos ofertados por el INTEF. El plazo de inscripci\u00f3n finalizar\u00e1 el 28 de enero.\u2026","rel":"","context":"En \u00abFormaciones\u00bb","block_context":{"text":"Formaciones","link":"https:\/\/cepronda.com\/blog\/category\/formaciones\/"},"img":{"alt_text":"","src":"","width":0,"height":0},"classes":[]},{"id":1389,"url":"https:\/\/cepronda.com\/blog\/oferta-formativa-aprendeintef\/","url_meta":{"origin":818,"position":3},"title":"Oferta formativa AprendeINTEF","author":"V\u00edctor Caballero","date":"2 noviembre, 2017","format":false,"excerpt":"Adem\u00e1s de nuestros cursos de formaci\u00f3n presenciales y en l\u00ednea, como profesorado tenemos multitud de opciones de formarnos on-line. Una de las opciones es a trav\u00e9s de los cursos que nos oferta el INTEF a trav\u00e9s de su plataforma Educalab.\u00a0 Os dejamos con el enlace a la web donde podr\u00e9is\u2026","rel":"","context":"En \u00abNoticias\u00bb","block_context":{"text":"Noticias","link":"https:\/\/cepronda.com\/blog\/category\/noticias\/"},"img":{"alt_text":"","src":"https:\/\/i0.wp.com\/cepronda.com\/blog\/wp-content\/uploads\/2016\/09\/intef.png?resize=350%2C200","width":350,"height":200},"classes":[]},{"id":3303,"url":"https:\/\/cepronda.com\/blog\/cursos-tutorizados-en-linea-del-intef-1a-edicion-2020\/","url_meta":{"origin":818,"position":4},"title":"Cursos tutorizados en l\u00ednea del INTEF, 1\u00aa edici\u00f3n 2020","author":"V\u00edctor Caballero","date":"9 enero, 2020","format":false,"excerpt":"Muy buenas de nuevo familia, Sabemos que muchas y muchos de vosotros hac\u00e9is de forma habitual formaciones on-line, siendo una muy buena opci\u00f3n los cursos organizados por el INTEF. Os dejamos con el enlace a la informaci\u00f3n. El Ministerio de Educaci\u00f3n y Formaci\u00f3n Profesional, a trav\u00e9s del INTEF, convoca 7.550\u2026","rel":"","context":"En \u00abFormaciones\u00bb","block_context":{"text":"Formaciones","link":"https:\/\/cepronda.com\/blog\/category\/formaciones\/"},"img":{"alt_text":"","src":"https:\/\/i0.wp.com\/cepronda.com\/blog\/wp-content\/uploads\/2016\/09\/intef.png?resize=350%2C200","width":350,"height":200},"classes":[]},{"id":2851,"url":"https:\/\/cepronda.com\/blog\/cursos-de-formacion-en-red-del-profesorado\/","url_meta":{"origin":818,"position":5},"title":"Cursos de Formaci\u00f3n en Red del Profesorado","author":"V\u00edctor Caballero","date":"20 mayo, 2019","format":false,"excerpt":"\u00a1Hola de nuevo! Queremos comentaros que el INTEF ha abierto la 2\u00aa convocatoria de sus cursos de formaci\u00f3n on-line. Estas actividades formativas se caracterizan por tener una estructura modular con contenidos y actividades planteados de forma gradual y cuentan con apoyo experto y atenci\u00f3n personalizada de un equipo de tutor\u00eda.\u2026","rel":"","context":"En \u00abNoticias\u00bb","block_context":{"text":"Noticias","link":"https:\/\/cepronda.com\/blog\/category\/noticias\/"},"img":{"alt_text":"","src":"https:\/\/i0.wp.com\/cepronda.com\/blog\/wp-content\/uploads\/2016\/09\/intef.png?resize=350%2C200","width":350,"height":200},"classes":[]}],"jetpack_sharing_enabled":true,"_links":{"self":[{"href":"https:\/\/cepronda.com\/blog\/wp-json\/wp\/v2\/posts\/818","targetHints":{"allow":["GET"]}}],"collection":[{"href":"https:\/\/cepronda.com\/blog\/wp-json\/wp\/v2\/posts"}],"about":[{"href":"https:\/\/cepronda.com\/blog\/wp-json\/wp\/v2\/types\/post"}],"author":[{"embeddable":true,"href":"https:\/\/cepronda.com\/blog\/wp-json\/wp\/v2\/users\/3"}],"replies":[{"embeddable":true,"href":"https:\/\/cepronda.com\/blog\/wp-json\/wp\/v2\/comments?post=818"}],"version-history":[{"count":1,"href":"https:\/\/cepronda.com\/blog\/wp-json\/wp\/v2\/posts\/818\/revisions"}],"predecessor-version":[{"id":995,"href":"https:\/\/cepronda.com\/blog\/wp-json\/wp\/v2\/posts\/818\/revisions\/995"}],"wp:featuredmedia":[{"embeddable":true,"href":"https:\/\/cepronda.com\/blog\/wp-json\/wp\/v2\/media\/847"}],"wp:attachment":[{"href":"https:\/\/cepronda.com\/blog\/wp-json\/wp\/v2\/media?parent=818"}],"wp:term":[{"taxonomy":"category","embeddable":true,"href":"https:\/\/cepronda.com\/blog\/wp-json\/wp\/v2\/categories?post=818"},{"taxonomy":"post_tag","embeddable":true,"href":"https:\/\/cepronda.com\/blog\/wp-json\/wp\/v2\/tags?post=818"}],"curies":[{"name":"wp","href":"https:\/\/api.w.org\/{rel}","templated":true}]}}