{"id":8172,"date":"2025-02-19T11:39:30","date_gmt":"2025-02-19T10:39:30","guid":{"rendered":"https:\/\/cepronda.com\/blog\/?p=8172"},"modified":"2025-03-13T17:08:33","modified_gmt":"2025-03-13T16:08:33","slug":"curso-provincial-bienestar-emocional-y-autocuidado-del-personal-docente-codigo-259925ci478","status":"publish","type":"post","link":"https:\/\/cepronda.com\/blog\/curso-provincial-bienestar-emocional-y-autocuidado-del-personal-docente-codigo-259925ci478\/","title":{"rendered":"BIENESTAR EMOCIONAL Y AUTOCUIDADO DEL PERSONAL DOCENTE."},"content":{"rendered":"<div>Se encuentra abierto el plazo de inscripci\u00f3n del curso provincial:\u00a0 <strong>\u00abBIENESTAR EMOCIONAL Y AUTOCUIDADO DEL PERSONAL DOCENTE.\u00bb\u00a0<\/strong>\u00a0C\u00f3digo:\u00a0259925CI478<\/div>\n<div><\/div>\n<div>Curso\u00a0a distancia, de 30 horas de duraci\u00f3n, en el Aula Virtual de Formaci\u00f3n del Profesorado.<\/div>\n<div>Internivelar.<\/div>\n<div><\/div>\n<div><strong>Plazo de inscripci\u00f3n:\u00a0<\/strong>del 18 de febrero al 3 de marzo de 2025.<\/div>\n<div><\/div>\n<div><strong>Fechas\u00a0de\u00a0realizaci\u00f3n:\u00a0<\/strong>del 11 de marzo al 8 de mayo de 2025.<\/div>\n<div><\/div>\n<div>M\u00e1s informaci\u00f3n e inscripci\u00f3n en el siguiente enlace:<br \/>\n<a href=\"https:\/\/www.juntadeandalucia.es\/educacion\/secretariavirtual\/consultaCEP\/actividad\/259925CI478\/\" target=\"_blank\" rel=\"noopener\" data-saferedirecturl=\"https:\/\/www.google.com\/url?q=https:\/\/www.juntadeandalucia.es\/educacion\/secretariavirtual\/consultaCEP\/actividad\/259925CI478\/&amp;source=gmail&amp;ust=1740045636406000&amp;usg=AOvVaw1vf_0BLArhWw38JNXtqX9f\">https:\/\/www.juntadeandalucia.e<wbr \/>s\/educacion\/secretariavirtual\/<wbr \/>consultaCEP\/actividad\/<wbr \/>259925CI478\/<\/a><\/div>\n<div><\/div>\n<div><a href=\"https:\/\/www.juntadeandalucia.es\/educacion\/secretariavirtual\/consultaCEP\/actividad\/259925CI478\/\"><img data-recalc-dims=\"1\" loading=\"lazy\" decoding=\"async\" class=\"aligncenter wp-image-8173\" src=\"https:\/\/i0.wp.com\/cepronda.com\/blog\/wp-content\/uploads\/2025\/02\/BINESTAR-EMOCIONAL-Y-AUTOCUIDADO-DEL-PERSONAL-DOCENTE.jpg?resize=415%2C519&#038;ssl=1\" alt=\"\" width=\"415\" height=\"519\" srcset=\"https:\/\/i0.wp.com\/cepronda.com\/blog\/wp-content\/uploads\/2025\/02\/BINESTAR-EMOCIONAL-Y-AUTOCUIDADO-DEL-PERSONAL-DOCENTE.jpg?resize=819%2C1024&amp;ssl=1 819w, https:\/\/i0.wp.com\/cepronda.com\/blog\/wp-content\/uploads\/2025\/02\/BINESTAR-EMOCIONAL-Y-AUTOCUIDADO-DEL-PERSONAL-DOCENTE.jpg?resize=240%2C300&amp;ssl=1 240w, https:\/\/i0.wp.com\/cepronda.com\/blog\/wp-content\/uploads\/2025\/02\/BINESTAR-EMOCIONAL-Y-AUTOCUIDADO-DEL-PERSONAL-DOCENTE.jpg?resize=768%2C960&amp;ssl=1 768w, https:\/\/i0.wp.com\/cepronda.com\/blog\/wp-content\/uploads\/2025\/02\/BINESTAR-EMOCIONAL-Y-AUTOCUIDADO-DEL-PERSONAL-DOCENTE.jpg?w=864&amp;ssl=1 864w\" sizes=\"auto, (max-width: 415px) 100vw, 415px\" \/><\/a><\/div>\n<div><\/div>\n","protected":false},"excerpt":{"rendered":"<p>Se encuentra abierto el plazo de inscripci\u00f3n del curso provincial:\u00a0 \u00abBIENESTAR EMOCIONAL Y AUTOCUIDADO DEL PERSONAL DOCENTE.\u00bb\u00a0\u00a0C\u00f3digo:\u00a0259925CI478 Curso\u00a0a distancia, de 30 horas de duraci\u00f3n, en el Aula Virtual de Formaci\u00f3n del Profesorado. Internivelar. Plazo de inscripci\u00f3n:\u00a0del 18 de febrero al 3 de marzo de 2025. Fechas\u00a0de\u00a0realizaci\u00f3n:\u00a0del 11 de marzo al 8 de mayo de 2025. [&hellip;]<\/p>\n","protected":false},"author":9,"featured_media":8173,"comment_status":"closed","ping_status":"open","sticky":false,"template":"","format":"standard","meta":{"_crdt_document":"","advanced_seo_description":"","jetpack_seo_html_title":"","jetpack_seo_noindex":false,"jetpack_post_was_ever_published":false,"_jetpack_newsletter_access":"","_jetpack_dont_email_post_to_subs":false,"_jetpack_newsletter_tier_id":0,"_jetpack_memberships_contains_paywalled_content":false,"_jetpack_memberships_contains_paid_content":false,"footnotes":"","jetpack_publicize_message":"","jetpack_publicize_feature_enabled":true,"jetpack_social_post_already_shared":false,"jetpack_social_options":{"image_generator_settings":{"template":"highway","default_image_id":0,"font":"","enabled":false},"version":2}},"categories":[3,5],"tags":[393,392],"class_list":{"0":"post-8172","1":"post","2":"type-post","3":"status-publish","4":"format-standard","5":"has-post-thumbnail","7":"category-formaciones","8":"category-noticias","9":"tag-autocuidado-del-docente","10":"tag-bienestar-emocional","11":"czr-hentry"},"jetpack_publicize_connections":[],"jetpack_featured_media_url":"https:\/\/i0.wp.com\/cepronda.com\/blog\/wp-content\/uploads\/2025\/02\/BINESTAR-EMOCIONAL-Y-AUTOCUIDADO-DEL-PERSONAL-DOCENTE.jpg?fit=864%2C1080&ssl=1","jetpack_shortlink":"https:\/\/wp.me\/p8M4X7-27O","jetpack-related-posts":[{"id":8160,"url":"https:\/\/cepronda.com\/blog\/cuidando-cuerpo-y-mente-primeros-auxilios-y-bienestar-emocional-para-la-comunidad-educativa\/","url_meta":{"origin":8172,"position":0},"title":"CUIDANDO CUERPO Y MENTE: PRIMEROS AUXILIOS Y BIENESTAR EMOCIONAL PARA LA COMUNIDAD EDUCATIVA","author":"Mamen Moreno","date":"11 febrero, 2025","format":false,"excerpt":"Ya est\u00e1 abierto el plazo de inscripciones para el curso \"CUIDANDO CUERPO Y MENTE: PRIMEROS AUXILIOS Y BIENESTAR EMOCIONAL PARA LA COMUNIDAD EDUCATIVA\" C\u00f3digo 252924GE052 Fechas del curso: 6 y 18 de marzo de 2025 en horario de 16:30 a 19:30 Horas: 8 horas (6 presenciales y 2 no presenciales)\u2026","rel":"","context":"En \u00abFormaciones\u00bb","block_context":{"text":"Formaciones","link":"https:\/\/cepronda.com\/blog\/category\/formaciones\/"},"img":{"alt_text":"","src":"https:\/\/i0.wp.com\/cepronda.com\/blog\/wp-content\/uploads\/2025\/02\/cuidando-cuerpo-y-mente.-primeros-auxilios-y-bienestar-emocional-para-la-comunidad-educativa-1.png?fit=1200%2C1200&ssl=1&resize=350%2C200","width":350,"height":200,"srcset":"https:\/\/i0.wp.com\/cepronda.com\/blog\/wp-content\/uploads\/2025\/02\/cuidando-cuerpo-y-mente.-primeros-auxilios-y-bienestar-emocional-para-la-comunidad-educativa-1.png?fit=1200%2C1200&ssl=1&resize=350%2C200 1x, https:\/\/i0.wp.com\/cepronda.com\/blog\/wp-content\/uploads\/2025\/02\/cuidando-cuerpo-y-mente.-primeros-auxilios-y-bienestar-emocional-para-la-comunidad-educativa-1.png?fit=1200%2C1200&ssl=1&resize=525%2C300 1.5x, https:\/\/i0.wp.com\/cepronda.com\/blog\/wp-content\/uploads\/2025\/02\/cuidando-cuerpo-y-mente.-primeros-auxilios-y-bienestar-emocional-para-la-comunidad-educativa-1.png?fit=1200%2C1200&ssl=1&resize=700%2C400 2x, https:\/\/i0.wp.com\/cepronda.com\/blog\/wp-content\/uploads\/2025\/02\/cuidando-cuerpo-y-mente.-primeros-auxilios-y-bienestar-emocional-para-la-comunidad-educativa-1.png?fit=1200%2C1200&ssl=1&resize=1050%2C600 3x"},"classes":[]},{"id":9230,"url":"https:\/\/cepronda.com\/blog\/9230-2\/","url_meta":{"origin":8172,"position":1},"title":"DISCIPLINA POSITIVA, NEUROEDUCACI\u00d3N Y BIENESTAR EMOCIONAL\u201d:  CLAVES PARA LA CONVIVENCIA Y LA GESTI\u00d3N DEL ESTR\u00c9S EN RESIDENCIAS ESCOLARES.","author":"Encarni Jim\u00e9nez Rosado","date":"19 enero, 2026","format":false,"excerpt":"Abierto plazo de inscripci\u00f3n para el curso \u00a0\u201cDISCIPLINA POSITIVA, NEUROEDUCACI\u00d3N Y BIENESTAR EMOCIONAL\u201d: \u00a0CLAVES PARA LA CONVIVENCIA Y LA GESTI\u00d3N DEL ESTR\u00c9S EN RESIDENCIAS ESCOLARES. C\u00f3digo 262922GE107. Curso dirigido exclusivamente a profesorado\/educadores de RESIDENCIAS ESCOLARES. Duraci\u00f3n: 12 horas presenciales de 10:00 a 13:00. Inscripci\u00f3n: 16\/01\/2026 hasta 23\/01\/2026. Realizaci\u00f3n: 06\/02\/2026 hasta\u2026","rel":"","context":"En \u00abFormaciones\u00bb","block_context":{"text":"Formaciones","link":"https:\/\/cepronda.com\/blog\/category\/formaciones\/"},"img":{"alt_text":"","src":"","width":0,"height":0},"classes":[]},{"id":5513,"url":"https:\/\/cepronda.com\/blog\/acompanando-la-labor-docente-herramientas-de-autogestion-del-aula\/","url_meta":{"origin":8172,"position":2},"title":"ACOMPA\u00d1ANDO LA LABOR DOCENTE: HERRAMIENTAS DE AUTOGESTI\u00d3N DEL AULA","author":"Inmaculada Garc\u00eda","date":"28 septiembre, 2022","format":false,"excerpt":"Buenas d\u00edas, compa\u00f1eras y compa\u00f1eros. Os\u00a0 informamos que est\u00e1 abierto el plazo de inscripci\u00f3n en el curso presencial:\u00a0 ACOMPA\u00d1ANDO LA LABOR DOCENTE: HERRAMIENTAS DE AUTOGESTI\u00d3N DEL AULA, con c\u00f3digo 232924GE006, de 20 horas de duraci\u00f3n. Fecha inscripci\u00f3n:\u00a027\/09\/2022 hasta 21\/10\/2022 Fecha actividad:\u00a026\/10\/2022 hasta 10\/05\/2023 Una formaci\u00f3n creada con la intenci\u00f3n de\u2026","rel":"","context":"En \u00abFormaciones\u00bb","block_context":{"text":"Formaciones","link":"https:\/\/cepronda.com\/blog\/category\/formaciones\/"},"img":{"alt_text":"","src":"https:\/\/i0.wp.com\/cepronda.com\/blog\/wp-content\/uploads\/2022\/09\/WhatsApp-Image-2022-09-27-at-19.10.53.jpeg?fit=848%2C1200&ssl=1&resize=350%2C200","width":350,"height":200,"srcset":"https:\/\/i0.wp.com\/cepronda.com\/blog\/wp-content\/uploads\/2022\/09\/WhatsApp-Image-2022-09-27-at-19.10.53.jpeg?fit=848%2C1200&ssl=1&resize=350%2C200 1x, https:\/\/i0.wp.com\/cepronda.com\/blog\/wp-content\/uploads\/2022\/09\/WhatsApp-Image-2022-09-27-at-19.10.53.jpeg?fit=848%2C1200&ssl=1&resize=525%2C300 1.5x, https:\/\/i0.wp.com\/cepronda.com\/blog\/wp-content\/uploads\/2022\/09\/WhatsApp-Image-2022-09-27-at-19.10.53.jpeg?fit=848%2C1200&ssl=1&resize=700%2C400 2x"},"classes":[]},{"id":5975,"url":"https:\/\/cepronda.com\/blog\/3a-edicion-curso-competencias-digital-docente-a1\/","url_meta":{"origin":8172,"position":3},"title":"3\u00aa EDICI\u00d3N CURSO COMPETENCIAS DIGITAL DOCENTE A1. (232924WPF420)","author":"Inmaculada Garc\u00eda","date":"17 mayo, 2023","format":false,"excerpt":"Se ha abierto el plazo para la tercera edici\u00f3n del CURSO A DISTANCIA: COMPETENCIA DIGITAL DOCENTE NIVEL A1 M\u00e1s informaci\u00f3n e inscripci\u00f3n:\u00a0https:\/\/www.juntadeandalucia.es\/educacion\/secretariavirtual\/consultaCEP\/actividad\/232924WPF420\/ Fechas de inscripci\u00f3n: 17\/05\/2023 hasta 22\/05\/2023 Fecha actividad: 23\/05\/2023 hasta 29\/06\/2023 \u00a0","rel":"","context":"En \u00abFormaciones\u00bb","block_context":{"text":"Formaciones","link":"https:\/\/cepronda.com\/blog\/category\/formaciones\/"},"img":{"alt_text":"","src":"https:\/\/i0.wp.com\/cepronda.com\/blog\/wp-content\/uploads\/2023\/05\/DEFINITIVO-CDD-A1.jpg?fit=1000%2C1000&ssl=1&resize=350%2C200","width":350,"height":200,"srcset":"https:\/\/i0.wp.com\/cepronda.com\/blog\/wp-content\/uploads\/2023\/05\/DEFINITIVO-CDD-A1.jpg?fit=1000%2C1000&ssl=1&resize=350%2C200 1x, https:\/\/i0.wp.com\/cepronda.com\/blog\/wp-content\/uploads\/2023\/05\/DEFINITIVO-CDD-A1.jpg?fit=1000%2C1000&ssl=1&resize=525%2C300 1.5x, https:\/\/i0.wp.com\/cepronda.com\/blog\/wp-content\/uploads\/2023\/05\/DEFINITIVO-CDD-A1.jpg?fit=1000%2C1000&ssl=1&resize=700%2C400 2x"},"classes":[]},{"id":6015,"url":"https:\/\/cepronda.com\/blog\/curso-competencia-digital-docente-a1\/","url_meta":{"origin":8172,"position":4},"title":"CURSO \u00abCOMPETENCIA DIGITAL DOCENTE A1\u00bb","author":"Inmaculada Garc\u00eda","date":"7 julio, 2023","format":false,"excerpt":"Se ha abierto el plazo para el Curso Provincial, a Distancia, de 40 horas de desempe\u00f1o: \"COMPETENCIA DIGITAL DOCENTE NIVEL A1 (232924XPF420)\" M\u00e1s informaci\u00f3n e inscripci\u00f3n: https:\/\/www.juntadeandalucia.es\/educacion\/secretariavirtual\/consultaCEP\/actividad\/232924XPF420\/ Fecha actividad:\u00a014\/07\/2023 hasta 13\/08\/2023 Fecha inscripci\u00f3n:\u00a007\/07\/2023 hasta 13\/07\/2023 Esperamos que sea de vuestro inter\u00e9s. \u00a0","rel":"","context":"En \u00abFormaciones\u00bb","block_context":{"text":"Formaciones","link":"https:\/\/cepronda.com\/blog\/category\/formaciones\/"},"img":{"alt_text":"","src":"https:\/\/i0.wp.com\/cepronda.com\/blog\/wp-content\/uploads\/2023\/07\/DEFINITIVO-CDD-A1.jpg?fit=993%2C988&ssl=1&resize=350%2C200","width":350,"height":200,"srcset":"https:\/\/i0.wp.com\/cepronda.com\/blog\/wp-content\/uploads\/2023\/07\/DEFINITIVO-CDD-A1.jpg?fit=993%2C988&ssl=1&resize=350%2C200 1x, https:\/\/i0.wp.com\/cepronda.com\/blog\/wp-content\/uploads\/2023\/07\/DEFINITIVO-CDD-A1.jpg?fit=993%2C988&ssl=1&resize=525%2C300 1.5x, https:\/\/i0.wp.com\/cepronda.com\/blog\/wp-content\/uploads\/2023\/07\/DEFINITIVO-CDD-A1.jpg?fit=993%2C988&ssl=1&resize=700%2C400 2x"},"classes":[]},{"id":5807,"url":"https:\/\/cepronda.com\/blog\/competencia-digital-docente-nivel-a1-2\/","url_meta":{"origin":8172,"position":5},"title":"COMPETENCIA DIGITAL DOCENTE NIVEL A1 (232924QPF420)","author":"Inmaculada Garc\u00eda","date":"24 febrero, 2023","format":false,"excerpt":"Buenos d\u00edas. Os recordamos que est\u00e1 abierto el plazo de inscripci\u00f3n en el CURSO A DISTANCIA: COMPETENCIA DIGITAL DOCENTE NIVEL A1 M\u00e1s informaci\u00f3n e inscripci\u00f3n: https:\/\/www.juntadeandalucia.es\/educacion\/secretariavirtual\/consultaCEP\/actividad\/232924QPF420\/ Fechas de inscripci\u00f3n: 21\/02\/2023 hasta 13\/03\/2023 Fecha actividad: 20\/03\/2023 hasta 19\/05\/2023","rel":"","context":"En \u00abFormaciones\u00bb","block_context":{"text":"Formaciones","link":"https:\/\/cepronda.com\/blog\/category\/formaciones\/"},"img":{"alt_text":"","src":"https:\/\/i0.wp.com\/cepronda.com\/blog\/wp-content\/uploads\/2023\/02\/DEFINITIVO-CDD-A1.jpg?fit=1000%2C1000&ssl=1&resize=350%2C200","width":350,"height":200,"srcset":"https:\/\/i0.wp.com\/cepronda.com\/blog\/wp-content\/uploads\/2023\/02\/DEFINITIVO-CDD-A1.jpg?fit=1000%2C1000&ssl=1&resize=350%2C200 1x, https:\/\/i0.wp.com\/cepronda.com\/blog\/wp-content\/uploads\/2023\/02\/DEFINITIVO-CDD-A1.jpg?fit=1000%2C1000&ssl=1&resize=525%2C300 1.5x, https:\/\/i0.wp.com\/cepronda.com\/blog\/wp-content\/uploads\/2023\/02\/DEFINITIVO-CDD-A1.jpg?fit=1000%2C1000&ssl=1&resize=700%2C400 2x"},"classes":[]}],"jetpack_sharing_enabled":true,"_links":{"self":[{"href":"https:\/\/cepronda.com\/blog\/wp-json\/wp\/v2\/posts\/8172","targetHints":{"allow":["GET"]}}],"collection":[{"href":"https:\/\/cepronda.com\/blog\/wp-json\/wp\/v2\/posts"}],"about":[{"href":"https:\/\/cepronda.com\/blog\/wp-json\/wp\/v2\/types\/post"}],"author":[{"embeddable":true,"href":"https:\/\/cepronda.com\/blog\/wp-json\/wp\/v2\/users\/9"}],"replies":[{"embeddable":true,"href":"https:\/\/cepronda.com\/blog\/wp-json\/wp\/v2\/comments?post=8172"}],"version-history":[{"count":2,"href":"https:\/\/cepronda.com\/blog\/wp-json\/wp\/v2\/posts\/8172\/revisions"}],"predecessor-version":[{"id":8360,"href":"https:\/\/cepronda.com\/blog\/wp-json\/wp\/v2\/posts\/8172\/revisions\/8360"}],"wp:featuredmedia":[{"embeddable":true,"href":"https:\/\/cepronda.com\/blog\/wp-json\/wp\/v2\/media\/8173"}],"wp:attachment":[{"href":"https:\/\/cepronda.com\/blog\/wp-json\/wp\/v2\/media?parent=8172"}],"wp:term":[{"taxonomy":"category","embeddable":true,"href":"https:\/\/cepronda.com\/blog\/wp-json\/wp\/v2\/categories?post=8172"},{"taxonomy":"post_tag","embeddable":true,"href":"https:\/\/cepronda.com\/blog\/wp-json\/wp\/v2\/tags?post=8172"}],"curies":[{"name":"wp","href":"https:\/\/api.w.org\/{rel}","templated":true}]}}