{"id":8169,"date":"2025-02-19T11:29:12","date_gmt":"2025-02-19T10:29:12","guid":{"rendered":"https:\/\/cepronda.com\/blog\/?p=8169"},"modified":"2025-04-28T12:05:52","modified_gmt":"2025-04-28T10:05:52","slug":"jornadas-provinciales-nuevos-retos-para-las-direcciones-de-secundaria-bachillerato-formacion-profesional-y-ensenanzas-de-regimen-especial-con-codigo-252923ge804","status":"publish","type":"post","link":"https:\/\/cepronda.com\/blog\/jornadas-provinciales-nuevos-retos-para-las-direcciones-de-secundaria-bachillerato-formacion-profesional-y-ensenanzas-de-regimen-especial-con-codigo-252923ge804\/","title":{"rendered":"NUEVOS RETOS PARA LAS DIRECCIONES DE SECUNDARIA, BACHILLERATO, FORMACI\u00d3N PROFESIONAL Y ENSE\u00d1ANZAS DE R\u00c9GIMEN ESPECIAL"},"content":{"rendered":"<p>Abierto plazo solicitudes de las Jornadas Provinciales: \u00abNUEVOS RETOS PARA LAS DIRECCIONES DE SECUNDARIA, BACHILLERATO, FORMACI\u00d3N PROFESIONAL Y ENSE\u00d1ANZAS DE R\u00c9GIMEN ESPECIAL\u00bb, con c\u00f3digo 252923GE804, que organizamos en colaboraci\u00f3n con ADIAN.<\/p>\n<p>Dirigidas a directores y directoras de Secundaria, Bachillerato, F.P, ERE de la provincia de M\u00e1laga.<\/p>\n<p><strong>Inscripciones:<\/strong> 18\/02\/2025 &#8211; 13\/03\/2025<\/p>\n<p><b>Lugar de realizaci\u00f3n:<\/b>\u00a0IADE (Instituto Andaluz del Deporte)<\/p>\n<p><strong>D\u00eda de la actividad:<\/strong> 18\/03\/2025. De 9:00 a 14:00\u00a0 y de 15:30 a 19:30.<\/p>\n<p><strong>M\u00e1s informaci\u00f3n e inscripci\u00f3n:<\/strong>\u00a0<a title=\"https:\/\/www.juntadeandalucia.es\/educacion\/secretariavirtual\/consultaCEP\/actividad\/252923GE804\/\" href=\"https:\/\/www.juntadeandalucia.es\/educacion\/secretariavirtual\/consultaCEP\/actividad\/252923GE804\/\" target=\"_blank\" rel=\"noopener\" data-saferedirecturl=\"https:\/\/www.google.com\/url?q=https:\/\/www.juntadeandalucia.es\/educacion\/secretariavirtual\/consultaCEP\/actividad\/252923GE804\/&amp;source=gmail&amp;ust=1740045177347000&amp;usg=AOvVaw3GdIb-fGgpen8X4drLc8me\">https<\/a><a href=\"https:\/\/www.juntadeandalucia.es\/educacion\/secretariavirtual\/consultaCEP\/actividad\/252923GE804\/\" target=\"_blank\" rel=\"noopener noreferrer\" data-saferedirecturl=\"https:\/\/www.google.com\/url?q=https:\/\/www.juntadeandalucia.es\/educacion\/secretariavirtual\/consultaCEP\/actividad\/252923GE804\/&amp;source=gmail&amp;ust=1740045177347000&amp;usg=AOvVaw3GdIb-fGgpen8X4drLc8me\">:\/\/www.juntadeandalucia.<wbr \/>es\/educacion\/<wbr \/>secretariavirtual\/consultaCEP\/<wbr \/>actividad\/252923GE804\/<\/a><\/p>\n<p><a href=\"https:\/\/www.juntadeandalucia.es\/educacion\/secretariavirtual\/consultaCEP\/actividad\/252923GE804\/\" target=\"_blank\" rel=\"noopener noreferrer\" data-saferedirecturl=\"https:\/\/www.google.com\/url?q=https:\/\/www.juntadeandalucia.es\/educacion\/secretariavirtual\/consultaCEP\/actividad\/252923GE804\/&amp;source=gmail&amp;ust=1740045177347000&amp;usg=AOvVaw3GdIb-fGgpen8X4drLc8me\"><img loading=\"lazy\" decoding=\"async\" class=\"CToWUd\" src=\"https:\/\/mail.google.com\/mail\/u\/0?ui=2&amp;ik=1202097c89&amp;attid=0.0.1.2&amp;permmsgid=msg-f:1824479010176926018&amp;th=1951d9fe45c08142&amp;view=fimg&amp;fur=ip&amp;permmsgid=msg-f:1824479010176926018&amp;sz=s0-l75-ft&amp;attbid=ANGjdJ-HDVlpp35mzRaLf_d3lhNIdeF45zIVEARvr5syaSMa734UKfXsJOuld5ZoWH5UfBgcUx31Y_I_0sLu32-Ks3UmCrYzFYJwM8hjHNzConItJ3ib7Y2zOTz-wgc&amp;disp=emb&amp;zw\" width=\"16\" height=\"16\" name=\"m_-5653181761229831970_kl_1739882865530\" data-image-whitelisted=\"\" data-bit=\"iit\" \/><\/a><img loading=\"lazy\" decoding=\"async\" class=\"CToWUd\" src=\"https:\/\/mail.google.com\/mail\/u\/0?ui=2&amp;ik=1202097c89&amp;attid=0.0.1.2&amp;permmsgid=msg-f:1824479010176926018&amp;th=1951d9fe45c08142&amp;view=fimg&amp;fur=ip&amp;permmsgid=msg-f:1824479010176926018&amp;sz=s0-l75-ft&amp;attbid=ANGjdJ9fDXURLNy0sGBKWvCKFlNc8exbEYJfILwrZgpKtUqZvs1Gw5BXnvsIS8NYWnpUWlYcAiAsoL4gt4wkmzT86FBSVQPlwhs9Rh85jFoQ7a8YxURf_swH25E32u0&amp;disp=emb&amp;zw\" width=\"16\" height=\"16\" name=\"m_-5653181761229831970_kl_1739882865530\" data-image-whitelisted=\"\" data-bit=\"iit\" \/><strong>IMPORTANTE:<\/strong> El profesorado interesado en inscribirse en esta actividad formativa deber\u00e1 presentar a trav\u00e9s de S\u00e9neca, solicitud dirigida al Departamento de Formaci\u00f3n del Profesorado(Servicio de Ordenaci\u00f3n Educativa de la Delegaci\u00f3n) con los siguientes documentos: 1.-Anexo I de solicitud de permiso.<\/p>\n<p>2.-Programa de la actividad formativa.<\/p>\n<p>3.-Informe de ausencia firmado por la direcci\u00f3n del centro.<\/p>\n<div>Con el fin de adaptar la ponencia de permisos y licencias, os proporcionamos un formulario para que pod\u00e1is exponer las dudas que os surgen en relaci\u00f3n a este tema, y as\u00ed el ponente pueda darles respuesta en las jornadas\u00a0\u00a0<a href=\"https:\/\/forms.gle\/TCz5UYqX2cQ1ArRw9\" target=\"_blank\" rel=\"noopener\" data-saferedirecturl=\"https:\/\/www.google.com\/url?q=https:\/\/forms.gle\/TCz5UYqX2cQ1ArRw9&amp;source=gmail&amp;ust=1740045177347000&amp;usg=AOvVaw2ezOKFmY48UmFNUJnvpCRY\">https:\/\/forms.gle\/<wbr \/>TCz5UYqX2cQ1ArRw9<\/a><\/div>\n<div><a href=\"https:\/\/www.juntadeandalucia.es\/educacion\/secretariavirtual\/consultaCEP\/actividad\/252923GE804\/\"><img data-recalc-dims=\"1\" loading=\"lazy\" decoding=\"async\" class=\"aligncenter wp-image-8170\" src=\"https:\/\/i0.wp.com\/cepronda.com\/blog\/wp-content\/uploads\/2025\/02\/cartel-direcciones-secundaria.jpeg?resize=453%2C453&#038;ssl=1\" alt=\"\" width=\"453\" height=\"453\" srcset=\"https:\/\/i0.wp.com\/cepronda.com\/blog\/wp-content\/uploads\/2025\/02\/cartel-direcciones-secundaria.jpeg?resize=1024%2C1024&amp;ssl=1 1024w, https:\/\/i0.wp.com\/cepronda.com\/blog\/wp-content\/uploads\/2025\/02\/cartel-direcciones-secundaria.jpeg?resize=300%2C300&amp;ssl=1 300w, https:\/\/i0.wp.com\/cepronda.com\/blog\/wp-content\/uploads\/2025\/02\/cartel-direcciones-secundaria.jpeg?resize=150%2C150&amp;ssl=1 150w, https:\/\/i0.wp.com\/cepronda.com\/blog\/wp-content\/uploads\/2025\/02\/cartel-direcciones-secundaria.jpeg?resize=768%2C768&amp;ssl=1 768w, https:\/\/i0.wp.com\/cepronda.com\/blog\/wp-content\/uploads\/2025\/02\/cartel-direcciones-secundaria.jpeg?resize=50%2C50&amp;ssl=1 50w, https:\/\/i0.wp.com\/cepronda.com\/blog\/wp-content\/uploads\/2025\/02\/cartel-direcciones-secundaria.jpeg?w=1080&amp;ssl=1 1080w\" sizes=\"auto, (max-width: 453px) 100vw, 453px\" \/><\/a><\/div>\n","protected":false},"excerpt":{"rendered":"<p>Abierto plazo solicitudes de las Jornadas Provinciales: \u00abNUEVOS RETOS PARA LAS DIRECCIONES DE SECUNDARIA, BACHILLERATO, FORMACI\u00d3N PROFESIONAL Y ENSE\u00d1ANZAS DE R\u00c9GIMEN ESPECIAL\u00bb, con c\u00f3digo 252923GE804, que organizamos en colaboraci\u00f3n con ADIAN. Dirigidas a directores y directoras de Secundaria, Bachillerato, F.P, ERE de la provincia de M\u00e1laga. Inscripciones: 18\/02\/2025 &#8211; 13\/03\/2025 Lugar de realizaci\u00f3n:\u00a0IADE (Instituto Andaluz [&hellip;]<\/p>\n","protected":false},"author":9,"featured_media":8170,"comment_status":"closed","ping_status":"open","sticky":false,"template":"","format":"standard","meta":{"_crdt_document":"","advanced_seo_description":"","jetpack_seo_html_title":"","jetpack_seo_noindex":false,"jetpack_post_was_ever_published":false,"_jetpack_newsletter_access":"","_jetpack_dont_email_post_to_subs":false,"_jetpack_newsletter_tier_id":0,"_jetpack_memberships_contains_paywalled_content":false,"_jetpack_memberships_contains_paid_content":false,"footnotes":"","jetpack_publicize_message":"","jetpack_publicize_feature_enabled":true,"jetpack_social_post_already_shared":false,"jetpack_social_options":{"image_generator_settings":{"template":"highway","default_image_id":0,"font":"","enabled":false},"version":2}},"categories":[5],"tags":[174],"class_list":{"0":"post-8169","1":"post","2":"type-post","3":"status-publish","4":"format-standard","5":"has-post-thumbnail","7":"category-noticias","8":"tag-jornadas","9":"czr-hentry"},"jetpack_publicize_connections":[],"jetpack_featured_media_url":"https:\/\/i0.wp.com\/cepronda.com\/blog\/wp-content\/uploads\/2025\/02\/cartel-direcciones-secundaria.jpeg?fit=1080%2C1080&ssl=1","jetpack_shortlink":"https:\/\/wp.me\/p8M4X7-27L","jetpack-related-posts":[{"id":7361,"url":"https:\/\/cepronda.com\/blog\/rea-en-secundaria-bachillerato-y-formacion-profesional\/","url_meta":{"origin":8169,"position":0},"title":"REA EN SECUNDARIA, BACHILLERATO Y FORMACI\u00d3N PROFESIONAL.","author":"Maribel Mu\u00f1oz","date":"15 enero, 2024","format":false,"excerpt":"Os informamos que se encuentra abierta la inscripci\u00f3n en el curso REA EN SECUNDARIA, BACHILLERATO Y FORMACI\u00d3N PROFESIONAL\u00a0con c\u00f3digo\u00a0242924GE020, organizado por el CEP de Ronda: Inscripciones:\u00a0\u00a015\/01\/2024 al 04\/02\/2024 Fecha actividad: 8 de febrero hasta el 22 de marzo de 2024. Fechas de las sesiones presenciales : \u00a08, 15 y 22\u2026","rel":"","context":"En \u00abFormaciones\u00bb","block_context":{"text":"Formaciones","link":"https:\/\/cepronda.com\/blog\/category\/formaciones\/"},"img":{"alt_text":"","src":"https:\/\/i0.wp.com\/cepronda.com\/blog\/wp-content\/uploads\/2024\/01\/REA-SECUNDARIA-BACH-Y-FP-codigo-242924GE020.png?fit=1080%2C1080&ssl=1&resize=350%2C200","width":350,"height":200,"srcset":"https:\/\/i0.wp.com\/cepronda.com\/blog\/wp-content\/uploads\/2024\/01\/REA-SECUNDARIA-BACH-Y-FP-codigo-242924GE020.png?fit=1080%2C1080&ssl=1&resize=350%2C200 1x, https:\/\/i0.wp.com\/cepronda.com\/blog\/wp-content\/uploads\/2024\/01\/REA-SECUNDARIA-BACH-Y-FP-codigo-242924GE020.png?fit=1080%2C1080&ssl=1&resize=525%2C300 1.5x, https:\/\/i0.wp.com\/cepronda.com\/blog\/wp-content\/uploads\/2024\/01\/REA-SECUNDARIA-BACH-Y-FP-codigo-242924GE020.png?fit=1080%2C1080&ssl=1&resize=700%2C400 2x, https:\/\/i0.wp.com\/cepronda.com\/blog\/wp-content\/uploads\/2024\/01\/REA-SECUNDARIA-BACH-Y-FP-codigo-242924GE020.png?fit=1080%2C1080&ssl=1&resize=1050%2C600 3x"},"classes":[]},{"id":1208,"url":"https:\/\/cepronda.com\/blog\/trabajar-y-evaluar-por-competencias-clave-en-educacion-secundaria-y-bachillerato\/","url_meta":{"origin":8169,"position":1},"title":"TRABAJAR Y EVALUAR POR COMPETENCIAS CLAVE EN EDUCACI\u00d3N SECUNDARIA Y BACHILLERATO","author":"V\u00edctor Caballero","date":"6 septiembre, 2017","format":false,"excerpt":"\u00a1Hola de nuevo! Empezamos ya con las convocatorias de cursos. En este caso se trata de una jornada de una ma\u00f1ana de duraci\u00f3n donde se pretende\u00a0informar al profesorado de Secundaria y Bachillerato de la formaci\u00f3n que se va a organizar sobre competencias clave en Secundaria y Bachillerato, sobre las distintas\u2026","rel":"","context":"En \u00abFormaciones\u00bb","block_context":{"text":"Formaciones","link":"https:\/\/cepronda.com\/blog\/category\/formaciones\/"},"img":{"alt_text":"","src":"https:\/\/i0.wp.com\/cepronda.com\/blog\/wp-content\/uploads\/2017\/09\/pencil-1486278_640.jpg?fit=640%2C360&ssl=1&resize=350%2C200","width":350,"height":200,"srcset":"https:\/\/i0.wp.com\/cepronda.com\/blog\/wp-content\/uploads\/2017\/09\/pencil-1486278_640.jpg?fit=640%2C360&ssl=1&resize=350%2C200 1x, https:\/\/i0.wp.com\/cepronda.com\/blog\/wp-content\/uploads\/2017\/09\/pencil-1486278_640.jpg?fit=640%2C360&ssl=1&resize=525%2C300 1.5x"},"classes":[]},{"id":7576,"url":"https:\/\/cepronda.com\/blog\/profundizacion-de-las-competencias-profesionales-de-las-direcciones-escolares\/","url_meta":{"origin":8169,"position":2},"title":"PROFUNDIZACI\u00d3N DE LAS COMPETENCIAS PROFESIONALES DE LAS DIRECCIONES ESCOLARES","author":"Mamen Moreno","date":"16 abril, 2024","format":false,"excerpt":"Jornadas provinciales: \"PROFUNDIZACI\u00d3N DE LAS COMPETENCIAS PROFESIONALES DE LAS DIRECCIONES ESCOLARES (SECUNDARIA, BACHILLERATO, FP, ERE)\" C\u00f3digo 242923GE556. Se desarrollar\u00e1 en el CIO Mijas el lunes 13 de mayo de 2024. Periodo de inscripci\u00f3n del 15\/04\/24 al 05\/05\/24 Informaci\u00f3n e inscripci\u00f3n: https:\/\/www.juntadeandalucia.es\/educacion\/secretariavirtual\/consultaCEP\/actividad\/242923GE556\/","rel":"","context":"En \u00abNoticias\u00bb","block_context":{"text":"Noticias","link":"https:\/\/cepronda.com\/blog\/category\/noticias\/"},"img":{"alt_text":"","src":"https:\/\/i0.wp.com\/cepronda.com\/blog\/wp-content\/uploads\/2024\/04\/cartel-jornadas-ADIAN.png?fit=1080%2C1080&ssl=1&resize=350%2C200","width":350,"height":200,"srcset":"https:\/\/i0.wp.com\/cepronda.com\/blog\/wp-content\/uploads\/2024\/04\/cartel-jornadas-ADIAN.png?fit=1080%2C1080&ssl=1&resize=350%2C200 1x, https:\/\/i0.wp.com\/cepronda.com\/blog\/wp-content\/uploads\/2024\/04\/cartel-jornadas-ADIAN.png?fit=1080%2C1080&ssl=1&resize=525%2C300 1.5x, https:\/\/i0.wp.com\/cepronda.com\/blog\/wp-content\/uploads\/2024\/04\/cartel-jornadas-ADIAN.png?fit=1080%2C1080&ssl=1&resize=700%2C400 2x, https:\/\/i0.wp.com\/cepronda.com\/blog\/wp-content\/uploads\/2024\/04\/cartel-jornadas-ADIAN.png?fit=1080%2C1080&ssl=1&resize=1050%2C600 3x"},"classes":[]},{"id":5464,"url":"https:\/\/cepronda.com\/blog\/aproximacion-al-marco-general-de-la-lomloe-educacion-secundaria-y-bachillerato\/","url_meta":{"origin":8169,"position":3},"title":"APROXIMACI\u00d3N AL MARCO GENERAL DE LA LOMLOE.EDUCACI\u00d3N SECUNDARIA Y BACHILLERATO.","author":"Maribel Mu\u00f1oz","date":"16 septiembre, 2022","format":false,"excerpt":"Buenas tardes compa\u00f1eras y compa\u00f1eros, Os\u00a0 informamos que est\u00e1 abierto el plazo de inscripci\u00f3n en el curso a distancia APROXIMACI\u00d3N AL MARCO GENERAL DE LA LOMLOE. EDUCACI\u00d3N SECUNDARIA Y BACHILLERATO con c\u00f3digo\u00a0232924PF405. Fechas de inscripci\u00f3n : del 16\/09\/2022 al 03\/10\/2022 Fecha de inicio: 10\/10\/2022 Fecha finalizaci\u00f3n: 10\/11\/2022 Horas: 15\u00a0 (\u2026","rel":"","context":"En \u00abFormaciones\u00bb","block_context":{"text":"Formaciones","link":"https:\/\/cepronda.com\/blog\/category\/formaciones\/"},"img":{"alt_text":"","src":"https:\/\/i0.wp.com\/cepronda.com\/blog\/wp-content\/uploads\/2022\/09\/WhatsApp-Image-2022-09-16-at-11.25.31.jpeg?fit=1200%2C675&ssl=1&resize=350%2C200","width":350,"height":200,"srcset":"https:\/\/i0.wp.com\/cepronda.com\/blog\/wp-content\/uploads\/2022\/09\/WhatsApp-Image-2022-09-16-at-11.25.31.jpeg?fit=1200%2C675&ssl=1&resize=350%2C200 1x, https:\/\/i0.wp.com\/cepronda.com\/blog\/wp-content\/uploads\/2022\/09\/WhatsApp-Image-2022-09-16-at-11.25.31.jpeg?fit=1200%2C675&ssl=1&resize=525%2C300 1.5x, https:\/\/i0.wp.com\/cepronda.com\/blog\/wp-content\/uploads\/2022\/09\/WhatsApp-Image-2022-09-16-at-11.25.31.jpeg?fit=1200%2C675&ssl=1&resize=700%2C400 2x, https:\/\/i0.wp.com\/cepronda.com\/blog\/wp-content\/uploads\/2022\/09\/WhatsApp-Image-2022-09-16-at-11.25.31.jpeg?fit=1200%2C675&ssl=1&resize=1050%2C600 3x"},"classes":[]},{"id":4925,"url":"https:\/\/cepronda.com\/blog\/recursos-digitales-para-secundaria-y-bachillerato-nivel-ii\/","url_meta":{"origin":8169,"position":4},"title":"RECURSOS DIGITALES PARA SECUNDARIA Y BACHILLERATO. NIVEL II","author":"Maribel Mu\u00f1oz","date":"23 diciembre, 2021","format":false,"excerpt":"Buenas tardes compa\u00f1eras y compa\u00f1eros, Os informamos que est\u00e1 abierto el plazo de inscripci\u00f3n en la actividad RECURSOS DIGITALES PARA SECUNDARIA Y BACHILLERATO NIVEL II con c\u00f3digo 222924GE001. Es una actividad PROVINCIAL.\u00a0 Se desarrollar\u00e1 en el Aula Virtual de Formaci\u00f3n del Profesorado. Consta de 15 horas , 9 de ellas\u2026","rel":"","context":"En \u00abFormaciones\u00bb","block_context":{"text":"Formaciones","link":"https:\/\/cepronda.com\/blog\/category\/formaciones\/"},"img":{"alt_text":"","src":"https:\/\/i0.wp.com\/cepronda.com\/blog\/wp-content\/uploads\/2021\/12\/222924GE001-RECURSOS-DIGITALES-SECUNDARIA-Y-BAHILLERATO-NIVEL-II.png?fit=848%2C1200&ssl=1&resize=350%2C200","width":350,"height":200,"srcset":"https:\/\/i0.wp.com\/cepronda.com\/blog\/wp-content\/uploads\/2021\/12\/222924GE001-RECURSOS-DIGITALES-SECUNDARIA-Y-BAHILLERATO-NIVEL-II.png?fit=848%2C1200&ssl=1&resize=350%2C200 1x, https:\/\/i0.wp.com\/cepronda.com\/blog\/wp-content\/uploads\/2021\/12\/222924GE001-RECURSOS-DIGITALES-SECUNDARIA-Y-BAHILLERATO-NIVEL-II.png?fit=848%2C1200&ssl=1&resize=525%2C300 1.5x, https:\/\/i0.wp.com\/cepronda.com\/blog\/wp-content\/uploads\/2021\/12\/222924GE001-RECURSOS-DIGITALES-SECUNDARIA-Y-BAHILLERATO-NIVEL-II.png?fit=848%2C1200&ssl=1&resize=700%2C400 2x"},"classes":[]},{"id":4930,"url":"https:\/\/cepronda.com\/blog\/recursos-digitales-para-secundaria-y-bachillerato-nivel-ii-provincial\/","url_meta":{"origin":8169,"position":5},"title":"RECURSOS DIGITALES PARA SECUNDARIA Y BACHILLERATO. NIVEL II. Provincial.","author":"Maribel Mu\u00f1oz","date":"10 enero, 2022","format":false,"excerpt":"Buenas tardes compa\u00f1eras y compa\u00f1eros, Os recordamos que est\u00e1 abierto el plazo de inscripci\u00f3n en la actividad RECURSOS DIGITALES PARA SECUNDARIA Y BACHILLERATO NIVEL II con c\u00f3digo 222924GE001. Es una actividad PROVINCIAL.\u00a0 Se desarrollar\u00e1 en el Aula Virtual de Formaci\u00f3n del Profesorado. Consta de 15 horas , 9 de ellas\u2026","rel":"","context":"En \u00abFormaciones\u00bb","block_context":{"text":"Formaciones","link":"https:\/\/cepronda.com\/blog\/category\/formaciones\/"},"img":{"alt_text":"","src":"https:\/\/i0.wp.com\/cepronda.com\/blog\/wp-content\/uploads\/2021\/12\/222924GE001-RECURSOS-DIGITALES-SECUNDARIA-Y-BAHILLERATO-NIVEL-II.png?fit=848%2C1200&ssl=1&resize=350%2C200","width":350,"height":200,"srcset":"https:\/\/i0.wp.com\/cepronda.com\/blog\/wp-content\/uploads\/2021\/12\/222924GE001-RECURSOS-DIGITALES-SECUNDARIA-Y-BAHILLERATO-NIVEL-II.png?fit=848%2C1200&ssl=1&resize=350%2C200 1x, https:\/\/i0.wp.com\/cepronda.com\/blog\/wp-content\/uploads\/2021\/12\/222924GE001-RECURSOS-DIGITALES-SECUNDARIA-Y-BAHILLERATO-NIVEL-II.png?fit=848%2C1200&ssl=1&resize=525%2C300 1.5x, https:\/\/i0.wp.com\/cepronda.com\/blog\/wp-content\/uploads\/2021\/12\/222924GE001-RECURSOS-DIGITALES-SECUNDARIA-Y-BAHILLERATO-NIVEL-II.png?fit=848%2C1200&ssl=1&resize=700%2C400 2x"},"classes":[]}],"jetpack_sharing_enabled":true,"_links":{"self":[{"href":"https:\/\/cepronda.com\/blog\/wp-json\/wp\/v2\/posts\/8169","targetHints":{"allow":["GET"]}}],"collection":[{"href":"https:\/\/cepronda.com\/blog\/wp-json\/wp\/v2\/posts"}],"about":[{"href":"https:\/\/cepronda.com\/blog\/wp-json\/wp\/v2\/types\/post"}],"author":[{"embeddable":true,"href":"https:\/\/cepronda.com\/blog\/wp-json\/wp\/v2\/users\/9"}],"replies":[{"embeddable":true,"href":"https:\/\/cepronda.com\/blog\/wp-json\/wp\/v2\/comments?post=8169"}],"version-history":[{"count":3,"href":"https:\/\/cepronda.com\/blog\/wp-json\/wp\/v2\/posts\/8169\/revisions"}],"predecessor-version":[{"id":8299,"href":"https:\/\/cepronda.com\/blog\/wp-json\/wp\/v2\/posts\/8169\/revisions\/8299"}],"wp:featuredmedia":[{"embeddable":true,"href":"https:\/\/cepronda.com\/blog\/wp-json\/wp\/v2\/media\/8170"}],"wp:attachment":[{"href":"https:\/\/cepronda.com\/blog\/wp-json\/wp\/v2\/media?parent=8169"}],"wp:term":[{"taxonomy":"category","embeddable":true,"href":"https:\/\/cepronda.com\/blog\/wp-json\/wp\/v2\/categories?post=8169"},{"taxonomy":"post_tag","embeddable":true,"href":"https:\/\/cepronda.com\/blog\/wp-json\/wp\/v2\/tags?post=8169"}],"curies":[{"name":"wp","href":"https:\/\/api.w.org\/{rel}","templated":true}]}}