{"id":8154,"date":"2025-02-07T13:32:32","date_gmt":"2025-02-07T12:32:32","guid":{"rendered":"https:\/\/cepronda.com\/blog\/?p=8154"},"modified":"2025-04-28T11:47:30","modified_gmt":"2025-04-28T09:47:30","slug":"comprension-lectora-ortografia-y-escritura-estrategias-claves-para-potenciar-la-competencia-linguistica","status":"publish","type":"post","link":"https:\/\/cepronda.com\/blog\/comprension-lectora-ortografia-y-escritura-estrategias-claves-para-potenciar-la-competencia-linguistica\/","title":{"rendered":"COMPRENSI\u00d3N LECTORA, ORTOGRAF\u00cdA Y ESCRITURA: ESTRATEGIAS CLAVES PARA POTENCIAR LA COMPETENCIA LING\u00dc\u00cdSTICA"},"content":{"rendered":"<div class=\"\" data-block=\"true\" data-editor=\"bge9h\" data-offset-key=\"4ctsv-0-0\">\n<div class=\"_1mf _1mj\" data-offset-key=\"4ctsv-0-0\"><span data-offset-key=\"4ctsv-0-0\"><span class=\"tc-dropcap\">D<\/span>esde hoy, viernes 7 de febrero y hasta el d\u00eda 21 marzo, estar\u00e1 abierto el plazo de solicitudes para la actividad <strong>COMPRENSI\u00d3N LECTORA, ORTOGRAF\u00cdA Y ESCRITURA: ESTRATEGIAS CLAVES PARA POTENCIAR LA COMPETENCIA LING\u00dc\u00cdSTICA<\/strong> , c\u00f3digo <strong>252924GE025<\/strong>.<\/span><\/div>\n<\/div>\n<div class=\"\" data-block=\"true\" data-editor=\"bge9h\" data-offset-key=\"92pp4-0-0\">\n<div class=\"_1mf _1mj\" data-offset-key=\"92pp4-0-0\"><span data-offset-key=\"92pp4-0-0\">\u00a0<\/span><\/div>\n<\/div>\n<div class=\"\" data-block=\"true\" data-editor=\"bge9h\" data-offset-key=\"fmhf6-0-0\">\n<div class=\"_1mf _1mj\" data-offset-key=\"fmhf6-0-0\"><span data-offset-key=\"fmhf6-0-0\">INSCRIPCIONES: del 7 de febrero al 21 de marzo de 2025, ambos inclusive<\/span><\/div>\n<\/div>\n<div class=\"\" data-block=\"true\" data-editor=\"bge9h\" data-offset-key=\"3ie87-0-0\">\n<div class=\"_1mf _1mj\" data-offset-key=\"3ie87-0-0\"><span data-offset-key=\"3ie87-0-0\">INICIO DEL CURSO: 1 de abril de 2025<\/span><\/div>\n<\/div>\n<div class=\"\" data-block=\"true\" data-editor=\"bge9h\" data-offset-key=\"7v619-0-0\">\n<div class=\"_1mf _1mj\" data-offset-key=\"7v619-0-0\"><span data-offset-key=\"7v619-0-0\">FIN DEL CURSO: 6 de mayo de 2025<\/span><\/div>\n<\/div>\n<div class=\"\" data-block=\"true\" data-editor=\"bge9h\" data-offset-key=\"9quer-0-0\">\n<div class=\"_1mf _1mj\" data-offset-key=\"9quer-0-0\"><span data-offset-key=\"9quer-0-0\">\u00a0<\/span><\/div>\n<\/div>\n<div class=\"\" data-block=\"true\" data-editor=\"bge9h\" data-offset-key=\"a50to-0-0\">\n<div class=\"_1mf _1mj\" data-offset-key=\"a50to-0-0\"><span data-offset-key=\"a50to-0-0\">N\u00daMERO DE HORAS: 15 (12 presenciales por videoconferencia y 3 no presenciales)<\/span><\/div>\n<\/div>\n<div class=\"\" data-block=\"true\" data-editor=\"bge9h\" data-offset-key=\"fnvh3-0-0\">\n<div class=\"_1mf _1mj\" data-offset-key=\"fnvh3-0-0\"><span data-offset-key=\"fnvh3-0-0\">\u00a0<\/span><\/div>\n<\/div>\n<div class=\"\" data-block=\"true\" data-editor=\"bge9h\" data-offset-key=\"ftt0b-0-0\">\n<div class=\"_1mf _1mj\" data-offset-key=\"ftt0b-0-0\"><span data-offset-key=\"ftt0b-0-0\">ESTRUCTURA DE LAS SESIONES: <\/span><\/div>\n<div class=\"_1mf _1mj\" data-offset-key=\"ftt0b-0-0\"><span data-offset-key=\"ftt0b-0-0\">1. 01\/04\/25, de 16:30h a 19:30h AVFP<\/span><\/div>\n<\/div>\n<div class=\"\" data-block=\"true\" data-editor=\"bge9h\" data-offset-key=\"5no1t-0-0\">\n<div class=\"_1mf _1mj\" data-offset-key=\"5no1t-0-0\"><span data-offset-key=\"5no1t-0-0\">2. 08\/04\/25, de 16:30h a 19:30h AVFP<\/span><\/div>\n<\/div>\n<div class=\"\" data-block=\"true\" data-editor=\"bge9h\" data-offset-key=\"fg045-0-0\">\n<div class=\"_1mf _1mj\" data-offset-key=\"fg045-0-0\"><span data-offset-key=\"fg045-0-0\">3. 29\/04\/25, de 16:30h a 19:30h AVFP<\/span><\/div>\n<\/div>\n<div class=\"\" data-block=\"true\" data-editor=\"bge9h\" data-offset-key=\"afvjk-0-0\">\n<div class=\"_1mf _1mj\" data-offset-key=\"afvjk-0-0\"><span data-offset-key=\"afvjk-0-0\">4. 06\/05\/25, de 16:30h a 19:30h AVFP<\/span><\/div>\n<\/div>\n<div class=\"\" data-block=\"true\" data-editor=\"bge9h\" data-offset-key=\"rcp3-0-0\"><\/div>\n<div data-block=\"true\" data-editor=\"bge9h\" data-offset-key=\"rcp3-0-0\"><\/div>\n<div class=\"\" data-block=\"true\" data-editor=\"bge9h\" data-offset-key=\"7lcdd-0-0\">\n<div class=\"_1mf _1mj\" data-offset-key=\"7lcdd-0-0\"><span data-offset-key=\"7lcdd-0-0\">Para m\u00e1s informaci\u00f3n e inscripciones:\u00a0 <a href=\"https:\/\/www.juntadeandalucia.es\/educacion\/secretariavirtual\/consultaCEP\/actividad\/252924GE025\/\">https:\/\/www.juntadeandalucia.es\/educacion\/secretariavirtual\/consultaCEP\/actividad\/252924GE025\/<\/a><\/span><\/div>\n<\/div>\n<div data-offset-key=\"7lcdd-0-0\"><\/div>\n<div class=\"\" data-block=\"true\" data-editor=\"bge9h\" data-offset-key=\"7lcdd-0-0\">\n<div data-offset-key=\"7lcdd-0-0\"><\/div>\n<\/div>\n<div data-offset-key=\"9bcmb-0-0\"><img data-recalc-dims=\"1\" loading=\"lazy\" decoding=\"async\" class=\" wp-image-8157 aligncenter\" src=\"https:\/\/i0.wp.com\/cepronda.com\/blog\/wp-content\/uploads\/2025\/02\/COMPRENSION-LECTORA-ORTOGRAFIA-Y-ESCRITURA-2.jpg?resize=340%2C340&#038;ssl=1\" alt=\"\" width=\"340\" height=\"340\" srcset=\"https:\/\/i0.wp.com\/cepronda.com\/blog\/wp-content\/uploads\/2025\/02\/COMPRENSION-LECTORA-ORTOGRAFIA-Y-ESCRITURA-2.jpg?resize=300%2C300&amp;ssl=1 300w, https:\/\/i0.wp.com\/cepronda.com\/blog\/wp-content\/uploads\/2025\/02\/COMPRENSION-LECTORA-ORTOGRAFIA-Y-ESCRITURA-2.jpg?resize=1024%2C1024&amp;ssl=1 1024w, https:\/\/i0.wp.com\/cepronda.com\/blog\/wp-content\/uploads\/2025\/02\/COMPRENSION-LECTORA-ORTOGRAFIA-Y-ESCRITURA-2.jpg?resize=150%2C150&amp;ssl=1 150w, https:\/\/i0.wp.com\/cepronda.com\/blog\/wp-content\/uploads\/2025\/02\/COMPRENSION-LECTORA-ORTOGRAFIA-Y-ESCRITURA-2.jpg?resize=768%2C768&amp;ssl=1 768w, https:\/\/i0.wp.com\/cepronda.com\/blog\/wp-content\/uploads\/2025\/02\/COMPRENSION-LECTORA-ORTOGRAFIA-Y-ESCRITURA-2.jpg?resize=50%2C50&amp;ssl=1 50w, https:\/\/i0.wp.com\/cepronda.com\/blog\/wp-content\/uploads\/2025\/02\/COMPRENSION-LECTORA-ORTOGRAFIA-Y-ESCRITURA-2.jpg?w=1080&amp;ssl=1 1080w\" sizes=\"auto, (max-width: 340px) 100vw, 340px\" \/><\/div>\n","protected":false},"excerpt":{"rendered":"<p>Desde hoy, viernes 7 de febrero y hasta el d\u00eda 21 marzo, estar\u00e1 abierto el plazo de solicitudes para la actividad COMPRENSI\u00d3N LECTORA, ORTOGRAF\u00cdA Y ESCRITURA: ESTRATEGIAS CLAVES PARA POTENCIAR LA COMPETENCIA LING\u00dc\u00cdSTICA , c\u00f3digo 252924GE025. \u00a0 INSCRIPCIONES: del 7 de febrero al 21 de marzo de 2025, ambos inclusive INICIO DEL CURSO: 1 de [&hellip;]<\/p>\n","protected":false},"author":10,"featured_media":8157,"comment_status":"closed","ping_status":"open","sticky":false,"template":"","format":"standard","meta":{"_crdt_document":"","advanced_seo_description":"","jetpack_seo_html_title":"","jetpack_seo_noindex":false,"jetpack_post_was_ever_published":false,"_jetpack_newsletter_access":"","_jetpack_dont_email_post_to_subs":false,"_jetpack_newsletter_tier_id":0,"_jetpack_memberships_contains_paywalled_content":false,"_jetpack_memberships_contains_paid_content":false,"footnotes":"","jetpack_publicize_message":"","jetpack_publicize_feature_enabled":true,"jetpack_social_post_already_shared":false,"jetpack_social_options":{"image_generator_settings":{"template":"highway","default_image_id":0,"font":"","enabled":false},"version":2}},"categories":[3,5],"tags":[259,184,384],"class_list":{"0":"post-8154","1":"post","2":"type-post","3":"status-publish","4":"format-standard","5":"has-post-thumbnail","7":"category-formaciones","8":"category-noticias","9":"tag-ambito-linguistico","10":"tag-competencia-linguistica","11":"tag-gramatica","12":"czr-hentry"},"jetpack_publicize_connections":[],"jetpack_featured_media_url":"https:\/\/i0.wp.com\/cepronda.com\/blog\/wp-content\/uploads\/2025\/02\/COMPRENSION-LECTORA-ORTOGRAFIA-Y-ESCRITURA-2.jpg?fit=1080%2C1080&ssl=1","jetpack_shortlink":"https:\/\/wp.me\/p8M4X7-27w","jetpack-related-posts":[{"id":7480,"url":"https:\/\/cepronda.com\/blog\/como-mejorar-la-competencia-linguistica\/","url_meta":{"origin":8154,"position":0},"title":"\u00bfC\u00d3MO MEJORAR LA COMPETENCIA LING\u00dc\u00cdSTICA?","author":"Maribel Mu\u00f1oz","date":"20 febrero, 2024","format":false,"excerpt":"Abierto el plazo de inscripci\u00f3n para la formaci\u00f3n\u00a0\u201c\u00bfC\u00d3MO MEJORAR LA COMPETENCIA LING\u00dc\u00cdSTICA?\u201d. C\u00d3DIGO 242924GE021. Duraci\u00f3n de la actividad\u00a010 horas: 6 horas presenciales , 3 horas videoconferencia y 1 hora no presencial. Lugar de realizaci\u00f3n: Aula del CEP de Ronda y plataforma de videoconferencias. Fecha inscripci\u00f3n: 20\/02\/2024 hasta 30\/03\/2024 Fecha actividad:\u2026","rel":"","context":"En \u00abFormaciones\u00bb","block_context":{"text":"Formaciones","link":"https:\/\/cepronda.com\/blog\/category\/formaciones\/"},"img":{"alt_text":"","src":"https:\/\/i0.wp.com\/cepronda.com\/blog\/wp-content\/uploads\/2024\/02\/WhatsApp-Image-2024-02-20-at-12.32.48.jpeg?fit=1080%2C1080&ssl=1&resize=350%2C200","width":350,"height":200,"srcset":"https:\/\/i0.wp.com\/cepronda.com\/blog\/wp-content\/uploads\/2024\/02\/WhatsApp-Image-2024-02-20-at-12.32.48.jpeg?fit=1080%2C1080&ssl=1&resize=350%2C200 1x, https:\/\/i0.wp.com\/cepronda.com\/blog\/wp-content\/uploads\/2024\/02\/WhatsApp-Image-2024-02-20-at-12.32.48.jpeg?fit=1080%2C1080&ssl=1&resize=525%2C300 1.5x, https:\/\/i0.wp.com\/cepronda.com\/blog\/wp-content\/uploads\/2024\/02\/WhatsApp-Image-2024-02-20-at-12.32.48.jpeg?fit=1080%2C1080&ssl=1&resize=700%2C400 2x, https:\/\/i0.wp.com\/cepronda.com\/blog\/wp-content\/uploads\/2024\/02\/WhatsApp-Image-2024-02-20-at-12.32.48.jpeg?fit=1080%2C1080&ssl=1&resize=1050%2C600 3x"},"classes":[]},{"id":3107,"url":"https:\/\/cepronda.com\/blog\/fomentamos-la-lectura-con-inteligencia-emocional\/","url_meta":{"origin":8154,"position":1},"title":"FOMENTAMOS LA LECTURA CON INTELIGENCIA EMOCIONAL","author":"V\u00edctor Caballero","date":"28 octubre, 2019","format":false,"excerpt":"En todas las etapas de la Educaci\u00f3n, debemos aprovechar todos los recursos posibles para que cada actividad que hagamos sea lo m\u00e1s completa posible y ayude a la formaci\u00f3n y educaci\u00f3n de nuestro alumnado. El desarrollo de la competencia ling\u00fc\u00edstica es fundamental en la etapa de Educaci\u00f3n Infantil y Primaria\u2026","rel":"","context":"En \u00abFormaciones\u00bb","block_context":{"text":"Formaciones","link":"https:\/\/cepronda.com\/blog\/category\/formaciones\/"},"img":{"alt_text":"","src":"https:\/\/i0.wp.com\/cepronda.com\/blog\/wp-content\/uploads\/2019\/10\/Lectura_int_emocional.png?fit=644%2C908&ssl=1&resize=350%2C200","width":350,"height":200,"srcset":"https:\/\/i0.wp.com\/cepronda.com\/blog\/wp-content\/uploads\/2019\/10\/Lectura_int_emocional.png?fit=644%2C908&ssl=1&resize=350%2C200 1x, https:\/\/i0.wp.com\/cepronda.com\/blog\/wp-content\/uploads\/2019\/10\/Lectura_int_emocional.png?fit=644%2C908&ssl=1&resize=525%2C300 1.5x"},"classes":[]},{"id":5170,"url":"https:\/\/cepronda.com\/blog\/el-cuento-en-el-desarrollo-de-la-competencia-linguistica-a-traves-de-la-musica\/","url_meta":{"origin":8154,"position":2},"title":"EL CUENTO EN EL  DESARROLLO DE LA COMPETENCIA LING\u00dc\u00cdSTICA, A TRAV\u00c9S DE LA M\u00daSICA","author":"Maribel Mu\u00f1oz","date":"16 marzo, 2022","format":false,"excerpt":"Buenos d\u00edas compa\u00f1eras y compa\u00f1eros Os informamos que est\u00e1 abierto el plazo de solicitudes para\u00a0 el curso EL CUENTO EN EL DESARROLLO DE LA COMPETENCIA LING\u00dc\u00cdSTICA, A TRAV\u00c9S DE LA M\u00daSICA con c\u00f3digo 222924GE024. Fechas de inscripci\u00f3n : del\u00a0 16\/03\/2022 al 18\/04\/2022 Fecha de inicio: 21\/04\/2022 Fecha finalizaci\u00f3n: 05\/05\/2022 Horas:\u2026","rel":"","context":"En \u00abFormaciones\u00bb","block_context":{"text":"Formaciones","link":"https:\/\/cepronda.com\/blog\/category\/formaciones\/"},"img":{"alt_text":"","src":"https:\/\/i0.wp.com\/cepronda.com\/blog\/wp-content\/uploads\/2022\/03\/1.-EL-CUENTO-EN-EL-DESARROLLO-DE-LA-COMPETENCIA-LINGUISTICA-A-TRAVES-DE-LA-MUSICA.png?fit=848%2C1200&ssl=1&resize=350%2C200","width":350,"height":200,"srcset":"https:\/\/i0.wp.com\/cepronda.com\/blog\/wp-content\/uploads\/2022\/03\/1.-EL-CUENTO-EN-EL-DESARROLLO-DE-LA-COMPETENCIA-LINGUISTICA-A-TRAVES-DE-LA-MUSICA.png?fit=848%2C1200&ssl=1&resize=350%2C200 1x, https:\/\/i0.wp.com\/cepronda.com\/blog\/wp-content\/uploads\/2022\/03\/1.-EL-CUENTO-EN-EL-DESARROLLO-DE-LA-COMPETENCIA-LINGUISTICA-A-TRAVES-DE-LA-MUSICA.png?fit=848%2C1200&ssl=1&resize=525%2C300 1.5x, https:\/\/i0.wp.com\/cepronda.com\/blog\/wp-content\/uploads\/2022\/03\/1.-EL-CUENTO-EN-EL-DESARROLLO-DE-LA-COMPETENCIA-LINGUISTICA-A-TRAVES-DE-LA-MUSICA.png?fit=848%2C1200&ssl=1&resize=700%2C400 2x"},"classes":[]},{"id":9120,"url":"https:\/\/cepronda.com\/blog\/comunicar-pensar-y-crear-un-recorrido-inclusivo-por-la-competencia-linguistica\/","url_meta":{"origin":8154,"position":3},"title":"COMUNICAR, PENSAR Y CREAR: UN RECORRIDO INCLUSIVO POR LA COMPETENCIA LING\u00dc\u00cdSTICA.","author":"Inmaculada Garc\u00eda","date":"10 diciembre, 2025","format":false,"excerpt":"Se encuentra abierto el plazo de inscripci\u00f3n en el curso provincial, \"COMUNICAR, PENSAR Y CREAR: UN RECORRIDO INCLUSIVO POR LA COMPETENCIA LING\u00dc\u00cdSTICA \" (Itinerario formativo provincial de apoyo y dinamizaci\u00f3n del Plan de Lectura), con c\u00f3digo: 262926GE105. Curso semipresencial de 12 horas de duraci\u00f3n. Dirigido al profesorado dentro del Itinerario\u2026","rel":"","context":"En \u00abFormaciones\u00bb","block_context":{"text":"Formaciones","link":"https:\/\/cepronda.com\/blog\/category\/formaciones\/"},"img":{"alt_text":"","src":"https:\/\/i0.wp.com\/cepronda.com\/blog\/wp-content\/uploads\/2025\/12\/WhatsApp-Image-2025-12-10-at-13.05.32.jpeg?fit=800%2C800&ssl=1&resize=350%2C200","width":350,"height":200,"srcset":"https:\/\/i0.wp.com\/cepronda.com\/blog\/wp-content\/uploads\/2025\/12\/WhatsApp-Image-2025-12-10-at-13.05.32.jpeg?fit=800%2C800&ssl=1&resize=350%2C200 1x, https:\/\/i0.wp.com\/cepronda.com\/blog\/wp-content\/uploads\/2025\/12\/WhatsApp-Image-2025-12-10-at-13.05.32.jpeg?fit=800%2C800&ssl=1&resize=525%2C300 1.5x, https:\/\/i0.wp.com\/cepronda.com\/blog\/wp-content\/uploads\/2025\/12\/WhatsApp-Image-2025-12-10-at-13.05.32.jpeg?fit=800%2C800&ssl=1&resize=700%2C400 2x"},"classes":[]},{"id":2957,"url":"https:\/\/cepronda.com\/blog\/fomento-de-la-comunicacion-linguistica-en-los-centros-plc-comunica-bilinguismo-y-erasmus\/","url_meta":{"origin":8154,"position":4},"title":"FOMENTO DE LA COMUNICACI\u00d3N LING\u00dc\u00cdSTICA EN LOS CENTROS: PLC, COMUNICA, BILING\u00dcISMO Y ERASMUS+","author":"V\u00edctor Caballero","date":"3 septiembre, 2019","format":false,"excerpt":"Muy buenas familia, \u00bfQu\u00e9 tal la vuelta? Seguro que bien. muchos \u00e1nimos desde el CEP y ya sab\u00e9is donde ten\u00e9is vuestra casa. Comenzamos nuestro periplo formativo con una actividad dirigida a todos aquellos centros que est\u00e9is interesados en pedir alg\u00fan PLC, Comunica o Erasmus +, as\u00ed como a nuestros centros\u2026","rel":"","context":"En \u00abFormaciones\u00bb","block_context":{"text":"Formaciones","link":"https:\/\/cepronda.com\/blog\/category\/formaciones\/"},"img":{"alt_text":"","src":"https:\/\/i0.wp.com\/cepronda.com\/blog\/wp-content\/uploads\/2019\/09\/PLC_Comunica.png?fit=642%2C909&ssl=1&resize=350%2C200","width":350,"height":200,"srcset":"https:\/\/i0.wp.com\/cepronda.com\/blog\/wp-content\/uploads\/2019\/09\/PLC_Comunica.png?fit=642%2C909&ssl=1&resize=350%2C200 1x, https:\/\/i0.wp.com\/cepronda.com\/blog\/wp-content\/uploads\/2019\/09\/PLC_Comunica.png?fit=642%2C909&ssl=1&resize=525%2C300 1.5x"},"classes":[]},{"id":8809,"url":"https:\/\/cepronda.com\/blog\/jornadas-pct-para-equipos-directivos\/","url_meta":{"origin":8154,"position":5},"title":"JORNADAS PCT PARA EQUIPOS DIRECTIVOS.","author":"Inmaculada Garc\u00eda","date":"18 septiembre, 2025","format":false,"excerpt":"Hoy participamos en una jornada \u00fanica donde hemos abordado la mejora de las competencias matem\u00e1tica y lectora de la mano de expertos de primer nivel. \u00a0 En la mesa inaugural han participado D\u00aa. Almudena Garc\u00eda Rosado(D.G. de Participaci\u00f3n e Inclusi\u00f3n Educativa), D. Manuel Jes\u00fas S\u00e1nchez Hermosilla (D.G. de Ordenaci\u00f3n y\u2026","rel":"","context":"En \u00abNoticias\u00bb","block_context":{"text":"Noticias","link":"https:\/\/cepronda.com\/blog\/category\/noticias\/"},"img":{"alt_text":"","src":"https:\/\/i0.wp.com\/cepronda.com\/blog\/wp-content\/uploads\/2025\/09\/WhatsApp-Image-2025-09-18-at-10.40.02.jpeg?fit=1200%2C900&ssl=1&resize=350%2C200","width":350,"height":200,"srcset":"https:\/\/i0.wp.com\/cepronda.com\/blog\/wp-content\/uploads\/2025\/09\/WhatsApp-Image-2025-09-18-at-10.40.02.jpeg?fit=1200%2C900&ssl=1&resize=350%2C200 1x, https:\/\/i0.wp.com\/cepronda.com\/blog\/wp-content\/uploads\/2025\/09\/WhatsApp-Image-2025-09-18-at-10.40.02.jpeg?fit=1200%2C900&ssl=1&resize=525%2C300 1.5x, https:\/\/i0.wp.com\/cepronda.com\/blog\/wp-content\/uploads\/2025\/09\/WhatsApp-Image-2025-09-18-at-10.40.02.jpeg?fit=1200%2C900&ssl=1&resize=700%2C400 2x, https:\/\/i0.wp.com\/cepronda.com\/blog\/wp-content\/uploads\/2025\/09\/WhatsApp-Image-2025-09-18-at-10.40.02.jpeg?fit=1200%2C900&ssl=1&resize=1050%2C600 3x"},"classes":[]}],"jetpack_sharing_enabled":true,"_links":{"self":[{"href":"https:\/\/cepronda.com\/blog\/wp-json\/wp\/v2\/posts\/8154","targetHints":{"allow":["GET"]}}],"collection":[{"href":"https:\/\/cepronda.com\/blog\/wp-json\/wp\/v2\/posts"}],"about":[{"href":"https:\/\/cepronda.com\/blog\/wp-json\/wp\/v2\/types\/post"}],"author":[{"embeddable":true,"href":"https:\/\/cepronda.com\/blog\/wp-json\/wp\/v2\/users\/10"}],"replies":[{"embeddable":true,"href":"https:\/\/cepronda.com\/blog\/wp-json\/wp\/v2\/comments?post=8154"}],"version-history":[{"count":2,"href":"https:\/\/cepronda.com\/blog\/wp-json\/wp\/v2\/posts\/8154\/revisions"}],"predecessor-version":[{"id":8159,"href":"https:\/\/cepronda.com\/blog\/wp-json\/wp\/v2\/posts\/8154\/revisions\/8159"}],"wp:featuredmedia":[{"embeddable":true,"href":"https:\/\/cepronda.com\/blog\/wp-json\/wp\/v2\/media\/8157"}],"wp:attachment":[{"href":"https:\/\/cepronda.com\/blog\/wp-json\/wp\/v2\/media?parent=8154"}],"wp:term":[{"taxonomy":"category","embeddable":true,"href":"https:\/\/cepronda.com\/blog\/wp-json\/wp\/v2\/categories?post=8154"},{"taxonomy":"post_tag","embeddable":true,"href":"https:\/\/cepronda.com\/blog\/wp-json\/wp\/v2\/tags?post=8154"}],"curies":[{"name":"wp","href":"https:\/\/api.w.org\/{rel}","templated":true}]}}