{"id":8118,"date":"2025-02-06T13:41:20","date_gmt":"2025-02-06T12:41:20","guid":{"rendered":"https:\/\/cepronda.com\/blog\/?p=8118"},"modified":"2025-04-28T12:02:47","modified_gmt":"2025-04-28T10:02:47","slug":"curso-eper-provincial-y-presencial-inteligencia-artificial-en-eper","status":"publish","type":"post","link":"https:\/\/cepronda.com\/blog\/curso-eper-provincial-y-presencial-inteligencia-artificial-en-eper\/","title":{"rendered":"CURSO EPER PROVINCIAL Y PRESENCIAL: \u00a0INTELIGENCIA ARTIFICIAL EN EPER"},"content":{"rendered":"<p><strong>CURSO EPER PROVINCIAL Y PRESENCIAL: \u00a0INTELIGENCIA ARTIFICIAL EN EPER.\u00a0<\/strong> <span style=\"font-weight: inherit;\">C\u00f3digo: 252922GE101.<\/span><br \/>\n<span style=\"font-weight: inherit;\">(Dirigido prioritariamente a personal de EPER y \u00a0en segundo lugar a ARE y FP. En \u00faltima instancia al resto de niveles educativos)<\/span><\/p>\n<p><span style=\"font-weight: inherit;\"><strong>\u00c1mbito:<\/strong> Provincial.<\/span><br \/>\n<strong>Duraci\u00f3n:<\/strong> 15 horas presenciales.<br \/>\n<strong>Fechas de inscripci\u00f3n:<\/strong> 10\/02\/25 al 10\/03\/25.<br \/>\n<strong> Fechas sesiones:<\/strong>\u00a0 2, 9, 23 y 30 de abril. <span style=\"font-weight: inherit;\">(Horario de ma\u00f1ana de 9:30h a 13:30h)<\/span><br \/>\n<strong>Lugar:<\/strong> Aula 7 CEP de M\u00e1laga.<br \/>\n<strong>Modalidad:<\/strong> Presencial.<br \/>\n<strong>M\u00e1s informaci\u00f3n e inscripciones:<\/strong><br \/>\n<a href=\"https:\/\/www.juntadeandalucia.es\/educacion\/secretariavirtual\/consultaCEP\/actividad\/252922GE101\/\">https:\/\/www.juntadeandalucia.es\/educacion\/secretariavirtual\/consultaCEP\/actividad\/252922GE101\/<\/a><\/p>\n<p><img data-recalc-dims=\"1\" loading=\"lazy\" decoding=\"async\" class=\"size-medium wp-image-8119 aligncenter\" src=\"https:\/\/i0.wp.com\/cepronda.com\/blog\/wp-content\/uploads\/2025\/02\/WhatsApp-Image-2025-02-06-at-12.44.15.jpeg?resize=300%2C251&#038;ssl=1\" alt=\"\" width=\"300\" height=\"251\" srcset=\"https:\/\/i0.wp.com\/cepronda.com\/blog\/wp-content\/uploads\/2025\/02\/WhatsApp-Image-2025-02-06-at-12.44.15.jpeg?resize=300%2C251&amp;ssl=1 300w, https:\/\/i0.wp.com\/cepronda.com\/blog\/wp-content\/uploads\/2025\/02\/WhatsApp-Image-2025-02-06-at-12.44.15.jpeg?resize=768%2C644&amp;ssl=1 768w, https:\/\/i0.wp.com\/cepronda.com\/blog\/wp-content\/uploads\/2025\/02\/WhatsApp-Image-2025-02-06-at-12.44.15.jpeg?w=940&amp;ssl=1 940w\" sizes=\"auto, (max-width: 300px) 100vw, 300px\" \/><\/p>\n","protected":false},"excerpt":{"rendered":"<p>CURSO EPER PROVINCIAL Y PRESENCIAL: \u00a0INTELIGENCIA ARTIFICIAL EN EPER.\u00a0 C\u00f3digo: 252922GE101. (Dirigido prioritariamente a personal de EPER y \u00a0en segundo lugar a ARE y FP. En \u00faltima instancia al resto de niveles educativos) \u00c1mbito: Provincial. Duraci\u00f3n: 15 horas presenciales. Fechas de inscripci\u00f3n: 10\/02\/25 al 10\/03\/25. Fechas sesiones:\u00a0 2, 9, 23 y 30 de abril. (Horario [&hellip;]<\/p>\n","protected":false},"author":13,"featured_media":8119,"comment_status":"closed","ping_status":"open","sticky":false,"template":"","format":"standard","meta":{"_crdt_document":"","advanced_seo_description":"","jetpack_seo_html_title":"","jetpack_seo_noindex":false,"jetpack_post_was_ever_published":false,"_jetpack_newsletter_access":"","_jetpack_dont_email_post_to_subs":false,"_jetpack_newsletter_tier_id":0,"_jetpack_memberships_contains_paywalled_content":false,"_jetpack_memberships_contains_paid_content":false,"footnotes":"","jetpack_publicize_message":"","jetpack_publicize_feature_enabled":true,"jetpack_social_post_already_shared":false,"jetpack_social_options":{"image_generator_settings":{"template":"highway","default_image_id":0,"font":"","enabled":false},"version":2}},"categories":[3,5],"tags":[71],"class_list":{"0":"post-8118","1":"post","2":"type-post","3":"status-publish","4":"format-standard","5":"has-post-thumbnail","7":"category-formaciones","8":"category-noticias","9":"tag-formacion-profesional","10":"czr-hentry"},"jetpack_publicize_connections":[],"jetpack_featured_media_url":"https:\/\/i0.wp.com\/cepronda.com\/blog\/wp-content\/uploads\/2025\/02\/WhatsApp-Image-2025-02-06-at-12.44.15.jpeg?fit=940%2C788&ssl=1","jetpack_shortlink":"https:\/\/wp.me\/p8M4X7-26W","jetpack-related-posts":[{"id":8115,"url":"https:\/\/cepronda.com\/blog\/curso-eper-provincial-y-presencial-situaciones-de-aprendizaje-en-el-aula-eper\/","url_meta":{"origin":8118,"position":0},"title":"CURSO EPER PROVINCIAL Y PRESENCIAL: SITUACIONES DE APRENDIZAJE EN EL AULA EPER","author":"Mamen Moreno","date":"6 febrero, 2025","format":false,"excerpt":"CURSO EPER PROVINCIAL Y PRESENCIAL: SITUACIONES DE APRENDIZAJE EN EL AULA EPER C\u00f3digo: 252922GE102. Dirigido prioritariamente a personal de EPER y en segundo lugar a ARE y FP. En \u00faltima instancia al resto de niveles educativos. \u00c1mbito: Provincial. Duraci\u00f3n: 15 horas presenciales. Fechas de inscripci\u00f3n: 10\/02\/25 al 10\/03\/25 Fechas sesiones:\u2026","rel":"","context":"En \u00abFormaciones\u00bb","block_context":{"text":"Formaciones","link":"https:\/\/cepronda.com\/blog\/category\/formaciones\/"},"img":{"alt_text":"","src":"https:\/\/i0.wp.com\/cepronda.com\/blog\/wp-content\/uploads\/2025\/02\/WhatsApp-Image-2025-02-06-at-12.44.14.jpeg?fit=940%2C788&ssl=1&resize=350%2C200","width":350,"height":200,"srcset":"https:\/\/i0.wp.com\/cepronda.com\/blog\/wp-content\/uploads\/2025\/02\/WhatsApp-Image-2025-02-06-at-12.44.14.jpeg?fit=940%2C788&ssl=1&resize=350%2C200 1x, https:\/\/i0.wp.com\/cepronda.com\/blog\/wp-content\/uploads\/2025\/02\/WhatsApp-Image-2025-02-06-at-12.44.14.jpeg?fit=940%2C788&ssl=1&resize=525%2C300 1.5x, https:\/\/i0.wp.com\/cepronda.com\/blog\/wp-content\/uploads\/2025\/02\/WhatsApp-Image-2025-02-06-at-12.44.14.jpeg?fit=940%2C788&ssl=1&resize=700%2C400 2x"},"classes":[]},{"id":9062,"url":"https:\/\/cepronda.com\/blog\/orientacion-para-el-empleo-eper\/","url_meta":{"origin":8118,"position":1},"title":"ORIENTACI\u00d3N PARA EL EMPLEO EPER","author":"Mamen Moreno","date":"24 noviembre, 2025","format":false,"excerpt":"Se encuentra abierto el plazo de inscripci\u00f3n para el curso semipresencial \u201cORIENTACI\u00d3N PARA EL EMPLEO EPER\u201d C\u00f3digo: 262922GE045 (\u00e1mbito provincial) Fecha de la actividad : 26\/01\/2026 a 20\/02\/2026 Fecha de inscripci\u00f3n: desde 01\/12\/2025 a 15\/12\/2025. Horas totales. 15h.(5 presenciales +10 no presenciales) Lugar de realizaci\u00f3n: CEPMA y AVFP. Dirigido prioritariamente\u2026","rel":"","context":"En \u00abFormaciones\u00bb","block_context":{"text":"Formaciones","link":"https:\/\/cepronda.com\/blog\/category\/formaciones\/"},"img":{"alt_text":"","src":"https:\/\/i0.wp.com\/cepronda.com\/blog\/wp-content\/uploads\/2025\/11\/WhatsApp-Image-2025-11-24-at-11.17.49.jpeg?fit=960%2C1200&ssl=1&resize=350%2C200","width":350,"height":200,"srcset":"https:\/\/i0.wp.com\/cepronda.com\/blog\/wp-content\/uploads\/2025\/11\/WhatsApp-Image-2025-11-24-at-11.17.49.jpeg?fit=960%2C1200&ssl=1&resize=350%2C200 1x, https:\/\/i0.wp.com\/cepronda.com\/blog\/wp-content\/uploads\/2025\/11\/WhatsApp-Image-2025-11-24-at-11.17.49.jpeg?fit=960%2C1200&ssl=1&resize=525%2C300 1.5x, https:\/\/i0.wp.com\/cepronda.com\/blog\/wp-content\/uploads\/2025\/11\/WhatsApp-Image-2025-11-24-at-11.17.49.jpeg?fit=960%2C1200&ssl=1&resize=700%2C400 2x"},"classes":[]},{"id":8876,"url":"https:\/\/cepronda.com\/blog\/profundizacion-moodle-semi-eper-25-26\/","url_meta":{"origin":8118,"position":2},"title":"PROFUNDIZACI\u00d3N MOODLE SEMI EPER 25-26","author":"Mamen Moreno","date":"1 octubre, 2025","format":false,"excerpt":"Abierto el plazo de inscripci\u00f3n para el curso \"PROFUNDIZACI\u00d3N MOODLE SEMI EPER 25-26\u201d Dirigido a: EXCLUSIVO para docentes en la SEMI de EPER, del nivel del IES o EEOII Inscripci\u00f3n: desde 1\/10\/2025 a 17\/10\/2025 Actividad: 03\/11\/2025 a 28\/11\/2025 Duraci\u00f3n: 20 horas Lugar: AVFP M\u00e1s informaci\u00f3n en: https:\/\/www.juntadeandalucia.es\/educacion\/secretariavirtual\/consultaCEP\/actividad\/262922GE043\/","rel":"","context":"En \u00abFormaciones\u00bb","block_context":{"text":"Formaciones","link":"https:\/\/cepronda.com\/blog\/category\/formaciones\/"},"img":{"alt_text":"","src":"https:\/\/i0.wp.com\/cepronda.com\/blog\/wp-content\/uploads\/2025\/10\/WhatsApp-Image-2025-10-01-at-14.28.44.jpeg?fit=1080%2C1080&ssl=1&resize=350%2C200","width":350,"height":200,"srcset":"https:\/\/i0.wp.com\/cepronda.com\/blog\/wp-content\/uploads\/2025\/10\/WhatsApp-Image-2025-10-01-at-14.28.44.jpeg?fit=1080%2C1080&ssl=1&resize=350%2C200 1x, https:\/\/i0.wp.com\/cepronda.com\/blog\/wp-content\/uploads\/2025\/10\/WhatsApp-Image-2025-10-01-at-14.28.44.jpeg?fit=1080%2C1080&ssl=1&resize=525%2C300 1.5x, https:\/\/i0.wp.com\/cepronda.com\/blog\/wp-content\/uploads\/2025\/10\/WhatsApp-Image-2025-10-01-at-14.28.44.jpeg?fit=1080%2C1080&ssl=1&resize=700%2C400 2x, https:\/\/i0.wp.com\/cepronda.com\/blog\/wp-content\/uploads\/2025\/10\/WhatsApp-Image-2025-10-01-at-14.28.44.jpeg?fit=1080%2C1080&ssl=1&resize=1050%2C600 3x"},"classes":[]},{"id":8050,"url":"https:\/\/cepronda.com\/blog\/neurocoaching-en-la-ensenanza-de-idiomas-con-codigo-252922ge100\/","url_meta":{"origin":8118,"position":3},"title":"NEUROCOACHING EN LA ENSE\u00d1ANZA DE IDIOMAS, con c\u00f3digo 252922GE100.","author":"Inmaculada Garc\u00eda","date":"20 enero, 2025","format":false,"excerpt":"Se encuentra abierto el plazo de inscripci\u00f3n al curso provincial: NEUROCOACHING EN LA ENSE\u00d1ANZA DE IDIOMAS (252922GE100). Duraci\u00f3n:15 HORAS presenciales. Fechas de inscripci\u00f3n 17\/1\/25 al 17\/2\/25. FECHAS SESIONES (Horario de ma\u00f1ana de 9:30h a 13:30h): 6,13,20 y 27 de MARZO. LUGAR: AULA 7 CEP M\u00c1LAGA. MODALIDAD: PRESENCIAL. \u00c1MBITO: provincial M\u00e1s\u2026","rel":"","context":"En \u00abFormaciones\u00bb","block_context":{"text":"Formaciones","link":"https:\/\/cepronda.com\/blog\/category\/formaciones\/"},"img":{"alt_text":"","src":"https:\/\/i0.wp.com\/cepronda.com\/blog\/wp-content\/uploads\/2025\/01\/WhatsApp-Image-2025-01-20-at-09.44.12.jpeg?fit=940%2C788&ssl=1&resize=350%2C200","width":350,"height":200,"srcset":"https:\/\/i0.wp.com\/cepronda.com\/blog\/wp-content\/uploads\/2025\/01\/WhatsApp-Image-2025-01-20-at-09.44.12.jpeg?fit=940%2C788&ssl=1&resize=350%2C200 1x, https:\/\/i0.wp.com\/cepronda.com\/blog\/wp-content\/uploads\/2025\/01\/WhatsApp-Image-2025-01-20-at-09.44.12.jpeg?fit=940%2C788&ssl=1&resize=525%2C300 1.5x, https:\/\/i0.wp.com\/cepronda.com\/blog\/wp-content\/uploads\/2025\/01\/WhatsApp-Image-2025-01-20-at-09.44.12.jpeg?fit=940%2C788&ssl=1&resize=700%2C400 2x"},"classes":[]},{"id":4941,"url":"https:\/\/cepronda.com\/blog\/abn-en-primaria-desarrollo-de-la-competencia-matematica\/","url_meta":{"origin":8118,"position":4},"title":"ABN EN PRIMARIA: DESARROLLO DE LA COMPETENCIA MATEM\u00c1TICA","author":"V\u00edctor Caballero","date":"10 enero, 2022","format":false,"excerpt":"Buenas tardes compa\u00f1eros y compa\u00f1eras. Os informamos de la apertura de solicitudes para un curso muy interesante sobre: ABN EN PRIMARIA: DESARROLLO DE LA COMPETENCIA MATEM\u00c1TICA (222924GE044) Curso de 13 h totales 4 sesiones de 2,5 horas presenciales. Y 3 horas no presenciales con tareas SESIONES: M08\/02 (17 a 19:30h)\u2026","rel":"","context":"En \u00abFormaciones\u00bb","block_context":{"text":"Formaciones","link":"https:\/\/cepronda.com\/blog\/category\/formaciones\/"},"img":{"alt_text":"","src":"https:\/\/i0.wp.com\/cepronda.com\/blog\/wp-content\/uploads\/2022\/01\/20220208-Cartel-222924GE044-ABN-Primaria-724x1024.png?resize=350%2C200","width":350,"height":200,"srcset":"https:\/\/i0.wp.com\/cepronda.com\/blog\/wp-content\/uploads\/2022\/01\/20220208-Cartel-222924GE044-ABN-Primaria-724x1024.png?resize=350%2C200 1x, https:\/\/i0.wp.com\/cepronda.com\/blog\/wp-content\/uploads\/2022\/01\/20220208-Cartel-222924GE044-ABN-Primaria-724x1024.png?resize=525%2C300 1.5x, https:\/\/i0.wp.com\/cepronda.com\/blog\/wp-content\/uploads\/2022\/01\/20220208-Cartel-222924GE044-ABN-Primaria-724x1024.png?resize=700%2C400 2x"},"classes":[]},{"id":7288,"url":"https:\/\/cepronda.com\/blog\/inteligencia-artificial-para-docentes\/","url_meta":{"origin":8118,"position":5},"title":"INTELIGENCIA ARTIFICIAL PARA DOCENTES","author":"V\u00edctor Caballero","date":"22 diciembre, 2023","format":false,"excerpt":"Se encuentra abierto el plazo de inscripci\u00f3n para la formaci\u00f3n \u201cINTELIGENCIA ARTIFICIAL PARA DOCENTES.\" C\u00d3DIGO 242924GE013. Ponente:\u00a0 Vanesa Moreno Duraci\u00f3n de la actividad 10 horas presenciales + 2 horas de tareas. Fecha actividad: J11\/01\/2024 (16:30h a 19:00h) CEP de Ronda J18\/01\/2024 (16:30h a 19:00h) CEP de Ronda J25\/01\/2024 (16:30h a\u2026","rel":"","context":"En \u00abFormaciones\u00bb","block_context":{"text":"Formaciones","link":"https:\/\/cepronda.com\/blog\/category\/formaciones\/"},"img":{"alt_text":"","src":"https:\/\/i0.wp.com\/cepronda.com\/blog\/wp-content\/uploads\/2023\/12\/242924GE013-Cartel-Inteligencia-artificial.png?fit=1080%2C1080&ssl=1&resize=350%2C200","width":350,"height":200,"srcset":"https:\/\/i0.wp.com\/cepronda.com\/blog\/wp-content\/uploads\/2023\/12\/242924GE013-Cartel-Inteligencia-artificial.png?fit=1080%2C1080&ssl=1&resize=350%2C200 1x, https:\/\/i0.wp.com\/cepronda.com\/blog\/wp-content\/uploads\/2023\/12\/242924GE013-Cartel-Inteligencia-artificial.png?fit=1080%2C1080&ssl=1&resize=525%2C300 1.5x, https:\/\/i0.wp.com\/cepronda.com\/blog\/wp-content\/uploads\/2023\/12\/242924GE013-Cartel-Inteligencia-artificial.png?fit=1080%2C1080&ssl=1&resize=700%2C400 2x, https:\/\/i0.wp.com\/cepronda.com\/blog\/wp-content\/uploads\/2023\/12\/242924GE013-Cartel-Inteligencia-artificial.png?fit=1080%2C1080&ssl=1&resize=1050%2C600 3x"},"classes":[]}],"jetpack_sharing_enabled":true,"_links":{"self":[{"href":"https:\/\/cepronda.com\/blog\/wp-json\/wp\/v2\/posts\/8118","targetHints":{"allow":["GET"]}}],"collection":[{"href":"https:\/\/cepronda.com\/blog\/wp-json\/wp\/v2\/posts"}],"about":[{"href":"https:\/\/cepronda.com\/blog\/wp-json\/wp\/v2\/types\/post"}],"author":[{"embeddable":true,"href":"https:\/\/cepronda.com\/blog\/wp-json\/wp\/v2\/users\/13"}],"replies":[{"embeddable":true,"href":"https:\/\/cepronda.com\/blog\/wp-json\/wp\/v2\/comments?post=8118"}],"version-history":[{"count":1,"href":"https:\/\/cepronda.com\/blog\/wp-json\/wp\/v2\/posts\/8118\/revisions"}],"predecessor-version":[{"id":8121,"href":"https:\/\/cepronda.com\/blog\/wp-json\/wp\/v2\/posts\/8118\/revisions\/8121"}],"wp:featuredmedia":[{"embeddable":true,"href":"https:\/\/cepronda.com\/blog\/wp-json\/wp\/v2\/media\/8119"}],"wp:attachment":[{"href":"https:\/\/cepronda.com\/blog\/wp-json\/wp\/v2\/media?parent=8118"}],"wp:term":[{"taxonomy":"category","embeddable":true,"href":"https:\/\/cepronda.com\/blog\/wp-json\/wp\/v2\/categories?post=8118"},{"taxonomy":"post_tag","embeddable":true,"href":"https:\/\/cepronda.com\/blog\/wp-json\/wp\/v2\/tags?post=8118"}],"curies":[{"name":"wp","href":"https:\/\/api.w.org\/{rel}","templated":true}]}}