{"id":8099,"date":"2025-02-03T13:26:31","date_gmt":"2025-02-03T12:26:31","guid":{"rendered":"https:\/\/cepronda.com\/blog\/?p=8099"},"modified":"2025-04-28T12:15:16","modified_gmt":"2025-04-28T10:15:16","slug":"atencion-a-la-diversidad-evaluacion-psicopedagogica-e-intervencion-para-orientadores-as-codigo-252922ge058","status":"publish","type":"post","link":"https:\/\/cepronda.com\/blog\/atencion-a-la-diversidad-evaluacion-psicopedagogica-e-intervencion-para-orientadores-as-codigo-252922ge058\/","title":{"rendered":"ATENCI\u00d3N A LA DIVERSIDAD: EVALUACI\u00d3N PSICOPEDAG\u00d3GICA E INTERVENCI\u00d3N PARA ORIENTADORES\/AS. C\u00f3digo: 252922GE058."},"content":{"rendered":"<div class=\"\" data-block=\"true\" data-editor=\"91ais\" data-offset-key=\"ad0nk-0-0\">\n<div class=\"_1mf _1mj\" data-offset-key=\"ad0nk-0-0\"><span data-offset-key=\"ad0nk-0-0\">Abierto el plazo de solicitudes para el curso provincial a distancia: ATENCI\u00d3N A LA DIVERSIDAD: EVALUACI\u00d3N PSICOPEDAG\u00d3GICA E INTERVENCI\u00d3N PARA ORIENTADORES\/AS. C\u00f3digo: 252922GE058. <\/span><\/div>\n<\/div>\n<div class=\"\" data-block=\"true\" data-editor=\"91ais\" data-offset-key=\"datdr-0-0\">\n<div class=\"_1mf _1mj\" data-offset-key=\"datdr-0-0\"><span data-offset-key=\"datdr-0-0\">\u00a0<\/span><\/div>\n<\/div>\n<div class=\"\" data-block=\"true\" data-editor=\"91ais\" data-offset-key=\"2gfln-0-0\">\n<div class=\"_1mf _1mj\" data-offset-key=\"2gfln-0-0\"><span data-offset-key=\"2gfln-0-0\">Dirigido preferentemente a Profesorado de la especialidad de Orientaci\u00f3n Educativa. Inscripci\u00f3n: 03\/02\/2025 al 16\/02\/2025. <\/span><\/div>\n<\/div>\n<div class=\"\" data-block=\"true\" data-editor=\"91ais\" data-offset-key=\"dlgk6-0-0\">\n<div class=\"_1mf _1mj\" data-offset-key=\"dlgk6-0-0\"><span data-offset-key=\"dlgk6-0-0\">Fecha de actividad 04\/03\/2025 hasta 11\/05\/2025. <\/span><\/div>\n<\/div>\n<div class=\"\" data-block=\"true\" data-editor=\"91ais\" data-offset-key=\"hu85-0-0\">\n<div class=\"_1mf _1mj\" data-offset-key=\"hu85-0-0\"><span data-offset-key=\"hu85-0-0\">Duraci\u00f3n: 40 horas en el AVFP<\/span><\/div>\n<\/div>\n<div class=\"\" data-block=\"true\" data-editor=\"91ais\" data-offset-key=\"esmpa-0-0\">\n<div class=\"_1mf _1mj\" data-offset-key=\"esmpa-0-0\"><span data-offset-key=\"esmpa-0-0\">M\u00e1s informaci\u00f3n e inscripciones:<a href=\"https:\/\/bit.ly\/4ghXdfQ\"> https:\/\/bit.ly\/4ghXdfQ<\/a><\/span><\/div>\n<div class=\"_1mf _1mj\" data-offset-key=\"esmpa-0-0\"><span data-offset-key=\"esmpa-0-0\"><a href=\"https:\/\/bit.ly\/4ghXdfQ\"><img data-recalc-dims=\"1\" loading=\"lazy\" decoding=\"async\" class=\"aligncenter  wp-image-8100\" src=\"https:\/\/i0.wp.com\/cepronda.com\/blog\/wp-content\/uploads\/2025\/02\/evaluacion-psicopedagogica.jpg?resize=338%2C338&#038;ssl=1\" alt=\"\" width=\"338\" height=\"338\" srcset=\"https:\/\/i0.wp.com\/cepronda.com\/blog\/wp-content\/uploads\/2025\/02\/evaluacion-psicopedagogica.jpg?resize=1024%2C1024&amp;ssl=1 1024w, https:\/\/i0.wp.com\/cepronda.com\/blog\/wp-content\/uploads\/2025\/02\/evaluacion-psicopedagogica.jpg?resize=300%2C300&amp;ssl=1 300w, https:\/\/i0.wp.com\/cepronda.com\/blog\/wp-content\/uploads\/2025\/02\/evaluacion-psicopedagogica.jpg?resize=150%2C150&amp;ssl=1 150w, https:\/\/i0.wp.com\/cepronda.com\/blog\/wp-content\/uploads\/2025\/02\/evaluacion-psicopedagogica.jpg?resize=768%2C768&amp;ssl=1 768w, https:\/\/i0.wp.com\/cepronda.com\/blog\/wp-content\/uploads\/2025\/02\/evaluacion-psicopedagogica.jpg?resize=50%2C50&amp;ssl=1 50w, https:\/\/i0.wp.com\/cepronda.com\/blog\/wp-content\/uploads\/2025\/02\/evaluacion-psicopedagogica.jpg?w=1080&amp;ssl=1 1080w\" sizes=\"auto, (max-width: 338px) 100vw, 338px\" \/><\/a><\/span><\/div>\n<\/div>\n","protected":false},"excerpt":{"rendered":"<p>Abierto el plazo de solicitudes para el curso provincial a distancia: ATENCI\u00d3N A LA DIVERSIDAD: EVALUACI\u00d3N PSICOPEDAG\u00d3GICA E INTERVENCI\u00d3N PARA ORIENTADORES\/AS. C\u00f3digo: 252922GE058. \u00a0 Dirigido preferentemente a Profesorado de la especialidad de Orientaci\u00f3n Educativa. Inscripci\u00f3n: 03\/02\/2025 al 16\/02\/2025. Fecha de actividad 04\/03\/2025 hasta 11\/05\/2025. Duraci\u00f3n: 40 horas en el AVFP M\u00e1s informaci\u00f3n e inscripciones: https:\/\/bit.ly\/4ghXdfQ<\/p>\n","protected":false},"author":9,"featured_media":8100,"comment_status":"closed","ping_status":"open","sticky":false,"template":"","format":"standard","meta":{"_crdt_document":"","advanced_seo_description":"","jetpack_seo_html_title":"","jetpack_seo_noindex":false,"jetpack_post_was_ever_published":false,"_jetpack_newsletter_access":"","_jetpack_dont_email_post_to_subs":false,"_jetpack_newsletter_tier_id":0,"_jetpack_memberships_contains_paywalled_content":false,"_jetpack_memberships_contains_paid_content":false,"footnotes":"","jetpack_publicize_message":"","jetpack_publicize_feature_enabled":true,"jetpack_social_post_already_shared":false,"jetpack_social_options":{"image_generator_settings":{"template":"highway","default_image_id":0,"font":"","enabled":false},"version":2}},"categories":[3,5],"tags":[126,386,387,333],"class_list":{"0":"post-8099","1":"post","2":"type-post","3":"status-publish","4":"format-standard","5":"has-post-thumbnail","7":"category-formaciones","8":"category-noticias","9":"tag-atencion-a-la-diversidad","10":"tag-evaluacion-psicopedagogica","11":"tag-intervencion","12":"tag-orientacion","13":"czr-hentry"},"jetpack_publicize_connections":[],"jetpack_featured_media_url":"https:\/\/i0.wp.com\/cepronda.com\/blog\/wp-content\/uploads\/2025\/02\/evaluacion-psicopedagogica.jpg?fit=1080%2C1080&ssl=1","jetpack_shortlink":"https:\/\/wp.me\/p8M4X7-26D","jetpack-related-posts":[{"id":8761,"url":"https:\/\/cepronda.com\/blog\/atencion-a-la-diversidad-evaluacion-psicopedagogica-e-intervencion-para-orientadores-as-codigo-262922ge036\/","url_meta":{"origin":8099,"position":0},"title":"ATENCI\u00d3N A LA DIVERSIDAD: EVALUACI\u00d3N PSICOPEDAG\u00d3GICA E INTERVENCI\u00d3N PARA ORIENTADORES\/AS. C\u00f3digo: 262922GE036.","author":"Inmaculada Garc\u00eda","date":"9 septiembre, 2025","format":false,"excerpt":"Se ha abierto el plazo de inscripci\u00f3n para la actividad provincial a distancia: ATENCI\u00d3N A LA DIVERSIDAD: EVALUACI\u00d3N PSICOPEDAG\u00d3GICA E INTERVENCI\u00d3N PARA ORIENTADORES\/AS. C\u00f3digo: 262922GE036. Se desarrollar\u00e1 en el Aula Virtual de Formaci\u00f3n del Profesorado con una dedicaci\u00f3n de 40h. Dirigido preferentemente a Profesorado de la especialidad de Orientaci\u00f3n Educativa.\u2026","rel":"","context":"En \u00abFormaciones\u00bb","block_context":{"text":"Formaciones","link":"https:\/\/cepronda.com\/blog\/category\/formaciones\/"},"img":{"alt_text":"","src":"https:\/\/i0.wp.com\/cepronda.com\/blog\/wp-content\/uploads\/2025\/09\/WhatsApp-Image-2025-09-09-at-09.52.45.jpeg?fit=1080%2C1080&ssl=1&resize=350%2C200","width":350,"height":200,"srcset":"https:\/\/i0.wp.com\/cepronda.com\/blog\/wp-content\/uploads\/2025\/09\/WhatsApp-Image-2025-09-09-at-09.52.45.jpeg?fit=1080%2C1080&ssl=1&resize=350%2C200 1x, https:\/\/i0.wp.com\/cepronda.com\/blog\/wp-content\/uploads\/2025\/09\/WhatsApp-Image-2025-09-09-at-09.52.45.jpeg?fit=1080%2C1080&ssl=1&resize=525%2C300 1.5x, https:\/\/i0.wp.com\/cepronda.com\/blog\/wp-content\/uploads\/2025\/09\/WhatsApp-Image-2025-09-09-at-09.52.45.jpeg?fit=1080%2C1080&ssl=1&resize=700%2C400 2x, https:\/\/i0.wp.com\/cepronda.com\/blog\/wp-content\/uploads\/2025\/09\/WhatsApp-Image-2025-09-09-at-09.52.45.jpeg?fit=1080%2C1080&ssl=1&resize=1050%2C600 3x"},"classes":[]},{"id":7690,"url":"https:\/\/cepronda.com\/blog\/formacion-formacion-avanzada-para-orientadores-as-codigo-252922ge051\/","url_meta":{"origin":8099,"position":1},"title":"FORMACI\u00d3N: FORMACI\u00d3N AVANZADA PARA ORIENTADORES\/AS\u00bb, c\u00f3digo: 252922GE051.","author":"Inmaculada Garc\u00eda","date":"10 septiembre, 2024","format":false,"excerpt":"Os informamos que se encuentra abierta la inscripci\u00f3n en el curso provincial, organizado por el CEP de M\u00e1laga: \"FORMACI\u00d3N AVANZADA PARA ORIENTADORES\/AS\", con c\u00f3digo: 252922GE051. Este curso est\u00e1 dirigido a maestros y maestras tutores\/as de Infantil y Primaria de centros p\u00fablicos. Sesiones presenciales mediante videoconferencia en directo. - Inscripciones: del\u2026","rel":"","context":"En \u00abFormaciones\u00bb","block_context":{"text":"Formaciones","link":"https:\/\/cepronda.com\/blog\/category\/formaciones\/"},"img":{"alt_text":"","src":"https:\/\/i0.wp.com\/cepronda.com\/blog\/wp-content\/uploads\/2024\/09\/CARTEL-ORIENTADORES-AVANZADO.jpg?fit=1080%2C1080&ssl=1&resize=350%2C200","width":350,"height":200,"srcset":"https:\/\/i0.wp.com\/cepronda.com\/blog\/wp-content\/uploads\/2024\/09\/CARTEL-ORIENTADORES-AVANZADO.jpg?fit=1080%2C1080&ssl=1&resize=350%2C200 1x, https:\/\/i0.wp.com\/cepronda.com\/blog\/wp-content\/uploads\/2024\/09\/CARTEL-ORIENTADORES-AVANZADO.jpg?fit=1080%2C1080&ssl=1&resize=525%2C300 1.5x, https:\/\/i0.wp.com\/cepronda.com\/blog\/wp-content\/uploads\/2024\/09\/CARTEL-ORIENTADORES-AVANZADO.jpg?fit=1080%2C1080&ssl=1&resize=700%2C400 2x, https:\/\/i0.wp.com\/cepronda.com\/blog\/wp-content\/uploads\/2024\/09\/CARTEL-ORIENTADORES-AVANZADO.jpg?fit=1080%2C1080&ssl=1&resize=1050%2C600 3x"},"classes":[]},{"id":8750,"url":"https:\/\/cepronda.com\/blog\/atencion-al-alumnado-neae-guia-rapida-para-equipos-docentes-codigo-262924ge201\/","url_meta":{"origin":8099,"position":2},"title":"ATENCI\u00d3N AL ALUMNADO NEAE: GU\u00cdA R\u00c1PIDA PARA EQUIPOS DOCENTES. C\u00f3digo: 262924GE201.","author":"Inmaculada Garc\u00eda","date":"3 septiembre, 2025","format":false,"excerpt":"Se ha abierto el plazo de inscripci\u00f3n para la actividad provincial a distancia ATENCI\u00d3N AL ALUMNADO NEAE: GU\u00cdA R\u00c1PIDA PARA EQUIPOS DOCENTES. C\u00f3digo: 262924GE201. Plazo de inscripci\u00f3n: 02\/09\/2025 hasta 15\/09\/2025 Fecha de la actividad: 18\/09\/2025 hasta 18\/11\/2025 Lugar de realizaci\u00f3n: AVFP Detalles e inscripci\u00f3n: https:\/\/www.juntadeandalucia.es\/educacion\/secretariavirtual\/consultaCEP\/actividad\/262924GE201\/ En este curso se ver\u00e1n\u2026","rel":"","context":"En \u00abFormaciones\u00bb","block_context":{"text":"Formaciones","link":"https:\/\/cepronda.com\/blog\/category\/formaciones\/"},"img":{"alt_text":"","src":"https:\/\/i0.wp.com\/cepronda.com\/blog\/wp-content\/uploads\/2025\/09\/Cartel-262924GE201-scaled.jpg?fit=848%2C1200&ssl=1&resize=350%2C200","width":350,"height":200,"srcset":"https:\/\/i0.wp.com\/cepronda.com\/blog\/wp-content\/uploads\/2025\/09\/Cartel-262924GE201-scaled.jpg?fit=848%2C1200&ssl=1&resize=350%2C200 1x, https:\/\/i0.wp.com\/cepronda.com\/blog\/wp-content\/uploads\/2025\/09\/Cartel-262924GE201-scaled.jpg?fit=848%2C1200&ssl=1&resize=525%2C300 1.5x, https:\/\/i0.wp.com\/cepronda.com\/blog\/wp-content\/uploads\/2025\/09\/Cartel-262924GE201-scaled.jpg?fit=848%2C1200&ssl=1&resize=700%2C400 2x"},"classes":[]},{"id":7873,"url":"https:\/\/cepronda.com\/blog\/curso-provincial-a-distancia-atencion-al-alumnado-tdah-estrategias-de-intervencion-en-primaria-codigo-252922ge050\/","url_meta":{"origin":8099,"position":3},"title":"CURSO PROVINCIAL A DISTANCIA: ATENCI\u00d3N AL ALUMNADO TDAH: ESTRATEGIAS DE INTERVENCI\u00d3N EN PRIMARIA. C\u00f3digo: 252922GE050.","author":"Inmaculada Garc\u00eda","date":"28 noviembre, 2024","format":false,"excerpt":"Abierto el plazo de solicitudes para el curso provincial a distancia: ATENCI\u00d3N AL ALUMNADO TDAH: ESTRATEGIAS DE INTERVENCI\u00d3N EN PRIMARIA. C\u00f3digo: 252922GE050. Dirigido preferentemente a profesorado de educaci\u00f3n primaria. \u27a1 Curso a distancia de 40 horas, dirigido preferentemente a profesorado de educaci\u00f3n primaria. \u270f Inscripci\u00f3n: 02\/12\/2024 al 15\/12\/2024. Fecha de\u2026","rel":"","context":"En \u00abFormaciones\u00bb","block_context":{"text":"Formaciones","link":"https:\/\/cepronda.com\/blog\/category\/formaciones\/"},"img":{"alt_text":"","src":"https:\/\/i0.wp.com\/cepronda.com\/blog\/wp-content\/uploads\/2024\/11\/WhatsApp-Image-2024-11-28-at-10.46.36.jpeg?fit=1080%2C1080&ssl=1&resize=350%2C200","width":350,"height":200,"srcset":"https:\/\/i0.wp.com\/cepronda.com\/blog\/wp-content\/uploads\/2024\/11\/WhatsApp-Image-2024-11-28-at-10.46.36.jpeg?fit=1080%2C1080&ssl=1&resize=350%2C200 1x, https:\/\/i0.wp.com\/cepronda.com\/blog\/wp-content\/uploads\/2024\/11\/WhatsApp-Image-2024-11-28-at-10.46.36.jpeg?fit=1080%2C1080&ssl=1&resize=525%2C300 1.5x, https:\/\/i0.wp.com\/cepronda.com\/blog\/wp-content\/uploads\/2024\/11\/WhatsApp-Image-2024-11-28-at-10.46.36.jpeg?fit=1080%2C1080&ssl=1&resize=700%2C400 2x, https:\/\/i0.wp.com\/cepronda.com\/blog\/wp-content\/uploads\/2024\/11\/WhatsApp-Image-2024-11-28-at-10.46.36.jpeg?fit=1080%2C1080&ssl=1&resize=1050%2C600 3x"},"classes":[]},{"id":7994,"url":"https:\/\/cepronda.com\/blog\/curso-provincial-pautas-de-afrontamiento-psicologico-dirigidas-a-orientadores-as-ante-conductas-de-mayor-prevalencia-en-salud-mental-del-alumnado-codigo-252925ge602\/","url_meta":{"origin":8099,"position":4},"title":"CURSO PROVINCIAL \u00abPAUTAS DE AFRONTAMIENTO PSICOL\u00d3GICO DIRIGIDAS A ORIENTADORES\/AS ANTE CONDUCTAS DE MAYOR PREVALENCIA EN SALUD MENTAL DEL ALUMNADO\u00bb C\u00f3digo: 252925GE602.","author":"Inmaculada Garc\u00eda","date":"7 enero, 2025","format":false,"excerpt":"Informamos que se encuentra abierto el plazo de inscripci\u00f3n del curso provincial: \"PAUTAS DE AFRONTAMIENTO PSICOL\u00d3GICO DIRIGIDAS A ORIENTADORES\/AS ANTE CONDUCTAS DE MAYOR PREVALENCIA EN SALUD MENTAL DEL ALUMNADO\" C\u00f3digo: 252925GE602. Curso presencial a trav\u00e9s de videoconferencia (plataforma WEBEX). Dirigido a orientadores\/as de IES y EOE, y m\u00e9dicos de EOE.\u2026","rel":"","context":"En \u00abFormaciones\u00bb","block_context":{"text":"Formaciones","link":"https:\/\/cepronda.com\/blog\/category\/formaciones\/"},"img":{"alt_text":"","src":"https:\/\/i0.wp.com\/cepronda.com\/blog\/wp-content\/uploads\/2025\/01\/WhatsApp-Image-2025-01-07-at-11.43.01.jpeg?fit=960%2C1200&ssl=1&resize=350%2C200","width":350,"height":200,"srcset":"https:\/\/i0.wp.com\/cepronda.com\/blog\/wp-content\/uploads\/2025\/01\/WhatsApp-Image-2025-01-07-at-11.43.01.jpeg?fit=960%2C1200&ssl=1&resize=350%2C200 1x, https:\/\/i0.wp.com\/cepronda.com\/blog\/wp-content\/uploads\/2025\/01\/WhatsApp-Image-2025-01-07-at-11.43.01.jpeg?fit=960%2C1200&ssl=1&resize=525%2C300 1.5x, https:\/\/i0.wp.com\/cepronda.com\/blog\/wp-content\/uploads\/2025\/01\/WhatsApp-Image-2025-01-07-at-11.43.01.jpeg?fit=960%2C1200&ssl=1&resize=700%2C400 2x"},"classes":[]},{"id":4718,"url":"https:\/\/cepronda.com\/blog\/sites-del-equipo-provincial-de-atencion-a-la-diversidad\/","url_meta":{"origin":8099,"position":5},"title":"SITES DEL EQUIPO PROVINCIAL DE ATENCI\u00d3N A LA DIVERSIDAD","author":"Inmaculada Garc\u00eda","date":"5 octubre, 2021","format":false,"excerpt":"Desde el Equipo Provincial de Atenci\u00f3n a la Diversidad, constituido por las asesor\u00edas de los cinco CEPs de la provincia de M\u00e1laga, lanzamos diversos SITES y canales de Telegram para informar sobre recursos, remitir propuestas formativas y novedades, que faciliten vuestra labor. Para m\u00e1s informaci\u00f3n e inscripci\u00f3n, pincha en los\u2026","rel":"","context":"En \u00abFormaciones\u00bb","block_context":{"text":"Formaciones","link":"https:\/\/cepronda.com\/blog\/category\/formaciones\/"},"img":{"alt_text":"","src":"https:\/\/i0.wp.com\/cepronda.com\/blog\/wp-content\/uploads\/2021\/10\/SITES.png?resize=350%2C200","width":350,"height":200},"classes":[]}],"jetpack_sharing_enabled":true,"_links":{"self":[{"href":"https:\/\/cepronda.com\/blog\/wp-json\/wp\/v2\/posts\/8099","targetHints":{"allow":["GET"]}}],"collection":[{"href":"https:\/\/cepronda.com\/blog\/wp-json\/wp\/v2\/posts"}],"about":[{"href":"https:\/\/cepronda.com\/blog\/wp-json\/wp\/v2\/types\/post"}],"author":[{"embeddable":true,"href":"https:\/\/cepronda.com\/blog\/wp-json\/wp\/v2\/users\/9"}],"replies":[{"embeddable":true,"href":"https:\/\/cepronda.com\/blog\/wp-json\/wp\/v2\/comments?post=8099"}],"version-history":[{"count":1,"href":"https:\/\/cepronda.com\/blog\/wp-json\/wp\/v2\/posts\/8099\/revisions"}],"predecessor-version":[{"id":8101,"href":"https:\/\/cepronda.com\/blog\/wp-json\/wp\/v2\/posts\/8099\/revisions\/8101"}],"wp:featuredmedia":[{"embeddable":true,"href":"https:\/\/cepronda.com\/blog\/wp-json\/wp\/v2\/media\/8100"}],"wp:attachment":[{"href":"https:\/\/cepronda.com\/blog\/wp-json\/wp\/v2\/media?parent=8099"}],"wp:term":[{"taxonomy":"category","embeddable":true,"href":"https:\/\/cepronda.com\/blog\/wp-json\/wp\/v2\/categories?post=8099"},{"taxonomy":"post_tag","embeddable":true,"href":"https:\/\/cepronda.com\/blog\/wp-json\/wp\/v2\/tags?post=8099"}],"curies":[{"name":"wp","href":"https:\/\/api.w.org\/{rel}","templated":true}]}}