{"id":8090,"date":"2025-01-30T10:59:24","date_gmt":"2025-01-30T09:59:24","guid":{"rendered":"https:\/\/cepronda.com\/blog\/?p=8090"},"modified":"2025-04-28T12:00:08","modified_gmt":"2025-04-28T10:00:08","slug":"los-cuentos-como-recurso-para-el-desarrollo-de-la-competencia-matematica-en-educacion-infantil","status":"publish","type":"post","link":"https:\/\/cepronda.com\/blog\/los-cuentos-como-recurso-para-el-desarrollo-de-la-competencia-matematica-en-educacion-infantil\/","title":{"rendered":"LOS CUENTOS COMO RECURSO PARA EL DESARROLLO DE LA COMPETENCIA MATEM\u00c1TICA EN EDUCACI\u00d3N INFANTIL"},"content":{"rendered":"<p class=\"cvGsUA direction-ltr align-center para-style-body\"><span class=\"OYPEnA font-feature-liga-off font-feature-clig-off font-feature-calt-off text-decoration-none text-strikethrough-none\">Abierto el plazo de solicitudes para el curso<strong> \u201cLOS CUENTOS COMO RECURSO PARA EL DESARROLLO DE LA COMPETENCIA MATEM\u00c1TICA EN EDUCACI\u00d3N INFANTIL\u201d<\/strong> con c\u00f3digo <strong>252924GE250<\/strong><\/span><\/p>\n<p class=\"cvGsUA direction-ltr align-center para-style-body\"><strong>Ponente: <\/strong>Mar\u00eda del Mar Qu\u00edrell Jos\u00e9<\/p>\n<p class=\"cvGsUA direction-ltr align-center para-style-body\"><strong>Dirigido:<\/strong> Profesorado de Educaci\u00f3n Infantil<\/p>\n<p class=\"cvGsUA direction-ltr align-center para-style-body\"><span class=\"OYPEnA font-feature-liga-off font-feature-clig-off font-feature-calt-off text-decoration-none text-strikethrough-none\"><strong>Inscripci\u00f3n:<\/strong> 30\/01\/2025 hasta el 21\/02\/2025<\/span><\/p>\n<p class=\"cvGsUA direction-ltr align-center para-style-body\"><span class=\"OYPEnA font-feature-liga-off font-feature-clig-off font-feature-calt-off text-decoration-none text-strikethrough-none\"><strong>Fecha de la actividad:<\/strong> 04\/03\/2025 hasta el 25\/04\/2025<\/span><\/p>\n<p class=\"cvGsUA direction-ltr align-center para-style-body\"><span class=\"OYPEnA font-feature-liga-off font-feature-clig-off font-feature-calt-off text-decoration-none text-strikethrough-none\"><strong>Duraci\u00f3n:<\/strong> 40 horas en el AVFP<\/span><\/p>\n<p class=\"cvGsUA direction-ltr align-center para-style-body\"><span class=\"OYPEnA font-feature-liga-off font-feature-clig-off font-feature-calt-off text-decoration-none text-strikethrough-none\"><strong>Sesi\u00f3n presencial:<\/strong> 13 de marzo de 17:00 a 19:00<\/span><\/p>\n<p class=\"cvGsUA direction-ltr align-center para-style-body\"><span class=\"OYPEnA font-feature-liga-off font-feature-clig-off font-feature-calt-off text-decoration-none text-strikethrough-none\"><strong>Para m\u00e1s informaci\u00f3n e inscripciones:<\/strong> <a href=\"https:\/\/www.juntadeandalucia.es\/educacion\/secretariavirtual\/consultaCEP\/actividad\/252924GE250\/\">https:\/\/www.juntadeandalucia.es\/educacion\/secretariavirtual\/consultaCEP\/actividad\/252924GE250\/<\/a><\/span><\/p>\n<p class=\"cvGsUA direction-ltr align-center para-style-body\"><span class=\"OYPEnA font-feature-liga-off font-feature-clig-off font-feature-calt-off text-decoration-none text-strikethrough-none\"><a href=\"https:\/\/www.juntadeandalucia.es\/educacion\/secretariavirtual\/consultaCEP\/actividad\/252924GE250\/\"><img data-recalc-dims=\"1\" loading=\"lazy\" decoding=\"async\" class=\"wp-image-8096 aligncenter\" src=\"https:\/\/i0.wp.com\/cepronda.com\/blog\/wp-content\/uploads\/2025\/01\/CARTEL-MATEMATICAS-CUENTOS-2.jpg?resize=300%2C300&#038;ssl=1\" alt=\"\" width=\"300\" height=\"300\" srcset=\"https:\/\/i0.wp.com\/cepronda.com\/blog\/wp-content\/uploads\/2025\/01\/CARTEL-MATEMATICAS-CUENTOS-2.jpg?resize=300%2C300&amp;ssl=1 300w, https:\/\/i0.wp.com\/cepronda.com\/blog\/wp-content\/uploads\/2025\/01\/CARTEL-MATEMATICAS-CUENTOS-2.jpg?resize=1024%2C1024&amp;ssl=1 1024w, https:\/\/i0.wp.com\/cepronda.com\/blog\/wp-content\/uploads\/2025\/01\/CARTEL-MATEMATICAS-CUENTOS-2.jpg?resize=150%2C150&amp;ssl=1 150w, https:\/\/i0.wp.com\/cepronda.com\/blog\/wp-content\/uploads\/2025\/01\/CARTEL-MATEMATICAS-CUENTOS-2.jpg?resize=768%2C768&amp;ssl=1 768w, https:\/\/i0.wp.com\/cepronda.com\/blog\/wp-content\/uploads\/2025\/01\/CARTEL-MATEMATICAS-CUENTOS-2.jpg?resize=50%2C50&amp;ssl=1 50w, https:\/\/i0.wp.com\/cepronda.com\/blog\/wp-content\/uploads\/2025\/01\/CARTEL-MATEMATICAS-CUENTOS-2.jpg?w=1080&amp;ssl=1 1080w\" sizes=\"auto, (max-width: 300px) 100vw, 300px\" \/><\/a><\/span><\/p>\n<p class=\"cvGsUA direction-ltr align-center para-style-body\">\n<p class=\"cvGsUA direction-ltr align-center para-style-body\">\n","protected":false},"excerpt":{"rendered":"<p>Abierto el plazo de solicitudes para el curso \u201cLOS CUENTOS COMO RECURSO PARA EL DESARROLLO DE LA COMPETENCIA MATEM\u00c1TICA EN EDUCACI\u00d3N INFANTIL\u201d con c\u00f3digo 252924GE250 Ponente: Mar\u00eda del Mar Qu\u00edrell Jos\u00e9 Dirigido: Profesorado de Educaci\u00f3n Infantil Inscripci\u00f3n: 30\/01\/2025 hasta el 21\/02\/2025 Fecha de la actividad: 04\/03\/2025 hasta el 25\/04\/2025 Duraci\u00f3n: 40 horas en el AVFP [&hellip;]<\/p>\n","protected":false},"author":13,"featured_media":8096,"comment_status":"closed","ping_status":"open","sticky":false,"template":"","format":"standard","meta":{"_crdt_document":"","advanced_seo_description":"","jetpack_seo_html_title":"","jetpack_seo_noindex":false,"jetpack_post_was_ever_published":false,"_jetpack_newsletter_access":"","_jetpack_dont_email_post_to_subs":false,"_jetpack_newsletter_tier_id":0,"_jetpack_memberships_contains_paywalled_content":false,"_jetpack_memberships_contains_paid_content":false,"footnotes":"","jetpack_publicize_message":"","jetpack_publicize_feature_enabled":true,"jetpack_social_post_already_shared":false,"jetpack_social_options":{"image_generator_settings":{"template":"highway","default_image_id":0,"font":"","enabled":false},"version":2}},"categories":[3,5],"tags":[],"class_list":{"0":"post-8090","1":"post","2":"type-post","3":"status-publish","4":"format-standard","5":"has-post-thumbnail","7":"category-formaciones","8":"category-noticias","9":"czr-hentry"},"jetpack_publicize_connections":[],"jetpack_featured_media_url":"https:\/\/i0.wp.com\/cepronda.com\/blog\/wp-content\/uploads\/2025\/01\/CARTEL-MATEMATICAS-CUENTOS-2.jpg?fit=1080%2C1080&ssl=1","jetpack_shortlink":"https:\/\/wp.me\/p8M4X7-26u","jetpack-related-posts":[{"id":9047,"url":"https:\/\/cepronda.com\/blog\/569-mejora-de-la-competencia-matematica-en-el-aula-de-educacion-infantil-y-primaria-nivel-i\/","url_meta":{"origin":8090,"position":0},"title":"569. MEJORA DE LA COMPETENCIA MATEM\u00c1TICA EN EL AULA DE EDUCACI\u00d3N INFANTIL Y PRIMARIA. NIVEL I.","author":"Inmaculada Garc\u00eda","date":"14 noviembre, 2025","format":false,"excerpt":"Se encuentra abierto el plazo de inscripci\u00f3n para la formaci\u00f3n regional a distancia: 569. MEJORA DE LA COMPETENCIA MATEM\u00c1TICA EN EL AULA DE EDUCACI\u00d3N INFANTIL Y PRIMARIA. NIVEL I. C\u00f3digo: 269920KPF569. Con una dedicaci\u00f3n de 30 HORAS NO PRESENCIALES (AVFP). Plazo de solicitudes: 11 noviembre al 18 de noviembre. Listado\u2026","rel":"","context":"En \u00abFormaciones\u00bb","block_context":{"text":"Formaciones","link":"https:\/\/cepronda.com\/blog\/category\/formaciones\/"},"img":{"alt_text":"","src":"https:\/\/i0.wp.com\/cepronda.com\/blog\/wp-content\/uploads\/2025\/11\/Copia-de-CEP-MOTOR-INTERNACIONALIZACION-PRIMEROS-PASOS.pptx-3.jpg?fit=960%2C1200&ssl=1&resize=350%2C200","width":350,"height":200,"srcset":"https:\/\/i0.wp.com\/cepronda.com\/blog\/wp-content\/uploads\/2025\/11\/Copia-de-CEP-MOTOR-INTERNACIONALIZACION-PRIMEROS-PASOS.pptx-3.jpg?fit=960%2C1200&ssl=1&resize=350%2C200 1x, https:\/\/i0.wp.com\/cepronda.com\/blog\/wp-content\/uploads\/2025\/11\/Copia-de-CEP-MOTOR-INTERNACIONALIZACION-PRIMEROS-PASOS.pptx-3.jpg?fit=960%2C1200&ssl=1&resize=525%2C300 1.5x, https:\/\/i0.wp.com\/cepronda.com\/blog\/wp-content\/uploads\/2025\/11\/Copia-de-CEP-MOTOR-INTERNACIONALIZACION-PRIMEROS-PASOS.pptx-3.jpg?fit=960%2C1200&ssl=1&resize=700%2C400 2x"},"classes":[]},{"id":7321,"url":"https:\/\/cepronda.com\/blog\/abn-en-infantil-y-educacion-especial-desarrollo-de-la-competencia-matematica-2\/","url_meta":{"origin":8090,"position":1},"title":"ABN EN INFANTIL Y EDUCACI\u00d3N ESPECIAL: DESARROLLO DE LA COMPETENCIA MATEM\u00c1TICA","author":"V\u00edctor Caballero","date":"11 enero, 2024","format":false,"excerpt":"Se encuentra abierto el plazo de inscripci\u00f3n para la formaci\u00f3n \u201cABN EN INFANTIL Y EDUCACI\u00d3N ESPECIAL: DESARROLLO DE LA COMPETENCIA MATEM\u00c1TICA\" C\u00d3DIGO 242924GE011 Ponentes:\u00a0 Basi Guijarro y Fabiola Heredia Duraci\u00f3n de la actividad 10 horas presenciales + 3 horas de tareas. Fecha actividad: X31 ene( 17:00 a 19:30h) CEP Ronda\u2026","rel":"","context":"En \u00abFormaciones\u00bb","block_context":{"text":"Formaciones","link":"https:\/\/cepronda.com\/blog\/category\/formaciones\/"},"img":{"alt_text":"","src":"https:\/\/i0.wp.com\/cepronda.com\/blog\/wp-content\/uploads\/2024\/01\/CARTEL-ABN-MATEMATICAS-ENERO-2024.png?fit=1080%2C1080&ssl=1&resize=350%2C200","width":350,"height":200,"srcset":"https:\/\/i0.wp.com\/cepronda.com\/blog\/wp-content\/uploads\/2024\/01\/CARTEL-ABN-MATEMATICAS-ENERO-2024.png?fit=1080%2C1080&ssl=1&resize=350%2C200 1x, https:\/\/i0.wp.com\/cepronda.com\/blog\/wp-content\/uploads\/2024\/01\/CARTEL-ABN-MATEMATICAS-ENERO-2024.png?fit=1080%2C1080&ssl=1&resize=525%2C300 1.5x, https:\/\/i0.wp.com\/cepronda.com\/blog\/wp-content\/uploads\/2024\/01\/CARTEL-ABN-MATEMATICAS-ENERO-2024.png?fit=1080%2C1080&ssl=1&resize=700%2C400 2x, https:\/\/i0.wp.com\/cepronda.com\/blog\/wp-content\/uploads\/2024\/01\/CARTEL-ABN-MATEMATICAS-ENERO-2024.png?fit=1080%2C1080&ssl=1&resize=1050%2C600 3x"},"classes":[]},{"id":4937,"url":"https:\/\/cepronda.com\/blog\/abn-en-infantil-y-educacion-especial-desarrollo-de-la-competencia-matematica\/","url_meta":{"origin":8090,"position":2},"title":"ABN EN INFANTIL Y EDUCACI\u00d3N ESPECIAL: DESARROLLO DE LA COMPETENCIA MATEM\u00c1TICA","author":"V\u00edctor Caballero","date":"10 enero, 2022","format":false,"excerpt":"Buenas tardes compa\u00f1eros y compa\u00f1eras. Os informamos de la apertura de solicitudes para un curso muy interesante sobre: ABN EN INFANTIL Y EDUCACI\u00d3N ESPECIAL: DESARROLLO DE LA COMPETENCIA MATEM\u00c1TICA (222924GE045) Curso de 13 h totales 4 sesiones de 2,5 horas presenciales (2 de ellas por videoconferencias) Y 3 horas no\u2026","rel":"","context":"En \u00abFormaciones\u00bb","block_context":{"text":"Formaciones","link":"https:\/\/cepronda.com\/blog\/category\/formaciones\/"},"img":{"alt_text":"","src":"https:\/\/i0.wp.com\/cepronda.com\/blog\/wp-content\/uploads\/2022\/01\/20220208-Cartel-222924GE045-ABN-Infantil-y-EE.png?fit=848%2C1200&ssl=1&resize=350%2C200","width":350,"height":200,"srcset":"https:\/\/i0.wp.com\/cepronda.com\/blog\/wp-content\/uploads\/2022\/01\/20220208-Cartel-222924GE045-ABN-Infantil-y-EE.png?fit=848%2C1200&ssl=1&resize=350%2C200 1x, https:\/\/i0.wp.com\/cepronda.com\/blog\/wp-content\/uploads\/2022\/01\/20220208-Cartel-222924GE045-ABN-Infantil-y-EE.png?fit=848%2C1200&ssl=1&resize=525%2C300 1.5x, https:\/\/i0.wp.com\/cepronda.com\/blog\/wp-content\/uploads\/2022\/01\/20220208-Cartel-222924GE045-ABN-Infantil-y-EE.png?fit=848%2C1200&ssl=1&resize=700%2C400 2x"},"classes":[]},{"id":4585,"url":"https:\/\/cepronda.com\/blog\/desarrollo-de-la-competencia-matematica-en-infantil-y-primaria\/","url_meta":{"origin":8090,"position":3},"title":"DESARROLLO DE LA COMPETENCIA MATEM\u00c1TICA EN INFANTIL Y PRIMARIA","author":"V\u00edctor Caballero","date":"6 septiembre, 2021","format":false,"excerpt":"Buenos d\u00edas\u00a0 compa\u00f1eras y compa\u00f1eros, Desde el CEP de Ronda os informamos que est\u00e1 abierto el plazo de inscripci\u00f3n de la formaci\u00f3n\u00a0 DESARROLLO DE LA COMPETENCIA MATEM\u00c1TICA EN INFANTIL Y PRIMARIA . C\u00f3digo: 222924GE003.\u00a0 Las fechas de la formaci\u00f3n son las siguientes:\u00a0 *Fecha inscripci\u00f3n:\u00a0 Del 6 al 17 de septiembre\u2026","rel":"","context":"En \u00abFormaciones\u00bb","block_context":{"text":"Formaciones","link":"https:\/\/cepronda.com\/blog\/category\/formaciones\/"},"img":{"alt_text":"","src":"https:\/\/i0.wp.com\/cepronda.com\/blog\/wp-content\/uploads\/2021\/09\/DESARROLLO-DE-LA-COMPETENCIA-MATEMA%CC%81TICA-EN-INFANTIL-Y-PRIMARIA.png?fit=848%2C1200&ssl=1&resize=350%2C200","width":350,"height":200,"srcset":"https:\/\/i0.wp.com\/cepronda.com\/blog\/wp-content\/uploads\/2021\/09\/DESARROLLO-DE-LA-COMPETENCIA-MATEMA%CC%81TICA-EN-INFANTIL-Y-PRIMARIA.png?fit=848%2C1200&ssl=1&resize=350%2C200 1x, https:\/\/i0.wp.com\/cepronda.com\/blog\/wp-content\/uploads\/2021\/09\/DESARROLLO-DE-LA-COMPETENCIA-MATEMA%CC%81TICA-EN-INFANTIL-Y-PRIMARIA.png?fit=848%2C1200&ssl=1&resize=525%2C300 1.5x, https:\/\/i0.wp.com\/cepronda.com\/blog\/wp-content\/uploads\/2021\/09\/DESARROLLO-DE-LA-COMPETENCIA-MATEMA%CC%81TICA-EN-INFANTIL-Y-PRIMARIA.png?fit=848%2C1200&ssl=1&resize=700%2C400 2x"},"classes":[]},{"id":4764,"url":"https:\/\/cepronda.com\/blog\/matematicas-manipulativas-desarrollo-de-la-competencia-matematica-infantil-y-primaria\/","url_meta":{"origin":8090,"position":4},"title":"MATEM\u00c1TICAS MANIPULATIVAS: DESARROLLO DE LA COMPETENCIA MATEM\u00c1TICA INFANTIL Y PRIMARIA","author":"V\u00edctor Caballero","date":"15 octubre, 2021","format":false,"excerpt":"Buenos d\u00edas. Os informamos que est\u00e1 abierto el plazo de inscripci\u00f3n de la formaci\u00f3n\u00a0 MATEM\u00c1TICAS MANIPULATIVAS: DESARROLLO DE LA COMPETENCIA MATEM\u00c1TICA INFANTIL Y PRIMARIA (C\u00f3digo: 222924GE043).\u00a0 Las fechas de inscripci\u00f3n son las comprendidas del 15 al 28 de octubre de 2021. La actividad se llevar\u00e1 a cabo los d\u00edas siguientes:\u2026","rel":"","context":"En \u00abFormaciones\u00bb","block_context":{"text":"Formaciones","link":"https:\/\/cepronda.com\/blog\/category\/formaciones\/"},"img":{"alt_text":"","src":"https:\/\/i0.wp.com\/cepronda.com\/blog\/wp-content\/uploads\/2021\/10\/Captura-de-pantalla-2021-10-15-a-las-13.52.24.png?fit=681%2C964&ssl=1&resize=350%2C200","width":350,"height":200,"srcset":"https:\/\/i0.wp.com\/cepronda.com\/blog\/wp-content\/uploads\/2021\/10\/Captura-de-pantalla-2021-10-15-a-las-13.52.24.png?fit=681%2C964&ssl=1&resize=350%2C200 1x, https:\/\/i0.wp.com\/cepronda.com\/blog\/wp-content\/uploads\/2021\/10\/Captura-de-pantalla-2021-10-15-a-las-13.52.24.png?fit=681%2C964&ssl=1&resize=525%2C300 1.5x"},"classes":[]},{"id":7180,"url":"https:\/\/cepronda.com\/blog\/itinerario-para-el-desarrollo-de-la-competencia-matematica-cursos-2\/","url_meta":{"origin":8090,"position":5},"title":"ITINERARIO PARA EL DESARROLLO DE LA COMPETENCIA MATEM\u00c1TICA (CURSOS)","author":"V\u00edctor Caballero","date":"30 octubre, 2023","format":false,"excerpt":"Desde el CEP de Ronda informamos que hoy, 30 de octubre, es el \u00faltimo d\u00eda para inscribirse en los cursos de matem\u00e1ticas manipulativas (Infantil y Primaria). Por otro lado tambi\u00e9n informamos que los cursos de ABN (Infantil y Primaria) se aplazan para el 2\u00ba trimestre por el bajo n\u00famero de\u2026","rel":"","context":"En \u00abFormaciones\u00bb","block_context":{"text":"Formaciones","link":"https:\/\/cepronda.com\/blog\/category\/formaciones\/"},"img":{"alt_text":"","src":"https:\/\/i0.wp.com\/cepronda.com\/blog\/wp-content\/uploads\/2023\/10\/Cartel-Matematicas-aplazado.png?fit=1080%2C1080&ssl=1&resize=350%2C200","width":350,"height":200,"srcset":"https:\/\/i0.wp.com\/cepronda.com\/blog\/wp-content\/uploads\/2023\/10\/Cartel-Matematicas-aplazado.png?fit=1080%2C1080&ssl=1&resize=350%2C200 1x, https:\/\/i0.wp.com\/cepronda.com\/blog\/wp-content\/uploads\/2023\/10\/Cartel-Matematicas-aplazado.png?fit=1080%2C1080&ssl=1&resize=525%2C300 1.5x, https:\/\/i0.wp.com\/cepronda.com\/blog\/wp-content\/uploads\/2023\/10\/Cartel-Matematicas-aplazado.png?fit=1080%2C1080&ssl=1&resize=700%2C400 2x, https:\/\/i0.wp.com\/cepronda.com\/blog\/wp-content\/uploads\/2023\/10\/Cartel-Matematicas-aplazado.png?fit=1080%2C1080&ssl=1&resize=1050%2C600 3x"},"classes":[]}],"jetpack_sharing_enabled":true,"_links":{"self":[{"href":"https:\/\/cepronda.com\/blog\/wp-json\/wp\/v2\/posts\/8090","targetHints":{"allow":["GET"]}}],"collection":[{"href":"https:\/\/cepronda.com\/blog\/wp-json\/wp\/v2\/posts"}],"about":[{"href":"https:\/\/cepronda.com\/blog\/wp-json\/wp\/v2\/types\/post"}],"author":[{"embeddable":true,"href":"https:\/\/cepronda.com\/blog\/wp-json\/wp\/v2\/users\/13"}],"replies":[{"embeddable":true,"href":"https:\/\/cepronda.com\/blog\/wp-json\/wp\/v2\/comments?post=8090"}],"version-history":[{"count":3,"href":"https:\/\/cepronda.com\/blog\/wp-json\/wp\/v2\/posts\/8090\/revisions"}],"predecessor-version":[{"id":8097,"href":"https:\/\/cepronda.com\/blog\/wp-json\/wp\/v2\/posts\/8090\/revisions\/8097"}],"wp:featuredmedia":[{"embeddable":true,"href":"https:\/\/cepronda.com\/blog\/wp-json\/wp\/v2\/media\/8096"}],"wp:attachment":[{"href":"https:\/\/cepronda.com\/blog\/wp-json\/wp\/v2\/media?parent=8090"}],"wp:term":[{"taxonomy":"category","embeddable":true,"href":"https:\/\/cepronda.com\/blog\/wp-json\/wp\/v2\/categories?post=8090"},{"taxonomy":"post_tag","embeddable":true,"href":"https:\/\/cepronda.com\/blog\/wp-json\/wp\/v2\/tags?post=8090"}],"curies":[{"name":"wp","href":"https:\/\/api.w.org\/{rel}","templated":true}]}}