{"id":808,"date":"2017-05-05T09:32:43","date_gmt":"2017-05-05T07:32:43","guid":{"rendered":"http:\/\/cepronda.com\/blog\/?p=808"},"modified":"2017-05-25T11:34:49","modified_gmt":"2017-05-25T11:34:49","slug":"retransmision-del-espectaculo-el-sueno-de-una-noche-de-verano-sobre-la-obra-de-william-shakespeare","status":"publish","type":"post","link":"https:\/\/cepronda.com\/blog\/retransmision-del-espectaculo-el-sueno-de-una-noche-de-verano-sobre-la-obra-de-william-shakespeare\/","title":{"rendered":"Retransmisi\u00f3n del espect\u00e1culo \u00abEl sue\u00f1o de una noche de verano\u00bb, sobre la obra de William Shakespeare"},"content":{"rendered":"<p>Muy buenas familia,<\/p>\n<p>Esta vez os queremos informar de una actividad que creemos puede resultaros muy interesante y es la \u00abasistencia virtual\u00bb a un espect\u00e1culo del Teatro Real.<\/p>\n<p>La Consejer\u00eda de Educaci\u00f3n, entre los compromisos adquiridos dentro del convenio firmado con el Teatro Real y la Consejer\u00eda de Cultura de la Junta de Andaluc\u00eda, pone a disposici\u00f3n de los centros educativos p\u00fablicos andaluces, de forma gratuita, la retransmisi\u00f3n del espect\u00e1culo \u00abEl sue\u00f1o de una noche de verano\u00bb, sobre la obra de William Shakespeare y m\u00fasica de Felix Mendelssohn, en conmemoraci\u00f3n de los 400 a\u00f1os del fallecimiento del escritor ingl\u00e9s.<\/p>\n<p>La retransmisi\u00f3n tendr\u00e1 lugar el <strong>pr\u00f3ximo 9 de mayo de 2017.<\/strong><\/p>\n<p>Los requisitos para poder acceder a las retransmisiones son: una pantalla y una l\u00ednea de internet adecuada. A tal efecto, los t\u00e9cnicos del Teatro Real se ponen a disposici\u00f3n de los centros para facilitar la recepci\u00f3n de la se\u00f1al y hacer las pruebas previas que sean necesarias.<\/p>\n<p>Los centros interesados pueden dirigirse a <a href=\"mailto:ncamacho@teatro-real.com\">ncamacho@teatro-real.com<\/a> .<\/p>\n<p>M\u00e1s informaci\u00f3n: <a href=\"http:\/\/www.teatro-real.com\/es\/ninos-y-jovenes\/el-real-junior\/retransmisiones-colegios\">http:\/\/www.teatro-real.com\/es\/ninos-y-jovenes\/el-real-junior\/retransmisiones-colegios<\/a><\/p>\n","protected":false},"excerpt":{"rendered":"<p>Muy buenas familia, Esta vez os queremos informar de una actividad que creemos puede resultaros muy interesante y es la \u00abasistencia virtual\u00bb a un espect\u00e1culo del Teatro Real. La Consejer\u00eda de Educaci\u00f3n, entre los compromisos adquiridos dentro del convenio firmado con el Teatro Real y la Consejer\u00eda de Cultura de la Junta de Andaluc\u00eda, pone [&hellip;]<\/p>\n","protected":false},"author":3,"featured_media":864,"comment_status":"open","ping_status":"open","sticky":false,"template":"","format":"standard","meta":{"_crdt_document":"","advanced_seo_description":"","jetpack_seo_html_title":"","jetpack_seo_noindex":false,"jetpack_post_was_ever_published":false,"_jetpack_newsletter_access":"","_jetpack_dont_email_post_to_subs":false,"_jetpack_newsletter_tier_id":0,"_jetpack_memberships_contains_paywalled_content":false,"_jetpack_memberships_contains_paid_content":false,"footnotes":"","jetpack_publicize_message":"","jetpack_publicize_feature_enabled":true,"jetpack_social_post_already_shared":false,"jetpack_social_options":{"image_generator_settings":{"template":"highway","default_image_id":0,"font":"","enabled":false},"version":2}},"categories":[5],"tags":[49,64],"class_list":{"0":"post-808","1":"post","2":"type-post","3":"status-publish","4":"format-standard","5":"has-post-thumbnail","7":"category-noticias","8":"tag-musica","9":"tag-teatro","10":"czr-hentry"},"jetpack_publicize_connections":[],"jetpack_featured_media_url":"https:\/\/i0.wp.com\/cepronda.com\/blog\/wp-content\/uploads\/2017\/05\/film-147137_640.png?fit=595%2C640&ssl=1","jetpack_shortlink":"https:\/\/wp.me\/p8M4X7-d2","jetpack-related-posts":[{"id":2405,"url":"https:\/\/cepronda.com\/blog\/retransmision-del-espectaculo-infantil-el-gato-con-botas-desde-el-teatro-real\/","url_meta":{"origin":808,"position":0},"title":"Retransmisi\u00f3n del espect\u00e1culo infantil El gato con botas desde el Teatro Real","author":"V\u00edctor Caballero","date":"29 octubre, 2018","format":false,"excerpt":"Hola familia,\u00a0 Como otros a\u00f1os este curso tambi\u00e9n os ofrecemos nuestro Sal\u00f3n de actos por si quer\u00e9is venir con vuestro alumnado a ver este espect\u00e1culo infantil. Ser\u00e1 una retransmisi\u00f3n de la representaci\u00f3n desde el Teatro Real y tambi\u00e9n la pod\u00e9is solicitar para vuestros centros. Si dese\u00e1is venir a nuestro Sal\u00f3n\u2026","rel":"","context":"En \u00abNoticias\u00bb","block_context":{"text":"Noticias","link":"https:\/\/cepronda.com\/blog\/category\/noticias\/"},"img":{"alt_text":"","src":"https:\/\/i0.wp.com\/cepronda.com\/blog\/wp-content\/uploads\/2018\/10\/bathrooms-243009_1920.jpg?fit=1200%2C797&ssl=1&resize=350%2C200","width":350,"height":200,"srcset":"https:\/\/i0.wp.com\/cepronda.com\/blog\/wp-content\/uploads\/2018\/10\/bathrooms-243009_1920.jpg?fit=1200%2C797&ssl=1&resize=350%2C200 1x, https:\/\/i0.wp.com\/cepronda.com\/blog\/wp-content\/uploads\/2018\/10\/bathrooms-243009_1920.jpg?fit=1200%2C797&ssl=1&resize=525%2C300 1.5x, https:\/\/i0.wp.com\/cepronda.com\/blog\/wp-content\/uploads\/2018\/10\/bathrooms-243009_1920.jpg?fit=1200%2C797&ssl=1&resize=700%2C400 2x, https:\/\/i0.wp.com\/cepronda.com\/blog\/wp-content\/uploads\/2018\/10\/bathrooms-243009_1920.jpg?fit=1200%2C797&ssl=1&resize=1050%2C600 3x"},"classes":[]},{"id":3137,"url":"https:\/\/cepronda.com\/blog\/retransmision-del-espectaculo-infantil-mi-madre-la-oca-desde-el-teatro-real\/","url_meta":{"origin":808,"position":1},"title":"Retransmisi\u00f3n del espect\u00e1culo infantil \u00abMi madre la oca\u00bb desde el Teatro Real","author":"V\u00edctor Caballero","date":"12 noviembre, 2019","format":false,"excerpt":"Muy buenas familia, Como a\u00f1os anteriores desde el Teatro Real ofrecen la posibilidad de que el pr\u00f3ximo 22 de noviembre podamos asistir virtualmente a una representaci\u00f3n desde el Teatro Real. Y, al igual que en a\u00f1os anteriores, os ofrecemos nuestro Sal\u00f3n de Actos para que pod\u00e1is venir a verlo con\u2026","rel":"","context":"En \u00abNoticias\u00bb","block_context":{"text":"Noticias","link":"https:\/\/cepronda.com\/blog\/category\/noticias\/"},"img":{"alt_text":"","src":"https:\/\/i0.wp.com\/cepronda.com\/blog\/wp-content\/uploads\/2019\/11\/oca.jpg?resize=350%2C200","width":350,"height":200},"classes":[]},{"id":311,"url":"https:\/\/cepronda.com\/blog\/la-pequena-cerillera\/","url_meta":{"origin":808,"position":2},"title":"La peque\u00f1a cerillera","author":"V\u00edctor Caballero","date":"11 noviembre, 2016","format":false,"excerpt":"Hola de nuevo, Queremos compartir con todos los centros esta informaci\u00f3n que nos ha llegado desde la Consejer\u00eda de Educaci\u00f3n: \"Retransmisi\u00f3n del espect\u00e1culo infantil \"La peque\u00f1a cerillera\", basado en un cuento de Hans Christian Andersen. La Consejer\u00eda de Educaci\u00f3n, entre los compromisos adquiridos dentro del convenio firmado con el Teatro\u2026","rel":"","context":"En \u00abNoticias\u00bb","block_context":{"text":"Noticias","link":"https:\/\/cepronda.com\/blog\/category\/noticias\/"},"img":{"alt_text":"","src":"","width":0,"height":0},"classes":[]},{"id":1787,"url":"https:\/\/cepronda.com\/blog\/retransmision-del-espectaculo-infantil-dido-y-eneas-desde-el-teatro-real\/","url_meta":{"origin":808,"position":3},"title":"Retransmisi\u00f3n del espect\u00e1culo infantil \u00abDido y Eneas\u00bb desde el Teatro Real","author":"V\u00edctor Caballero","date":"8 mayo, 2018","format":false,"excerpt":"Muy buenas, Queremos compartir con todos los centros de nuestra comarca esta posibilidad de acceder a la representaci\u00f3n del espect\u00e1culo infantil \"Dido y Eneas\" desde el Palacio Real. Si acced\u00e9is a este enlace podr\u00e9is encontrar toda la informaci\u00f3n. Adem\u00e1s deciros que ponemos a vuestra disposici\u00f3n nuestro sal\u00f3n de actos para\u2026","rel":"","context":"En \u00abNoticias\u00bb","block_context":{"text":"Noticias","link":"https:\/\/cepronda.com\/blog\/category\/noticias\/"},"img":{"alt_text":"","src":"https:\/\/i0.wp.com\/cepronda.com\/blog\/wp-content\/uploads\/2018\/05\/Palco_TeatroReal-1.jpg?fit=1200%2C803&ssl=1&resize=350%2C200","width":350,"height":200,"srcset":"https:\/\/i0.wp.com\/cepronda.com\/blog\/wp-content\/uploads\/2018\/05\/Palco_TeatroReal-1.jpg?fit=1200%2C803&ssl=1&resize=350%2C200 1x, https:\/\/i0.wp.com\/cepronda.com\/blog\/wp-content\/uploads\/2018\/05\/Palco_TeatroReal-1.jpg?fit=1200%2C803&ssl=1&resize=525%2C300 1.5x, https:\/\/i0.wp.com\/cepronda.com\/blog\/wp-content\/uploads\/2018\/05\/Palco_TeatroReal-1.jpg?fit=1200%2C803&ssl=1&resize=700%2C400 2x, https:\/\/i0.wp.com\/cepronda.com\/blog\/wp-content\/uploads\/2018\/05\/Palco_TeatroReal-1.jpg?fit=1200%2C803&ssl=1&resize=1050%2C600 3x"},"classes":[]},{"id":225,"url":"https:\/\/cepronda.com\/blog\/formulario-teatro-juana-la-loca\/","url_meta":{"origin":808,"position":4},"title":"Formulario teatro \u00abJuana la loca\u00bb","author":"V\u00edctor Caballero","date":"18 octubre, 2016","format":false,"excerpt":"Si quer\u00e9is asistir con vuestro alumnado a esta magn\u00edfica obra de teatro, necesitamos que cumpliment\u00e9is el siguiente formulario para as\u00ed poder organizar los distintos pases. Cargando...","rel":"","context":"En \u00abNoticias\u00bb","block_context":{"text":"Noticias","link":"https:\/\/cepronda.com\/blog\/category\/noticias\/"},"img":{"alt_text":"","src":"","width":0,"height":0},"classes":[]},{"id":1655,"url":"https:\/\/cepronda.com\/blog\/teatro-back-to-the-toys\/","url_meta":{"origin":808,"position":5},"title":"Teatro \u00abBack to the toys\u00bb","author":"V\u00edctor Caballero","date":"2 abril, 2018","format":false,"excerpt":"\u00bfQu\u00e9 tal os ha ido la semana? Seguro que nos ha permitido coger fuerzas para afrontar estos meses que nos quedan. \u00a1\u00c1nimo! Hoy queremos compartir con todas y todos vosotros la exposici\u00f3n y obra de teatro que han preparado profesorado y alumnado del IES Mart\u00edn Rivero, y que tiene una\u2026","rel":"","context":"En \u00abNoticias\u00bb","block_context":{"text":"Noticias","link":"https:\/\/cepronda.com\/blog\/category\/noticias\/"},"img":{"alt_text":"","src":"https:\/\/i0.wp.com\/cepronda.com\/blog\/wp-content\/uploads\/2018\/04\/Foto-de-Helena-Gonzalez.jpg?fit=900%2C1200&ssl=1&resize=350%2C200","width":350,"height":200,"srcset":"https:\/\/i0.wp.com\/cepronda.com\/blog\/wp-content\/uploads\/2018\/04\/Foto-de-Helena-Gonzalez.jpg?fit=900%2C1200&ssl=1&resize=350%2C200 1x, https:\/\/i0.wp.com\/cepronda.com\/blog\/wp-content\/uploads\/2018\/04\/Foto-de-Helena-Gonzalez.jpg?fit=900%2C1200&ssl=1&resize=525%2C300 1.5x, https:\/\/i0.wp.com\/cepronda.com\/blog\/wp-content\/uploads\/2018\/04\/Foto-de-Helena-Gonzalez.jpg?fit=900%2C1200&ssl=1&resize=700%2C400 2x"},"classes":[]}],"jetpack_sharing_enabled":true,"_links":{"self":[{"href":"https:\/\/cepronda.com\/blog\/wp-json\/wp\/v2\/posts\/808","targetHints":{"allow":["GET"]}}],"collection":[{"href":"https:\/\/cepronda.com\/blog\/wp-json\/wp\/v2\/posts"}],"about":[{"href":"https:\/\/cepronda.com\/blog\/wp-json\/wp\/v2\/types\/post"}],"author":[{"embeddable":true,"href":"https:\/\/cepronda.com\/blog\/wp-json\/wp\/v2\/users\/3"}],"replies":[{"embeddable":true,"href":"https:\/\/cepronda.com\/blog\/wp-json\/wp\/v2\/comments?post=808"}],"version-history":[{"count":1,"href":"https:\/\/cepronda.com\/blog\/wp-json\/wp\/v2\/posts\/808\/revisions"}],"predecessor-version":[{"id":996,"href":"https:\/\/cepronda.com\/blog\/wp-json\/wp\/v2\/posts\/808\/revisions\/996"}],"wp:featuredmedia":[{"embeddable":true,"href":"https:\/\/cepronda.com\/blog\/wp-json\/wp\/v2\/media\/864"}],"wp:attachment":[{"href":"https:\/\/cepronda.com\/blog\/wp-json\/wp\/v2\/media?parent=808"}],"wp:term":[{"taxonomy":"category","embeddable":true,"href":"https:\/\/cepronda.com\/blog\/wp-json\/wp\/v2\/categories?post=808"},{"taxonomy":"post_tag","embeddable":true,"href":"https:\/\/cepronda.com\/blog\/wp-json\/wp\/v2\/tags?post=808"}],"curies":[{"name":"wp","href":"https:\/\/api.w.org\/{rel}","templated":true}]}}