{"id":8072,"date":"2025-01-22T11:18:46","date_gmt":"2025-01-22T10:18:46","guid":{"rendered":"https:\/\/cepronda.com\/blog\/?p=8072"},"modified":"2025-04-28T12:15:16","modified_gmt":"2025-04-28T10:15:16","slug":"jornadas-soft-skills-in-the-english-language-classroom-codigo259925kpi371","status":"publish","type":"post","link":"https:\/\/cepronda.com\/blog\/jornadas-soft-skills-in-the-english-language-classroom-codigo259925kpi371\/","title":{"rendered":"JORNADAS: SOFT SKILLS IN THE ENGLISH LANGUAGE CLASSROOM, c\u00f3digo:259925KPI371."},"content":{"rendered":"<div class=\"xdj266r x11i5rnm xat24cr x1mh8g0r x1vvkbs x126k92a\">\n<div dir=\"auto\">Se abre plazo para la inscripci\u00f3n en la jornada<\/div>\n<\/div>\n<div class=\"x11i5rnm xat24cr x1mh8g0r x1vvkbs xtlvy1s x126k92a\">\n<div dir=\"auto\">Dirigido a Profesorado de Ingl\u00e9s Lengua Extranjera y de ANL en ingl\u00e9s de centros docentes sostenidos con fondos p\u00fablicos.<\/div>\n<\/div>\n<div class=\"x11i5rnm xat24cr x1mh8g0r x1vvkbs xtlvy1s x126k92a\">\n<div dir=\"auto\">Duraci\u00f3n: 10 horas no presenciales.<\/div>\n<\/div>\n<div class=\"x11i5rnm xat24cr x1mh8g0r x1vvkbs xtlvy1s x126k92a\">\n<div dir=\"auto\">Inscripciones: 22\/01\/2025 hasta 03\/02\/2025<\/div>\n<div dir=\"auto\">Fecha actividad: 11\/02\/2025 hasta 11\/03\/2025<\/div>\n<div dir=\"auto\">Lugar: Aula Virtual de Formaci\u00f3n del profesorado.<\/div>\n<\/div>\n<div class=\"x11i5rnm xat24cr x1mh8g0r x1vvkbs xtlvy1s x126k92a\">\n<div dir=\"auto\"><span class=\"html-span xexx8yu x4uap5 x18d9i69 xkhd6sd x1hl2dhg x16tdsg8 x1vvkbs x3nfvp2 x1j61x8r x1fcty0u xdj266r xat24cr xgzva0m xhhsvwb xxymvpz xlup9mm x1kky2od\"><img loading=\"lazy\" decoding=\"async\" class=\"xz74otr\" src=\"https:\/\/static.xx.fbcdn.net\/images\/emoji.php\/v9\/tb3\/1\/16\/1f517.png\" alt=\"\" width=\"16\" height=\"16\" \/><\/span>Para m\u00e1s informaci\u00f3n e inscripciones en el enlace <span class=\"html-span xdj266r x11i5rnm xat24cr x1mh8g0r xexx8yu x4uap5 x18d9i69 xkhd6sd x1hl2dhg x16tdsg8 x1vvkbs\"><a class=\"x1i10hfl xjbqb8w x1ejq31n xd10rxx x1sy0etr x17r0tee x972fbf xcfux6l x1qhh985 xm0m39n x9f619 x1ypdohk xt0psk2 xe8uvvx xdj266r x11i5rnm xat24cr x1mh8g0r xexx8yu x4uap5 x18d9i69 xkhd6sd x16tdsg8 x1hl2dhg xggy1nq x1a2a7pz x1sur9pj xkrqix3 x1fey0fg x1s688f\" tabindex=\"0\" role=\"link\" href=\"https:\/\/www.juntadeandalucia.es\/educacion\/secretariavirtual\/consultaCEP\/actividad\/259925KPI371\/\" target=\"_blank\" rel=\"nofollow noopener\">https:\/\/www.juntadeandalucia.es\/educacion\/secretariavirtual\/consultaCEP\/actividad\/259925KPI371\/<\/a><\/span><\/div>\n<\/div>\n<div dir=\"auto\"><\/div>\n<p><a href=\"https:\/\/www.juntadeandalucia.es\/educacion\/secretariavirtual\/consultaCEP\/actividad\/259925KPI371\/\"><img data-recalc-dims=\"1\" loading=\"lazy\" decoding=\"async\" class=\"aligncenter wp-image-8076\" src=\"https:\/\/i0.wp.com\/cepronda.com\/blog\/wp-content\/uploads\/2025\/01\/11-de-Febrero.jpg?resize=494%2C494&#038;ssl=1\" alt=\"\" width=\"494\" height=\"494\" srcset=\"https:\/\/i0.wp.com\/cepronda.com\/blog\/wp-content\/uploads\/2025\/01\/11-de-Febrero.jpg?resize=1024%2C1024&amp;ssl=1 1024w, https:\/\/i0.wp.com\/cepronda.com\/blog\/wp-content\/uploads\/2025\/01\/11-de-Febrero.jpg?resize=300%2C300&amp;ssl=1 300w, https:\/\/i0.wp.com\/cepronda.com\/blog\/wp-content\/uploads\/2025\/01\/11-de-Febrero.jpg?resize=150%2C150&amp;ssl=1 150w, https:\/\/i0.wp.com\/cepronda.com\/blog\/wp-content\/uploads\/2025\/01\/11-de-Febrero.jpg?resize=768%2C768&amp;ssl=1 768w, https:\/\/i0.wp.com\/cepronda.com\/blog\/wp-content\/uploads\/2025\/01\/11-de-Febrero.jpg?resize=50%2C50&amp;ssl=1 50w, https:\/\/i0.wp.com\/cepronda.com\/blog\/wp-content\/uploads\/2025\/01\/11-de-Febrero.jpg?w=1080&amp;ssl=1 1080w\" sizes=\"auto, (max-width: 494px) 100vw, 494px\" \/><\/a><\/p>\n","protected":false},"excerpt":{"rendered":"<p>Se abre plazo para la inscripci\u00f3n en la jornada Dirigido a Profesorado de Ingl\u00e9s Lengua Extranjera y de ANL en ingl\u00e9s de centros docentes sostenidos con fondos p\u00fablicos. Duraci\u00f3n: 10 horas no presenciales. Inscripciones: 22\/01\/2025 hasta 03\/02\/2025 Fecha actividad: 11\/02\/2025 hasta 11\/03\/2025 Lugar: Aula Virtual de Formaci\u00f3n del profesorado. Para m\u00e1s informaci\u00f3n e inscripciones en [&hellip;]<\/p>\n","protected":false},"author":9,"featured_media":8076,"comment_status":"closed","ping_status":"open","sticky":false,"template":"","format":"standard","meta":{"_crdt_document":"","advanced_seo_description":"","jetpack_seo_html_title":"","jetpack_seo_noindex":false,"jetpack_post_was_ever_published":false,"_jetpack_newsletter_access":"","_jetpack_dont_email_post_to_subs":false,"_jetpack_newsletter_tier_id":0,"_jetpack_memberships_contains_paywalled_content":false,"_jetpack_memberships_contains_paid_content":false,"footnotes":"","jetpack_publicize_message":"","jetpack_publicize_feature_enabled":true,"jetpack_social_post_already_shared":false,"jetpack_social_options":{"image_generator_settings":{"template":"highway","default_image_id":0,"font":"","enabled":false},"version":2}},"categories":[3,5],"tags":[],"class_list":{"0":"post-8072","1":"post","2":"type-post","3":"status-publish","4":"format-standard","5":"has-post-thumbnail","7":"category-formaciones","8":"category-noticias","9":"czr-hentry"},"jetpack_publicize_connections":[],"jetpack_featured_media_url":"https:\/\/i0.wp.com\/cepronda.com\/blog\/wp-content\/uploads\/2025\/01\/11-de-Febrero.jpg?fit=1080%2C1080&ssl=1","jetpack_shortlink":"https:\/\/wp.me\/p8M4X7-26c","jetpack-related-posts":[{"id":7246,"url":"https:\/\/cepronda.com\/blog\/curso-para-el-profesorado-area-no-linguistica-anl-en-ingles\/","url_meta":{"origin":8072,"position":0},"title":"CURSO PARA EL PROFESORADO \u00c1REA NO LING\u00dc\u00cdSTICA (ANL) EN INGL\u00c9S","author":"Mamen Moreno","date":"5 diciembre, 2023","format":false,"excerpt":"Abierto el plazo de inscripci\u00f3n para el curso regional a distancia, dirigido al profesorado de \u00e1reas no ling\u00fc\u00edsticas de centros biling\u00fces ingl\u00e9s: CURSO PARA PROFESORADO DE \u00c1REA NO LING\u00dc\u00cdSTICA EN INGL\u00c9S c\u00f3digo: 24K9926AV156 Plazo de Inscripci\u00f3n: 04\/12\/2023 al 18\/12\/2023 Del 08\/01\/2024 hasta 29\/02\/2024 Enlace de inscripci\u00f3n:\u00a0https:\/\/www.juntadeandalucia.es\/educacion\/secretariavirtual\/consultaCEP\/actividad\/24K9926AV156\/","rel":"","context":"En \u00abFormaciones\u00bb","block_context":{"text":"Formaciones","link":"https:\/\/cepronda.com\/blog\/category\/formaciones\/"},"img":{"alt_text":"","src":"https:\/\/i0.wp.com\/cepronda.com\/blog\/wp-content\/uploads\/2023\/12\/Learn-language-2.png?fit=1080%2C1080&ssl=1&resize=350%2C200","width":350,"height":200,"srcset":"https:\/\/i0.wp.com\/cepronda.com\/blog\/wp-content\/uploads\/2023\/12\/Learn-language-2.png?fit=1080%2C1080&ssl=1&resize=350%2C200 1x, https:\/\/i0.wp.com\/cepronda.com\/blog\/wp-content\/uploads\/2023\/12\/Learn-language-2.png?fit=1080%2C1080&ssl=1&resize=525%2C300 1.5x, https:\/\/i0.wp.com\/cepronda.com\/blog\/wp-content\/uploads\/2023\/12\/Learn-language-2.png?fit=1080%2C1080&ssl=1&resize=700%2C400 2x, https:\/\/i0.wp.com\/cepronda.com\/blog\/wp-content\/uploads\/2023\/12\/Learn-language-2.png?fit=1080%2C1080&ssl=1&resize=1050%2C600 3x"},"classes":[]},{"id":9203,"url":"https:\/\/cepronda.com\/blog\/curso-regional-a-distancia-curso-para-profesorado-de-area-no-linguistica-en-ingles\/","url_meta":{"origin":8072,"position":1},"title":"CURSO REGIONAL A DISTANCIA: CURSO PARA PROFESORADO DE \u00c1REA NO LING\u00dc\u00cdSTICA EN INGL\u00c9S","author":"Encarni Jim\u00e9nez Rosado","date":"13 enero, 2026","format":false,"excerpt":"Abierto plazo de inscripci\u00f3n para curso \u201cREGIONAL A DISTANCIA: CURSO PARA PROFESORADO DE \u00c1REA NO LING\u00dc\u00cdSTICA EN INGL\u00c9S\u201d. C\u00f3digo: 26K9926AV156. Dirigido al profesorado de \u00e1reas no ling\u00fc\u00edsticas de centro biling\u00fces de Andaluc\u00eda. Inscripci\u00f3n: 07\/01\/2026 al 21\/01\/2026. Fecha de realizaci\u00f3n de la actividad 27\/01\/2026 hasta 26\/03\/2026. M\u00e1s informaci\u00f3n e inscripci\u00f3n: https:\/\/secretariavirtual.juntadeandalucia.es\/secretariavirtual\/consultaCEP\/actividad\/26K9926AV156\/","rel":"","context":"En \u00abFormaciones\u00bb","block_context":{"text":"Formaciones","link":"https:\/\/cepronda.com\/blog\/category\/formaciones\/"},"img":{"alt_text":"","src":"","width":0,"height":0},"classes":[]},{"id":5785,"url":"https:\/\/cepronda.com\/blog\/curso-para-profesorado-de-area-no-linguistica-en-ingles\/","url_meta":{"origin":8072,"position":2},"title":"CURSO PARA PROFESORADO DE \u00c1REA NO LING\u00dc\u00cdSTICA EN INGL\u00c9S","author":"Mamen Moreno","date":"15 febrero, 2023","format":false,"excerpt":"Abierto plazo de solicitudes para actividad regional a distancia: https:\/\/www.juntadeandalucia.es\/educacion\/secretariavirtual\/consultaCEP\/actividad\/23K9926AV156\/ Dirigido a profesorado de primaria y de secundaria. Inicio del plazo de solicitudes: del 15\/02\/2023 al 06\/03\/2023 Listado definitivos del curso: 10\/03\/2023 Fechas para realizaci\u00f3n de la actividad: del 13\/03\/2023 al 24\/04\/2023 Rogamos difusi\u00f3n al profesorado de ANL del centro\u2026","rel":"","context":"En \u00abFormaciones\u00bb","block_context":{"text":"Formaciones","link":"https:\/\/cepronda.com\/blog\/category\/formaciones\/"},"img":{"alt_text":"","src":"https:\/\/i0.wp.com\/cepronda.com\/blog\/wp-content\/uploads\/2023\/02\/WhatsApp-Image-2023-02-15-at-11.15.43-1.jpeg?fit=1080%2C1080&ssl=1&resize=350%2C200","width":350,"height":200,"srcset":"https:\/\/i0.wp.com\/cepronda.com\/blog\/wp-content\/uploads\/2023\/02\/WhatsApp-Image-2023-02-15-at-11.15.43-1.jpeg?fit=1080%2C1080&ssl=1&resize=350%2C200 1x, https:\/\/i0.wp.com\/cepronda.com\/blog\/wp-content\/uploads\/2023\/02\/WhatsApp-Image-2023-02-15-at-11.15.43-1.jpeg?fit=1080%2C1080&ssl=1&resize=525%2C300 1.5x, https:\/\/i0.wp.com\/cepronda.com\/blog\/wp-content\/uploads\/2023\/02\/WhatsApp-Image-2023-02-15-at-11.15.43-1.jpeg?fit=1080%2C1080&ssl=1&resize=700%2C400 2x, https:\/\/i0.wp.com\/cepronda.com\/blog\/wp-content\/uploads\/2023\/02\/WhatsApp-Image-2023-02-15-at-11.15.43-1.jpeg?fit=1080%2C1080&ssl=1&resize=1050%2C600 3x"},"classes":[]},{"id":8458,"url":"https:\/\/cepronda.com\/blog\/sistemas-de-gestion-seguridad-y-salud-en-el-trabajo\/","url_meta":{"origin":8072,"position":3},"title":"SISTEMAS DE GESTI\u00d3N SEGURIDAD Y SALUD EN EL TRABAJO","author":"Mamen Moreno","date":"5 abril, 2025","format":false,"excerpt":"Informamos de la apertura de plazo para solicitud de inscripci\u00f3n en la siguiente actividad formativa dirigida a profesorado de centros de las redes IESCA y profesorado de centros CPIFP T\u00edtulo:\u00a0SISTEMAS DE GESTI\u00d3N SEGURIDAD Y SALUD EN EL TRABAJO CONFORME A LA NORMA ISO 45001:2018 EN CENTROS EDUCATIVOS Modalidad:\u00a0Curso Semipresencial Enlace:\u00a0https:\/\/www.juntadeandalucia.es\/educacion\/secretariavirtual\/consultaCEP\/actividad\/251408FP016\/\u2026","rel":"","context":"En \u00abFormaciones\u00bb","block_context":{"text":"Formaciones","link":"https:\/\/cepronda.com\/blog\/category\/formaciones\/"},"img":{"alt_text":"","src":"https:\/\/i0.wp.com\/cepronda.com\/blog\/wp-content\/uploads\/2025\/04\/Post-de-Facebook-Inmobiliaria-Fotografico-Moderno-Azul-y-Gris-1.jpg?fit=940%2C788&ssl=1&resize=350%2C200","width":350,"height":200,"srcset":"https:\/\/i0.wp.com\/cepronda.com\/blog\/wp-content\/uploads\/2025\/04\/Post-de-Facebook-Inmobiliaria-Fotografico-Moderno-Azul-y-Gris-1.jpg?fit=940%2C788&ssl=1&resize=350%2C200 1x, https:\/\/i0.wp.com\/cepronda.com\/blog\/wp-content\/uploads\/2025\/04\/Post-de-Facebook-Inmobiliaria-Fotografico-Moderno-Azul-y-Gris-1.jpg?fit=940%2C788&ssl=1&resize=525%2C300 1.5x, https:\/\/i0.wp.com\/cepronda.com\/blog\/wp-content\/uploads\/2025\/04\/Post-de-Facebook-Inmobiliaria-Fotografico-Moderno-Azul-y-Gris-1.jpg?fit=940%2C788&ssl=1&resize=700%2C400 2x"},"classes":[]},{"id":8761,"url":"https:\/\/cepronda.com\/blog\/atencion-a-la-diversidad-evaluacion-psicopedagogica-e-intervencion-para-orientadores-as-codigo-262922ge036\/","url_meta":{"origin":8072,"position":4},"title":"ATENCI\u00d3N A LA DIVERSIDAD: EVALUACI\u00d3N PSICOPEDAG\u00d3GICA E INTERVENCI\u00d3N PARA ORIENTADORES\/AS. C\u00f3digo: 262922GE036.","author":"Inmaculada Garc\u00eda","date":"9 septiembre, 2025","format":false,"excerpt":"Se ha abierto el plazo de inscripci\u00f3n para la actividad provincial a distancia: ATENCI\u00d3N A LA DIVERSIDAD: EVALUACI\u00d3N PSICOPEDAG\u00d3GICA E INTERVENCI\u00d3N PARA ORIENTADORES\/AS. C\u00f3digo: 262922GE036. Se desarrollar\u00e1 en el Aula Virtual de Formaci\u00f3n del Profesorado con una dedicaci\u00f3n de 40h. Dirigido preferentemente a Profesorado de la especialidad de Orientaci\u00f3n Educativa.\u2026","rel":"","context":"En \u00abFormaciones\u00bb","block_context":{"text":"Formaciones","link":"https:\/\/cepronda.com\/blog\/category\/formaciones\/"},"img":{"alt_text":"","src":"https:\/\/i0.wp.com\/cepronda.com\/blog\/wp-content\/uploads\/2025\/09\/WhatsApp-Image-2025-09-09-at-09.52.45.jpeg?fit=1080%2C1080&ssl=1&resize=350%2C200","width":350,"height":200,"srcset":"https:\/\/i0.wp.com\/cepronda.com\/blog\/wp-content\/uploads\/2025\/09\/WhatsApp-Image-2025-09-09-at-09.52.45.jpeg?fit=1080%2C1080&ssl=1&resize=350%2C200 1x, https:\/\/i0.wp.com\/cepronda.com\/blog\/wp-content\/uploads\/2025\/09\/WhatsApp-Image-2025-09-09-at-09.52.45.jpeg?fit=1080%2C1080&ssl=1&resize=525%2C300 1.5x, https:\/\/i0.wp.com\/cepronda.com\/blog\/wp-content\/uploads\/2025\/09\/WhatsApp-Image-2025-09-09-at-09.52.45.jpeg?fit=1080%2C1080&ssl=1&resize=700%2C400 2x, https:\/\/i0.wp.com\/cepronda.com\/blog\/wp-content\/uploads\/2025\/09\/WhatsApp-Image-2025-09-09-at-09.52.45.jpeg?fit=1080%2C1080&ssl=1&resize=1050%2C600 3x"},"classes":[]},{"id":9243,"url":"https:\/\/cepronda.com\/blog\/9243-2\/","url_meta":{"origin":8072,"position":5},"title":"INNOVATIVE TEACHING PRACTICES SUPPORTED BY THE FOCUSED USE OF ICT TOOLS IN THE LANGUAGE CLASSROOM","author":"Encarni Jim\u00e9nez Rosado","date":"21 enero, 2026","format":false,"excerpt":"Convocatoria actividad formativa regional: \"INNOVATIVE TEACHING PRACTICES SUPPORTED BY THE FOCUSED USE OF ICT TOOLS IN THE LANGUAGE CLASSROOM\", con c\u00f3digo 26K9906AV128. \u00a0Dirigida a: Profesorado de Ingl\u00e9s de centros p\u00fablicos de cualquier nivel educativo. \u00a0El plazo de inscripci\u00f3n est\u00e1 abierto hasta el 4 de febrero a las 23:59 h. Lugar\u2026","rel":"","context":"En \u00abFormaciones\u00bb","block_context":{"text":"Formaciones","link":"https:\/\/cepronda.com\/blog\/category\/formaciones\/"},"img":{"alt_text":"","src":"https:\/\/i0.wp.com\/cepronda.com\/blog\/wp-content\/uploads\/2026\/01\/practices-supported.jpg?fit=1200%2C1200&ssl=1&resize=350%2C200","width":350,"height":200,"srcset":"https:\/\/i0.wp.com\/cepronda.com\/blog\/wp-content\/uploads\/2026\/01\/practices-supported.jpg?fit=1200%2C1200&ssl=1&resize=350%2C200 1x, https:\/\/i0.wp.com\/cepronda.com\/blog\/wp-content\/uploads\/2026\/01\/practices-supported.jpg?fit=1200%2C1200&ssl=1&resize=525%2C300 1.5x, https:\/\/i0.wp.com\/cepronda.com\/blog\/wp-content\/uploads\/2026\/01\/practices-supported.jpg?fit=1200%2C1200&ssl=1&resize=700%2C400 2x, https:\/\/i0.wp.com\/cepronda.com\/blog\/wp-content\/uploads\/2026\/01\/practices-supported.jpg?fit=1200%2C1200&ssl=1&resize=1050%2C600 3x"},"classes":[]}],"jetpack_sharing_enabled":true,"_links":{"self":[{"href":"https:\/\/cepronda.com\/blog\/wp-json\/wp\/v2\/posts\/8072","targetHints":{"allow":["GET"]}}],"collection":[{"href":"https:\/\/cepronda.com\/blog\/wp-json\/wp\/v2\/posts"}],"about":[{"href":"https:\/\/cepronda.com\/blog\/wp-json\/wp\/v2\/types\/post"}],"author":[{"embeddable":true,"href":"https:\/\/cepronda.com\/blog\/wp-json\/wp\/v2\/users\/9"}],"replies":[{"embeddable":true,"href":"https:\/\/cepronda.com\/blog\/wp-json\/wp\/v2\/comments?post=8072"}],"version-history":[{"count":3,"href":"https:\/\/cepronda.com\/blog\/wp-json\/wp\/v2\/posts\/8072\/revisions"}],"predecessor-version":[{"id":8077,"href":"https:\/\/cepronda.com\/blog\/wp-json\/wp\/v2\/posts\/8072\/revisions\/8077"}],"wp:featuredmedia":[{"embeddable":true,"href":"https:\/\/cepronda.com\/blog\/wp-json\/wp\/v2\/media\/8076"}],"wp:attachment":[{"href":"https:\/\/cepronda.com\/blog\/wp-json\/wp\/v2\/media?parent=8072"}],"wp:term":[{"taxonomy":"category","embeddable":true,"href":"https:\/\/cepronda.com\/blog\/wp-json\/wp\/v2\/categories?post=8072"},{"taxonomy":"post_tag","embeddable":true,"href":"https:\/\/cepronda.com\/blog\/wp-json\/wp\/v2\/tags?post=8072"}],"curies":[{"name":"wp","href":"https:\/\/api.w.org\/{rel}","templated":true}]}}