{"id":8067,"date":"2025-01-21T12:24:13","date_gmt":"2025-01-21T11:24:13","guid":{"rendered":"https:\/\/cepronda.com\/blog\/?p=8067"},"modified":"2025-04-28T11:45:26","modified_gmt":"2025-04-28T09:45:26","slug":"convivencia-y-aprendizaje-creando-ambientes-educativos-positivos","status":"publish","type":"post","link":"https:\/\/cepronda.com\/blog\/convivencia-y-aprendizaje-creando-ambientes-educativos-positivos\/","title":{"rendered":"CONVIVENCIA Y APRENDIZAJE: CREANDO AMBIENTES EDUCATIVOS POSITIVOS"},"content":{"rendered":"<p>Inscripciones abiertas para el curso<strong> \u00abConvivencia y Aprendizaje: Creando Ambientes Educativos Positivos\u00bb <\/strong>con c\u00f3digo 252924GE017<\/p>\n<p><span style=\"font-weight: inherit;\"><strong>Duraci\u00f3n: <\/strong>15 horas (12 horas presenciales y 3 horas de tareas)<\/span><\/p>\n<p><strong>Dirigido a<\/strong><span style=\"font-weight: inherit;\">: Todo el profesorado (Internivelar)<\/span><\/p>\n<p><span style=\"font-weight: inherit;\"><strong>Inscripciones:<\/strong> del 21 de enero al 21 de febrero <\/span><\/p>\n<p><strong>Lugar<\/strong><span style=\"font-weight: inherit;\">: CEP de Ronda \/ Sala de Videoconferencias<\/span><\/p>\n<p><strong>Fechas<\/strong>:\u00a0 \u00a04 de marzo <strong>sesi\u00f3n presencial<\/strong> en el CEP de Ronda.<br \/>\n18 de marzo <strong>sesi\u00f3n por videoconferencia.<\/strong><br \/>\n1 de abril <strong>sesi\u00f3n por videoconferencia.<\/strong><\/p>\n<p><strong>Para m\u00e1s informaci\u00f3n e inscripciones<\/strong>\u00a0en el enlace <a href=\"https:\/\/www.juntadeandalucia.es\/educacion\/secretariavirtual\/consultaCEP\/actividad\/252924GE017\/\">https:\/\/www.juntadeandalucia.es\/educacion\/secretariavirtual\/consultaCEP\/actividad\/252924GE017\/<\/a><\/p>\n<p><img data-recalc-dims=\"1\" loading=\"lazy\" decoding=\"async\" class=\"size-medium wp-image-8068 aligncenter\" src=\"https:\/\/i0.wp.com\/cepronda.com\/blog\/wp-content\/uploads\/2025\/01\/CONVIVENCIA.jpg?resize=300%2C300&#038;ssl=1\" alt=\"\" width=\"300\" height=\"300\" srcset=\"https:\/\/i0.wp.com\/cepronda.com\/blog\/wp-content\/uploads\/2025\/01\/CONVIVENCIA.jpg?resize=300%2C300&amp;ssl=1 300w, https:\/\/i0.wp.com\/cepronda.com\/blog\/wp-content\/uploads\/2025\/01\/CONVIVENCIA.jpg?resize=1024%2C1024&amp;ssl=1 1024w, https:\/\/i0.wp.com\/cepronda.com\/blog\/wp-content\/uploads\/2025\/01\/CONVIVENCIA.jpg?resize=150%2C150&amp;ssl=1 150w, https:\/\/i0.wp.com\/cepronda.com\/blog\/wp-content\/uploads\/2025\/01\/CONVIVENCIA.jpg?resize=768%2C768&amp;ssl=1 768w, https:\/\/i0.wp.com\/cepronda.com\/blog\/wp-content\/uploads\/2025\/01\/CONVIVENCIA.jpg?resize=50%2C50&amp;ssl=1 50w, https:\/\/i0.wp.com\/cepronda.com\/blog\/wp-content\/uploads\/2025\/01\/CONVIVENCIA.jpg?w=1080&amp;ssl=1 1080w\" sizes=\"auto, (max-width: 300px) 100vw, 300px\" \/><\/p>\n<p>&nbsp;<\/p>\n","protected":false},"excerpt":{"rendered":"<p>Inscripciones abiertas para el curso \u00abConvivencia y Aprendizaje: Creando Ambientes Educativos Positivos\u00bb con c\u00f3digo 252924GE017 Duraci\u00f3n: 15 horas (12 horas presenciales y 3 horas de tareas) Dirigido a: Todo el profesorado (Internivelar) Inscripciones: del 21 de enero al 21 de febrero Lugar: CEP de Ronda \/ Sala de Videoconferencias Fechas:\u00a0 \u00a04 de marzo sesi\u00f3n presencial [&hellip;]<\/p>\n","protected":false},"author":13,"featured_media":8068,"comment_status":"closed","ping_status":"open","sticky":false,"template":"","format":"standard","meta":{"_crdt_document":"","advanced_seo_description":"","jetpack_seo_html_title":"","jetpack_seo_noindex":false,"jetpack_post_was_ever_published":false,"_jetpack_newsletter_access":"","_jetpack_dont_email_post_to_subs":false,"_jetpack_newsletter_tier_id":0,"_jetpack_memberships_contains_paywalled_content":false,"_jetpack_memberships_contains_paid_content":false,"footnotes":"","jetpack_publicize_message":"","jetpack_publicize_feature_enabled":true,"jetpack_social_post_already_shared":false,"jetpack_social_options":{"image_generator_settings":{"template":"highway","default_image_id":0,"font":"","enabled":false},"version":2}},"categories":[3,5],"tags":[],"class_list":{"0":"post-8067","1":"post","2":"type-post","3":"status-publish","4":"format-standard","5":"has-post-thumbnail","7":"category-formaciones","8":"category-noticias","9":"czr-hentry"},"jetpack_publicize_connections":[],"jetpack_featured_media_url":"https:\/\/i0.wp.com\/cepronda.com\/blog\/wp-content\/uploads\/2025\/01\/CONVIVENCIA.jpg?fit=1080%2C1080&ssl=1","jetpack_shortlink":"https:\/\/wp.me\/p8M4X7-267","jetpack-related-posts":[{"id":9140,"url":"https:\/\/cepronda.com\/blog\/aprendizaje-servicio-desde-el-curriculo-por-competencias-situaciones-de-aprendizaje-basadas-en-el-aps\/","url_meta":{"origin":8067,"position":0},"title":"APRENDIZAJE-SERVICIO DESDE EL CURR\u00cdCULO POR COMPETENCIAS: SITUACIONES DE APRENDIZAJE BASADAS EN EL ApS","author":"V\u00edctor Caballero","date":"15 diciembre, 2025","format":false,"excerpt":"Abierto el plazo de inscripci\u00f3n para el curso con seguimiento\u00a0 \"APRENDIZAJE-SERVICIO DESDE EL CURR\u00cdCULO POR COMPETENCIAS: SITUACIONES DE APRENDIZAJE BASADAS EN EL ApS\" c\u00f3digo 262924GE102 Destinado a docentes de primaria y secundaria de centros p\u00fablicos que quieran iniciarse en el implantaci\u00f3n del Aprendizaje-Servicio con el alumnado mediante un proyecto real\u2026","rel":"","context":"En \u00abFormaciones\u00bb","block_context":{"text":"Formaciones","link":"https:\/\/cepronda.com\/blog\/category\/formaciones\/"},"img":{"alt_text":"","src":"https:\/\/i0.wp.com\/cepronda.com\/blog\/wp-content\/uploads\/2025\/12\/262924GE102_CArtel-Aprendizaje-Servicio.png?fit=848%2C1200&ssl=1&resize=350%2C200","width":350,"height":200,"srcset":"https:\/\/i0.wp.com\/cepronda.com\/blog\/wp-content\/uploads\/2025\/12\/262924GE102_CArtel-Aprendizaje-Servicio.png?fit=848%2C1200&ssl=1&resize=350%2C200 1x, https:\/\/i0.wp.com\/cepronda.com\/blog\/wp-content\/uploads\/2025\/12\/262924GE102_CArtel-Aprendizaje-Servicio.png?fit=848%2C1200&ssl=1&resize=525%2C300 1.5x, https:\/\/i0.wp.com\/cepronda.com\/blog\/wp-content\/uploads\/2025\/12\/262924GE102_CArtel-Aprendizaje-Servicio.png?fit=848%2C1200&ssl=1&resize=700%2C400 2x"},"classes":[]},{"id":7361,"url":"https:\/\/cepronda.com\/blog\/rea-en-secundaria-bachillerato-y-formacion-profesional\/","url_meta":{"origin":8067,"position":1},"title":"REA EN SECUNDARIA, BACHILLERATO Y FORMACI\u00d3N PROFESIONAL.","author":"Maribel Mu\u00f1oz","date":"15 enero, 2024","format":false,"excerpt":"Os informamos que se encuentra abierta la inscripci\u00f3n en el curso REA EN SECUNDARIA, BACHILLERATO Y FORMACI\u00d3N PROFESIONAL\u00a0con c\u00f3digo\u00a0242924GE020, organizado por el CEP de Ronda: Inscripciones:\u00a0\u00a015\/01\/2024 al 04\/02\/2024 Fecha actividad: 8 de febrero hasta el 22 de marzo de 2024. Fechas de las sesiones presenciales : \u00a08, 15 y 22\u2026","rel":"","context":"En \u00abFormaciones\u00bb","block_context":{"text":"Formaciones","link":"https:\/\/cepronda.com\/blog\/category\/formaciones\/"},"img":{"alt_text":"","src":"https:\/\/i0.wp.com\/cepronda.com\/blog\/wp-content\/uploads\/2024\/01\/REA-SECUNDARIA-BACH-Y-FP-codigo-242924GE020.png?fit=1080%2C1080&ssl=1&resize=350%2C200","width":350,"height":200,"srcset":"https:\/\/i0.wp.com\/cepronda.com\/blog\/wp-content\/uploads\/2024\/01\/REA-SECUNDARIA-BACH-Y-FP-codigo-242924GE020.png?fit=1080%2C1080&ssl=1&resize=350%2C200 1x, https:\/\/i0.wp.com\/cepronda.com\/blog\/wp-content\/uploads\/2024\/01\/REA-SECUNDARIA-BACH-Y-FP-codigo-242924GE020.png?fit=1080%2C1080&ssl=1&resize=525%2C300 1.5x, https:\/\/i0.wp.com\/cepronda.com\/blog\/wp-content\/uploads\/2024\/01\/REA-SECUNDARIA-BACH-Y-FP-codigo-242924GE020.png?fit=1080%2C1080&ssl=1&resize=700%2C400 2x, https:\/\/i0.wp.com\/cepronda.com\/blog\/wp-content\/uploads\/2024\/01\/REA-SECUNDARIA-BACH-Y-FP-codigo-242924GE020.png?fit=1080%2C1080&ssl=1&resize=1050%2C600 3x"},"classes":[]},{"id":4937,"url":"https:\/\/cepronda.com\/blog\/abn-en-infantil-y-educacion-especial-desarrollo-de-la-competencia-matematica\/","url_meta":{"origin":8067,"position":2},"title":"ABN EN INFANTIL Y EDUCACI\u00d3N ESPECIAL: DESARROLLO DE LA COMPETENCIA MATEM\u00c1TICA","author":"V\u00edctor Caballero","date":"10 enero, 2022","format":false,"excerpt":"Buenas tardes compa\u00f1eros y compa\u00f1eras. Os informamos de la apertura de solicitudes para un curso muy interesante sobre: ABN EN INFANTIL Y EDUCACI\u00d3N ESPECIAL: DESARROLLO DE LA COMPETENCIA MATEM\u00c1TICA (222924GE045) Curso de 13 h totales 4 sesiones de 2,5 horas presenciales (2 de ellas por videoconferencias) Y 3 horas no\u2026","rel":"","context":"En \u00abFormaciones\u00bb","block_context":{"text":"Formaciones","link":"https:\/\/cepronda.com\/blog\/category\/formaciones\/"},"img":{"alt_text":"","src":"https:\/\/i0.wp.com\/cepronda.com\/blog\/wp-content\/uploads\/2022\/01\/20220208-Cartel-222924GE045-ABN-Infantil-y-EE.png?fit=848%2C1200&ssl=1&resize=350%2C200","width":350,"height":200,"srcset":"https:\/\/i0.wp.com\/cepronda.com\/blog\/wp-content\/uploads\/2022\/01\/20220208-Cartel-222924GE045-ABN-Infantil-y-EE.png?fit=848%2C1200&ssl=1&resize=350%2C200 1x, https:\/\/i0.wp.com\/cepronda.com\/blog\/wp-content\/uploads\/2022\/01\/20220208-Cartel-222924GE045-ABN-Infantil-y-EE.png?fit=848%2C1200&ssl=1&resize=525%2C300 1.5x, https:\/\/i0.wp.com\/cepronda.com\/blog\/wp-content\/uploads\/2022\/01\/20220208-Cartel-222924GE045-ABN-Infantil-y-EE.png?fit=848%2C1200&ssl=1&resize=700%2C400 2x"},"classes":[]},{"id":5758,"url":"https:\/\/cepronda.com\/blog\/programa-neuroeduca-entrenamiento-de-las-funciones-ejecutivas-en-educacion-infantil\/","url_meta":{"origin":8067,"position":3},"title":"PROGRAMA NEUROEDUCA: ENTRENAMIENTO DE LAS FUNCIONES EJECUTIVAS EN EDUCACI\u00d3N INFANTIL","author":"Mamen Moreno","date":"6 febrero, 2023","format":false,"excerpt":"Os informamos que est\u00e1 abierto el plazo de inscripci\u00f3n del curso semipresencial (con videoconferencias en directo) organizado por el CEP de Ronda: PROGRAMA NEUROEDUCA: ENTRENAMIENTO DE LAS FUNCIONES EJECUTIVAS EN EDUCACI\u00d3N INFANTIL con C\u00f3digo 232924GE028 Las fechas de la formaci\u00f3n son las siguientes:\u00a0\u00a0 7 de marzo. 14 de marzo 21\u2026","rel":"","context":"En \u00abFormaciones\u00bb","block_context":{"text":"Formaciones","link":"https:\/\/cepronda.com\/blog\/category\/formaciones\/"},"img":{"alt_text":"","src":"https:\/\/i0.wp.com\/cepronda.com\/blog\/wp-content\/uploads\/2023\/02\/WhatsApp-Image-2023-01-19-at-18.56.48-300x300.jpeg?resize=350%2C200&ssl=1","width":350,"height":200},"classes":[]},{"id":7394,"url":"https:\/\/cepronda.com\/blog\/aprendizaje-basado-en-proyectos-en-centros-rurales\/","url_meta":{"origin":8067,"position":4},"title":"APRENDIZAJE BASADO EN PROYECTOS EN CENTROS RURALES","author":"Mamen Moreno","date":"19 enero, 2024","format":false,"excerpt":"Abierto el plazo de inscripci\u00f3n al curso correspondiente al IV Itinerario Formativo para Centros Rurales a nivel Provincial \"APRENDIZAJE BASADO EN PROYECTOS EN CENTROS RURALES\", organizado por el CEP de Ronda con c\u00f3digo 242924GE025. Ponente:\u00a0 Ra\u00fal Bermejo Cabezas. Fecha de inscripci\u00f3n: 19\/01\/2024 al 23\/2\/2024 Duraci\u00f3n de la actividad 12 horas:\u00a0\u2026","rel":"","context":"En \u00abFormaciones\u00bb","block_context":{"text":"Formaciones","link":"https:\/\/cepronda.com\/blog\/category\/formaciones\/"},"img":{"alt_text":"","src":"https:\/\/i0.wp.com\/cepronda.com\/blog\/wp-content\/uploads\/2024\/01\/2o-TRIMESTRE-RURAL-1-1.png?fit=848%2C1200&ssl=1&resize=350%2C200","width":350,"height":200,"srcset":"https:\/\/i0.wp.com\/cepronda.com\/blog\/wp-content\/uploads\/2024\/01\/2o-TRIMESTRE-RURAL-1-1.png?fit=848%2C1200&ssl=1&resize=350%2C200 1x, https:\/\/i0.wp.com\/cepronda.com\/blog\/wp-content\/uploads\/2024\/01\/2o-TRIMESTRE-RURAL-1-1.png?fit=848%2C1200&ssl=1&resize=525%2C300 1.5x, https:\/\/i0.wp.com\/cepronda.com\/blog\/wp-content\/uploads\/2024\/01\/2o-TRIMESTRE-RURAL-1-1.png?fit=848%2C1200&ssl=1&resize=700%2C400 2x"},"classes":[]},{"id":7432,"url":"https:\/\/cepronda.com\/blog\/metodologias-innovadoras-en-la-clase-de-idiomas\/","url_meta":{"origin":8067,"position":5},"title":"METODOLOG\u00cdAS INNOVADORAS EN LA CLASE DE IDIOMAS.","author":"Maribel Mu\u00f1oz","date":"5 febrero, 2024","format":false,"excerpt":"Os informamos que se encuentra abierta la inscripci\u00f3n en el curso METODOLOG\u00cdAS INNOVADORAS EN LA CLASE DE IDIOMAS.\u00a0con c\u00f3digo\u00a0242924GE019, organizado por el CEP de Ronda: Inscripciones:\u00a0 05\/02\/2024 al 04\/03\/2024 Fecha actividad: 7 de marzo hasta el 22 de marzo de 2024. Fechas de las sesiones presenciales :\u00a0 7, 14 y\u2026","rel":"","context":"En \u00abFormaciones\u00bb","block_context":{"text":"Formaciones","link":"https:\/\/cepronda.com\/blog\/category\/formaciones\/"},"img":{"alt_text":"","src":"https:\/\/i0.wp.com\/cepronda.com\/blog\/wp-content\/uploads\/2024\/02\/Metodologias-Innovadoras-en-la-clase-de-Idiomas-codigo-242924GE019-2.png?fit=1080%2C1080&ssl=1&resize=350%2C200","width":350,"height":200,"srcset":"https:\/\/i0.wp.com\/cepronda.com\/blog\/wp-content\/uploads\/2024\/02\/Metodologias-Innovadoras-en-la-clase-de-Idiomas-codigo-242924GE019-2.png?fit=1080%2C1080&ssl=1&resize=350%2C200 1x, https:\/\/i0.wp.com\/cepronda.com\/blog\/wp-content\/uploads\/2024\/02\/Metodologias-Innovadoras-en-la-clase-de-Idiomas-codigo-242924GE019-2.png?fit=1080%2C1080&ssl=1&resize=525%2C300 1.5x, https:\/\/i0.wp.com\/cepronda.com\/blog\/wp-content\/uploads\/2024\/02\/Metodologias-Innovadoras-en-la-clase-de-Idiomas-codigo-242924GE019-2.png?fit=1080%2C1080&ssl=1&resize=700%2C400 2x, https:\/\/i0.wp.com\/cepronda.com\/blog\/wp-content\/uploads\/2024\/02\/Metodologias-Innovadoras-en-la-clase-de-Idiomas-codigo-242924GE019-2.png?fit=1080%2C1080&ssl=1&resize=1050%2C600 3x"},"classes":[]}],"jetpack_sharing_enabled":true,"_links":{"self":[{"href":"https:\/\/cepronda.com\/blog\/wp-json\/wp\/v2\/posts\/8067","targetHints":{"allow":["GET"]}}],"collection":[{"href":"https:\/\/cepronda.com\/blog\/wp-json\/wp\/v2\/posts"}],"about":[{"href":"https:\/\/cepronda.com\/blog\/wp-json\/wp\/v2\/types\/post"}],"author":[{"embeddable":true,"href":"https:\/\/cepronda.com\/blog\/wp-json\/wp\/v2\/users\/13"}],"replies":[{"embeddable":true,"href":"https:\/\/cepronda.com\/blog\/wp-json\/wp\/v2\/comments?post=8067"}],"version-history":[{"count":1,"href":"https:\/\/cepronda.com\/blog\/wp-json\/wp\/v2\/posts\/8067\/revisions"}],"predecessor-version":[{"id":8069,"href":"https:\/\/cepronda.com\/blog\/wp-json\/wp\/v2\/posts\/8067\/revisions\/8069"}],"wp:featuredmedia":[{"embeddable":true,"href":"https:\/\/cepronda.com\/blog\/wp-json\/wp\/v2\/media\/8068"}],"wp:attachment":[{"href":"https:\/\/cepronda.com\/blog\/wp-json\/wp\/v2\/media?parent=8067"}],"wp:term":[{"taxonomy":"category","embeddable":true,"href":"https:\/\/cepronda.com\/blog\/wp-json\/wp\/v2\/categories?post=8067"},{"taxonomy":"post_tag","embeddable":true,"href":"https:\/\/cepronda.com\/blog\/wp-json\/wp\/v2\/tags?post=8067"}],"curies":[{"name":"wp","href":"https:\/\/api.w.org\/{rel}","templated":true}]}}