{"id":8063,"date":"2025-01-21T11:36:43","date_gmt":"2025-01-21T10:36:43","guid":{"rendered":"https:\/\/cepronda.com\/blog\/?p=8063"},"modified":"2025-04-28T11:47:30","modified_gmt":"2025-04-28T09:47:30","slug":"8063-2","status":"publish","type":"post","link":"https:\/\/cepronda.com\/blog\/8063-2\/","title":{"rendered":"ACTUALIZACI\u00d3N Y APLICACI\u00d3N EN EL AULA DE LA NUEVA GRAM\u00c1TICA DE LA LENGUA"},"content":{"rendered":"<div class=\"\" data-block=\"true\" data-editor=\"bge9h\" data-offset-key=\"4ctsv-0-0\">\n<div class=\"_1mf _1mj\" data-offset-key=\"4ctsv-0-0\"><span data-offset-key=\"4ctsv-0-0\"><span class=\"tc-dropcap\">D<\/span>esde hoy, martes 21 de enero y hasta el d\u00eda 20 febrero, estar\u00e1 abierto el plazo de solicitudes para la actividad ACTUALIZACI\u00d3N Y APLICACI\u00d3N EN EL AULA DE LA NUEVA GRAM\u00c1TICA DE LA LENGUA ESPA\u00d1OLA , c\u00f3digo 252924GE151.<\/span><\/div>\n<\/div>\n<div class=\"\" data-block=\"true\" data-editor=\"bge9h\" data-offset-key=\"92pp4-0-0\">\n<div class=\"_1mf _1mj\" data-offset-key=\"92pp4-0-0\"><span data-offset-key=\"92pp4-0-0\">\u00a0<\/span><\/div>\n<\/div>\n<div class=\"\" data-block=\"true\" data-editor=\"bge9h\" data-offset-key=\"fmhf6-0-0\">\n<div class=\"_1mf _1mj\" data-offset-key=\"fmhf6-0-0\"><span data-offset-key=\"fmhf6-0-0\">INSCRIPCIONES: del 21 de enero al 20 de febrero de 2025, ambos inclusive<\/span><\/div>\n<\/div>\n<div class=\"\" data-block=\"true\" data-editor=\"bge9h\" data-offset-key=\"3ie87-0-0\">\n<div class=\"_1mf _1mj\" data-offset-key=\"3ie87-0-0\"><span data-offset-key=\"3ie87-0-0\">INICIO DEL CURSO: 6 de marzo de 2025<\/span><\/div>\n<\/div>\n<div class=\"\" data-block=\"true\" data-editor=\"bge9h\" data-offset-key=\"7v619-0-0\">\n<div class=\"_1mf _1mj\" data-offset-key=\"7v619-0-0\"><span data-offset-key=\"7v619-0-0\">FIN DEL CURSO: 1 de abril de 2025<\/span><\/div>\n<\/div>\n<div class=\"\" data-block=\"true\" data-editor=\"bge9h\" data-offset-key=\"9quer-0-0\">\n<div class=\"_1mf _1mj\" data-offset-key=\"9quer-0-0\"><span data-offset-key=\"9quer-0-0\">\u00a0<\/span><\/div>\n<\/div>\n<div class=\"\" data-block=\"true\" data-editor=\"bge9h\" data-offset-key=\"a50to-0-0\">\n<div class=\"_1mf _1mj\" data-offset-key=\"a50to-0-0\"><span data-offset-key=\"a50to-0-0\">N\u00daMERO DE HORAS: 15 (12 presenciales por videoconferencia y 3 no presenciales)<\/span><\/div>\n<\/div>\n<div class=\"\" data-block=\"true\" data-editor=\"bge9h\" data-offset-key=\"fnvh3-0-0\">\n<div class=\"_1mf _1mj\" data-offset-key=\"fnvh3-0-0\"><span data-offset-key=\"fnvh3-0-0\">\u00a0<\/span><\/div>\n<\/div>\n<div class=\"\" data-block=\"true\" data-editor=\"bge9h\" data-offset-key=\"ftt0b-0-0\">\n<div class=\"_1mf _1mj\" data-offset-key=\"ftt0b-0-0\"><span data-offset-key=\"ftt0b-0-0\">ESTRUCTURA DE LAS SESIONES: <\/span><\/div>\n<div class=\"_1mf _1mj\" data-offset-key=\"ftt0b-0-0\"><span data-offset-key=\"ftt0b-0-0\">1. 06\/03\/25, de 16:30h a 19:30h AVFP<\/span><\/div>\n<\/div>\n<div class=\"\" data-block=\"true\" data-editor=\"bge9h\" data-offset-key=\"5no1t-0-0\">\n<div class=\"_1mf _1mj\" data-offset-key=\"5no1t-0-0\"><span data-offset-key=\"5no1t-0-0\">2. 13\/03\/25, de 16:30h a 19:30h AVFP<\/span><\/div>\n<\/div>\n<div class=\"\" data-block=\"true\" data-editor=\"bge9h\" data-offset-key=\"fg045-0-0\">\n<div class=\"_1mf _1mj\" data-offset-key=\"fg045-0-0\"><span data-offset-key=\"fg045-0-0\">3. 20\/03\/25, de 16:30h a 19:30h AVFP<\/span><\/div>\n<\/div>\n<div class=\"\" data-block=\"true\" data-editor=\"bge9h\" data-offset-key=\"afvjk-0-0\">\n<div class=\"_1mf _1mj\" data-offset-key=\"afvjk-0-0\"><span data-offset-key=\"afvjk-0-0\">4. 27\/03\/25, de 16:30h a 19:30h AVFP<\/span><\/div>\n<\/div>\n<div class=\"\" data-block=\"true\" data-editor=\"bge9h\" data-offset-key=\"rcp3-0-0\"><\/div>\n<div class=\"\" data-block=\"true\" data-editor=\"bge9h\" data-offset-key=\"29qtb-0-0\">\n<div class=\"_1mf _1mj\" data-offset-key=\"29qtb-0-0\"><\/div>\n<\/div>\n<div class=\"\" data-block=\"true\" data-editor=\"bge9h\" data-offset-key=\"bjtnf-0-0\">\n<div class=\"_1mf _1mj\" data-offset-key=\"bjtnf-0-0\"><span data-offset-key=\"bjtnf-0-0\">\u00a0<\/span><\/div>\n<\/div>\n<div class=\"\" data-block=\"true\" data-editor=\"bge9h\" data-offset-key=\"7lcdd-0-0\">\n<div class=\"_1mf _1mj\" data-offset-key=\"7lcdd-0-0\"><span data-offset-key=\"7lcdd-0-0\">Para m\u00e1s informaci\u00f3n e inscripciones:\u00a0 <a href=\"https:\/\/www.juntadeandalucia.es\/educacion\/secretariavirtual\/consultaCEP\/actividad\/252924GE151\/\">https:\/\/www.juntadeandalucia.es\/educacion\/secretariavirtual\/consultaCEP\/actividad\/252924GE151\/<\/a><\/span><\/div>\n<\/div>\n<div data-offset-key=\"7lcdd-0-0\"><\/div>\n<div class=\"\" data-block=\"true\" data-editor=\"bge9h\" data-offset-key=\"7lcdd-0-0\">\n<div data-offset-key=\"7lcdd-0-0\"><img data-recalc-dims=\"1\" loading=\"lazy\" decoding=\"async\" class=\"aligncenter wp-image-8064 \" src=\"https:\/\/i0.wp.com\/cepronda.com\/blog\/wp-content\/uploads\/2025\/01\/Nueva-Gramatica-252924GE151.jpg?resize=601%2C601&#038;ssl=1\" alt=\"\" width=\"601\" height=\"601\" srcset=\"https:\/\/i0.wp.com\/cepronda.com\/blog\/wp-content\/uploads\/2025\/01\/Nueva-Gramatica-252924GE151.jpg?resize=1024%2C1024&amp;ssl=1 1024w, https:\/\/i0.wp.com\/cepronda.com\/blog\/wp-content\/uploads\/2025\/01\/Nueva-Gramatica-252924GE151.jpg?resize=300%2C300&amp;ssl=1 300w, https:\/\/i0.wp.com\/cepronda.com\/blog\/wp-content\/uploads\/2025\/01\/Nueva-Gramatica-252924GE151.jpg?resize=150%2C150&amp;ssl=1 150w, https:\/\/i0.wp.com\/cepronda.com\/blog\/wp-content\/uploads\/2025\/01\/Nueva-Gramatica-252924GE151.jpg?resize=768%2C768&amp;ssl=1 768w, https:\/\/i0.wp.com\/cepronda.com\/blog\/wp-content\/uploads\/2025\/01\/Nueva-Gramatica-252924GE151.jpg?resize=50%2C50&amp;ssl=1 50w, https:\/\/i0.wp.com\/cepronda.com\/blog\/wp-content\/uploads\/2025\/01\/Nueva-Gramatica-252924GE151.jpg?w=1080&amp;ssl=1 1080w\" sizes=\"auto, (max-width: 601px) 100vw, 601px\" \/><\/div>\n<\/div>\n<div data-offset-key=\"9bcmb-0-0\"><\/div>\n","protected":false},"excerpt":{"rendered":"<p>Desde hoy, martes 21 de enero y hasta el d\u00eda 20 febrero, estar\u00e1 abierto el plazo de solicitudes para la actividad ACTUALIZACI\u00d3N Y APLICACI\u00d3N EN EL AULA DE LA NUEVA GRAM\u00c1TICA DE LA LENGUA ESPA\u00d1OLA , c\u00f3digo 252924GE151. \u00a0 INSCRIPCIONES: del 21 de enero al 20 de febrero de 2025, ambos inclusive INICIO DEL CURSO: [&hellip;]<\/p>\n","protected":false},"author":10,"featured_media":8064,"comment_status":"closed","ping_status":"open","sticky":false,"template":"","format":"standard","meta":{"_crdt_document":"","advanced_seo_description":"","jetpack_seo_html_title":"","jetpack_seo_noindex":false,"jetpack_post_was_ever_published":false,"_jetpack_newsletter_access":"","_jetpack_dont_email_post_to_subs":false,"_jetpack_newsletter_tier_id":0,"_jetpack_memberships_contains_paywalled_content":false,"_jetpack_memberships_contains_paid_content":false,"footnotes":"","jetpack_publicize_message":"","jetpack_publicize_feature_enabled":true,"jetpack_social_post_already_shared":false,"jetpack_social_options":{"image_generator_settings":{"template":"highway","default_image_id":0,"font":"","enabled":false},"version":2}},"categories":[3,5],"tags":[259,184,384],"class_list":{"0":"post-8063","1":"post","2":"type-post","3":"status-publish","4":"format-standard","5":"has-post-thumbnail","7":"category-formaciones","8":"category-noticias","9":"tag-ambito-linguistico","10":"tag-competencia-linguistica","11":"tag-gramatica","12":"czr-hentry"},"jetpack_publicize_connections":[],"jetpack_featured_media_url":"https:\/\/i0.wp.com\/cepronda.com\/blog\/wp-content\/uploads\/2025\/01\/Nueva-Gramatica-252924GE151.jpg?fit=1080%2C1080&ssl=1","jetpack_shortlink":"https:\/\/wp.me\/p8M4X7-263","jetpack-related-posts":[{"id":5795,"url":"https:\/\/cepronda.com\/blog\/actualizacion-metodologica-de-la-ensenanza-del-espanol-como-lengua-extranjera\/","url_meta":{"origin":8063,"position":0},"title":"ACTUALIZACI\u00d3N METODOL\u00d3GICA DE LA ENSE\u00d1ANZA DEL ESPA\u00d1OL COMO LENGUA EXTRANJERA","author":"Mamen Moreno","date":"23 febrero, 2023","format":false,"excerpt":"Abierto el plazo de inscripci\u00f3n del curso provincial con videoconferencias en directo: M\u00e1s informaci\u00f3n e inscripci\u00f3n: https:\/\/www.juntadeandalucia.es\/educacion\/secretariavirtual\/consultaCEP\/actividad\/232926GE108\/ Dirigido al profesorado de ATAL. Fechas de inscripci\u00f3n: 23\/02\/2023 hasta 15\/03\/2023. Fechas de realizaci\u00f3n de las sesiones a trav\u00e9s de videoconferencias: 23 y 29 de marzo, 11, 13 y 18 de abril de\u2026","rel":"","context":"En \u00abFormaciones\u00bb","block_context":{"text":"Formaciones","link":"https:\/\/cepronda.com\/blog\/category\/formaciones\/"},"img":{"alt_text":"","src":"https:\/\/i0.wp.com\/cepronda.com\/blog\/wp-content\/uploads\/2023\/02\/WhatsApp-Image-2023-02-23-at-11.16.56.jpeg?fit=848%2C1200&ssl=1&resize=350%2C200","width":350,"height":200,"srcset":"https:\/\/i0.wp.com\/cepronda.com\/blog\/wp-content\/uploads\/2023\/02\/WhatsApp-Image-2023-02-23-at-11.16.56.jpeg?fit=848%2C1200&ssl=1&resize=350%2C200 1x, https:\/\/i0.wp.com\/cepronda.com\/blog\/wp-content\/uploads\/2023\/02\/WhatsApp-Image-2023-02-23-at-11.16.56.jpeg?fit=848%2C1200&ssl=1&resize=525%2C300 1.5x, https:\/\/i0.wp.com\/cepronda.com\/blog\/wp-content\/uploads\/2023\/02\/WhatsApp-Image-2023-02-23-at-11.16.56.jpeg?fit=848%2C1200&ssl=1&resize=700%2C400 2x"},"classes":[]},{"id":7867,"url":"https:\/\/cepronda.com\/blog\/la-coeducacion-aterriza-en-el-aula-estrategias-para-promover-la-igualdad\/","url_meta":{"origin":8063,"position":1},"title":"LA COEDUCACI\u00d3N ATERRIZA EN EL AULA: ESTRATEGIAS PARA PROMOVER LA IGUALDAD","author":"Mamen Moreno","date":"22 noviembre, 2024","format":false,"excerpt":"Abierto el plazo de inscripci\u00f3n para el curso \"LA COEDUCACI\u00d3N ATERRIZA EN EL AULA: ESTRATEGIAS PARA PROMOVER LA IGUALDAD\" con c\u00f3digo 252924GE015 Profesorado destinatario: Internivelar Inscripciones desde el 22\/11\/2024 hasta el 17\/12\/2024 Duraci\u00f3n: 20 horas (16 horas presenciales por videoconferencias y 4 horas no presenciales) Fechas de realizaci\u00f3n: 15 de\u2026","rel":"","context":"En \u00abFormaciones\u00bb","block_context":{"text":"Formaciones","link":"https:\/\/cepronda.com\/blog\/category\/formaciones\/"},"img":{"alt_text":"","src":"https:\/\/i0.wp.com\/cepronda.com\/blog\/wp-content\/uploads\/2024\/11\/Invitacion-vertical-Boda-Nos-casamos-Floral-Verde-y-Beige-Post-de-Instagram-1.jpg?fit=1080%2C1080&ssl=1&resize=350%2C200","width":350,"height":200,"srcset":"https:\/\/i0.wp.com\/cepronda.com\/blog\/wp-content\/uploads\/2024\/11\/Invitacion-vertical-Boda-Nos-casamos-Floral-Verde-y-Beige-Post-de-Instagram-1.jpg?fit=1080%2C1080&ssl=1&resize=350%2C200 1x, https:\/\/i0.wp.com\/cepronda.com\/blog\/wp-content\/uploads\/2024\/11\/Invitacion-vertical-Boda-Nos-casamos-Floral-Verde-y-Beige-Post-de-Instagram-1.jpg?fit=1080%2C1080&ssl=1&resize=525%2C300 1.5x, https:\/\/i0.wp.com\/cepronda.com\/blog\/wp-content\/uploads\/2024\/11\/Invitacion-vertical-Boda-Nos-casamos-Floral-Verde-y-Beige-Post-de-Instagram-1.jpg?fit=1080%2C1080&ssl=1&resize=700%2C400 2x, https:\/\/i0.wp.com\/cepronda.com\/blog\/wp-content\/uploads\/2024\/11\/Invitacion-vertical-Boda-Nos-casamos-Floral-Verde-y-Beige-Post-de-Instagram-1.jpg?fit=1080%2C1080&ssl=1&resize=1050%2C600 3x"},"classes":[]},{"id":7955,"url":"https:\/\/cepronda.com\/blog\/la-coeducacion-aterriza-en-el-aula-estrategias-para-promover-la-igualdad-2\/","url_meta":{"origin":8063,"position":2},"title":"LA COEDUCACI\u00d3N ATERRIZA EN EL AULA: ESTRATEGIAS PARA PROMOVER LA IGUALDAD","author":"Mamen Moreno","date":"19 diciembre, 2024","format":false,"excerpt":"SE AMPLIA EL PLAZO DE INSCRIPCI\u00d3N HASTA EL 10 DE ENERO DE 2025 para el curso provincial\u00a0 \"LA COEDUCACI\u00d3N ATERRIZA EN EL AULA: ESTRATEGIAS PARA PROMOVER LA IGUALDAD\" con c\u00f3digo 252924GE015.\u00a0 Profesorado destinatario: Internivelar Inscripciones desde el 22\/11\/2024 hasta el 10\/01\/2025 Duraci\u00f3n: 20 horas (16 horas presenciales por videoconferencias y\u2026","rel":"","context":"En \u00abFormaciones\u00bb","block_context":{"text":"Formaciones","link":"https:\/\/cepronda.com\/blog\/category\/formaciones\/"},"img":{"alt_text":"","src":"https:\/\/i0.wp.com\/cepronda.com\/blog\/wp-content\/uploads\/2024\/12\/LA-COEDUCACION-ATERRIZA-EN-EL-AULA-2-1.jpg?fit=1080%2C1080&ssl=1&resize=350%2C200","width":350,"height":200,"srcset":"https:\/\/i0.wp.com\/cepronda.com\/blog\/wp-content\/uploads\/2024\/12\/LA-COEDUCACION-ATERRIZA-EN-EL-AULA-2-1.jpg?fit=1080%2C1080&ssl=1&resize=350%2C200 1x, https:\/\/i0.wp.com\/cepronda.com\/blog\/wp-content\/uploads\/2024\/12\/LA-COEDUCACION-ATERRIZA-EN-EL-AULA-2-1.jpg?fit=1080%2C1080&ssl=1&resize=525%2C300 1.5x, https:\/\/i0.wp.com\/cepronda.com\/blog\/wp-content\/uploads\/2024\/12\/LA-COEDUCACION-ATERRIZA-EN-EL-AULA-2-1.jpg?fit=1080%2C1080&ssl=1&resize=700%2C400 2x, https:\/\/i0.wp.com\/cepronda.com\/blog\/wp-content\/uploads\/2024\/12\/LA-COEDUCACION-ATERRIZA-EN-EL-AULA-2-1.jpg?fit=1080%2C1080&ssl=1&resize=1050%2C600 3x"},"classes":[]},{"id":7841,"url":"https:\/\/cepronda.com\/blog\/biologia-molecular-y-su-aplicacion-didactica-en-el-aula\/","url_meta":{"origin":8063,"position":3},"title":"BIOLOG\u00cdA MOLECULAR Y SU APLICACI\u00d3N DID\u00c1CTICA EN EL AULA","author":"Mamen Moreno","date":"6 noviembre, 2024","format":false,"excerpt":"Abierto el plazo de solicitudes del Curso Regional: BIOLOG\u00cdA MOLECULAR Y SU APLICACI\u00d3N DID\u00c1CTICA EN EL AULA dirigido a profesorado de Secundaria y Bachillerato (CENTROS P\u00daBLICOS Y CENTROS CONCERTADOS) de la especialidad de Biolog\u00eda y Geolog\u00eda o que imparta asignaturas de Biolog\u00eda y Geolog\u00eda o que tenga curiosidad e inter\u00e9s\u2026","rel":"","context":"En \u00abFormaciones\u00bb","block_context":{"text":"Formaciones","link":"https:\/\/cepronda.com\/blog\/category\/formaciones\/"},"img":{"alt_text":"","src":"https:\/\/i0.wp.com\/cepronda.com\/blog\/wp-content\/uploads\/2024\/11\/Captura-de-pantalla-de-2024-10-28-16-06-01.png?fit=1200%2C651&ssl=1&resize=350%2C200","width":350,"height":200,"srcset":"https:\/\/i0.wp.com\/cepronda.com\/blog\/wp-content\/uploads\/2024\/11\/Captura-de-pantalla-de-2024-10-28-16-06-01.png?fit=1200%2C651&ssl=1&resize=350%2C200 1x, https:\/\/i0.wp.com\/cepronda.com\/blog\/wp-content\/uploads\/2024\/11\/Captura-de-pantalla-de-2024-10-28-16-06-01.png?fit=1200%2C651&ssl=1&resize=525%2C300 1.5x, https:\/\/i0.wp.com\/cepronda.com\/blog\/wp-content\/uploads\/2024\/11\/Captura-de-pantalla-de-2024-10-28-16-06-01.png?fit=1200%2C651&ssl=1&resize=700%2C400 2x, https:\/\/i0.wp.com\/cepronda.com\/blog\/wp-content\/uploads\/2024\/11\/Captura-de-pantalla-de-2024-10-28-16-06-01.png?fit=1200%2C651&ssl=1&resize=1050%2C600 3x"},"classes":[]},{"id":8045,"url":"https:\/\/cepronda.com\/blog\/inteligencia-artificial-en-la-didactica-de-la-lengua-y-matematicas-en-aulas-multinivel\/","url_meta":{"origin":8063,"position":4},"title":"INTELIGENCIA ARTIFICIAL EN LA DID\u00c1CTICA DE LA LENGUA Y MATEM\u00c1TICAS EN AULAS MULTINIVEL","author":"Mamen Moreno","date":"14 enero, 2025","format":false,"excerpt":"Abierto el plazo de inscripciones para el curso provincial: \"INTELIGENCIA ARTIFICIAL EN LA DID\u00c1CTICA DE LA LENGUA Y MATEM\u00c1TICAS EN AULAS MULTINIVEL\" con c\u00f3digo 252924GE018 Duraci\u00f3n: 15 horas (12 presenciales + 3 no presenciales) Fechas de inscripciones: del 14 de enero al 20 de febrero de 2025 Fechas de las\u2026","rel":"","context":"En \u00abFormaciones\u00bb","block_context":{"text":"Formaciones","link":"https:\/\/cepronda.com\/blog\/category\/formaciones\/"},"img":{"alt_text":"","src":"https:\/\/i0.wp.com\/cepronda.com\/blog\/wp-content\/uploads\/2025\/01\/Copia-de-Post-de-Instagram-Talleres-Educativos-Escolar-Infantil-Ilustrado-Multicolor-1.png?fit=1080%2C1080&ssl=1&resize=350%2C200","width":350,"height":200,"srcset":"https:\/\/i0.wp.com\/cepronda.com\/blog\/wp-content\/uploads\/2025\/01\/Copia-de-Post-de-Instagram-Talleres-Educativos-Escolar-Infantil-Ilustrado-Multicolor-1.png?fit=1080%2C1080&ssl=1&resize=350%2C200 1x, https:\/\/i0.wp.com\/cepronda.com\/blog\/wp-content\/uploads\/2025\/01\/Copia-de-Post-de-Instagram-Talleres-Educativos-Escolar-Infantil-Ilustrado-Multicolor-1.png?fit=1080%2C1080&ssl=1&resize=525%2C300 1.5x, https:\/\/i0.wp.com\/cepronda.com\/blog\/wp-content\/uploads\/2025\/01\/Copia-de-Post-de-Instagram-Talleres-Educativos-Escolar-Infantil-Ilustrado-Multicolor-1.png?fit=1080%2C1080&ssl=1&resize=700%2C400 2x, https:\/\/i0.wp.com\/cepronda.com\/blog\/wp-content\/uploads\/2025\/01\/Copia-de-Post-de-Instagram-Talleres-Educativos-Escolar-Infantil-Ilustrado-Multicolor-1.png?fit=1080%2C1080&ssl=1&resize=1050%2C600 3x"},"classes":[]},{"id":5639,"url":"https:\/\/cepronda.com\/blog\/curso-provincial-respuesta-educativa-para-el-alumnado-con-dislexia-en-el-aula-ordinaria\/","url_meta":{"origin":8063,"position":5},"title":"CURSO PROVINCIAL \u201cRESPUESTA\u00a0EDUCATIVA\u00a0PARA\u00a0EL\u00a0ALUMNADO\u00a0CON\u00a0DISLEXIA\u00a0EN\u00a0EL\u00a0AULA\u00a0ORDINARIA\u201d\u00a0","author":"Inmaculada Garc\u00eda","date":"5 diciembre, 2022","format":false,"excerpt":"Os informamos que est\u00e1 abierto el plazo de inscripci\u00f3n para el curso de \u00e1mbito provincial: \u201cRESPUESTA EDUCATIVA PARA EL ALUMNADO CON DISLEXIA EN EL AULA ORDINARIA\u201d\u00a0 con c\u00f3digo 232925GE604, que tendr\u00e1 lugar mediante videoconferencia, con Gracia Jim\u00e9nez como ponente. Fechas de realizaci\u00f3n: 12, 18, 24 de enero y 1 de\u2026","rel":"","context":"En \u00abFormaciones\u00bb","block_context":{"text":"Formaciones","link":"https:\/\/cepronda.com\/blog\/category\/formaciones\/"},"img":{"alt_text":"","src":"https:\/\/i0.wp.com\/cepronda.com\/blog\/wp-content\/uploads\/2022\/12\/WhatsApp-Image-2022-12-05-at-13.07.20.jpeg?fit=848%2C1200&ssl=1&resize=350%2C200","width":350,"height":200,"srcset":"https:\/\/i0.wp.com\/cepronda.com\/blog\/wp-content\/uploads\/2022\/12\/WhatsApp-Image-2022-12-05-at-13.07.20.jpeg?fit=848%2C1200&ssl=1&resize=350%2C200 1x, https:\/\/i0.wp.com\/cepronda.com\/blog\/wp-content\/uploads\/2022\/12\/WhatsApp-Image-2022-12-05-at-13.07.20.jpeg?fit=848%2C1200&ssl=1&resize=525%2C300 1.5x, https:\/\/i0.wp.com\/cepronda.com\/blog\/wp-content\/uploads\/2022\/12\/WhatsApp-Image-2022-12-05-at-13.07.20.jpeg?fit=848%2C1200&ssl=1&resize=700%2C400 2x"},"classes":[]}],"jetpack_sharing_enabled":true,"_links":{"self":[{"href":"https:\/\/cepronda.com\/blog\/wp-json\/wp\/v2\/posts\/8063","targetHints":{"allow":["GET"]}}],"collection":[{"href":"https:\/\/cepronda.com\/blog\/wp-json\/wp\/v2\/posts"}],"about":[{"href":"https:\/\/cepronda.com\/blog\/wp-json\/wp\/v2\/types\/post"}],"author":[{"embeddable":true,"href":"https:\/\/cepronda.com\/blog\/wp-json\/wp\/v2\/users\/10"}],"replies":[{"embeddable":true,"href":"https:\/\/cepronda.com\/blog\/wp-json\/wp\/v2\/comments?post=8063"}],"version-history":[{"count":4,"href":"https:\/\/cepronda.com\/blog\/wp-json\/wp\/v2\/posts\/8063\/revisions"}],"predecessor-version":[{"id":8071,"href":"https:\/\/cepronda.com\/blog\/wp-json\/wp\/v2\/posts\/8063\/revisions\/8071"}],"wp:featuredmedia":[{"embeddable":true,"href":"https:\/\/cepronda.com\/blog\/wp-json\/wp\/v2\/media\/8064"}],"wp:attachment":[{"href":"https:\/\/cepronda.com\/blog\/wp-json\/wp\/v2\/media?parent=8063"}],"wp:term":[{"taxonomy":"category","embeddable":true,"href":"https:\/\/cepronda.com\/blog\/wp-json\/wp\/v2\/categories?post=8063"},{"taxonomy":"post_tag","embeddable":true,"href":"https:\/\/cepronda.com\/blog\/wp-json\/wp\/v2\/tags?post=8063"}],"curies":[{"name":"wp","href":"https:\/\/api.w.org\/{rel}","templated":true}]}}