{"id":8056,"date":"2025-01-20T13:16:38","date_gmt":"2025-01-20T12:16:38","guid":{"rendered":"https:\/\/cepronda.com\/blog\/?p=8056"},"modified":"2025-04-28T12:16:56","modified_gmt":"2025-04-28T10:16:56","slug":"diseno-y-elaboracion-de-pruebas-de-certificacion-de-lenguas-estandarizacion-de-niveles-del-mcerl-codigo-259918keo436","status":"publish","type":"post","link":"https:\/\/cepronda.com\/blog\/diseno-y-elaboracion-de-pruebas-de-certificacion-de-lenguas-estandarizacion-de-niveles-del-mcerl-codigo-259918keo436\/","title":{"rendered":"DISE\u00d1O Y ELABORACI\u00d3N DE PRUEBAS DE CERTIFICACI\u00d3N DE LENGUAS. ESTANDARIZACI\u00d3N DE NIVELES DEL MCERL, c\u00f3digo 259918KEO436."},"content":{"rendered":"<div class=\"\" data-block=\"true\" data-editor=\"bge9h\" data-offset-key=\"4ctsv-0-0\">\n<div class=\"_1mf _1mj\" data-offset-key=\"4ctsv-0-0\"><span data-offset-key=\"4ctsv-0-0\">Desde hoy, jueves 16 de enero y hasta el d\u00eda 28 enero, estar\u00e1 abierto el plazo de solicitudes para actividad DISE\u00d1O Y ELABORACI\u00d3N DE PRUEBAS DE CERTIFICACI\u00d3N DE LENGUAS. ESTANDARIZACI\u00d3N DE NIVELES DEL MCERL, c\u00f3digo 259918KEO436.<\/span><\/div>\n<\/div>\n<div class=\"\" data-block=\"true\" data-editor=\"bge9h\" data-offset-key=\"92pp4-0-0\">\n<div class=\"_1mf _1mj\" data-offset-key=\"92pp4-0-0\"><span data-offset-key=\"92pp4-0-0\">\u00a0<\/span><\/div>\n<\/div>\n<div class=\"\" data-block=\"true\" data-editor=\"bge9h\" data-offset-key=\"fmhf6-0-0\">\n<div class=\"_1mf _1mj\" data-offset-key=\"fmhf6-0-0\"><span data-offset-key=\"fmhf6-0-0\">INSCRIPCIONES: del 16 al 28 de enero de 2025, ambos inclusive<\/span><\/div>\n<\/div>\n<div class=\"\" data-block=\"true\" data-editor=\"bge9h\" data-offset-key=\"6vtea-0-0\">\n<div class=\"_1mf _1mj\" data-offset-key=\"6vtea-0-0\"><span data-offset-key=\"6vtea-0-0\">LISTADO PROVISIONAL: 30 de enero de 2025<\/span><\/div>\n<\/div>\n<div class=\"\" data-block=\"true\" data-editor=\"bge9h\" data-offset-key=\"e9n0g-0-0\">\n<div class=\"_1mf _1mj\" data-offset-key=\"e9n0g-0-0\"><span data-offset-key=\"e9n0g-0-0\">LISTADO DEFINITIVA: 3 de febrero de 2025<\/span><\/div>\n<\/div>\n<div class=\"\" data-block=\"true\" data-editor=\"bge9h\" data-offset-key=\"3ie87-0-0\">\n<div class=\"_1mf _1mj\" data-offset-key=\"3ie87-0-0\"><span data-offset-key=\"3ie87-0-0\">INICIO DEL CURSO: 5 de febrero de 2025<\/span><\/div>\n<\/div>\n<div class=\"\" data-block=\"true\" data-editor=\"bge9h\" data-offset-key=\"7v619-0-0\">\n<div class=\"_1mf _1mj\" data-offset-key=\"7v619-0-0\"><span data-offset-key=\"7v619-0-0\">FIN DEL CURSO: 26 de marzo de 2025<\/span><\/div>\n<\/div>\n<div class=\"\" data-block=\"true\" data-editor=\"bge9h\" data-offset-key=\"9quer-0-0\">\n<div class=\"_1mf _1mj\" data-offset-key=\"9quer-0-0\"><span data-offset-key=\"9quer-0-0\">\u00a0<\/span><\/div>\n<\/div>\n<div class=\"\" data-block=\"true\" data-editor=\"bge9h\" data-offset-key=\"6662n-0-0\">\n<div class=\"_1mf _1mj\" data-offset-key=\"6662n-0-0\"><span data-offset-key=\"6662n-0-0\">N\u00daMERO DE PLAZAS: 60<\/span><\/div>\n<\/div>\n<div class=\"\" data-block=\"true\" data-editor=\"bge9h\" data-offset-key=\"f0j8s-0-0\">\n<div class=\"_1mf _1mj\" data-offset-key=\"f0j8s-0-0\"><span data-offset-key=\"f0j8s-0-0\">\u00a0<\/span><\/div>\n<\/div>\n<div class=\"\" data-block=\"true\" data-editor=\"bge9h\" data-offset-key=\"a50to-0-0\">\n<div class=\"_1mf _1mj\" data-offset-key=\"a50to-0-0\"><span data-offset-key=\"a50to-0-0\">N\u00daMERO DE HORAS: 30 (16 presenciales por videoconferencia y 14 no presenciales)<\/span><\/div>\n<\/div>\n<div class=\"\" data-block=\"true\" data-editor=\"bge9h\" data-offset-key=\"fnvh3-0-0\">\n<div class=\"_1mf _1mj\" data-offset-key=\"fnvh3-0-0\"><span data-offset-key=\"fnvh3-0-0\">\u00a0<\/span><\/div>\n<\/div>\n<div class=\"\" data-block=\"true\" data-editor=\"bge9h\" data-offset-key=\"ftt0b-0-0\">\n<div class=\"_1mf _1mj\" data-offset-key=\"ftt0b-0-0\"><span data-offset-key=\"ftt0b-0-0\">ESTRUCTURA DE LAS SESIONES: 1. 05\/02\/25, de 11:00h a 13:00h AVFP<\/span><\/div>\n<\/div>\n<div class=\"\" data-block=\"true\" data-editor=\"bge9h\" data-offset-key=\"5no1t-0-0\">\n<div class=\"_1mf _1mj\" data-offset-key=\"5no1t-0-0\"><span data-offset-key=\"5no1t-0-0\"> 2. 12\/02\/25, de 11:00h a 13:00h AVFP<\/span><\/div>\n<\/div>\n<div class=\"\" data-block=\"true\" data-editor=\"bge9h\" data-offset-key=\"fg045-0-0\">\n<div class=\"_1mf _1mj\" data-offset-key=\"fg045-0-0\"><span data-offset-key=\"fg045-0-0\"> 3. 19\/02\/25, de 11:00h a 13:00h AVFP <\/span><\/div>\n<\/div>\n<div class=\"\" data-block=\"true\" data-editor=\"bge9h\" data-offset-key=\"afvjk-0-0\">\n<div class=\"_1mf _1mj\" data-offset-key=\"afvjk-0-0\"><span data-offset-key=\"afvjk-0-0\"> 4. 26\/02\/25, de 11:00h a 13:00h AVFP <\/span><\/div>\n<\/div>\n<div class=\"\" data-block=\"true\" data-editor=\"bge9h\" data-offset-key=\"rcp3-0-0\">\n<div class=\"_1mf _1mj\" data-offset-key=\"rcp3-0-0\"><span data-offset-key=\"rcp3-0-0\"> 5. 05\/03\/25, de 11:00h a 13:00h AVFP <\/span><\/div>\n<\/div>\n<div class=\"\" data-block=\"true\" data-editor=\"bge9h\" data-offset-key=\"fpjm4-0-0\">\n<div class=\"_1mf _1mj\" data-offset-key=\"fpjm4-0-0\"><span data-offset-key=\"fpjm4-0-0\"> 6. 12\/03\/25, de 11:00h a 13:00h AVFP <\/span><\/div>\n<\/div>\n<div class=\"\" data-block=\"true\" data-editor=\"bge9h\" data-offset-key=\"8gnht-0-0\">\n<div class=\"_1mf _1mj\" data-offset-key=\"8gnht-0-0\"><span data-offset-key=\"8gnht-0-0\"> 7. 19\/03\/25, de 11:00h a 13:00h AVFP <\/span><\/div>\n<\/div>\n<div class=\"\" data-block=\"true\" data-editor=\"bge9h\" data-offset-key=\"29qtb-0-0\">\n<div class=\"_1mf _1mj\" data-offset-key=\"29qtb-0-0\"><span data-offset-key=\"29qtb-0-0\"> 8. 26\/03\/25, de 11:00h a 13:00h AVFP<\/span><\/div>\n<\/div>\n<div class=\"\" data-block=\"true\" data-editor=\"bge9h\" data-offset-key=\"bjtnf-0-0\">\n<div class=\"_1mf _1mj\" data-offset-key=\"bjtnf-0-0\"><span data-offset-key=\"bjtnf-0-0\">\u00a0<\/span><\/div>\n<\/div>\n<div class=\"\" data-block=\"true\" data-editor=\"bge9h\" data-offset-key=\"7lcdd-0-0\">\n<div class=\"_1mf _1mj\" data-offset-key=\"7lcdd-0-0\"><span data-offset-key=\"7lcdd-0-0\">Para m\u00e1s informaci\u00f3n e inscripciones: \u00a0\u00a0<\/span><a style=\"font-weight: inherit;\" href=\"https:\/\/www.juntadeandalucia.es\/educacion\/secretariavirtual\/consultaCEP\/actividad\/259918KEO436\/\"><span data-offset-key=\"9bcmb-0-0\">https:\/\/www.juntadeandalucia.es\/educacion\/secretariavirtual\/consultaCEP\/actividad\/259918KEO436\/<\/span><\/a><\/div>\n<div data-offset-key=\"7lcdd-0-0\"><\/div>\n<\/div>\n<div data-offset-key=\"9bcmb-0-0\"><a href=\"https:\/\/www.juntadeandalucia.es\/educacion\/secretariavirtual\/consultaCEP\/actividad\/259918KEO436\/\"><img data-recalc-dims=\"1\" loading=\"lazy\" decoding=\"async\" class=\"aligncenter  wp-image-8057\" src=\"https:\/\/i0.wp.com\/cepronda.com\/blog\/wp-content\/uploads\/2025\/01\/Ght8WCcWoAA-XXB.jpg?resize=453%2C453&#038;ssl=1\" alt=\"\" width=\"453\" height=\"453\" srcset=\"https:\/\/i0.wp.com\/cepronda.com\/blog\/wp-content\/uploads\/2025\/01\/Ght8WCcWoAA-XXB.jpg?w=680&amp;ssl=1 680w, https:\/\/i0.wp.com\/cepronda.com\/blog\/wp-content\/uploads\/2025\/01\/Ght8WCcWoAA-XXB.jpg?resize=300%2C300&amp;ssl=1 300w, https:\/\/i0.wp.com\/cepronda.com\/blog\/wp-content\/uploads\/2025\/01\/Ght8WCcWoAA-XXB.jpg?resize=150%2C150&amp;ssl=1 150w, https:\/\/i0.wp.com\/cepronda.com\/blog\/wp-content\/uploads\/2025\/01\/Ght8WCcWoAA-XXB.jpg?resize=50%2C50&amp;ssl=1 50w\" sizes=\"auto, (max-width: 453px) 100vw, 453px\" \/><\/a><\/div>\n<div data-offset-key=\"9bcmb-0-0\"><\/div>\n<div class=\"\" data-block=\"true\" data-editor=\"bge9h\" data-offset-key=\"4r2pd-0-0\">\n<div class=\"_1mf _1mj\" data-offset-key=\"4r2pd-0-0\"><\/div>\n<\/div>\n<div class=\"\" data-block=\"true\" data-editor=\"bge9h\" data-offset-key=\"a82v8-0-0\">\n<div class=\"_1mf _1mj\" data-offset-key=\"a82v8-0-0\"><span data-offset-key=\"a82v8-0-0\">En caso duda, pueden consultar con la asesor\u00eda responsable:<\/span><\/div>\n<\/div>\n<div class=\"\" data-block=\"true\" data-editor=\"bge9h\" data-offset-key=\"70iip-0-0\">\n<div class=\"_1mf _1mj\" data-offset-key=\"70iip-0-0\"><span data-offset-key=\"70iip-0-0\">\u00a0<\/span><\/div>\n<\/div>\n<div class=\"\" data-block=\"true\" data-editor=\"bge9h\" data-offset-key=\"1j988-0-0\">\n<div class=\"_1mf _1mj\" data-offset-key=\"1j988-0-0\"><span data-offset-key=\"1j988-0-0\"> David Hinojosa S\u00e1nchez<\/span><\/div>\n<\/div>\n<div class=\"\" data-block=\"true\" data-editor=\"bge9h\" data-offset-key=\"2orjl-0-0\">\n<div class=\"_1mf _1mj\" data-offset-key=\"2orjl-0-0\"><span data-offset-key=\"2orjl-0-0\"> Asesor de \u00c1mbito Ling\u00fc\u00edstico &#8211; CEP Ja\u00e9n<\/span><\/div>\n<\/div>\n<div class=\"\" data-block=\"true\" data-editor=\"bge9h\" data-offset-key=\"5ogtq-0-0\">\n<div class=\"_1mf _1mj\" data-offset-key=\"5ogtq-0-0\"><span data-offset-key=\"5ogtq-0-0\"> 677905650 (735650)<\/span><\/div>\n<\/div>\n<div class=\"\" data-block=\"true\" data-editor=\"bge9h\" data-offset-key=\"d5jih-0-0\">\n<div class=\"_1mf _1mj\" data-offset-key=\"d5jih-0-0\"><span data-offset-key=\"d5jih-0-0\"> ldavid.hinojosa.edu@juntadeandalucia.es <\/span><\/div>\n<\/div>\n<div class=\"\" data-block=\"true\" data-editor=\"bge9h\" data-offset-key=\"3r5c9-0-0\">\n<div class=\"_1mf _1mj\" data-offset-key=\"3r5c9-0-0\"><span data-offset-key=\"3r5c9-0-0\"> lhinsan689@g.educaand.es <\/span><\/div>\n<\/div>\n","protected":false},"excerpt":{"rendered":"<p>Desde hoy, jueves 16 de enero y hasta el d\u00eda 28 enero, estar\u00e1 abierto el plazo de solicitudes para actividad DISE\u00d1O Y ELABORACI\u00d3N DE PRUEBAS DE CERTIFICACI\u00d3N DE LENGUAS. ESTANDARIZACI\u00d3N DE NIVELES DEL MCERL, c\u00f3digo 259918KEO436. \u00a0 INSCRIPCIONES: del 16 al 28 de enero de 2025, ambos inclusive LISTADO PROVISIONAL: 30 de enero de 2025 [&hellip;]<\/p>\n","protected":false},"author":9,"featured_media":8057,"comment_status":"closed","ping_status":"open","sticky":false,"template":"","format":"standard","meta":{"_crdt_document":"","advanced_seo_description":"","jetpack_seo_html_title":"","jetpack_seo_noindex":false,"jetpack_post_was_ever_published":false,"_jetpack_newsletter_access":"","_jetpack_dont_email_post_to_subs":false,"_jetpack_newsletter_tier_id":0,"_jetpack_memberships_contains_paywalled_content":false,"_jetpack_memberships_contains_paid_content":false,"footnotes":"","jetpack_publicize_message":"","jetpack_publicize_feature_enabled":true,"jetpack_social_post_already_shared":false,"jetpack_social_options":{"image_generator_settings":{"template":"highway","default_image_id":0,"font":"","enabled":false},"version":2}},"categories":[3,5],"tags":[],"class_list":{"0":"post-8056","1":"post","2":"type-post","3":"status-publish","4":"format-standard","5":"has-post-thumbnail","7":"category-formaciones","8":"category-noticias","9":"czr-hentry"},"jetpack_publicize_connections":[],"jetpack_featured_media_url":"https:\/\/i0.wp.com\/cepronda.com\/blog\/wp-content\/uploads\/2025\/01\/Ght8WCcWoAA-XXB.jpg?fit=680%2C680&ssl=1","jetpack_shortlink":"https:\/\/wp.me\/p8M4X7-25W","jetpack-related-posts":[{"id":4901,"url":"https:\/\/cepronda.com\/blog\/difusion-del-programa-erasmus-y-elaboracion-de-proyectos-de-calidad\/","url_meta":{"origin":8056,"position":0},"title":"DIFUSI\u00d3N DEL PROGRAMA ERASMUS+ Y ELABORACI\u00d3N DE PROYECTOS DE CALIDAD","author":"Maribel Mu\u00f1oz","date":"21 diciembre, 2021","format":false,"excerpt":"Buenos d\u00edas compa\u00f1eras y compa\u00f1eros,\u00a0 Os informamos que est\u00e1 abierto el plazo de inscripci\u00f3n en la actividad DIFUSI\u00d3N DEL PROGRAMA ERASMUS+ Y ELABORACI\u00d3N DE PROYECTOS DE CALIDAD con c\u00f3digo 221105FP109. Es una actividad REGIONAL.\u00a0 dirigida al profesorado de Formaci\u00f3n\u00a0Profesional. El plazo de solicitudes\u00a0 finaliza el 10 de enero a las\u2026","rel":"","context":"En \u00abFormaciones\u00bb","block_context":{"text":"Formaciones","link":"https:\/\/cepronda.com\/blog\/category\/formaciones\/"},"img":{"alt_text":"","src":"https:\/\/i0.wp.com\/cepronda.com\/blog\/wp-content\/uploads\/2021\/12\/DIFUSION-ERASMUS-FP-1.jpg?fit=1200%2C848&ssl=1&resize=350%2C200","width":350,"height":200,"srcset":"https:\/\/i0.wp.com\/cepronda.com\/blog\/wp-content\/uploads\/2021\/12\/DIFUSION-ERASMUS-FP-1.jpg?fit=1200%2C848&ssl=1&resize=350%2C200 1x, https:\/\/i0.wp.com\/cepronda.com\/blog\/wp-content\/uploads\/2021\/12\/DIFUSION-ERASMUS-FP-1.jpg?fit=1200%2C848&ssl=1&resize=525%2C300 1.5x, https:\/\/i0.wp.com\/cepronda.com\/blog\/wp-content\/uploads\/2021\/12\/DIFUSION-ERASMUS-FP-1.jpg?fit=1200%2C848&ssl=1&resize=700%2C400 2x, https:\/\/i0.wp.com\/cepronda.com\/blog\/wp-content\/uploads\/2021\/12\/DIFUSION-ERASMUS-FP-1.jpg?fit=1200%2C848&ssl=1&resize=1050%2C600 3x"},"classes":[]},{"id":7786,"url":"https:\/\/cepronda.com\/blog\/diseno-y-elaboracion-del-plan-de-lectura-planificada-en-los-centros-educativos-codigo-252923ge602\/","url_meta":{"origin":8056,"position":1},"title":"DISE\u00d1O Y ELABORACI\u00d3N DEL PLAN DE LECTURA PLANIFICADA EN LOS CENTROS EDUCATIVOS, c\u00f3digo 252923GE602.","author":"Inmaculada Garc\u00eda","date":"9 octubre, 2024","format":false,"excerpt":"Abierto el plazo de inscripci\u00f3n para el curso semipresencial provincial: DISE\u00d1O Y ELABORACI\u00d3N DEL PLAN DE LECTURA PLANIFICADA EN LOS CENTROS EDUCATIVOS, con c\u00f3digo 252923GE602, correspondiente a la Fase I del itinerario provincial de apoyo y dinamizaci\u00f3n del plan de lectura. De especial inter\u00e9s para los grupos de trabajo que\u2026","rel":"","context":"En \u00abFormaciones\u00bb","block_context":{"text":"Formaciones","link":"https:\/\/cepronda.com\/blog\/category\/formaciones\/"},"img":{"alt_text":"","src":"https:\/\/i0.wp.com\/cepronda.com\/blog\/wp-content\/uploads\/2024\/10\/unnamed.png?fit=800%2C800&ssl=1&resize=350%2C200","width":350,"height":200,"srcset":"https:\/\/i0.wp.com\/cepronda.com\/blog\/wp-content\/uploads\/2024\/10\/unnamed.png?fit=800%2C800&ssl=1&resize=350%2C200 1x, https:\/\/i0.wp.com\/cepronda.com\/blog\/wp-content\/uploads\/2024\/10\/unnamed.png?fit=800%2C800&ssl=1&resize=525%2C300 1.5x, https:\/\/i0.wp.com\/cepronda.com\/blog\/wp-content\/uploads\/2024\/10\/unnamed.png?fit=800%2C800&ssl=1&resize=700%2C400 2x"},"classes":[]},{"id":7976,"url":"https:\/\/cepronda.com\/blog\/guia-y-tutorizacion-para-la-participacion-en-la-convocatoria-de-proyectos-de-investigacion-innovacion-y-elaboracion-de-materiales\/","url_meta":{"origin":8056,"position":2},"title":"GU\u00cdA Y TUTORIZACI\u00d3N PARA LA PARTICIPACI\u00d3N EN LA CONVOCATORIA DE PROYECTOS DE INVESTIGACI\u00d3N, INNOVACI\u00d3N Y ELABORACI\u00d3N DE MATERIALES","author":"Inmaculada Garc\u00eda","date":"20 diciembre, 2024","format":false,"excerpt":"\u00a0\u00a0Abierta inscripci\u00f3n de la Actividad Formativa regional: \"GU\u00cdA Y TUTORIZACI\u00d3N PARA LA PARTICIPACI\u00d3N EN LA CONVOCATORIA DE PROYECTOS DE INVESTIGACI\u00d3N, INNOVACI\u00d3N Y ELABORACI\u00d3N DE MATERIALES\" (259915KPF370). \u00a0Inscripciones: hasta el 8 de enero. \u00a0Enlace a la inscripci\u00f3n:\u00a0https:\/\/www.juntadeandalucia.es\/educacion\/secretariavirtual\/consultaCEP\/actividad\/259915KPF370\/\u00a0 \u00a0El curso est\u00e1 dirigido a hacer un acompa\u00f1amiento al profesorado de cara a la\u2026","rel":"","context":"En \u00abFormaciones\u00bb","block_context":{"text":"Formaciones","link":"https:\/\/cepronda.com\/blog\/category\/formaciones\/"},"img":{"alt_text":"","src":"","width":0,"height":0},"classes":[]},{"id":8903,"url":"https:\/\/cepronda.com\/blog\/diseno-y-elaboracion-del-plan-de-lectura-planificada-en-los-centros-educativos-269923pf545\/","url_meta":{"origin":8056,"position":3},"title":"DISE\u00d1O Y ELABORACI\u00d3N DEL PLAN DE LECTURA PLANIFICADA EN LOS CENTROS EDUCATIVOS.","author":"Inmaculada Garc\u00eda","date":"9 octubre, 2025","format":false,"excerpt":"Se encuentra abierto el plazo de inscripci\u00f3n en el curso provincial, \"DISE\u00d1O Y ELABORACI\u00d3N DEL PLAN DE LECTURA PLANIFICADA EN LOS CENTROS EDUCATIVOS\" (Itinerario formativo provincial para la creaci\u00f3n, seguimiento, evaluaci\u00f3n y difusi\u00f3n de buenas pr\u00e1cticas del Plan de Lectura), con c\u00f3digo: 269923PF545. Inscripciones desde el 9 de octubre al\u2026","rel":"","context":"En \u00abFormaciones\u00bb","block_context":{"text":"Formaciones","link":"https:\/\/cepronda.com\/blog\/category\/formaciones\/"},"img":{"alt_text":"","src":"https:\/\/i0.wp.com\/cepronda.com\/blog\/wp-content\/uploads\/2025\/10\/WhatsApp-Image-2025-10-09-at-11.12.44.jpeg?fit=800%2C800&ssl=1&resize=350%2C200","width":350,"height":200,"srcset":"https:\/\/i0.wp.com\/cepronda.com\/blog\/wp-content\/uploads\/2025\/10\/WhatsApp-Image-2025-10-09-at-11.12.44.jpeg?fit=800%2C800&ssl=1&resize=350%2C200 1x, https:\/\/i0.wp.com\/cepronda.com\/blog\/wp-content\/uploads\/2025\/10\/WhatsApp-Image-2025-10-09-at-11.12.44.jpeg?fit=800%2C800&ssl=1&resize=525%2C300 1.5x, https:\/\/i0.wp.com\/cepronda.com\/blog\/wp-content\/uploads\/2025\/10\/WhatsApp-Image-2025-10-09-at-11.12.44.jpeg?fit=800%2C800&ssl=1&resize=700%2C400 2x"},"classes":[]},{"id":8790,"url":"https:\/\/cepronda.com\/blog\/elaboracion-de-recursos-educativos-abiertos-rea-con-exelearning-con-codigo-269923pf449\/","url_meta":{"origin":8056,"position":4},"title":"ELABORACI\u00d3N DE RECURSOS EDUCATIVOS ABIERTOS (REA) CON EXELEARNING, con c\u00f3digo 269923PF449.","author":"Inmaculada Garc\u00eda","date":"11 septiembre, 2025","format":false,"excerpt":"Se encuentra abierto el plazo de inscripci\u00f3n del curso a distancia \u201cELABORACI\u00d3N DE RECURSOS EDUCATIVOS ABIERTOS (REA) CON EXELEARNING\u201d, con c\u00f3digo 269923PF449, organizado por el CEP Marbella-Co\u00edn y dirigido a docentes de toda la provincia de M\u00e1laga. Se desarrollar\u00e1 en el Aula Virtual de Formaci\u00f3n del Profesorado con una dedicaci\u00f3n\u2026","rel":"","context":"En \u00abFormaciones\u00bb","block_context":{"text":"Formaciones","link":"https:\/\/cepronda.com\/blog\/category\/formaciones\/"},"img":{"alt_text":"","src":"https:\/\/i0.wp.com\/cepronda.com\/blog\/wp-content\/uploads\/2025\/09\/curso-exe-learning.jpg?fit=623%2C808&ssl=1&resize=350%2C200","width":350,"height":200,"srcset":"https:\/\/i0.wp.com\/cepronda.com\/blog\/wp-content\/uploads\/2025\/09\/curso-exe-learning.jpg?fit=623%2C808&ssl=1&resize=350%2C200 1x, https:\/\/i0.wp.com\/cepronda.com\/blog\/wp-content\/uploads\/2025\/09\/curso-exe-learning.jpg?fit=623%2C808&ssl=1&resize=525%2C300 1.5x"},"classes":[]},{"id":8041,"url":"https:\/\/cepronda.com\/blog\/diseno-de-iluminacion-para-ensenanzas-are-con-codigo-252922ge092\/","url_meta":{"origin":8056,"position":5},"title":"DISE\u00d1O DE ILUMINACI\u00d3N PARA ENSE\u00d1ANZAS ARE, con c\u00f3digo 252922GE092.","author":"Inmaculada Garc\u00eda","date":"14 enero, 2025","format":false,"excerpt":"Abierto plazo de inscripci\u00f3n para la actividad provincial,\u00a0DISE\u00d1O DE ILUMINACI\u00d3N PARA ENSE\u00d1ANZAS ARE, con c\u00f3digo 252922GE092. \u270f\ufe0f Plazo de inscripci\u00f3n: del 13\/01\/2025 al 04\/02\/2025. Realizaci\u00f3n de la actividad: del 17\/02\/2025 al 19\/02\/2025. \u27a1\ufe0f Duraci\u00f3n: 3 d\u00edas, presencial. M\u00e1s informaci\u00f3n: https:\/\/www.juntadeandalucia.es\/educacion\/secretariavirtual\/consultaCEP\/actividad\/252922GE092\/ \u00a0","rel":"","context":"En \u00abFormaciones\u00bb","block_context":{"text":"Formaciones","link":"https:\/\/cepronda.com\/blog\/category\/formaciones\/"},"img":{"alt_text":"","src":"https:\/\/i0.wp.com\/cepronda.com\/blog\/wp-content\/uploads\/2025\/01\/WhatsApp-Image-2025-01-14-at-08.37.00-1.jpeg?fit=1080%2C1080&ssl=1&resize=350%2C200","width":350,"height":200,"srcset":"https:\/\/i0.wp.com\/cepronda.com\/blog\/wp-content\/uploads\/2025\/01\/WhatsApp-Image-2025-01-14-at-08.37.00-1.jpeg?fit=1080%2C1080&ssl=1&resize=350%2C200 1x, https:\/\/i0.wp.com\/cepronda.com\/blog\/wp-content\/uploads\/2025\/01\/WhatsApp-Image-2025-01-14-at-08.37.00-1.jpeg?fit=1080%2C1080&ssl=1&resize=525%2C300 1.5x, https:\/\/i0.wp.com\/cepronda.com\/blog\/wp-content\/uploads\/2025\/01\/WhatsApp-Image-2025-01-14-at-08.37.00-1.jpeg?fit=1080%2C1080&ssl=1&resize=700%2C400 2x, https:\/\/i0.wp.com\/cepronda.com\/blog\/wp-content\/uploads\/2025\/01\/WhatsApp-Image-2025-01-14-at-08.37.00-1.jpeg?fit=1080%2C1080&ssl=1&resize=1050%2C600 3x"},"classes":[]}],"jetpack_sharing_enabled":true,"_links":{"self":[{"href":"https:\/\/cepronda.com\/blog\/wp-json\/wp\/v2\/posts\/8056","targetHints":{"allow":["GET"]}}],"collection":[{"href":"https:\/\/cepronda.com\/blog\/wp-json\/wp\/v2\/posts"}],"about":[{"href":"https:\/\/cepronda.com\/blog\/wp-json\/wp\/v2\/types\/post"}],"author":[{"embeddable":true,"href":"https:\/\/cepronda.com\/blog\/wp-json\/wp\/v2\/users\/9"}],"replies":[{"embeddable":true,"href":"https:\/\/cepronda.com\/blog\/wp-json\/wp\/v2\/comments?post=8056"}],"version-history":[{"count":1,"href":"https:\/\/cepronda.com\/blog\/wp-json\/wp\/v2\/posts\/8056\/revisions"}],"predecessor-version":[{"id":8058,"href":"https:\/\/cepronda.com\/blog\/wp-json\/wp\/v2\/posts\/8056\/revisions\/8058"}],"wp:featuredmedia":[{"embeddable":true,"href":"https:\/\/cepronda.com\/blog\/wp-json\/wp\/v2\/media\/8057"}],"wp:attachment":[{"href":"https:\/\/cepronda.com\/blog\/wp-json\/wp\/v2\/media?parent=8056"}],"wp:term":[{"taxonomy":"category","embeddable":true,"href":"https:\/\/cepronda.com\/blog\/wp-json\/wp\/v2\/categories?post=8056"},{"taxonomy":"post_tag","embeddable":true,"href":"https:\/\/cepronda.com\/blog\/wp-json\/wp\/v2\/tags?post=8056"}],"curies":[{"name":"wp","href":"https:\/\/api.w.org\/{rel}","templated":true}]}}