{"id":8050,"date":"2025-01-20T12:32:34","date_gmt":"2025-01-20T11:32:34","guid":{"rendered":"https:\/\/cepronda.com\/blog\/?p=8050"},"modified":"2025-04-28T12:15:16","modified_gmt":"2025-04-28T10:15:16","slug":"neurocoaching-en-la-ensenanza-de-idiomas-con-codigo-252922ge100","status":"publish","type":"post","link":"https:\/\/cepronda.com\/blog\/neurocoaching-en-la-ensenanza-de-idiomas-con-codigo-252922ge100\/","title":{"rendered":"NEUROCOACHING EN LA ENSE\u00d1ANZA DE IDIOMAS, con c\u00f3digo 252922GE100."},"content":{"rendered":"<div class=\"\" data-block=\"true\" data-editor=\"9nru8\" data-offset-key=\"apjht-0-0\">\n<div class=\"_1mf _1mj\" data-offset-key=\"apjht-0-0\"><span data-offset-key=\"apjht-0-0\"> Se encuentra abierto el plazo de inscripci\u00f3n al curso provincial: NEUROCOACHING EN LA ENSE\u00d1ANZA DE IDIOMAS (252922GE100).<\/span><\/div>\n<\/div>\n<div class=\"\" data-block=\"true\" data-editor=\"9nru8\" data-offset-key=\"dgthq-0-0\">\n<div class=\"_1mf _1mj\" data-offset-key=\"dgthq-0-0\"><span data-offset-key=\"dgthq-0-0\">Duraci\u00f3n:15 HORAS presenciales. <\/span><\/div>\n<\/div>\n<div class=\"\" data-block=\"true\" data-editor=\"9nru8\" data-offset-key=\"32nc1-0-0\">\n<div class=\"_1mf _1mj\" data-offset-key=\"32nc1-0-0\"><span data-offset-key=\"32nc1-0-0\">Fechas de inscripci\u00f3n 17\/1\/25 al 17\/2\/25. <\/span><\/div>\n<\/div>\n<div class=\"\" data-block=\"true\" data-editor=\"9nru8\" data-offset-key=\"14j9j-0-0\">\n<div class=\"_1mf _1mj\" data-offset-key=\"14j9j-0-0\"><span data-offset-key=\"14j9j-0-0\">FECHAS SESIONES (Horario de ma\u00f1ana de 9:30h a 13:30h): 6,13,20 y 27 de MARZO. <\/span><\/div>\n<\/div>\n<div class=\"\" data-block=\"true\" data-editor=\"9nru8\" data-offset-key=\"7k11k-0-0\">\n<div class=\"_1mf _1mj\" data-offset-key=\"7k11k-0-0\"><span data-offset-key=\"7k11k-0-0\">LUGAR: AULA 7 CEP M\u00c1LAGA. <\/span><\/div>\n<\/div>\n<div class=\"\" data-block=\"true\" data-editor=\"9nru8\" data-offset-key=\"b6da1-0-0\">\n<div class=\"_1mf _1mj\" data-offset-key=\"b6da1-0-0\"><span data-offset-key=\"b6da1-0-0\">MODALIDAD: PRESENCIAL.<\/span><\/div>\n<\/div>\n<div class=\"\" data-block=\"true\" data-editor=\"9nru8\" data-offset-key=\"8ccur-0-0\">\n<div class=\"_1mf _1mj\" data-offset-key=\"8ccur-0-0\"><span data-offset-key=\"8ccur-0-0\">\u00c1MBITO: provincial<\/span><\/div>\n<\/div>\n<div class=\"\" data-block=\"true\" data-editor=\"9nru8\" data-offset-key=\"c6cng-0-0\">\n<div class=\"_1mf _1mj\" data-offset-key=\"c6cng-0-0\"><span data-offset-key=\"c6cng-0-0\">M\u00e1s informaci\u00f3n e inscripciones: <\/span><a style=\"font-weight: inherit;\" href=\"https:\/\/www.juntadeandalucia.es\/educacion\/secretariavirtual\/consultaCEP\/actividad\/252922GE100\/\"><span data-offset-key=\"327d0-0-0\">https:\/\/www.juntadeandalucia.es\/educacion\/secretariavirtual\/consultaCEP\/actividad\/252922GE100\/<\/span><\/a><\/div>\n<\/div>\n<div class=\"\" data-block=\"true\" data-editor=\"9nru8\" data-offset-key=\"327d0-0-0\">\n<div data-offset-key=\"327d0-0-0\"><\/div>\n<\/div>\n<div data-offset-key=\"327d0-0-0\"><a href=\"https:\/\/www.juntadeandalucia.es\/educacion\/secretariavirtual\/consultaCEP\/actividad\/252922GE100\/\"><span data-offset-key=\"32nc1-0-0\"><img data-recalc-dims=\"1\" loading=\"lazy\" decoding=\"async\" class=\"aligncenter wp-image-8051\" src=\"https:\/\/i0.wp.com\/cepronda.com\/blog\/wp-content\/uploads\/2025\/01\/WhatsApp-Image-2025-01-20-at-09.44.12.jpeg?resize=390%2C327&#038;ssl=1\" alt=\"\" width=\"390\" height=\"327\" srcset=\"https:\/\/i0.wp.com\/cepronda.com\/blog\/wp-content\/uploads\/2025\/01\/WhatsApp-Image-2025-01-20-at-09.44.12.jpeg?w=940&amp;ssl=1 940w, https:\/\/i0.wp.com\/cepronda.com\/blog\/wp-content\/uploads\/2025\/01\/WhatsApp-Image-2025-01-20-at-09.44.12.jpeg?resize=300%2C251&amp;ssl=1 300w, https:\/\/i0.wp.com\/cepronda.com\/blog\/wp-content\/uploads\/2025\/01\/WhatsApp-Image-2025-01-20-at-09.44.12.jpeg?resize=768%2C644&amp;ssl=1 768w\" sizes=\"auto, (max-width: 390px) 100vw, 390px\" \/><\/span><\/a><\/div>\n","protected":false},"excerpt":{"rendered":"<p>Se encuentra abierto el plazo de inscripci\u00f3n al curso provincial: NEUROCOACHING EN LA ENSE\u00d1ANZA DE IDIOMAS (252922GE100). Duraci\u00f3n:15 HORAS presenciales. Fechas de inscripci\u00f3n 17\/1\/25 al 17\/2\/25. FECHAS SESIONES (Horario de ma\u00f1ana de 9:30h a 13:30h): 6,13,20 y 27 de MARZO. LUGAR: AULA 7 CEP M\u00c1LAGA. MODALIDAD: PRESENCIAL. \u00c1MBITO: provincial M\u00e1s informaci\u00f3n e inscripciones: https:\/\/www.juntadeandalucia.es\/educacion\/secretariavirtual\/consultaCEP\/actividad\/252922GE100\/<\/p>\n","protected":false},"author":9,"featured_media":8051,"comment_status":"closed","ping_status":"open","sticky":false,"template":"","format":"standard","meta":{"_crdt_document":"","advanced_seo_description":"","jetpack_seo_html_title":"","jetpack_seo_noindex":false,"jetpack_post_was_ever_published":false,"_jetpack_newsletter_access":"","_jetpack_dont_email_post_to_subs":false,"_jetpack_newsletter_tier_id":0,"_jetpack_memberships_contains_paywalled_content":false,"_jetpack_memberships_contains_paid_content":false,"footnotes":"","jetpack_publicize_message":"","jetpack_publicize_feature_enabled":true,"jetpack_social_post_already_shared":false,"jetpack_social_options":{"image_generator_settings":{"template":"highway","default_image_id":0,"font":"","enabled":false},"version":2}},"categories":[3,5],"tags":[],"class_list":{"0":"post-8050","1":"post","2":"type-post","3":"status-publish","4":"format-standard","5":"has-post-thumbnail","7":"category-formaciones","8":"category-noticias","9":"czr-hentry"},"jetpack_publicize_connections":[],"jetpack_featured_media_url":"https:\/\/i0.wp.com\/cepronda.com\/blog\/wp-content\/uploads\/2025\/01\/WhatsApp-Image-2025-01-20-at-09.44.12.jpeg?fit=940%2C788&ssl=1","jetpack_shortlink":"https:\/\/wp.me\/p8M4X7-25Q","jetpack-related-posts":[{"id":5795,"url":"https:\/\/cepronda.com\/blog\/actualizacion-metodologica-de-la-ensenanza-del-espanol-como-lengua-extranjera\/","url_meta":{"origin":8050,"position":0},"title":"ACTUALIZACI\u00d3N METODOL\u00d3GICA DE LA ENSE\u00d1ANZA DEL ESPA\u00d1OL COMO LENGUA EXTRANJERA","author":"Mamen Moreno","date":"23 febrero, 2023","format":false,"excerpt":"Abierto el plazo de inscripci\u00f3n del curso provincial con videoconferencias en directo: M\u00e1s informaci\u00f3n e inscripci\u00f3n: https:\/\/www.juntadeandalucia.es\/educacion\/secretariavirtual\/consultaCEP\/actividad\/232926GE108\/ Dirigido al profesorado de ATAL. Fechas de inscripci\u00f3n: 23\/02\/2023 hasta 15\/03\/2023. Fechas de realizaci\u00f3n de las sesiones a trav\u00e9s de videoconferencias: 23 y 29 de marzo, 11, 13 y 18 de abril de\u2026","rel":"","context":"En \u00abFormaciones\u00bb","block_context":{"text":"Formaciones","link":"https:\/\/cepronda.com\/blog\/category\/formaciones\/"},"img":{"alt_text":"","src":"https:\/\/i0.wp.com\/cepronda.com\/blog\/wp-content\/uploads\/2023\/02\/WhatsApp-Image-2023-02-23-at-11.16.56.jpeg?fit=848%2C1200&ssl=1&resize=350%2C200","width":350,"height":200,"srcset":"https:\/\/i0.wp.com\/cepronda.com\/blog\/wp-content\/uploads\/2023\/02\/WhatsApp-Image-2023-02-23-at-11.16.56.jpeg?fit=848%2C1200&ssl=1&resize=350%2C200 1x, https:\/\/i0.wp.com\/cepronda.com\/blog\/wp-content\/uploads\/2023\/02\/WhatsApp-Image-2023-02-23-at-11.16.56.jpeg?fit=848%2C1200&ssl=1&resize=525%2C300 1.5x, https:\/\/i0.wp.com\/cepronda.com\/blog\/wp-content\/uploads\/2023\/02\/WhatsApp-Image-2023-02-23-at-11.16.56.jpeg?fit=848%2C1200&ssl=1&resize=700%2C400 2x"},"classes":[]},{"id":4860,"url":"https:\/\/cepronda.com\/blog\/yoga-aplicado-en-el-aula\/","url_meta":{"origin":8050,"position":1},"title":"YOGA APLICADO EN EL AULA","author":"V\u00edctor Caballero","date":"4 noviembre, 2021","format":false,"excerpt":"Buenas tardes compa\u00f1eras y compa\u00f1eros, Os informamos que est\u00e1 abierto el plazo de inscripci\u00f3n en la actividad \u00a0\"YOGA APLICADO EN EL AULA\" con c\u00f3digo 222924GE006. Es una actividad destinada s\u00f3lo al profesorado centros p\u00fablicos de la zona CEP de Ronda. Las fechas de la formaci\u00f3n son las siguientes: Inscripciones: del\u2026","rel":"","context":"En \u00abFormaciones\u00bb","block_context":{"text":"Formaciones","link":"https:\/\/cepronda.com\/blog\/category\/formaciones\/"},"img":{"alt_text":"","src":"https:\/\/i0.wp.com\/cepronda.com\/blog\/wp-content\/uploads\/2021\/11\/Captura-de-pantalla-2021-11-04-a-las-12.50.00.png?fit=640%2C907&ssl=1&resize=350%2C200","width":350,"height":200,"srcset":"https:\/\/i0.wp.com\/cepronda.com\/blog\/wp-content\/uploads\/2021\/11\/Captura-de-pantalla-2021-11-04-a-las-12.50.00.png?fit=640%2C907&ssl=1&resize=350%2C200 1x, https:\/\/i0.wp.com\/cepronda.com\/blog\/wp-content\/uploads\/2021\/11\/Captura-de-pantalla-2021-11-04-a-las-12.50.00.png?fit=640%2C907&ssl=1&resize=525%2C300 1.5x"},"classes":[]},{"id":7685,"url":"https:\/\/cepronda.com\/blog\/formacion-dislexia-ensenanza-de-la-lectura-basada-en-evidencias-prevencion-en-infantil-e-intervencion-en-primaria-con-codigo-252925ge601\/","url_meta":{"origin":8050,"position":2},"title":"FORMACI\u00d3N: DISLEXIA: ENSE\u00d1ANZA DE LA LECTURA BASADA EN EVIDENCIAS, PREVENCI\u00d3N EN INFANTIL E INTERVENCI\u00d3N EN PRIMARIA, con c\u00f3digo 252925GE601.","author":"Inmaculada Garc\u00eda","date":"9 septiembre, 2024","format":false,"excerpt":"Os informamos que se encuentra abierta la inscripci\u00f3n en el curso provincial, organizado por el CEP de Antequera: \"DISLEXIA: ENSE\u00d1ANZA DE LA LECTURA BASADA EN EVIDENCIAS, PREVENCI\u00d3N EN INFANTIL E INTERVENCI\u00d3N EN PRIMARIA\", con c\u00f3digo 252925GE601, con Juli\u00e1n Palaz\u00f3n y Auxiliadora S\u00e1nchez como ponentes. Este curso est\u00e1 dirigido a maestros\u2026","rel":"","context":"En \u00abFormaciones\u00bb","block_context":{"text":"Formaciones","link":"https:\/\/cepronda.com\/blog\/category\/formaciones\/"},"img":{"alt_text":"","src":"https:\/\/i0.wp.com\/cepronda.com\/blog\/wp-content\/uploads\/2024\/09\/CURSO-DISLEXIA-ANTEQUERA-CARTEL.jpeg?fit=1080%2C1080&ssl=1&resize=350%2C200","width":350,"height":200,"srcset":"https:\/\/i0.wp.com\/cepronda.com\/blog\/wp-content\/uploads\/2024\/09\/CURSO-DISLEXIA-ANTEQUERA-CARTEL.jpeg?fit=1080%2C1080&ssl=1&resize=350%2C200 1x, https:\/\/i0.wp.com\/cepronda.com\/blog\/wp-content\/uploads\/2024\/09\/CURSO-DISLEXIA-ANTEQUERA-CARTEL.jpeg?fit=1080%2C1080&ssl=1&resize=525%2C300 1.5x, https:\/\/i0.wp.com\/cepronda.com\/blog\/wp-content\/uploads\/2024\/09\/CURSO-DISLEXIA-ANTEQUERA-CARTEL.jpeg?fit=1080%2C1080&ssl=1&resize=700%2C400 2x, https:\/\/i0.wp.com\/cepronda.com\/blog\/wp-content\/uploads\/2024\/09\/CURSO-DISLEXIA-ANTEQUERA-CARTEL.jpeg?fit=1080%2C1080&ssl=1&resize=1050%2C600 3x"},"classes":[]},{"id":7420,"url":"https:\/\/cepronda.com\/blog\/7420-2\/","url_meta":{"origin":8050,"position":3},"title":"DISLEXIA:\u00a0ENSE\u00d1ANZA\u00a0DE\u00a0LA\u00a0LECTURA BASADA EN EVIDENCIAS,\u00a0PREVENCI\u00d3N\u00a0EN INFANTIL\u00a0E\u00a0INTERVENCI\u00d3N\u00a0EN\u00a0PRIMARIA","author":"Mamen Moreno","date":"31 enero, 2024","format":false,"excerpt":"Os informamos que se encuentra abierta la inscripci\u00f3n en el curso provincial, organizado por el CEP de Antequera;\u00a0 DISLEXIA:\u00a0ENSE\u00d1ANZA\u00a0DE\u00a0LA\u00a0LECTURA BASADA EN EVIDENCIAS,\u00a0PREVENCI\u00d3N\u00a0EN INFANTIL\u00a0E\u00a0INTERVENCI\u00d3N\u00a0EN\u00a0PRIMARIA,\u00a0con\u00a0c\u00f3digo 242925GE603, con Juli\u00e1n Palaz\u00f3n como ponente principal y Auxiliadora S\u00e1nchez en la aplicaci\u00f3n al aula. Dirigido al profesorado de Infantil y Primaria de centros p\u00fablicos. Sesiones presenciales\u2026","rel":"","context":"En \u00abFormaciones\u00bb","block_context":{"text":"Formaciones","link":"https:\/\/cepronda.com\/blog\/category\/formaciones\/"},"img":{"alt_text":"","src":"https:\/\/i0.wp.com\/cepronda.com\/blog\/wp-content\/uploads\/2024\/01\/Cartel-curso-DISLEXIA.png?fit=1080%2C1080&ssl=1&resize=350%2C200","width":350,"height":200,"srcset":"https:\/\/i0.wp.com\/cepronda.com\/blog\/wp-content\/uploads\/2024\/01\/Cartel-curso-DISLEXIA.png?fit=1080%2C1080&ssl=1&resize=350%2C200 1x, https:\/\/i0.wp.com\/cepronda.com\/blog\/wp-content\/uploads\/2024\/01\/Cartel-curso-DISLEXIA.png?fit=1080%2C1080&ssl=1&resize=525%2C300 1.5x, https:\/\/i0.wp.com\/cepronda.com\/blog\/wp-content\/uploads\/2024\/01\/Cartel-curso-DISLEXIA.png?fit=1080%2C1080&ssl=1&resize=700%2C400 2x, https:\/\/i0.wp.com\/cepronda.com\/blog\/wp-content\/uploads\/2024\/01\/Cartel-curso-DISLEXIA.png?fit=1080%2C1080&ssl=1&resize=1050%2C600 3x"},"classes":[]},{"id":9148,"url":"https:\/\/cepronda.com\/blog\/liderazgo-efectivo-para-el-exito-de-la-ensenanza-bilingue\/","url_meta":{"origin":8050,"position":4},"title":"LIDERAZGO EFECTIVO PARA EL \u00c9XITO DE LA ENSE\u00d1ANZA BILING\u00dcE","author":"Inmaculada Garc\u00eda","date":"18 diciembre, 2025","format":false,"excerpt":"Se encuentra abierto el plazo de inscripci\u00f3n para la formaci\u00f3n semipresencial: \"LIDERAZGO EFECTIVO PARA EL \u00c9XITO DE LA ENSE\u00d1ANZA BILING\u00dcE\" . C\u00f3digo: 269903QPI442 Curso semipresencial de 30 horas: 10 horas presenciales (5 videoconferencias) 20 horas no presenciales \u00c1mbito: Regional Fechas: 20 de enero al 23 de marzo. M\u00e1s informaci\u00f3n e\u2026","rel":"","context":"En \u00abFormaciones\u00bb","block_context":{"text":"Formaciones","link":"https:\/\/cepronda.com\/blog\/category\/formaciones\/"},"img":{"alt_text":"","src":"https:\/\/i0.wp.com\/cepronda.com\/blog\/wp-content\/uploads\/2025\/12\/Copia-de-Copia-de-IG.-DIFUSION-CURSOS.-HAZ-UNA-COPIA.png?fit=1080%2C1080&ssl=1&resize=350%2C200","width":350,"height":200,"srcset":"https:\/\/i0.wp.com\/cepronda.com\/blog\/wp-content\/uploads\/2025\/12\/Copia-de-Copia-de-IG.-DIFUSION-CURSOS.-HAZ-UNA-COPIA.png?fit=1080%2C1080&ssl=1&resize=350%2C200 1x, https:\/\/i0.wp.com\/cepronda.com\/blog\/wp-content\/uploads\/2025\/12\/Copia-de-Copia-de-IG.-DIFUSION-CURSOS.-HAZ-UNA-COPIA.png?fit=1080%2C1080&ssl=1&resize=525%2C300 1.5x, https:\/\/i0.wp.com\/cepronda.com\/blog\/wp-content\/uploads\/2025\/12\/Copia-de-Copia-de-IG.-DIFUSION-CURSOS.-HAZ-UNA-COPIA.png?fit=1080%2C1080&ssl=1&resize=700%2C400 2x, https:\/\/i0.wp.com\/cepronda.com\/blog\/wp-content\/uploads\/2025\/12\/Copia-de-Copia-de-IG.-DIFUSION-CURSOS.-HAZ-UNA-COPIA.png?fit=1080%2C1080&ssl=1&resize=1050%2C600 3x"},"classes":[]},{"id":8397,"url":"https:\/\/cepronda.com\/blog\/la-neurociencia-como-elemento-para-el-desarrollo-del-aprendizaje\/","url_meta":{"origin":8050,"position":5},"title":"LA NEUROCIENCIA COMO ELEMENTO PARA EL DESARROLLO DEL APRENDIZAJE","author":"Mamen Moreno","date":"24 marzo, 2025","format":false,"excerpt":"Abierto el plazo de inscripci\u00f3n para el curso provincial semipresencial online organizado por el CEP de V\u00e9lez-M\u00e1laga, dirigido a todo el profesorado: LA NEUROCIENCIA COMO ELEMENTO PARA EL DESARROLLO DEL APRENDIZAJE con c\u00f3digo 252926GE304. Lugar: AULA VIRTUAL DE FORMACI\u00d3N DEL PROFESORADO (AVFP) Plazo de inscripci\u00f3n: hasta el 31 de marzo\u2026","rel":"","context":"En \u00abFormaciones\u00bb","block_context":{"text":"Formaciones","link":"https:\/\/cepronda.com\/blog\/category\/formaciones\/"},"img":{"alt_text":"","src":"https:\/\/i0.wp.com\/cepronda.com\/blog\/wp-content\/uploads\/2025\/03\/neurociencia_cartel.jpeg?fit=848%2C1200&ssl=1&resize=350%2C200","width":350,"height":200,"srcset":"https:\/\/i0.wp.com\/cepronda.com\/blog\/wp-content\/uploads\/2025\/03\/neurociencia_cartel.jpeg?fit=848%2C1200&ssl=1&resize=350%2C200 1x, https:\/\/i0.wp.com\/cepronda.com\/blog\/wp-content\/uploads\/2025\/03\/neurociencia_cartel.jpeg?fit=848%2C1200&ssl=1&resize=525%2C300 1.5x, https:\/\/i0.wp.com\/cepronda.com\/blog\/wp-content\/uploads\/2025\/03\/neurociencia_cartel.jpeg?fit=848%2C1200&ssl=1&resize=700%2C400 2x"},"classes":[]}],"jetpack_sharing_enabled":true,"_links":{"self":[{"href":"https:\/\/cepronda.com\/blog\/wp-json\/wp\/v2\/posts\/8050","targetHints":{"allow":["GET"]}}],"collection":[{"href":"https:\/\/cepronda.com\/blog\/wp-json\/wp\/v2\/posts"}],"about":[{"href":"https:\/\/cepronda.com\/blog\/wp-json\/wp\/v2\/types\/post"}],"author":[{"embeddable":true,"href":"https:\/\/cepronda.com\/blog\/wp-json\/wp\/v2\/users\/9"}],"replies":[{"embeddable":true,"href":"https:\/\/cepronda.com\/blog\/wp-json\/wp\/v2\/comments?post=8050"}],"version-history":[{"count":2,"href":"https:\/\/cepronda.com\/blog\/wp-json\/wp\/v2\/posts\/8050\/revisions"}],"predecessor-version":[{"id":8175,"href":"https:\/\/cepronda.com\/blog\/wp-json\/wp\/v2\/posts\/8050\/revisions\/8175"}],"wp:featuredmedia":[{"embeddable":true,"href":"https:\/\/cepronda.com\/blog\/wp-json\/wp\/v2\/media\/8051"}],"wp:attachment":[{"href":"https:\/\/cepronda.com\/blog\/wp-json\/wp\/v2\/media?parent=8050"}],"wp:term":[{"taxonomy":"category","embeddable":true,"href":"https:\/\/cepronda.com\/blog\/wp-json\/wp\/v2\/categories?post=8050"},{"taxonomy":"post_tag","embeddable":true,"href":"https:\/\/cepronda.com\/blog\/wp-json\/wp\/v2\/tags?post=8050"}],"curies":[{"name":"wp","href":"https:\/\/api.w.org\/{rel}","templated":true}]}}