{"id":8032,"date":"2025-01-13T11:19:27","date_gmt":"2025-01-13T10:19:27","guid":{"rendered":"https:\/\/cepronda.com\/blog\/?p=8032"},"modified":"2025-04-28T12:15:16","modified_gmt":"2025-04-28T10:15:16","slug":"cerebro-y-corazon-del-alumnado-con-tdah-en-secundaria-con-codigo-252923ge557","status":"publish","type":"post","link":"https:\/\/cepronda.com\/blog\/cerebro-y-corazon-del-alumnado-con-tdah-en-secundaria-con-codigo-252923ge557\/","title":{"rendered":"CEREBRO Y CORAZ\u00d3N DEL ALUMNADO CON TDAH EN SECUNDARIA\u201d, con c\u00f3digo 252923GE557."},"content":{"rendered":"<div class=\"xdj266r x11i5rnm xat24cr x1mh8g0r x1vvkbs x126k92a\">\n<div dir=\"auto\">Abierto el plazo de solicitudes de la actividad formativa \u201cCEREBRO Y CORAZ\u00d3N DEL ALUMNADO CON TDAH EN SECUNDARIA\u201d, con c\u00f3digo 252923GE557.<\/div>\n<\/div>\n<div class=\"x11i5rnm xat24cr x1mh8g0r x1vvkbs xtlvy1s x126k92a\">\n<div dir=\"auto\"><span class=\"html-span xexx8yu x4uap5 x18d9i69 xkhd6sd x1hl2dhg x16tdsg8 x1vvkbs x3nfvp2 x1j61x8r x1fcty0u xdj266r xat24cr xgzva0m xhhsvwb xxymvpz xlup9mm x1kky2od\"><img loading=\"lazy\" decoding=\"async\" class=\"xz74otr\" src=\"https:\/\/static.xx.fbcdn.net\/images\/emoji.php\/v9\/tb0\/1\/16\/1f3af.png\" alt=\"\" width=\"16\" height=\"16\" \/><\/span> Curso dirigido a profesorado de EDUCACI\u00d3N SECUNDARIA Y BACHILLERATO<\/div>\n<div dir=\"auto\"><span class=\"html-span xexx8yu x4uap5 x18d9i69 xkhd6sd x1hl2dhg x16tdsg8 x1vvkbs x3nfvp2 x1j61x8r x1fcty0u xdj266r xat24cr xgzva0m xhhsvwb xxymvpz xlup9mm x1kky2od\"><img loading=\"lazy\" decoding=\"async\" class=\"xz74otr\" src=\"https:\/\/static.xx.fbcdn.net\/images\/emoji.php\/v9\/t81\/1\/16\/1f5a5.png\" alt=\"\" width=\"16\" height=\"16\" \/><\/span> Lugar de realizaci\u00f3n: WEBEX<\/div>\n<\/div>\n<div class=\"x11i5rnm xat24cr x1mh8g0r x1vvkbs xtlvy1s x126k92a\">\n<div dir=\"auto\"><span class=\"html-span xexx8yu x4uap5 x18d9i69 xkhd6sd x1hl2dhg x16tdsg8 x1vvkbs x3nfvp2 x1j61x8r x1fcty0u xdj266r xat24cr xgzva0m xhhsvwb xxymvpz xlup9mm x1kky2od\"><img loading=\"lazy\" decoding=\"async\" class=\"xz74otr\" src=\"https:\/\/static.xx.fbcdn.net\/images\/emoji.php\/v9\/tdb\/1\/16\/1f5d2.png\" alt=\"\" width=\"16\" height=\"16\" \/><\/span>Fechas: 4,11 de febrero y 5,11,18 y 25 de marzo.<\/div>\n<div dir=\"auto\"><span class=\"html-span xexx8yu x4uap5 x18d9i69 xkhd6sd x1hl2dhg x16tdsg8 x1vvkbs x3nfvp2 x1j61x8r x1fcty0u xdj266r xat24cr xgzva0m xhhsvwb xxymvpz xlup9mm x1kky2od\"><img loading=\"lazy\" decoding=\"async\" class=\"xz74otr\" src=\"https:\/\/static.xx.fbcdn.net\/images\/emoji.php\/v9\/te2\/1\/16\/270d.png\" alt=\"\u270d\ufe0f\" width=\"16\" height=\"16\" \/><\/span> Inscripciones: Del 10 al 28 de enero<\/div>\n<\/div>\n<div class=\"x11i5rnm xat24cr x1mh8g0r x1vvkbs xtlvy1s x126k92a\">\n<div dir=\"auto\"><span class=\"html-span xexx8yu x4uap5 x18d9i69 xkhd6sd x1hl2dhg x16tdsg8 x1vvkbs x3nfvp2 x1j61x8r x1fcty0u xdj266r xat24cr xgzva0m xhhsvwb xxymvpz xlup9mm x1kky2od\"><img loading=\"lazy\" decoding=\"async\" class=\"xz74otr\" src=\"https:\/\/static.xx.fbcdn.net\/images\/emoji.php\/v9\/t8a\/1\/16\/1f447_1f3fb.png\" alt=\"\" width=\"16\" height=\"16\" \/><\/span> M\u00e1s informaci\u00f3n e inscripciones: <span class=\"html-span xdj266r x11i5rnm xat24cr x1mh8g0r xexx8yu x4uap5 x18d9i69 xkhd6sd x1hl2dhg x16tdsg8 x1vvkbs\"><a class=\"x1i10hfl xjbqb8w x1ejq31n xd10rxx x1sy0etr x17r0tee x972fbf xcfux6l x1qhh985 xm0m39n x9f619 x1ypdohk xt0psk2 xe8uvvx xdj266r x11i5rnm xat24cr x1mh8g0r xexx8yu x4uap5 x18d9i69 xkhd6sd x16tdsg8 x1hl2dhg xggy1nq x1a2a7pz x1sur9pj xkrqix3 x1fey0fg x1s688f\" tabindex=\"0\" role=\"link\" href=\"https:\/\/www.juntadeandalucia.es\/educacion\/secretariavirtual\/consultaCEP\/actividad\/252923GE557\/\" target=\"_blank\" rel=\"nofollow noopener\">https:\/\/www.juntadeandalucia.es\/educacion\/secretariavirtual\/consultaCEP\/actividad\/252923GE557\/<\/a><\/span><\/div>\n<div dir=\"auto\"><\/div>\n<\/div>\n<div dir=\"auto\"><a href=\"https:\/\/www.juntadeandalucia.es\/educacion\/secretariavirtual\/consultaCEP\/actividad\/252923GE557\/\"><img data-recalc-dims=\"1\" loading=\"lazy\" decoding=\"async\" class=\"aligncenter  wp-image-8028\" src=\"https:\/\/i0.wp.com\/cepronda.com\/blog\/wp-content\/uploads\/2025\/01\/Curso-provincial.jpg?resize=512%2C512&#038;ssl=1\" alt=\"\" width=\"512\" height=\"512\" srcset=\"https:\/\/i0.wp.com\/cepronda.com\/blog\/wp-content\/uploads\/2025\/01\/Curso-provincial.jpg?resize=1024%2C1024&amp;ssl=1 1024w, https:\/\/i0.wp.com\/cepronda.com\/blog\/wp-content\/uploads\/2025\/01\/Curso-provincial.jpg?resize=300%2C300&amp;ssl=1 300w, https:\/\/i0.wp.com\/cepronda.com\/blog\/wp-content\/uploads\/2025\/01\/Curso-provincial.jpg?resize=150%2C150&amp;ssl=1 150w, https:\/\/i0.wp.com\/cepronda.com\/blog\/wp-content\/uploads\/2025\/01\/Curso-provincial.jpg?resize=768%2C768&amp;ssl=1 768w, https:\/\/i0.wp.com\/cepronda.com\/blog\/wp-content\/uploads\/2025\/01\/Curso-provincial.jpg?resize=50%2C50&amp;ssl=1 50w, https:\/\/i0.wp.com\/cepronda.com\/blog\/wp-content\/uploads\/2025\/01\/Curso-provincial.jpg?w=1080&amp;ssl=1 1080w\" sizes=\"auto, (max-width: 512px) 100vw, 512px\" \/><\/a><\/div>\n","protected":false},"excerpt":{"rendered":"<p>Abierto el plazo de solicitudes de la actividad formativa \u201cCEREBRO Y CORAZ\u00d3N DEL ALUMNADO CON TDAH EN SECUNDARIA\u201d, con c\u00f3digo 252923GE557. Curso dirigido a profesorado de EDUCACI\u00d3N SECUNDARIA Y BACHILLERATO Lugar de realizaci\u00f3n: WEBEX Fechas: 4,11 de febrero y 5,11,18 y 25 de marzo. Inscripciones: Del 10 al 28 de enero M\u00e1s informaci\u00f3n e inscripciones: [&hellip;]<\/p>\n","protected":false},"author":9,"featured_media":8028,"comment_status":"closed","ping_status":"open","sticky":false,"template":"","format":"standard","meta":{"_crdt_document":"","advanced_seo_description":"","jetpack_seo_html_title":"","jetpack_seo_noindex":false,"jetpack_post_was_ever_published":false,"_jetpack_newsletter_access":"","_jetpack_dont_email_post_to_subs":false,"_jetpack_newsletter_tier_id":0,"_jetpack_memberships_contains_paywalled_content":false,"_jetpack_memberships_contains_paid_content":false,"footnotes":"","jetpack_publicize_message":"","jetpack_publicize_feature_enabled":true,"jetpack_social_post_already_shared":false,"jetpack_social_options":{"image_generator_settings":{"template":"highway","default_image_id":0,"font":"","enabled":false},"version":2}},"categories":[3,5],"tags":[],"class_list":{"0":"post-8032","1":"post","2":"type-post","3":"status-publish","4":"format-standard","5":"has-post-thumbnail","7":"category-formaciones","8":"category-noticias","9":"czr-hentry"},"jetpack_publicize_connections":[],"jetpack_featured_media_url":"https:\/\/i0.wp.com\/cepronda.com\/blog\/wp-content\/uploads\/2025\/01\/Curso-provincial.jpg?fit=1080%2C1080&ssl=1","jetpack_shortlink":"https:\/\/wp.me\/p8M4X7-25y","jetpack-related-posts":[{"id":7873,"url":"https:\/\/cepronda.com\/blog\/curso-provincial-a-distancia-atencion-al-alumnado-tdah-estrategias-de-intervencion-en-primaria-codigo-252922ge050\/","url_meta":{"origin":8032,"position":0},"title":"CURSO PROVINCIAL A DISTANCIA: ATENCI\u00d3N AL ALUMNADO TDAH: ESTRATEGIAS DE INTERVENCI\u00d3N EN PRIMARIA. C\u00f3digo: 252922GE050.","author":"Inmaculada Garc\u00eda","date":"28 noviembre, 2024","format":false,"excerpt":"Abierto el plazo de solicitudes para el curso provincial a distancia: ATENCI\u00d3N AL ALUMNADO TDAH: ESTRATEGIAS DE INTERVENCI\u00d3N EN PRIMARIA. C\u00f3digo: 252922GE050. Dirigido preferentemente a profesorado de educaci\u00f3n primaria. \u27a1 Curso a distancia de 40 horas, dirigido preferentemente a profesorado de educaci\u00f3n primaria. \u270f Inscripci\u00f3n: 02\/12\/2024 al 15\/12\/2024. Fecha de\u2026","rel":"","context":"En \u00abFormaciones\u00bb","block_context":{"text":"Formaciones","link":"https:\/\/cepronda.com\/blog\/category\/formaciones\/"},"img":{"alt_text":"","src":"https:\/\/i0.wp.com\/cepronda.com\/blog\/wp-content\/uploads\/2024\/11\/WhatsApp-Image-2024-11-28-at-10.46.36.jpeg?fit=1080%2C1080&ssl=1&resize=350%2C200","width":350,"height":200,"srcset":"https:\/\/i0.wp.com\/cepronda.com\/blog\/wp-content\/uploads\/2024\/11\/WhatsApp-Image-2024-11-28-at-10.46.36.jpeg?fit=1080%2C1080&ssl=1&resize=350%2C200 1x, https:\/\/i0.wp.com\/cepronda.com\/blog\/wp-content\/uploads\/2024\/11\/WhatsApp-Image-2024-11-28-at-10.46.36.jpeg?fit=1080%2C1080&ssl=1&resize=525%2C300 1.5x, https:\/\/i0.wp.com\/cepronda.com\/blog\/wp-content\/uploads\/2024\/11\/WhatsApp-Image-2024-11-28-at-10.46.36.jpeg?fit=1080%2C1080&ssl=1&resize=700%2C400 2x, https:\/\/i0.wp.com\/cepronda.com\/blog\/wp-content\/uploads\/2024\/11\/WhatsApp-Image-2024-11-28-at-10.46.36.jpeg?fit=1080%2C1080&ssl=1&resize=1050%2C600 3x"},"classes":[]},{"id":9068,"url":"https:\/\/cepronda.com\/blog\/atencion-al-alumnado-tdah-estrategias-de-intervencion-en-primaria\/","url_meta":{"origin":8032,"position":1},"title":"ATENCI\u00d3N AL ALUMNADO TDAH: ESTRATEGIAS DE INTERVENCI\u00d3N EN PRIMARIA.","author":"Inmaculada Garc\u00eda","date":"1 diciembre, 2025","format":false,"excerpt":"Se encuentra abierto el plazo de inscripci\u00f3n en el curso provincial a distancias: ATENCI\u00d3N AL ALUMNADO TDAH: ESTRATEGIAS DE INTERVENCI\u00d3N EN PRIMARIA (40h). C\u00f3digo: 262922GE033. Dirigido preferentemente al profesorado de educaci\u00f3n primaria, con una dedicaci\u00f3n de 40 horas. \u00a0 Inscripci\u00f3n: 01\/12\/2025 al 14\/12\/2025. Fecha de actividad 09\/01\/2026 hasta 19\/03\/2026. \u00a0\u2026","rel":"","context":"En \u00abFormaciones\u00bb","block_context":{"text":"Formaciones","link":"https:\/\/cepronda.com\/blog\/category\/formaciones\/"},"img":{"alt_text":"","src":"https:\/\/i0.wp.com\/cepronda.com\/blog\/wp-content\/uploads\/2025\/12\/WhatsApp-Image-2025-12-01-at-11.15.25.jpeg?fit=1080%2C1080&ssl=1&resize=350%2C200","width":350,"height":200,"srcset":"https:\/\/i0.wp.com\/cepronda.com\/blog\/wp-content\/uploads\/2025\/12\/WhatsApp-Image-2025-12-01-at-11.15.25.jpeg?fit=1080%2C1080&ssl=1&resize=350%2C200 1x, https:\/\/i0.wp.com\/cepronda.com\/blog\/wp-content\/uploads\/2025\/12\/WhatsApp-Image-2025-12-01-at-11.15.25.jpeg?fit=1080%2C1080&ssl=1&resize=525%2C300 1.5x, https:\/\/i0.wp.com\/cepronda.com\/blog\/wp-content\/uploads\/2025\/12\/WhatsApp-Image-2025-12-01-at-11.15.25.jpeg?fit=1080%2C1080&ssl=1&resize=700%2C400 2x, https:\/\/i0.wp.com\/cepronda.com\/blog\/wp-content\/uploads\/2025\/12\/WhatsApp-Image-2025-12-01-at-11.15.25.jpeg?fit=1080%2C1080&ssl=1&resize=1050%2C600 3x"},"classes":[]},{"id":8927,"url":"https:\/\/cepronda.com\/blog\/acompanar-con-sentido-estrategias-pedagogicas-para-el-alumnado-autista-en-secundaria-y-postobligatoria-262922ge031\/","url_meta":{"origin":8032,"position":2},"title":"ACOMPA\u00d1AR CON SENTIDO: ESTRATEGIAS PEDAG\u00d3GICAS PARA EL ALUMNADO AUTISTA EN SECUNDARIA Y POSTOBLIGATORIA.","author":"Inmaculada Garc\u00eda","date":"14 octubre, 2025","format":false,"excerpt":"Se encuentra abierto el plazo para inscribirse en el curso provincial presencial (WEBEX): ACOMPA\u00d1AR CON SENTIDO: ESTRATEGIAS PEDAG\u00d3GICAS PARA EL ALUMNADO AUTISTA EN SECUNDARIA Y POSTOBLIGATORIA, c\u00f3digo: 262922GE031. Curso con una dedicaci\u00f3n de 12 horas. \u00a0 Inscripci\u00f3n: 14\/10\/2025 hasta 26\/10\/2025. \u00a0 Sesiones Webex: 4, 11, 18 y 25 Nov 2025.\u2026","rel":"","context":"En \u00abFormaciones\u00bb","block_context":{"text":"Formaciones","link":"https:\/\/cepronda.com\/blog\/category\/formaciones\/"},"img":{"alt_text":"","src":"https:\/\/i0.wp.com\/cepronda.com\/blog\/wp-content\/uploads\/2025\/10\/WhatsApp-Image-2025-10-14-at-09.35.41.jpeg?fit=1080%2C1080&ssl=1&resize=350%2C200","width":350,"height":200,"srcset":"https:\/\/i0.wp.com\/cepronda.com\/blog\/wp-content\/uploads\/2025\/10\/WhatsApp-Image-2025-10-14-at-09.35.41.jpeg?fit=1080%2C1080&ssl=1&resize=350%2C200 1x, https:\/\/i0.wp.com\/cepronda.com\/blog\/wp-content\/uploads\/2025\/10\/WhatsApp-Image-2025-10-14-at-09.35.41.jpeg?fit=1080%2C1080&ssl=1&resize=525%2C300 1.5x, https:\/\/i0.wp.com\/cepronda.com\/blog\/wp-content\/uploads\/2025\/10\/WhatsApp-Image-2025-10-14-at-09.35.41.jpeg?fit=1080%2C1080&ssl=1&resize=700%2C400 2x, https:\/\/i0.wp.com\/cepronda.com\/blog\/wp-content\/uploads\/2025\/10\/WhatsApp-Image-2025-10-14-at-09.35.41.jpeg?fit=1080%2C1080&ssl=1&resize=1050%2C600 3x"},"classes":[]},{"id":9176,"url":"https:\/\/cepronda.com\/blog\/9176-2\/","url_meta":{"origin":8032,"position":3},"title":"CURSO ATENCI\u00d3N AL ALUMNADO CON NEE QUE PRESENTA TRASTORNOS GRAVES DE CONDUCTA (SECUNDARIA)","author":"Encarni Jim\u00e9nez Rosado","date":"12 enero, 2026","format":false,"excerpt":"Abierta la inscripci\u00f3n del curso provincial, que se realizar\u00e1 por videoconferencias : ATENCI\u00d3N AL ALUMNADO CON NEE QUE PRESENTA TRASTORNOS GRAVES DE CONDUCTA (SECUNDARIA) C\u00f3digo: 262923GE453 Inscripciones: desde el 12\/01\/2026 hasta 16\/02\/2026 Fecha de inicio y fin del curso: 03\/03\/2026 - 17\/04\/2026 Lugar de realizaci\u00f3n: plataforma Webex Detalle e inscripci\u00f3n:\u2026","rel":"","context":"En \u00abFormaciones\u00bb","block_context":{"text":"Formaciones","link":"https:\/\/cepronda.com\/blog\/category\/formaciones\/"},"img":{"alt_text":"","src":"https:\/\/i0.wp.com\/cepronda.com\/blog\/wp-content\/uploads\/2026\/01\/WhatsApp-Image-2026-01-13-at-11.49.48.jpeg?fit=960%2C1200&ssl=1&resize=350%2C200","width":350,"height":200,"srcset":"https:\/\/i0.wp.com\/cepronda.com\/blog\/wp-content\/uploads\/2026\/01\/WhatsApp-Image-2026-01-13-at-11.49.48.jpeg?fit=960%2C1200&ssl=1&resize=350%2C200 1x, https:\/\/i0.wp.com\/cepronda.com\/blog\/wp-content\/uploads\/2026\/01\/WhatsApp-Image-2026-01-13-at-11.49.48.jpeg?fit=960%2C1200&ssl=1&resize=525%2C300 1.5x, https:\/\/i0.wp.com\/cepronda.com\/blog\/wp-content\/uploads\/2026\/01\/WhatsApp-Image-2026-01-13-at-11.49.48.jpeg?fit=960%2C1200&ssl=1&resize=700%2C400 2x"},"classes":[]},{"id":8006,"url":"https:\/\/cepronda.com\/blog\/curso-provincial-jefatura-de-estudios-organizacion-y-funcionamiento-secundaria-codigo-259923kpf494\/","url_meta":{"origin":8032,"position":4},"title":"CURSO PROVINCIAL: JEFATURA DE ESTUDIOS: ORGANIZACI\u00d3N Y FUNCIONAMIENTO (SECUNDARIA)\u201d. C\u00f3digo 259923KPF494.","author":"Inmaculada Garc\u00eda","date":"8 enero, 2025","format":false,"excerpt":"Abierto el plazo de solicitud de la actividad formativa provincial a distancia \u201cJEFATURA DE ESTUDIOS: ORGANIZACI\u00d3N Y FUNCIONAMIENTO (SECUNDARIA)\u201d. C\u00f3digo: 259923KPF494. \u00a0 Curso a distancia de 40 horas, dirigido a profesorado de EDUCACI\u00d3N SECUNDARIA Y BACHILLERATO Lugar de realizaci\u00f3n: AVFP \u00a0 Fechas de realizaci\u00f3n del 29\/01\/2025 hasta 30\/03\/2025. \u270d\ufe0f Inscripciones\u2026","rel":"","context":"En \u00abFormaciones\u00bb","block_context":{"text":"Formaciones","link":"https:\/\/cepronda.com\/blog\/category\/formaciones\/"},"img":{"alt_text":"","src":"https:\/\/i0.wp.com\/cepronda.com\/blog\/wp-content\/uploads\/2025\/01\/WhatsApp-Image-2025-01-08-at-12.42.22.jpeg?fit=1080%2C1080&ssl=1&resize=350%2C200","width":350,"height":200,"srcset":"https:\/\/i0.wp.com\/cepronda.com\/blog\/wp-content\/uploads\/2025\/01\/WhatsApp-Image-2025-01-08-at-12.42.22.jpeg?fit=1080%2C1080&ssl=1&resize=350%2C200 1x, https:\/\/i0.wp.com\/cepronda.com\/blog\/wp-content\/uploads\/2025\/01\/WhatsApp-Image-2025-01-08-at-12.42.22.jpeg?fit=1080%2C1080&ssl=1&resize=525%2C300 1.5x, https:\/\/i0.wp.com\/cepronda.com\/blog\/wp-content\/uploads\/2025\/01\/WhatsApp-Image-2025-01-08-at-12.42.22.jpeg?fit=1080%2C1080&ssl=1&resize=700%2C400 2x, https:\/\/i0.wp.com\/cepronda.com\/blog\/wp-content\/uploads\/2025\/01\/WhatsApp-Image-2025-01-08-at-12.42.22.jpeg?fit=1080%2C1080&ssl=1&resize=1050%2C600 3x"},"classes":[]},{"id":1573,"url":"https:\/\/cepronda.com\/blog\/curso-competencias-clave-en-secundaria-y-bachillerato\/","url_meta":{"origin":8032,"position":5},"title":"Curso \u00abCompetencias clave en Secundaria y Bachillerato\u00bb","author":"V\u00edctor Caballero","date":"29 enero, 2018","format":false,"excerpt":"Muy buenas, Os comentamos que ya se encuentra abierto el plazo de inscripci\u00f3n para el curso \"Competencias clave en Secundaria y Bachillerato\" a realizar a partir del 8 de febrero.\u00a0 El desarrollo de las competencias clave en el alumnado supone un nuevo marco conceptual que modifica el enfoque del aprendizaje.\u2026","rel":"","context":"En \u00abFormaciones\u00bb","block_context":{"text":"Formaciones","link":"https:\/\/cepronda.com\/blog\/category\/formaciones\/"},"img":{"alt_text":"","src":"https:\/\/i0.wp.com\/cepronda.com\/blog\/wp-content\/uploads\/2018\/01\/networks-3017395_640.jpg?fit=640%2C426&ssl=1&resize=350%2C200","width":350,"height":200,"srcset":"https:\/\/i0.wp.com\/cepronda.com\/blog\/wp-content\/uploads\/2018\/01\/networks-3017395_640.jpg?fit=640%2C426&ssl=1&resize=350%2C200 1x, https:\/\/i0.wp.com\/cepronda.com\/blog\/wp-content\/uploads\/2018\/01\/networks-3017395_640.jpg?fit=640%2C426&ssl=1&resize=525%2C300 1.5x"},"classes":[]}],"jetpack_sharing_enabled":true,"_links":{"self":[{"href":"https:\/\/cepronda.com\/blog\/wp-json\/wp\/v2\/posts\/8032","targetHints":{"allow":["GET"]}}],"collection":[{"href":"https:\/\/cepronda.com\/blog\/wp-json\/wp\/v2\/posts"}],"about":[{"href":"https:\/\/cepronda.com\/blog\/wp-json\/wp\/v2\/types\/post"}],"author":[{"embeddable":true,"href":"https:\/\/cepronda.com\/blog\/wp-json\/wp\/v2\/users\/9"}],"replies":[{"embeddable":true,"href":"https:\/\/cepronda.com\/blog\/wp-json\/wp\/v2\/comments?post=8032"}],"version-history":[{"count":1,"href":"https:\/\/cepronda.com\/blog\/wp-json\/wp\/v2\/posts\/8032\/revisions"}],"predecessor-version":[{"id":8033,"href":"https:\/\/cepronda.com\/blog\/wp-json\/wp\/v2\/posts\/8032\/revisions\/8033"}],"wp:featuredmedia":[{"embeddable":true,"href":"https:\/\/cepronda.com\/blog\/wp-json\/wp\/v2\/media\/8028"}],"wp:attachment":[{"href":"https:\/\/cepronda.com\/blog\/wp-json\/wp\/v2\/media?parent=8032"}],"wp:term":[{"taxonomy":"category","embeddable":true,"href":"https:\/\/cepronda.com\/blog\/wp-json\/wp\/v2\/categories?post=8032"},{"taxonomy":"post_tag","embeddable":true,"href":"https:\/\/cepronda.com\/blog\/wp-json\/wp\/v2\/tags?post=8032"}],"curies":[{"name":"wp","href":"https:\/\/api.w.org\/{rel}","templated":true}]}}