{"id":8021,"date":"2025-01-09T13:47:05","date_gmt":"2025-01-09T12:47:05","guid":{"rendered":"https:\/\/cepronda.com\/blog\/?p=8021"},"modified":"2025-04-28T12:15:17","modified_gmt":"2025-04-28T10:15:17","slug":"curso-creacion-de-un-coro-escolar-como-modelo-de-buena-practica-educativa-codigo-252926ge706","status":"publish","type":"post","link":"https:\/\/cepronda.com\/blog\/curso-creacion-de-un-coro-escolar-como-modelo-de-buena-practica-educativa-codigo-252926ge706\/","title":{"rendered":"CURSO CREACI\u00d3N DE UN CORO ESCOLAR COMO MODELO DE BUENA PR\u00c1CTICA EDUCATIVA, C\u00d3DIGO 252926GE706."},"content":{"rendered":"<p>Se informa de que est\u00e1 abierto el plazo de inscripci\u00f3n para la actividad provincial presencial: CREACI\u00d3N DE UN CORO ESCOLAR COMO MODELO DE BUENA PR\u00c1CTICA EDUCATIVA, con c\u00f3digo 252926GE706.<\/p>\n<p>Duraci\u00f3n: 12 horas.<br \/>\nLugar de realizaci\u00f3n: CEP de V\u00e9lez M\u00e1laga.<\/p>\n<ul class=\"list-group\">\n<li class=\"list-group-item\"><b>Fecha actividad:<\/b>\u00a022\/01\/2025 hasta 12\/02\/2025<\/li>\n<li class=\"list-group-item\"><b>Fecha inscripci\u00f3n:<\/b>\u00a019\/12\/2024 hasta 17\/01\/2025<\/li>\n<\/ul>\n<p>Detalle e inscripci\u00f3n: <a href=\"https:\/\/www.juntadeandalucia.es\/educacion\/secretariavirtual\/consultaCEP\/actividad\/252926GE706\/\">https:\/\/www.juntadeandalucia.es\/educacion\/secretariavirtual\/consultaCEP\/actividad\/252926GE706\/<\/a><\/p>\n","protected":false},"excerpt":{"rendered":"<p>Se informa de que est\u00e1 abierto el plazo de inscripci\u00f3n para la actividad provincial presencial: CREACI\u00d3N DE UN CORO ESCOLAR COMO MODELO DE BUENA PR\u00c1CTICA EDUCATIVA, con c\u00f3digo 252926GE706. Duraci\u00f3n: 12 horas. Lugar de realizaci\u00f3n: CEP de V\u00e9lez M\u00e1laga. Fecha actividad:\u00a022\/01\/2025 hasta 12\/02\/2025 Fecha inscripci\u00f3n:\u00a019\/12\/2024 hasta 17\/01\/2025 Detalle e inscripci\u00f3n: https:\/\/www.juntadeandalucia.es\/educacion\/secretariavirtual\/consultaCEP\/actividad\/252926GE706\/<\/p>\n","protected":false},"author":9,"featured_media":8022,"comment_status":"closed","ping_status":"open","sticky":false,"template":"","format":"standard","meta":{"_crdt_document":"","advanced_seo_description":"","jetpack_seo_html_title":"","jetpack_seo_noindex":false,"jetpack_post_was_ever_published":false,"_jetpack_newsletter_access":"","_jetpack_dont_email_post_to_subs":false,"_jetpack_newsletter_tier_id":0,"_jetpack_memberships_contains_paywalled_content":false,"_jetpack_memberships_contains_paid_content":false,"footnotes":"","jetpack_publicize_message":"","jetpack_publicize_feature_enabled":true,"jetpack_social_post_already_shared":false,"jetpack_social_options":{"image_generator_settings":{"template":"highway","default_image_id":0,"font":"","enabled":false},"version":2}},"categories":[3,5],"tags":[],"class_list":{"0":"post-8021","1":"post","2":"type-post","3":"status-publish","4":"format-standard","5":"has-post-thumbnail","7":"category-formaciones","8":"category-noticias","9":"czr-hentry"},"jetpack_publicize_connections":[],"jetpack_featured_media_url":"https:\/\/i0.wp.com\/cepronda.com\/blog\/wp-content\/uploads\/2025\/01\/WhatsApp-Image-2025-01-09-at-13.34.53.jpeg?fit=1131%2C1600&ssl=1","jetpack_shortlink":"https:\/\/wp.me\/p8M4X7-25n","jetpack-related-posts":[{"id":8025,"url":"https:\/\/cepronda.com\/blog\/orientacion-vocacional-academica-y-profesional-en-orientacion-educativa-codigo-252922ge059\/","url_meta":{"origin":8021,"position":0},"title":"ORIENTACI\u00d3N VOCACIONAL, ACAD\u00c9MICA Y PROFESIONAL EN ORIENTACI\u00d3N EDUCATIVA. C\u00f3digo: 252922GE059.","author":"Inmaculada Garc\u00eda","date":"13 enero, 2025","format":false,"excerpt":"Abierto el plazo de solicitudes para la actividad formativa provincial a distancia: ORIENTACI\u00d3N VOCACIONAL, ACAD\u00c9MICA Y PROFESIONAL EN ORIENTACI\u00d3N EDUCATIVA. C\u00f3digo: 252922GE059. Curso a distancia de 30h. Dirigido preferentemente al Profesorado de la especialidad Orientaci\u00f3n Educativa de las distintas etapas educativas. Inscripci\u00f3n: 13\/01\/\/2025 al 26\/01\/2025. Fecha de actividad 10\/02\/2025 hasta\u2026","rel":"","context":"En \u00abFormaciones\u00bb","block_context":{"text":"Formaciones","link":"https:\/\/cepronda.com\/blog\/category\/formaciones\/"},"img":{"alt_text":"","src":"https:\/\/i0.wp.com\/cepronda.com\/blog\/wp-content\/uploads\/2025\/01\/WhatsApp-Image-2025-01-13-at-08.19.10.jpeg?fit=1080%2C1080&ssl=1&resize=350%2C200","width":350,"height":200,"srcset":"https:\/\/i0.wp.com\/cepronda.com\/blog\/wp-content\/uploads\/2025\/01\/WhatsApp-Image-2025-01-13-at-08.19.10.jpeg?fit=1080%2C1080&ssl=1&resize=350%2C200 1x, https:\/\/i0.wp.com\/cepronda.com\/blog\/wp-content\/uploads\/2025\/01\/WhatsApp-Image-2025-01-13-at-08.19.10.jpeg?fit=1080%2C1080&ssl=1&resize=525%2C300 1.5x, https:\/\/i0.wp.com\/cepronda.com\/blog\/wp-content\/uploads\/2025\/01\/WhatsApp-Image-2025-01-13-at-08.19.10.jpeg?fit=1080%2C1080&ssl=1&resize=700%2C400 2x, https:\/\/i0.wp.com\/cepronda.com\/blog\/wp-content\/uploads\/2025\/01\/WhatsApp-Image-2025-01-13-at-08.19.10.jpeg?fit=1080%2C1080&ssl=1&resize=1050%2C600 3x"},"classes":[]},{"id":8825,"url":"https:\/\/cepronda.com\/blog\/gestion-de-la-biblioteca-escolar-en-el-modulo-biblioweb-seneca-codigo-262923ge402\/","url_meta":{"origin":8021,"position":1},"title":"GESTI\u00d3N DE LA BIBLIOTECA ESCOLAR EN EL M\u00d3DULO BIBLIOWEB S\u00c9NECA. C\u00f3digo: 262923GE402.","author":"Inmaculada Garc\u00eda","date":"22 septiembre, 2025","format":false,"excerpt":"Abierto el plazo de inscripci\u00f3n para el curso provincial a distancia: GESTI\u00d3N DE LA BIBLIOTECA ESCOLAR EN EL M\u00d3DULO BIBLIOWEB S\u00c9NECA. C\u00f3digo 262923GE402. \u00a0 Curso a distancia con un aprovechamiento de 30 horas, desarrolladas en el Aula Virtual de Formaci\u00f3n del Profesorado. Este curso de formaci\u00f3n se ha dise\u00f1ado para\u2026","rel":"","context":"En \u00abFormaciones\u00bb","block_context":{"text":"Formaciones","link":"https:\/\/cepronda.com\/blog\/category\/formaciones\/"},"img":{"alt_text":"","src":"https:\/\/i0.wp.com\/cepronda.com\/blog\/wp-content\/uploads\/2025\/09\/Curso-Biblioweb.jpg?fit=500%2C500&ssl=1&resize=350%2C200","width":350,"height":200},"classes":[]},{"id":7712,"url":"https:\/\/cepronda.com\/blog\/convocatoria-regional-de-cursos-avfp-curso-2024-25\/","url_meta":{"origin":8021,"position":2},"title":"CONVOCATORIA REGIONAL DE CURSOS AVFP. CURSO 2024\/25.","author":"Inmaculada Garc\u00eda","date":"19 septiembre, 2024","format":false,"excerpt":"\u00a0 \u00a0 CONVOCATORIA REGIONAL DE CURSOS AVFP \u00a0 Os informamos que se encuentra abierto el plazo de inscripci\u00f3n en la convocatoria de cursos regional. La superaci\u00f3n de estos cursos supone la certificaci\u00f3n de diversos niveles de Competencia Digital Docente. - HERRAMIENTAS DIGITALES APLICADAS A LA DOCENCIA EN LA FORMACI\u00d3N PROFESIONAL,\u2026","rel":"","context":"En \u00abFormaciones\u00bb","block_context":{"text":"Formaciones","link":"https:\/\/cepronda.com\/blog\/category\/formaciones\/"},"img":{"alt_text":"","src":"https:\/\/i0.wp.com\/cepronda.com\/blog\/wp-content\/uploads\/2024\/09\/CURSOS.png?fit=1200%2C1200&ssl=1&resize=350%2C200","width":350,"height":200,"srcset":"https:\/\/i0.wp.com\/cepronda.com\/blog\/wp-content\/uploads\/2024\/09\/CURSOS.png?fit=1200%2C1200&ssl=1&resize=350%2C200 1x, https:\/\/i0.wp.com\/cepronda.com\/blog\/wp-content\/uploads\/2024\/09\/CURSOS.png?fit=1200%2C1200&ssl=1&resize=525%2C300 1.5x, https:\/\/i0.wp.com\/cepronda.com\/blog\/wp-content\/uploads\/2024\/09\/CURSOS.png?fit=1200%2C1200&ssl=1&resize=700%2C400 2x, https:\/\/i0.wp.com\/cepronda.com\/blog\/wp-content\/uploads\/2024\/09\/CURSOS.png?fit=1200%2C1200&ssl=1&resize=1050%2C600 3x"},"classes":[]},{"id":8761,"url":"https:\/\/cepronda.com\/blog\/atencion-a-la-diversidad-evaluacion-psicopedagogica-e-intervencion-para-orientadores-as-codigo-262922ge036\/","url_meta":{"origin":8021,"position":3},"title":"ATENCI\u00d3N A LA DIVERSIDAD: EVALUACI\u00d3N PSICOPEDAG\u00d3GICA E INTERVENCI\u00d3N PARA ORIENTADORES\/AS. C\u00f3digo: 262922GE036.","author":"Inmaculada Garc\u00eda","date":"9 septiembre, 2025","format":false,"excerpt":"Se ha abierto el plazo de inscripci\u00f3n para la actividad provincial a distancia: ATENCI\u00d3N A LA DIVERSIDAD: EVALUACI\u00d3N PSICOPEDAG\u00d3GICA E INTERVENCI\u00d3N PARA ORIENTADORES\/AS. C\u00f3digo: 262922GE036. Se desarrollar\u00e1 en el Aula Virtual de Formaci\u00f3n del Profesorado con una dedicaci\u00f3n de 40h. Dirigido preferentemente a Profesorado de la especialidad de Orientaci\u00f3n Educativa.\u2026","rel":"","context":"En \u00abFormaciones\u00bb","block_context":{"text":"Formaciones","link":"https:\/\/cepronda.com\/blog\/category\/formaciones\/"},"img":{"alt_text":"","src":"https:\/\/i0.wp.com\/cepronda.com\/blog\/wp-content\/uploads\/2025\/09\/WhatsApp-Image-2025-09-09-at-09.52.45.jpeg?fit=1080%2C1080&ssl=1&resize=350%2C200","width":350,"height":200,"srcset":"https:\/\/i0.wp.com\/cepronda.com\/blog\/wp-content\/uploads\/2025\/09\/WhatsApp-Image-2025-09-09-at-09.52.45.jpeg?fit=1080%2C1080&ssl=1&resize=350%2C200 1x, https:\/\/i0.wp.com\/cepronda.com\/blog\/wp-content\/uploads\/2025\/09\/WhatsApp-Image-2025-09-09-at-09.52.45.jpeg?fit=1080%2C1080&ssl=1&resize=525%2C300 1.5x, https:\/\/i0.wp.com\/cepronda.com\/blog\/wp-content\/uploads\/2025\/09\/WhatsApp-Image-2025-09-09-at-09.52.45.jpeg?fit=1080%2C1080&ssl=1&resize=700%2C400 2x, https:\/\/i0.wp.com\/cepronda.com\/blog\/wp-content\/uploads\/2025\/09\/WhatsApp-Image-2025-09-09-at-09.52.45.jpeg?fit=1080%2C1080&ssl=1&resize=1050%2C600 3x"},"classes":[]},{"id":8803,"url":"https:\/\/cepronda.com\/blog\/v-congreso-internacional-conmemorativo-del-descubrimiento-de-america-codigo-262115ge002\/","url_meta":{"origin":8021,"position":4},"title":"V CONGRESO INTERNACIONAL CONMEMORATIVO DEL DESCUBRIMIENTO DE AM\u00c9RICA. C\u00f3digo: 262115GE002","author":"Inmaculada Garc\u00eda","date":"18 septiembre, 2025","format":false,"excerpt":"Abierta la inscripci\u00f3n del Congreso regional organizado por el CEP de Huelva- Isla Cristina: V CONGRESO INTERNACIONAL CONMEMORATIVO DEL DESCUBRIMIENTO DE AM\u00c9RICA. C\u00f3digo: 262115GE002 \u00a0 Fecha inscripci\u00f3n: 12\/09\/2025 hasta 06\/10\/2025. Fecha actividad: 10\/10\/2025 hasta 13\/10\/2025. \u00a0 Duraci\u00f3n: 18 horas \u00a0 \u00a0 Detalle e inscripci\u00f3n: https:\/\/www.juntadeandalucia.es\/educacion\/secretariavirtual\/consultaCEP\/actividad\/262115GE002\/","rel":"","context":"En \u00abFormaciones\u00bb","block_context":{"text":"Formaciones","link":"https:\/\/cepronda.com\/blog\/category\/formaciones\/"},"img":{"alt_text":"","src":"https:\/\/i0.wp.com\/cepronda.com\/blog\/wp-content\/uploads\/2025\/09\/cartelVDescubrimiento_programa_ok3.jpg?fit=848%2C1200&ssl=1&resize=350%2C200","width":350,"height":200,"srcset":"https:\/\/i0.wp.com\/cepronda.com\/blog\/wp-content\/uploads\/2025\/09\/cartelVDescubrimiento_programa_ok3.jpg?fit=848%2C1200&ssl=1&resize=350%2C200 1x, https:\/\/i0.wp.com\/cepronda.com\/blog\/wp-content\/uploads\/2025\/09\/cartelVDescubrimiento_programa_ok3.jpg?fit=848%2C1200&ssl=1&resize=525%2C300 1.5x, https:\/\/i0.wp.com\/cepronda.com\/blog\/wp-content\/uploads\/2025\/09\/cartelVDescubrimiento_programa_ok3.jpg?fit=848%2C1200&ssl=1&resize=700%2C400 2x"},"classes":[]},{"id":7504,"url":"https:\/\/cepronda.com\/blog\/aplicaciones-de-la-semiotica-teatral-a-la-escenificacion-escolar\/","url_meta":{"origin":8021,"position":5},"title":"APLICACIONES DE LA SEMI\u00d3TICA TEATRAL A LA ESCENIFICACI\u00d3N ESCOLAR","author":"Mamen Moreno","date":"15 marzo, 2024","format":false,"excerpt":"Se encuentra abierto el plazo de inscripci\u00f3n para la formaci\u00f3n\u00a0\u201cAPLICACIONES DE LA SEMI\u00d3TICA TEATRAL A LA ESCENIFICACI\u00d3N ESCOLAR\u201d C\u00d3DIGO 242924GE053. Duraci\u00f3n de la actividad 12 horas presenciales. Fecha inscripci\u00f3n:\u00a015\/03\/2024 hasta 12\/04\/2024 Lugar de realizaci\u00f3n:\u00a0Sal\u00f3n de actos del CEP de Ronda Fecha actividad: 17, 18, 24 y 25 de abril de\u2026","rel":"","context":"En \u00abFormaciones\u00bb","block_context":{"text":"Formaciones","link":"https:\/\/cepronda.com\/blog\/category\/formaciones\/"},"img":{"alt_text":"","src":"https:\/\/i0.wp.com\/cepronda.com\/blog\/wp-content\/uploads\/2024\/03\/CUIDADO-DE-LA-VOZ-1.jpg?fit=1080%2C1080&ssl=1&resize=350%2C200","width":350,"height":200,"srcset":"https:\/\/i0.wp.com\/cepronda.com\/blog\/wp-content\/uploads\/2024\/03\/CUIDADO-DE-LA-VOZ-1.jpg?fit=1080%2C1080&ssl=1&resize=350%2C200 1x, https:\/\/i0.wp.com\/cepronda.com\/blog\/wp-content\/uploads\/2024\/03\/CUIDADO-DE-LA-VOZ-1.jpg?fit=1080%2C1080&ssl=1&resize=525%2C300 1.5x, https:\/\/i0.wp.com\/cepronda.com\/blog\/wp-content\/uploads\/2024\/03\/CUIDADO-DE-LA-VOZ-1.jpg?fit=1080%2C1080&ssl=1&resize=700%2C400 2x, https:\/\/i0.wp.com\/cepronda.com\/blog\/wp-content\/uploads\/2024\/03\/CUIDADO-DE-LA-VOZ-1.jpg?fit=1080%2C1080&ssl=1&resize=1050%2C600 3x"},"classes":[]}],"jetpack_sharing_enabled":true,"_links":{"self":[{"href":"https:\/\/cepronda.com\/blog\/wp-json\/wp\/v2\/posts\/8021","targetHints":{"allow":["GET"]}}],"collection":[{"href":"https:\/\/cepronda.com\/blog\/wp-json\/wp\/v2\/posts"}],"about":[{"href":"https:\/\/cepronda.com\/blog\/wp-json\/wp\/v2\/types\/post"}],"author":[{"embeddable":true,"href":"https:\/\/cepronda.com\/blog\/wp-json\/wp\/v2\/users\/9"}],"replies":[{"embeddable":true,"href":"https:\/\/cepronda.com\/blog\/wp-json\/wp\/v2\/comments?post=8021"}],"version-history":[{"count":2,"href":"https:\/\/cepronda.com\/blog\/wp-json\/wp\/v2\/posts\/8021\/revisions"}],"predecessor-version":[{"id":8024,"href":"https:\/\/cepronda.com\/blog\/wp-json\/wp\/v2\/posts\/8021\/revisions\/8024"}],"wp:featuredmedia":[{"embeddable":true,"href":"https:\/\/cepronda.com\/blog\/wp-json\/wp\/v2\/media\/8022"}],"wp:attachment":[{"href":"https:\/\/cepronda.com\/blog\/wp-json\/wp\/v2\/media?parent=8021"}],"wp:term":[{"taxonomy":"category","embeddable":true,"href":"https:\/\/cepronda.com\/blog\/wp-json\/wp\/v2\/categories?post=8021"},{"taxonomy":"post_tag","embeddable":true,"href":"https:\/\/cepronda.com\/blog\/wp-json\/wp\/v2\/tags?post=8021"}],"curies":[{"name":"wp","href":"https:\/\/api.w.org\/{rel}","templated":true}]}}