{"id":8015,"date":"2025-01-09T12:19:55","date_gmt":"2025-01-09T11:19:55","guid":{"rendered":"https:\/\/cepronda.com\/blog\/?p=8015"},"modified":"2025-04-28T12:16:56","modified_gmt":"2025-04-28T10:16:56","slug":"curso-regional-liderazgo-efectivo-para-el-exito-de-la-ensenanza-bilingue-codigo-259920kpi442","status":"publish","type":"post","link":"https:\/\/cepronda.com\/blog\/curso-regional-liderazgo-efectivo-para-el-exito-de-la-ensenanza-bilingue-codigo-259920kpi442\/","title":{"rendered":"CURSO REGIONAL: LIDERAZGO EFECTIVO PARA EL \u00c9XITO DE LA ENSE\u00d1ANZA BILING\u00dcE, c\u00f3digo 259920KPI442."},"content":{"rendered":"<div class=\"\" data-block=\"true\" data-editor=\"9liup\" data-offset-key=\"cb580-0-0\">\n<div class=\"_1mf _1mj\" data-offset-key=\"cb580-0-0\"><span data-offset-key=\"cb580-0-0\">Os informamos que se encuentra abierto el plazo de solicitudes para actividad regional:<strong> LIDERAZGO EFECTIVO PARA EL \u00c9XITO DE LA ENSE\u00d1ANZA BILING\u00dcE<\/strong>, c\u00f3digo 259920KPI442.<\/span><\/div>\n<\/div>\n<div class=\"\" data-block=\"true\" data-editor=\"9liup\" data-offset-key=\"cgb5s-0-0\">\n<div class=\"_1mf _1mj\" data-offset-key=\"cgb5s-0-0\"><span data-offset-key=\"cgb5s-0-0\">\u00a0<\/span><\/div>\n<\/div>\n<div class=\"\" data-block=\"true\" data-editor=\"9liup\" data-offset-key=\"df1l9-0-0\">\n<div class=\"_1mf _1mj\" data-offset-key=\"df1l9-0-0\"><span data-offset-key=\"df1l9-0-0\">Fecha de inscripci\u00f3n: hasta el d\u00eda 15 de enero.<\/span><\/div>\n<\/div>\n<div class=\"\" data-block=\"true\" data-editor=\"9liup\" data-offset-key=\"9c8eh-0-0\">\n<div class=\"_1mf _1mj\" data-offset-key=\"9c8eh-0-0\"><span data-offset-key=\"9c8eh-0-0\">Inicio del curso: 21 de enero.<\/span><\/div>\n<\/div>\n<div class=\"\" data-block=\"true\" data-editor=\"9liup\" data-offset-key=\"582de-0-0\">\n<div class=\"_1mf _1mj\" data-offset-key=\"582de-0-0\"><span data-offset-key=\"582de-0-0\">Fin del curso: 21 de marzo<\/span><\/div>\n<\/div>\n<div class=\"\" data-block=\"true\" data-editor=\"9liup\" data-offset-key=\"dj9co-0-0\">\n<div class=\"_1mf _1mj\" data-offset-key=\"dj9co-0-0\"><span data-offset-key=\"dj9co-0-0\">N\u00famero de plazas: 150<\/span><\/div>\n<\/div>\n<div class=\"\" data-block=\"true\" data-editor=\"9liup\" data-offset-key=\"cg3oc-0-0\">\n<div class=\"_1mf _1mj\" data-offset-key=\"cg3oc-0-0\"><span data-offset-key=\"cg3oc-0-0\">N\u00famero de horas: 30 (10 presenciales por videoconferencia y 20 no presenciales)<\/span><\/div>\n<\/div>\n<div class=\"\" data-block=\"true\" data-editor=\"9liup\" data-offset-key=\"ak4oh-0-0\">\n<div class=\"_1mf _1mj\" data-offset-key=\"ak4oh-0-0\"><span data-offset-key=\"ak4oh-0-0\">\u00a0<\/span><\/div>\n<\/div>\n<div class=\"\" data-block=\"true\" data-editor=\"9liup\" data-offset-key=\"a0i69-0-0\">\n<div class=\"_1mf _1mj\" data-offset-key=\"a0i69-0-0\"><span data-offset-key=\"a0i69-0-0\">Sesiones:<\/span><\/div>\n<\/div>\n<div class=\"\" data-block=\"true\" data-editor=\"9liup\" data-offset-key=\"9btsh-0-0\">\n<div class=\"_1mf _1mj\" data-offset-key=\"9btsh-0-0\"><span style=\"font-weight: inherit;\">Jueves 13\/02\/2025 16:30-18:30 AVFP<\/span><\/div>\n<\/div>\n<div class=\"\" data-block=\"true\" data-editor=\"9liup\" data-offset-key=\"81psj-0-0\">\n<div class=\"_1mf _1mj\" data-offset-key=\"81psj-0-0\"><span data-offset-key=\"81psj-0-0\">Jueves 20\/02\/2025 16:30-18:30 AVFP<\/span><\/div>\n<\/div>\n<div class=\"\" data-block=\"true\" data-editor=\"9liup\" data-offset-key=\"4dkgs-0-0\">\n<div class=\"_1mf _1mj\" data-offset-key=\"4dkgs-0-0\"><span data-offset-key=\"4dkgs-0-0\">Mi\u00e9rcoles 26\/02\/2025 16:30-18:30 AVFP<\/span><\/div>\n<\/div>\n<div class=\"\" data-block=\"true\" data-editor=\"9liup\" data-offset-key=\"q7c3-0-0\">\n<div class=\"_1mf _1mj\" data-offset-key=\"q7c3-0-0\"><span data-offset-key=\"q7c3-0-0\">Jueves 06\/03\/2025 16:30-18:30 AVFP<\/span><\/div>\n<\/div>\n<div class=\"\" data-block=\"true\" data-editor=\"9liup\" data-offset-key=\"m0ms-0-0\">\n<div class=\"_1mf _1mj\" data-offset-key=\"m0ms-0-0\"><span data-offset-key=\"m0ms-0-0\">Jueves 13\/03\/2025 16:30-18:30 AVFP<\/span><\/div>\n<\/div>\n<div class=\"\" data-block=\"true\" data-editor=\"9liup\" data-offset-key=\"5o9i8-0-0\">\n<div class=\"_1mf _1mj\" data-offset-key=\"5o9i8-0-0\"><span data-offset-key=\"5o9i8-0-0\">\u00a0<\/span><\/div>\n<\/div>\n<div class=\"\" data-block=\"true\" data-editor=\"9liup\" data-offset-key=\"15i98-0-0\">\n<div class=\"_1mf _1mj\" data-offset-key=\"15i98-0-0\"><span data-offset-key=\"15i98-0-0\">M\u00e1s informaci\u00f3n e inscripciones:<\/span><\/div>\n<\/div>\n<div class=\"\" data-block=\"true\" data-editor=\"9liup\" data-offset-key=\"3riji-0-0\">\n<div class=\"_1mf _1mj\" data-offset-key=\"3riji-0-0\"><a style=\"font-weight: inherit;\" href=\"https:\/\/www.juntadeandalucia.es\/educacion\/secretariavirtual\/consultaCEP\/actividad\/259920KPI442\/\"><span data-offset-key=\"d1aup-0-0\">https:\/\/www.juntadeandalucia.es\/educacion\/secretariavirtual\/consultaCEP\/actividad\/259920KPI442\/<\/span><\/a><\/div>\n<div data-offset-key=\"3riji-0-0\"><\/div>\n<div class=\"_1mf _1mj\" data-offset-key=\"3riji-0-0\"><a href=\"https:\/\/www.juntadeandalucia.es\/educacion\/secretariavirtual\/consultaCEP\/actividad\/259920KPI442\/\"><img data-recalc-dims=\"1\" loading=\"lazy\" decoding=\"async\" class=\"aligncenter  wp-image-8038\" src=\"https:\/\/i0.wp.com\/cepronda.com\/blog\/wp-content\/uploads\/2025\/01\/liderazgo.jpg?resize=750%2C422&#038;ssl=1\" alt=\"\" width=\"750\" height=\"422\" srcset=\"https:\/\/i0.wp.com\/cepronda.com\/blog\/wp-content\/uploads\/2025\/01\/liderazgo.jpg?resize=1024%2C576&amp;ssl=1 1024w, https:\/\/i0.wp.com\/cepronda.com\/blog\/wp-content\/uploads\/2025\/01\/liderazgo.jpg?resize=300%2C169&amp;ssl=1 300w, https:\/\/i0.wp.com\/cepronda.com\/blog\/wp-content\/uploads\/2025\/01\/liderazgo.jpg?resize=768%2C432&amp;ssl=1 768w, https:\/\/i0.wp.com\/cepronda.com\/blog\/wp-content\/uploads\/2025\/01\/liderazgo.jpg?w=1500&amp;ssl=1 1500w\" sizes=\"auto, (max-width: 750px) 100vw, 750px\" \/><\/a><\/div>\n<\/div>\n","protected":false},"excerpt":{"rendered":"<p>Os informamos que se encuentra abierto el plazo de solicitudes para actividad regional: LIDERAZGO EFECTIVO PARA EL \u00c9XITO DE LA ENSE\u00d1ANZA BILING\u00dcE, c\u00f3digo 259920KPI442. \u00a0 Fecha de inscripci\u00f3n: hasta el d\u00eda 15 de enero. Inicio del curso: 21 de enero. Fin del curso: 21 de marzo N\u00famero de plazas: 150 N\u00famero de horas: 30 (10 [&hellip;]<\/p>\n","protected":false},"author":9,"featured_media":8016,"comment_status":"closed","ping_status":"open","sticky":false,"template":"","format":"standard","meta":{"_crdt_document":"","advanced_seo_description":"","jetpack_seo_html_title":"","jetpack_seo_noindex":false,"jetpack_post_was_ever_published":false,"_jetpack_newsletter_access":"","_jetpack_dont_email_post_to_subs":false,"_jetpack_newsletter_tier_id":0,"_jetpack_memberships_contains_paywalled_content":false,"_jetpack_memberships_contains_paid_content":false,"footnotes":"","jetpack_publicize_message":"","jetpack_publicize_feature_enabled":true,"jetpack_social_post_already_shared":false,"jetpack_social_options":{"image_generator_settings":{"template":"highway","default_image_id":0,"font":"","enabled":false},"version":2}},"categories":[3,5],"tags":[],"class_list":{"0":"post-8015","1":"post","2":"type-post","3":"status-publish","4":"format-standard","5":"has-post-thumbnail","7":"category-formaciones","8":"category-noticias","9":"czr-hentry"},"jetpack_publicize_connections":[],"jetpack_featured_media_url":"https:\/\/i0.wp.com\/cepronda.com\/blog\/wp-content\/uploads\/2025\/01\/Sunset-Sky-Quote-Mobile-Video.jpg?fit=2025%2C2025&ssl=1","jetpack_shortlink":"https:\/\/wp.me\/p8M4X7-25h","jetpack-related-posts":[{"id":9148,"url":"https:\/\/cepronda.com\/blog\/liderazgo-efectivo-para-el-exito-de-la-ensenanza-bilingue\/","url_meta":{"origin":8015,"position":0},"title":"LIDERAZGO EFECTIVO PARA EL \u00c9XITO DE LA ENSE\u00d1ANZA BILING\u00dcE","author":"Inmaculada Garc\u00eda","date":"18 diciembre, 2025","format":false,"excerpt":"Se encuentra abierto el plazo de inscripci\u00f3n para la formaci\u00f3n semipresencial: \"LIDERAZGO EFECTIVO PARA EL \u00c9XITO DE LA ENSE\u00d1ANZA BILING\u00dcE\" . C\u00f3digo: 269903QPI442 Curso semipresencial de 30 horas: 10 horas presenciales (5 videoconferencias) 20 horas no presenciales \u00c1mbito: Regional Fechas: 20 de enero al 23 de marzo. M\u00e1s informaci\u00f3n e\u2026","rel":"","context":"En \u00abFormaciones\u00bb","block_context":{"text":"Formaciones","link":"https:\/\/cepronda.com\/blog\/category\/formaciones\/"},"img":{"alt_text":"","src":"https:\/\/i0.wp.com\/cepronda.com\/blog\/wp-content\/uploads\/2025\/12\/Copia-de-Copia-de-IG.-DIFUSION-CURSOS.-HAZ-UNA-COPIA.png?fit=1080%2C1080&ssl=1&resize=350%2C200","width":350,"height":200,"srcset":"https:\/\/i0.wp.com\/cepronda.com\/blog\/wp-content\/uploads\/2025\/12\/Copia-de-Copia-de-IG.-DIFUSION-CURSOS.-HAZ-UNA-COPIA.png?fit=1080%2C1080&ssl=1&resize=350%2C200 1x, https:\/\/i0.wp.com\/cepronda.com\/blog\/wp-content\/uploads\/2025\/12\/Copia-de-Copia-de-IG.-DIFUSION-CURSOS.-HAZ-UNA-COPIA.png?fit=1080%2C1080&ssl=1&resize=525%2C300 1.5x, https:\/\/i0.wp.com\/cepronda.com\/blog\/wp-content\/uploads\/2025\/12\/Copia-de-Copia-de-IG.-DIFUSION-CURSOS.-HAZ-UNA-COPIA.png?fit=1080%2C1080&ssl=1&resize=700%2C400 2x, https:\/\/i0.wp.com\/cepronda.com\/blog\/wp-content\/uploads\/2025\/12\/Copia-de-Copia-de-IG.-DIFUSION-CURSOS.-HAZ-UNA-COPIA.png?fit=1080%2C1080&ssl=1&resize=1050%2C600 3x"},"classes":[]},{"id":8933,"url":"https:\/\/cepronda.com\/blog\/liderazgo-efectivo-para-el-exito-de-la-ensenanza-bilingue-269919kpi442\/","url_meta":{"origin":8015,"position":1},"title":"LIDERAZGO EFECTIVO PARA EL \u00c9XITO DE LA ENSE\u00d1ANZA BILING\u00dcE","author":"Inmaculada Garc\u00eda","date":"14 octubre, 2025","format":false,"excerpt":"Hasta el d\u00eda 20 de octubre, se encuentra abierto el plazo de solicitudes del curso regional: \"LIDERAZGO EFECTIVO PARA EL \u00c9XITO DE LA ENSE\u00d1ANZA BILING\u00dcE\", con c\u00f3digo 269919KPI442. Curso semipresencial: 30 horas: 10 presenciales, a trav\u00e9s de cinco sesiones de videoconferencia, y 20 no presenciales. \u00c1mbito: Regional. Fecha inscripci\u00f3n: 09\/10\/2025\u2026","rel":"","context":"En \u00abFormaciones\u00bb","block_context":{"text":"Formaciones","link":"https:\/\/cepronda.com\/blog\/category\/formaciones\/"},"img":{"alt_text":"","src":"https:\/\/i0.wp.com\/cepronda.com\/blog\/wp-content\/uploads\/2025\/10\/centros-bilingues.png?fit=662%2C660&ssl=1&resize=350%2C200","width":350,"height":200,"srcset":"https:\/\/i0.wp.com\/cepronda.com\/blog\/wp-content\/uploads\/2025\/10\/centros-bilingues.png?fit=662%2C660&ssl=1&resize=350%2C200 1x, https:\/\/i0.wp.com\/cepronda.com\/blog\/wp-content\/uploads\/2025\/10\/centros-bilingues.png?fit=662%2C660&ssl=1&resize=525%2C300 1.5x"},"classes":[]},{"id":8866,"url":"https:\/\/cepronda.com\/blog\/metodologias-activas-para-la-ensenanza-del-latin-el-metodo-comunicativo-de-h-orberg-codigo-262923ge602\/","url_meta":{"origin":8015,"position":2},"title":"METODOLOG\u00cdAS ACTIVAS PARA LA ENSE\u00d1ANZA DEL LAT\u00cdN: EL M\u00c9TODO COMUNICATIVO DE H. \u00d8RBERG, c\u00f3digo: 262923GE602.","author":"Inmaculada Garc\u00eda","date":"29 septiembre, 2025","format":false,"excerpt":"Se encuentra abierto el plazo de inscripci\u00f3n para el curso provincial \"METODOLOG\u00cdAS ACTIVAS PARA LA ENSE\u00d1ANZA DEL LAT\u00cdN: EL M\u00c9TODO COMUNICATIVO DE H. \u00d8RBERG\", con c\u00f3digo: 262923GE602. Curso con 12 horas de aprovechamiento, dirigido a docentes de Secundaria y Bachillerato. Lugar de realizaci\u00f3n: IES Arroyo de la Miel + Plataforma\u2026","rel":"","context":"En \u00abFormaciones\u00bb","block_context":{"text":"Formaciones","link":"https:\/\/cepronda.com\/blog\/category\/formaciones\/"},"img":{"alt_text":"","src":"https:\/\/i0.wp.com\/cepronda.com\/blog\/wp-content\/uploads\/2025\/09\/latin.png?fit=663%2C656&ssl=1&resize=350%2C200","width":350,"height":200,"srcset":"https:\/\/i0.wp.com\/cepronda.com\/blog\/wp-content\/uploads\/2025\/09\/latin.png?fit=663%2C656&ssl=1&resize=350%2C200 1x, https:\/\/i0.wp.com\/cepronda.com\/blog\/wp-content\/uploads\/2025\/09\/latin.png?fit=663%2C656&ssl=1&resize=525%2C300 1.5x"},"classes":[]},{"id":7950,"url":"https:\/\/cepronda.com\/blog\/actividad-regional-formacion-en-debate-academico-jurados-curso-24-25-con-codigo-259922in007\/","url_meta":{"origin":8015,"position":3},"title":"ACTIVIDAD REGIONAL: FORMACI\u00d3N EN DEBATE ACAD\u00c9MICO: JURADOS. CURSO 24-25, con c\u00f3digo 259922IN007.","author":"Inmaculada Garc\u00eda","date":"17 diciembre, 2024","format":false,"excerpt":"Se encuentra abierto el plazo de inscripci\u00f3n en la ACTIVIDAD REGIONAL: FORMACI\u00d3N EN DEBATE ACAD\u00c9MICO: JURADOS. CURSO 24-25, con c\u00f3digo 259922IN007. \u270f\ufe0fPlazo de inscripci\u00f3n:17\/12\/2024-14\/01\/2025 Fecha de actividad: 21\/01\/2025-14\/02\/2025. Sesiones presenciales online (Webex): 21 y 28 de enero, 4 de febrero en horario de tarde. \u23f3Duraci\u00f3n: 12 horas (9 horas presenciales\u2026","rel":"","context":"En \u00abFormaciones\u00bb","block_context":{"text":"Formaciones","link":"https:\/\/cepronda.com\/blog\/category\/formaciones\/"},"img":{"alt_text":"","src":"https:\/\/i0.wp.com\/cepronda.com\/blog\/wp-content\/uploads\/2024\/12\/WhatsApp-Image-2024-12-17-at-11.11.56.jpeg?fit=1080%2C1080&ssl=1&resize=350%2C200","width":350,"height":200,"srcset":"https:\/\/i0.wp.com\/cepronda.com\/blog\/wp-content\/uploads\/2024\/12\/WhatsApp-Image-2024-12-17-at-11.11.56.jpeg?fit=1080%2C1080&ssl=1&resize=350%2C200 1x, https:\/\/i0.wp.com\/cepronda.com\/blog\/wp-content\/uploads\/2024\/12\/WhatsApp-Image-2024-12-17-at-11.11.56.jpeg?fit=1080%2C1080&ssl=1&resize=525%2C300 1.5x, https:\/\/i0.wp.com\/cepronda.com\/blog\/wp-content\/uploads\/2024\/12\/WhatsApp-Image-2024-12-17-at-11.11.56.jpeg?fit=1080%2C1080&ssl=1&resize=700%2C400 2x, https:\/\/i0.wp.com\/cepronda.com\/blog\/wp-content\/uploads\/2024\/12\/WhatsApp-Image-2024-12-17-at-11.11.56.jpeg?fit=1080%2C1080&ssl=1&resize=1050%2C600 3x"},"classes":[]},{"id":8050,"url":"https:\/\/cepronda.com\/blog\/neurocoaching-en-la-ensenanza-de-idiomas-con-codigo-252922ge100\/","url_meta":{"origin":8015,"position":4},"title":"NEUROCOACHING EN LA ENSE\u00d1ANZA DE IDIOMAS, con c\u00f3digo 252922GE100.","author":"Inmaculada Garc\u00eda","date":"20 enero, 2025","format":false,"excerpt":"Se encuentra abierto el plazo de inscripci\u00f3n al curso provincial: NEUROCOACHING EN LA ENSE\u00d1ANZA DE IDIOMAS (252922GE100). Duraci\u00f3n:15 HORAS presenciales. Fechas de inscripci\u00f3n 17\/1\/25 al 17\/2\/25. FECHAS SESIONES (Horario de ma\u00f1ana de 9:30h a 13:30h): 6,13,20 y 27 de MARZO. LUGAR: AULA 7 CEP M\u00c1LAGA. MODALIDAD: PRESENCIAL. \u00c1MBITO: provincial M\u00e1s\u2026","rel":"","context":"En \u00abFormaciones\u00bb","block_context":{"text":"Formaciones","link":"https:\/\/cepronda.com\/blog\/category\/formaciones\/"},"img":{"alt_text":"","src":"https:\/\/i0.wp.com\/cepronda.com\/blog\/wp-content\/uploads\/2025\/01\/WhatsApp-Image-2025-01-20-at-09.44.12.jpeg?fit=940%2C788&ssl=1&resize=350%2C200","width":350,"height":200,"srcset":"https:\/\/i0.wp.com\/cepronda.com\/blog\/wp-content\/uploads\/2025\/01\/WhatsApp-Image-2025-01-20-at-09.44.12.jpeg?fit=940%2C788&ssl=1&resize=350%2C200 1x, https:\/\/i0.wp.com\/cepronda.com\/blog\/wp-content\/uploads\/2025\/01\/WhatsApp-Image-2025-01-20-at-09.44.12.jpeg?fit=940%2C788&ssl=1&resize=525%2C300 1.5x, https:\/\/i0.wp.com\/cepronda.com\/blog\/wp-content\/uploads\/2025\/01\/WhatsApp-Image-2025-01-20-at-09.44.12.jpeg?fit=940%2C788&ssl=1&resize=700%2C400 2x"},"classes":[]},{"id":9454,"url":"https:\/\/cepronda.com\/blog\/jjjj\/","url_meta":{"origin":8015,"position":5},"title":"BBPP PARA EL FOMENTO DE LA ORALIDAD EN EL AULA BILING\u00dcE EN SECUNDARIA Y BACHILLERATO","author":"Encarni Jim\u00e9nez Rosado","date":"12 marzo, 2026","format":false,"excerpt":"Abierta inscripci\u00f3n de la Actividad Formativa: \"BBPP PARA EL FOMENTO DE LA ORALIDAD EN EL AULA BILING\u00dcE EN SECUNDARIA Y BACCHILLERATO\" Curso enfocado a facilitar a los docentes las herramientas necesarias para dominar la oralidad en el enfoque AICLE (Aprendizaje Integrado de contenidos y Lenguas Extranjeras). A trav\u00e9s de buenas\u2026","rel":"","context":"En \u00abFormaciones\u00bb","block_context":{"text":"Formaciones","link":"https:\/\/cepronda.com\/blog\/category\/formaciones\/"},"img":{"alt_text":"","src":"","width":0,"height":0},"classes":[]}],"jetpack_sharing_enabled":true,"_links":{"self":[{"href":"https:\/\/cepronda.com\/blog\/wp-json\/wp\/v2\/posts\/8015","targetHints":{"allow":["GET"]}}],"collection":[{"href":"https:\/\/cepronda.com\/blog\/wp-json\/wp\/v2\/posts"}],"about":[{"href":"https:\/\/cepronda.com\/blog\/wp-json\/wp\/v2\/types\/post"}],"author":[{"embeddable":true,"href":"https:\/\/cepronda.com\/blog\/wp-json\/wp\/v2\/users\/9"}],"replies":[{"embeddable":true,"href":"https:\/\/cepronda.com\/blog\/wp-json\/wp\/v2\/comments?post=8015"}],"version-history":[{"count":3,"href":"https:\/\/cepronda.com\/blog\/wp-json\/wp\/v2\/posts\/8015\/revisions"}],"predecessor-version":[{"id":8040,"href":"https:\/\/cepronda.com\/blog\/wp-json\/wp\/v2\/posts\/8015\/revisions\/8040"}],"wp:featuredmedia":[{"embeddable":true,"href":"https:\/\/cepronda.com\/blog\/wp-json\/wp\/v2\/media\/8016"}],"wp:attachment":[{"href":"https:\/\/cepronda.com\/blog\/wp-json\/wp\/v2\/media?parent=8015"}],"wp:term":[{"taxonomy":"category","embeddable":true,"href":"https:\/\/cepronda.com\/blog\/wp-json\/wp\/v2\/categories?post=8015"},{"taxonomy":"post_tag","embeddable":true,"href":"https:\/\/cepronda.com\/blog\/wp-json\/wp\/v2\/tags?post=8015"}],"curies":[{"name":"wp","href":"https:\/\/api.w.org\/{rel}","templated":true}]}}