{"id":8003,"date":"2025-01-08T17:18:08","date_gmt":"2025-01-08T16:18:08","guid":{"rendered":"https:\/\/cepronda.com\/blog\/?p=8003"},"modified":"2025-04-28T12:15:17","modified_gmt":"2025-04-28T10:15:17","slug":"curso-provincial-herramientas-digitales-para-trabajar-el-plan-de-lectura-planificada-y-en-la-biblioteca-codigo-252922ge062","status":"publish","type":"post","link":"https:\/\/cepronda.com\/blog\/curso-provincial-herramientas-digitales-para-trabajar-el-plan-de-lectura-planificada-y-en-la-biblioteca-codigo-252922ge062\/","title":{"rendered":"CURSO PROVINCIAL: HERRAMIENTAS DIGITALES PARA TRABAJAR EL PLAN DE LECTURA PLANIFICADA Y EN LA BIBLIOTECA. C\u00f3digo: 252922GE062."},"content":{"rendered":"<div class=\"\" data-block=\"true\" data-editor=\"6eqdp\" data-offset-key=\"6ga5i-0-0\">\n<div class=\"_1mf _1mj\" data-offset-key=\"6ga5i-0-0\"><span data-offset-key=\"6ga5i-0-0\">Os informamos de que est\u00e1 abierto el plazo de inscripci\u00f3n para el curso provincial; HERRAMIENTAS DIGITALES PARA TRABAJAR EL PLAN DE LECTURA PLANIFICADA Y EN LA BIBLIOTECA. C\u00f3digo: 252922GE062. <\/span><\/div>\n<\/div>\n<div class=\"\" data-block=\"true\" data-editor=\"6eqdp\" data-offset-key=\"6gi20-0-0\">\n<div class=\"_1mf _1mj\" data-offset-key=\"6gi20-0-0\"><span data-offset-key=\"6gi20-0-0\">\u00a0<\/span><\/div>\n<\/div>\n<div class=\"\" data-block=\"true\" data-editor=\"6eqdp\" data-offset-key=\"6m126-0-0\">\n<div class=\"_1mf _1mj\" data-offset-key=\"6m126-0-0\"><span data-offset-key=\"6m126-0-0\">Curso a distancia de <strong>20 horas<\/strong> en el <strong>AVFP<\/strong> dirigido al profesorado de Educaci\u00f3n Infantil, Primaria y Secundaria. <\/span><\/div>\n<\/div>\n<div class=\"\" data-block=\"true\" data-editor=\"6eqdp\" data-offset-key=\"5ssau-0-0\">\n<div class=\"_1mf _1mj\" data-offset-key=\"5ssau-0-0\"><span data-offset-key=\"5ssau-0-0\">\u00a0<\/span><\/div>\n<\/div>\n<div class=\"\" data-block=\"true\" data-editor=\"6eqdp\" data-offset-key=\"c944i-0-0\">\n<div class=\"_1mf _1mj\" data-offset-key=\"c944i-0-0\"><span data-offset-key=\"c944i-0-0\">Fecha inscripci\u00f3n: 08\/01\/2025 hasta 29\/01\/2025. <\/span><\/div>\n<\/div>\n<div class=\"\" data-block=\"true\" data-editor=\"6eqdp\" data-offset-key=\"36vrm-0-0\">\n<div class=\"_1mf _1mj\" data-offset-key=\"36vrm-0-0\"><span data-offset-key=\"36vrm-0-0\">Fecha actividad: 10\/02\/2025 hasta 15\/03\/2025. <\/span><\/div>\n<\/div>\n<div class=\"\" data-block=\"true\" data-editor=\"6eqdp\" data-offset-key=\"mjla-0-0\">\n<div class=\"_1mf _1mj\" data-offset-key=\"mjla-0-0\"><span data-offset-key=\"mjla-0-0\">\u00a0<\/span><\/div>\n<\/div>\n<div class=\"\" data-block=\"true\" data-editor=\"6eqdp\" data-offset-key=\"813fs-0-0\">\n<div class=\"_1mf _1mj\" data-offset-key=\"813fs-0-0\"><span data-offset-key=\"813fs-0-0\">M\u00e1s informaci\u00f3n e inscripciones: <\/span><\/div>\n<\/div>\n<div class=\"\" data-block=\"true\" data-editor=\"6eqdp\" data-offset-key=\"fbec9-0-0\">\n<div class=\"_1mf _1mj\" data-offset-key=\"fbec9-0-0\"><span data-offset-key=\"fbec9-0-0\">\u00a0<\/span><\/div>\n<\/div>\n<div class=\"\" data-block=\"true\" data-editor=\"6eqdp\" data-offset-key=\"a7bae-0-0\">\n<div class=\"_1mf _1mj\" data-offset-key=\"a7bae-0-0\"><a href=\"https:\/\/www.juntadeandalucia.es\/educacion\/secretariavirtual\/consultaCEP\/actividad\/252922GE062\/\"><span data-offset-key=\"a7bae-0-0\">https:\/\/www.juntadeandalucia.es\/educacion\/secretariavirtual\/consultaCEP\/actividad\/252922GE062\/<\/span><\/a><\/div>\n<\/div>\n<div class=\"\" data-block=\"true\" data-editor=\"6eqdp\" data-offset-key=\"3h1kq-0-0\">\n<div class=\"_1mf _1mj\" data-offset-key=\"3h1kq-0-0\"><span data-offset-key=\"3h1kq-0-0\">\u00a0<\/span><\/div>\n<\/div>\n<div class=\"\" data-block=\"true\" data-editor=\"6eqdp\" data-offset-key=\"48hdr-0-0\">\n<div class=\"_1mf _1mj\" data-offset-key=\"48hdr-0-0\"><span data-offset-key=\"48hdr-0-0\">Esta actividad formativa est\u00e1 vinculada a las Instrucciones de 21 de junio de 2023 de la Viceconsejer\u00eda de Desarrollo Educativo y Formaci\u00f3n Profesional sobre el tratamiento de la lectura y forma parte de un itinerario formativo elaborado por los CEP de la provincia de M\u00e1laga para el dise\u00f1o, elaboraci\u00f3n, seguimiento, evaluaci\u00f3n y difusi\u00f3n de buenas pr\u00e1cticas del plan de lectura planificada, en los centros de Infantil, Primaria y Secundaria, para este curso escolar 2024-2025.<\/span><\/div>\n<\/div>\n<div class=\"\" data-block=\"true\" data-editor=\"6eqdp\" data-offset-key=\"58mro-0-0\">\n<div class=\"_1mf _1mj\" data-offset-key=\"58mro-0-0\"><span data-offset-key=\"58mro-0-0\">\u00a0<\/span><\/div>\n<\/div>\n<div class=\"\" data-block=\"true\" data-editor=\"6eqdp\" data-offset-key=\"3uiks-0-0\">\n<div class=\"_1mf _1mj\" data-offset-key=\"3uiks-0-0\"><span data-offset-key=\"3uiks-0-0\">Este itinerario formativo se organiza en tres fases correspondientes a tres actividades:<\/span><\/div>\n<\/div>\n<div class=\"\" data-block=\"true\" data-editor=\"6eqdp\" data-offset-key=\"kmmg-0-0\">\n<div class=\"_1mf _1mj\" data-offset-key=\"kmmg-0-0\"><span data-offset-key=\"kmmg-0-0\">\u00a0<\/span><\/div>\n<\/div>\n<div class=\"\" data-block=\"true\" data-editor=\"6eqdp\" data-offset-key=\"956qv-0-0\">\n<div class=\"_1mf _1mj\" data-offset-key=\"956qv-0-0\"><span data-offset-key=\"956qv-0-0\">FASE I: Dise\u00f1o y elaboraci\u00f3n del Plan de Lectura Planificada en los centros educativos.<\/span><\/div>\n<\/div>\n<div class=\"\" data-block=\"true\" data-editor=\"6eqdp\" data-offset-key=\"el90g-0-0\">\n<div class=\"_1mf _1mj\" data-offset-key=\"el90g-0-0\"><strong>FASE II: Herramientas digitales para trabajar el Plan de Lectura Planificada y en la biblioteca.<\/strong><\/div>\n<\/div>\n<div class=\"\" data-block=\"true\" data-editor=\"6eqdp\" data-offset-key=\"4k7dm-0-0\">\n<div class=\"_1mf _1mj\" data-offset-key=\"4k7dm-0-0\"><span data-offset-key=\"4k7dm-0-0\">FASE III: Tratamiento, difusi\u00f3n y evaluaci\u00f3n del Plan de Lectura Planificada en los centros educativos.<\/span><\/div>\n<\/div>\n<div class=\"\" data-block=\"true\" data-editor=\"6eqdp\" data-offset-key=\"bh65k-0-0\">\n<div class=\"_1mf _1mj\" data-offset-key=\"bh65k-0-0\"><span data-offset-key=\"bh65k-0-0\">\u00a0<\/span><\/div>\n<\/div>\n<div class=\"\" data-block=\"true\" data-editor=\"6eqdp\" data-offset-key=\"48unh-0-0\">\n<div class=\"_1mf _1mj\" data-offset-key=\"48unh-0-0\"><span data-offset-key=\"48unh-0-0\">La FASE II se ha dise\u00f1ado para proporcionar herramientas, aplicaciones y recursos digitales al profesorado de Educaci\u00f3n Infantil, Primaria y Secundaria inmerso en la implementaci\u00f3n del Plan de Lectura Planificada y al equipo de apoyo de las Bibliotecas Escolares. Esta actividad tiene por objetivo general mejorar las competencias del profesorado en el uso de recursos tecnol\u00f3gicos que fomenten la lectura entre el alumnado.<\/span><\/div>\n<\/div>\n","protected":false},"excerpt":{"rendered":"<p>Os informamos de que est\u00e1 abierto el plazo de inscripci\u00f3n para el curso provincial; HERRAMIENTAS DIGITALES PARA TRABAJAR EL PLAN DE LECTURA PLANIFICADA Y EN LA BIBLIOTECA. C\u00f3digo: 252922GE062. \u00a0 Curso a distancia de 20 horas en el AVFP dirigido al profesorado de Educaci\u00f3n Infantil, Primaria y Secundaria. \u00a0 Fecha inscripci\u00f3n: 08\/01\/2025 hasta 29\/01\/2025. Fecha [&hellip;]<\/p>\n","protected":false},"author":9,"featured_media":8004,"comment_status":"closed","ping_status":"open","sticky":false,"template":"","format":"standard","meta":{"_crdt_document":"","advanced_seo_description":"","jetpack_seo_html_title":"","jetpack_seo_noindex":false,"jetpack_post_was_ever_published":false,"_jetpack_newsletter_access":"","_jetpack_dont_email_post_to_subs":false,"_jetpack_newsletter_tier_id":0,"_jetpack_memberships_contains_paywalled_content":false,"_jetpack_memberships_contains_paid_content":false,"footnotes":"","jetpack_publicize_message":"","jetpack_publicize_feature_enabled":true,"jetpack_social_post_already_shared":false,"jetpack_social_options":{"image_generator_settings":{"template":"highway","default_image_id":0,"font":"","enabled":false},"version":2}},"categories":[3,5],"tags":[],"class_list":{"0":"post-8003","1":"post","2":"type-post","3":"status-publish","4":"format-standard","5":"has-post-thumbnail","7":"category-formaciones","8":"category-noticias","9":"czr-hentry"},"jetpack_publicize_connections":[],"jetpack_featured_media_url":"https:\/\/i0.wp.com\/cepronda.com\/blog\/wp-content\/uploads\/2025\/01\/WhatsApp-Image-2025-01-08-at-11.13.21.jpeg?fit=800%2C800&ssl=1","jetpack_shortlink":"https:\/\/wp.me\/p8M4X7-255","jetpack-related-posts":[{"id":7786,"url":"https:\/\/cepronda.com\/blog\/diseno-y-elaboracion-del-plan-de-lectura-planificada-en-los-centros-educativos-codigo-252923ge602\/","url_meta":{"origin":8003,"position":0},"title":"DISE\u00d1O Y ELABORACI\u00d3N DEL PLAN DE LECTURA PLANIFICADA EN LOS CENTROS EDUCATIVOS, c\u00f3digo 252923GE602.","author":"Inmaculada Garc\u00eda","date":"9 octubre, 2024","format":false,"excerpt":"Abierto el plazo de inscripci\u00f3n para el curso semipresencial provincial: DISE\u00d1O Y ELABORACI\u00d3N DEL PLAN DE LECTURA PLANIFICADA EN LOS CENTROS EDUCATIVOS, con c\u00f3digo 252923GE602, correspondiente a la Fase I del itinerario provincial de apoyo y dinamizaci\u00f3n del plan de lectura. De especial inter\u00e9s para los grupos de trabajo que\u2026","rel":"","context":"En \u00abFormaciones\u00bb","block_context":{"text":"Formaciones","link":"https:\/\/cepronda.com\/blog\/category\/formaciones\/"},"img":{"alt_text":"","src":"https:\/\/i0.wp.com\/cepronda.com\/blog\/wp-content\/uploads\/2024\/10\/unnamed.png?fit=800%2C800&ssl=1&resize=350%2C200","width":350,"height":200,"srcset":"https:\/\/i0.wp.com\/cepronda.com\/blog\/wp-content\/uploads\/2024\/10\/unnamed.png?fit=800%2C800&ssl=1&resize=350%2C200 1x, https:\/\/i0.wp.com\/cepronda.com\/blog\/wp-content\/uploads\/2024\/10\/unnamed.png?fit=800%2C800&ssl=1&resize=525%2C300 1.5x, https:\/\/i0.wp.com\/cepronda.com\/blog\/wp-content\/uploads\/2024\/10\/unnamed.png?fit=800%2C800&ssl=1&resize=700%2C400 2x"},"classes":[]},{"id":8903,"url":"https:\/\/cepronda.com\/blog\/diseno-y-elaboracion-del-plan-de-lectura-planificada-en-los-centros-educativos-269923pf545\/","url_meta":{"origin":8003,"position":1},"title":"DISE\u00d1O Y ELABORACI\u00d3N DEL PLAN DE LECTURA PLANIFICADA EN LOS CENTROS EDUCATIVOS.","author":"Inmaculada Garc\u00eda","date":"9 octubre, 2025","format":false,"excerpt":"Se encuentra abierto el plazo de inscripci\u00f3n en el curso provincial, \"DISE\u00d1O Y ELABORACI\u00d3N DEL PLAN DE LECTURA PLANIFICADA EN LOS CENTROS EDUCATIVOS\" (Itinerario formativo provincial para la creaci\u00f3n, seguimiento, evaluaci\u00f3n y difusi\u00f3n de buenas pr\u00e1cticas del Plan de Lectura), con c\u00f3digo: 269923PF545. Inscripciones desde el 9 de octubre al\u2026","rel":"","context":"En \u00abFormaciones\u00bb","block_context":{"text":"Formaciones","link":"https:\/\/cepronda.com\/blog\/category\/formaciones\/"},"img":{"alt_text":"","src":"https:\/\/i0.wp.com\/cepronda.com\/blog\/wp-content\/uploads\/2025\/10\/WhatsApp-Image-2025-10-09-at-11.12.44.jpeg?fit=800%2C800&ssl=1&resize=350%2C200","width":350,"height":200,"srcset":"https:\/\/i0.wp.com\/cepronda.com\/blog\/wp-content\/uploads\/2025\/10\/WhatsApp-Image-2025-10-09-at-11.12.44.jpeg?fit=800%2C800&ssl=1&resize=350%2C200 1x, https:\/\/i0.wp.com\/cepronda.com\/blog\/wp-content\/uploads\/2025\/10\/WhatsApp-Image-2025-10-09-at-11.12.44.jpeg?fit=800%2C800&ssl=1&resize=525%2C300 1.5x, https:\/\/i0.wp.com\/cepronda.com\/blog\/wp-content\/uploads\/2025\/10\/WhatsApp-Image-2025-10-09-at-11.12.44.jpeg?fit=800%2C800&ssl=1&resize=700%2C400 2x"},"classes":[]},{"id":8424,"url":"https:\/\/cepronda.com\/blog\/tratamiento-difusion-y-evaluacion-del-plan-de-lectura-planificada-en-los-centros-educativos\/","url_meta":{"origin":8003,"position":2},"title":"TRATAMIENTO, DIFUSI\u00d3N Y EVALUACI\u00d3N  DEL PLAN DE LECTURA PLANIFICADA EN LOS CENTROS EDUCATIVOS","author":"Maribel Mu\u00f1oz","date":"1 abril, 2025","format":false,"excerpt":"Desde hoy, martes 1 de abril y hasta el 1 de mayo, estar\u00e1 abierto el plazo de solicitudes para la actividad TRATAMIENTO, DIFUSI\u00d3N Y EVALUACI\u00d3N DEL PLAN DE LECTURA PLANIFICADA EN LOS CENTROS EDUCATIVOS, c\u00f3digo 259924LE460. \u00a0 INSCRIPCIONES: del 1 de abril al 1 de mayo de 2025, ambos inclusive\u2026","rel":"","context":"En \u00abFormaciones\u00bb","block_context":{"text":"Formaciones","link":"https:\/\/cepronda.com\/blog\/category\/formaciones\/"},"img":{"alt_text":"","src":"https:\/\/i0.wp.com\/cepronda.com\/blog\/wp-content\/uploads\/2025\/04\/Cartel-FASE-III-Itinerario-de-lectura.jpg?fit=800%2C800&ssl=1&resize=350%2C200","width":350,"height":200,"srcset":"https:\/\/i0.wp.com\/cepronda.com\/blog\/wp-content\/uploads\/2025\/04\/Cartel-FASE-III-Itinerario-de-lectura.jpg?fit=800%2C800&ssl=1&resize=350%2C200 1x, https:\/\/i0.wp.com\/cepronda.com\/blog\/wp-content\/uploads\/2025\/04\/Cartel-FASE-III-Itinerario-de-lectura.jpg?fit=800%2C800&ssl=1&resize=525%2C300 1.5x, https:\/\/i0.wp.com\/cepronda.com\/blog\/wp-content\/uploads\/2025\/04\/Cartel-FASE-III-Itinerario-de-lectura.jpg?fit=800%2C800&ssl=1&resize=700%2C400 2x"},"classes":[]},{"id":7732,"url":"https:\/\/cepronda.com\/blog\/curso-objetos-digitales-educativos-en-las-aavv-moodle-centros-integra-motiva-y-enriquece-tus-clases-con-codigo-252923kpf534\/","url_meta":{"origin":8003,"position":3},"title":"CURSO: OBJETOS DIGITALES EDUCATIVOS EN LAS AAVV MOODLE CENTROS: INTEGRA, MOTIVA Y ENRIQUECE TUS CLASES, con c\u00f3digo 259923KPF534.","author":"Inmaculada Garc\u00eda","date":"20 septiembre, 2024","format":false,"excerpt":"Abierto el plazo de inscripci\u00f3n del curso PROVINCIAL a distancia: OBJETOS DIGITALES EDUCATIVOS EN LAS AAVV MOODLE CENTROS: INTEGRA, MOTIVA Y ENRIQUECE TUS CLASES, con c\u00f3digo 259923KPF534. Curso Provincial a Distancia (AVFP) de 40 horas. Fecha inscripci\u00f3n del 19\/09\/2024 hasta 30\/09\/2024 Fecha actividad del 16\/10\/2024 hasta 16\/12\/2024 \u2795M\u00e1s informaci\u00f3n e\u2026","rel":"","context":"En \u00abFormaciones\u00bb","block_context":{"text":"Formaciones","link":"https:\/\/cepronda.com\/blog\/category\/formaciones\/"},"img":{"alt_text":"","src":"https:\/\/i0.wp.com\/cepronda.com\/blog\/wp-content\/uploads\/2024\/09\/WhatsApp-Image-2024-09-20-at-13.40.28.jpeg?fit=1200%2C675&ssl=1&resize=350%2C200","width":350,"height":200,"srcset":"https:\/\/i0.wp.com\/cepronda.com\/blog\/wp-content\/uploads\/2024\/09\/WhatsApp-Image-2024-09-20-at-13.40.28.jpeg?fit=1200%2C675&ssl=1&resize=350%2C200 1x, https:\/\/i0.wp.com\/cepronda.com\/blog\/wp-content\/uploads\/2024\/09\/WhatsApp-Image-2024-09-20-at-13.40.28.jpeg?fit=1200%2C675&ssl=1&resize=525%2C300 1.5x, https:\/\/i0.wp.com\/cepronda.com\/blog\/wp-content\/uploads\/2024\/09\/WhatsApp-Image-2024-09-20-at-13.40.28.jpeg?fit=1200%2C675&ssl=1&resize=700%2C400 2x, https:\/\/i0.wp.com\/cepronda.com\/blog\/wp-content\/uploads\/2024\/09\/WhatsApp-Image-2024-09-20-at-13.40.28.jpeg?fit=1200%2C675&ssl=1&resize=1050%2C600 3x"},"classes":[]},{"id":8266,"url":"https:\/\/cepronda.com\/blog\/kit-de-herramientas-digitales-para-conservatorios-especialidades-instrumentales-y-de-conjunto-con-codigo-259911kpf535\/","url_meta":{"origin":8003,"position":4},"title":"KIT DE HERRAMIENTAS DIGITALES PARA CONSERVATORIOS","author":"Inmaculada Garc\u00eda","date":"5 marzo, 2025","format":false,"excerpt":"Abierto el plazo de inscripci\u00f3n en el curso regional: KIT DE HERRAMIENTAS DIGITALES PARA CONSERVATORIOS: ESPECIALIDADES INSTRUMENTALES Y DE CONJUNTO, con c\u00f3digo: 259911KPF535. \u00a0 Curso a Distancia con certificaci\u00f3n de 50 horas de formaci\u00f3n. N\u00ba de plazas: 250. \u00a0 Fecha inscripci\u00f3n: 26\/02\/2025 hasta 10\/03\/2025. Fecha actividad: 17\/03\/2025 hasta 18\/04\/2025 Dirigido\u2026","rel":"","context":"En \u00abFormaciones\u00bb","block_context":{"text":"Formaciones","link":"https:\/\/cepronda.com\/blog\/category\/formaciones\/"},"img":{"alt_text":"","src":"https:\/\/i0.wp.com\/cepronda.com\/blog\/wp-content\/uploads\/2025\/03\/Titulo-1.jpg?fit=960%2C1200&ssl=1&resize=350%2C200","width":350,"height":200,"srcset":"https:\/\/i0.wp.com\/cepronda.com\/blog\/wp-content\/uploads\/2025\/03\/Titulo-1.jpg?fit=960%2C1200&ssl=1&resize=350%2C200 1x, https:\/\/i0.wp.com\/cepronda.com\/blog\/wp-content\/uploads\/2025\/03\/Titulo-1.jpg?fit=960%2C1200&ssl=1&resize=525%2C300 1.5x, https:\/\/i0.wp.com\/cepronda.com\/blog\/wp-content\/uploads\/2025\/03\/Titulo-1.jpg?fit=960%2C1200&ssl=1&resize=700%2C400 2x"},"classes":[]},{"id":6046,"url":"https:\/\/cepronda.com\/blog\/ii-kit-de-herramientas-digitales-para-centros-rurales-y-aulas-multinivel\/","url_meta":{"origin":8003,"position":5},"title":"II KIT DE HERRAMIENTAS DIGITALES PARA CENTROS RURALES Y AULAS MULTINIVEL","author":"Mamen Moreno","date":"14 septiembre, 2023","format":false,"excerpt":"Abierto el plazo de inscripci\u00f3n para el curso online provincial II KIT DE HERRAMIENTAS DIGITALES PARA CENTROS RURALES Y AULAS MULTINIVEL con c\u00f3digo 242924GE006 \u00a0 Dirigida al\u00a0Profesorado de Centro Rurales\u00a0 Fechas de inscripci\u00f3n: 14\/09\/2023 hasta 27\/09\/2023 Fecha actividad:\u00a0 3 de octubre hasta el 13 de noviembre Lugar de realizaci\u00f3n: AVFP\u2026","rel":"","context":"En \u00abFormaciones\u00bb","block_context":{"text":"Formaciones","link":"https:\/\/cepronda.com\/blog\/category\/formaciones\/"},"img":{"alt_text":"","src":"https:\/\/i0.wp.com\/cepronda.com\/blog\/wp-content\/uploads\/2023\/09\/Diseno-sin-titulo-2.jpg?fit=1080%2C1080&ssl=1&resize=350%2C200","width":350,"height":200,"srcset":"https:\/\/i0.wp.com\/cepronda.com\/blog\/wp-content\/uploads\/2023\/09\/Diseno-sin-titulo-2.jpg?fit=1080%2C1080&ssl=1&resize=350%2C200 1x, https:\/\/i0.wp.com\/cepronda.com\/blog\/wp-content\/uploads\/2023\/09\/Diseno-sin-titulo-2.jpg?fit=1080%2C1080&ssl=1&resize=525%2C300 1.5x, https:\/\/i0.wp.com\/cepronda.com\/blog\/wp-content\/uploads\/2023\/09\/Diseno-sin-titulo-2.jpg?fit=1080%2C1080&ssl=1&resize=700%2C400 2x, https:\/\/i0.wp.com\/cepronda.com\/blog\/wp-content\/uploads\/2023\/09\/Diseno-sin-titulo-2.jpg?fit=1080%2C1080&ssl=1&resize=1050%2C600 3x"},"classes":[]}],"jetpack_sharing_enabled":true,"_links":{"self":[{"href":"https:\/\/cepronda.com\/blog\/wp-json\/wp\/v2\/posts\/8003","targetHints":{"allow":["GET"]}}],"collection":[{"href":"https:\/\/cepronda.com\/blog\/wp-json\/wp\/v2\/posts"}],"about":[{"href":"https:\/\/cepronda.com\/blog\/wp-json\/wp\/v2\/types\/post"}],"author":[{"embeddable":true,"href":"https:\/\/cepronda.com\/blog\/wp-json\/wp\/v2\/users\/9"}],"replies":[{"embeddable":true,"href":"https:\/\/cepronda.com\/blog\/wp-json\/wp\/v2\/comments?post=8003"}],"version-history":[{"count":2,"href":"https:\/\/cepronda.com\/blog\/wp-json\/wp\/v2\/posts\/8003\/revisions"}],"predecessor-version":[{"id":8014,"href":"https:\/\/cepronda.com\/blog\/wp-json\/wp\/v2\/posts\/8003\/revisions\/8014"}],"wp:featuredmedia":[{"embeddable":true,"href":"https:\/\/cepronda.com\/blog\/wp-json\/wp\/v2\/media\/8004"}],"wp:attachment":[{"href":"https:\/\/cepronda.com\/blog\/wp-json\/wp\/v2\/media?parent=8003"}],"wp:term":[{"taxonomy":"category","embeddable":true,"href":"https:\/\/cepronda.com\/blog\/wp-json\/wp\/v2\/categories?post=8003"},{"taxonomy":"post_tag","embeddable":true,"href":"https:\/\/cepronda.com\/blog\/wp-json\/wp\/v2\/tags?post=8003"}],"curies":[{"name":"wp","href":"https:\/\/api.w.org\/{rel}","templated":true}]}}