{"id":7994,"date":"2025-01-07T13:15:20","date_gmt":"2025-01-07T12:15:20","guid":{"rendered":"https:\/\/cepronda.com\/blog\/?p=7994"},"modified":"2025-04-28T12:15:17","modified_gmt":"2025-04-28T10:15:17","slug":"curso-provincial-pautas-de-afrontamiento-psicologico-dirigidas-a-orientadores-as-ante-conductas-de-mayor-prevalencia-en-salud-mental-del-alumnado-codigo-252925ge602","status":"publish","type":"post","link":"https:\/\/cepronda.com\/blog\/curso-provincial-pautas-de-afrontamiento-psicologico-dirigidas-a-orientadores-as-ante-conductas-de-mayor-prevalencia-en-salud-mental-del-alumnado-codigo-252925ge602\/","title":{"rendered":"CURSO PROVINCIAL \u00abPAUTAS DE AFRONTAMIENTO PSICOL\u00d3GICO DIRIGIDAS A ORIENTADORES\/AS ANTE CONDUCTAS DE MAYOR PREVALENCIA EN SALUD MENTAL DEL ALUMNADO\u00bb C\u00f3digo: 252925GE602."},"content":{"rendered":"<p>Informamos que se encuentra abierto el plazo de inscripci\u00f3n del curso provincial: \u00abPAUTAS DE AFRONTAMIENTO PSICOL\u00d3GICO DIRIGIDAS A ORIENTADORES\/AS ANTE CONDUCTAS DE MAYOR PREVALENCIA EN SALUD MENTAL DEL ALUMNADO\u00bb C\u00f3digo: 252925GE602.<\/p>\n<p>Curso presencial a trav\u00e9s de videoconferencia (plataforma WEBEX).<\/p>\n<p>Dirigido a orientadores\/as de IES y EOE, y m\u00e9dicos de EOE.<\/p>\n<p>Inscripciones: del 7\/01\/2025 al 20\/01\/2025<br \/>\nFechas de realizaci\u00f3n: 23 y 30 de enero, 6, 13 y 20 de febrero de 2025.<\/p>\n<p>\u2705M\u00e1s informaci\u00f3n e inscripci\u00f3n:<br \/>\n<a href=\"https:\/\/www.juntadeandalucia.es\/educacion\/secretariavirtual\/consultaCEP\/actividad\/252925GE602\/\">https:\/\/www.juntadeandalucia.es\/educacion\/secretariavirtual\/consultaCEP\/actividad\/252925GE602\/<\/a><\/p>\n<p>&nbsp;<\/p>\n<p><img data-recalc-dims=\"1\" loading=\"lazy\" decoding=\"async\" class=\"aligncenter  wp-image-7995\" src=\"https:\/\/i0.wp.com\/cepronda.com\/blog\/wp-content\/uploads\/2025\/01\/WhatsApp-Image-2025-01-07-at-11.43.01.jpeg?resize=338%2C423&#038;ssl=1\" alt=\"\" width=\"338\" height=\"423\" srcset=\"https:\/\/i0.wp.com\/cepronda.com\/blog\/wp-content\/uploads\/2025\/01\/WhatsApp-Image-2025-01-07-at-11.43.01.jpeg?resize=819%2C1024&amp;ssl=1 819w, https:\/\/i0.wp.com\/cepronda.com\/blog\/wp-content\/uploads\/2025\/01\/WhatsApp-Image-2025-01-07-at-11.43.01.jpeg?resize=240%2C300&amp;ssl=1 240w, https:\/\/i0.wp.com\/cepronda.com\/blog\/wp-content\/uploads\/2025\/01\/WhatsApp-Image-2025-01-07-at-11.43.01.jpeg?resize=768%2C960&amp;ssl=1 768w, https:\/\/i0.wp.com\/cepronda.com\/blog\/wp-content\/uploads\/2025\/01\/WhatsApp-Image-2025-01-07-at-11.43.01.jpeg?w=1024&amp;ssl=1 1024w\" sizes=\"auto, (max-width: 338px) 100vw, 338px\" \/><\/p>\n","protected":false},"excerpt":{"rendered":"<p>Informamos que se encuentra abierto el plazo de inscripci\u00f3n del curso provincial: \u00abPAUTAS DE AFRONTAMIENTO PSICOL\u00d3GICO DIRIGIDAS A ORIENTADORES\/AS ANTE CONDUCTAS DE MAYOR PREVALENCIA EN SALUD MENTAL DEL ALUMNADO\u00bb C\u00f3digo: 252925GE602. Curso presencial a trav\u00e9s de videoconferencia (plataforma WEBEX). Dirigido a orientadores\/as de IES y EOE, y m\u00e9dicos de EOE. Inscripciones: del 7\/01\/2025 al 20\/01\/2025 [&hellip;]<\/p>\n","protected":false},"author":9,"featured_media":7995,"comment_status":"closed","ping_status":"open","sticky":false,"template":"","format":"standard","meta":{"_crdt_document":"","advanced_seo_description":"","jetpack_seo_html_title":"","jetpack_seo_noindex":false,"jetpack_post_was_ever_published":false,"_jetpack_newsletter_access":"","_jetpack_dont_email_post_to_subs":false,"_jetpack_newsletter_tier_id":0,"_jetpack_memberships_contains_paywalled_content":false,"_jetpack_memberships_contains_paid_content":false,"footnotes":"","jetpack_publicize_message":"","jetpack_publicize_feature_enabled":true,"jetpack_social_post_already_shared":false,"jetpack_social_options":{"image_generator_settings":{"template":"highway","default_image_id":0,"font":"","enabled":false},"version":2}},"categories":[3,5],"tags":[333],"class_list":{"0":"post-7994","1":"post","2":"type-post","3":"status-publish","4":"format-standard","5":"has-post-thumbnail","7":"category-formaciones","8":"category-noticias","9":"tag-orientacion","10":"czr-hentry"},"jetpack_publicize_connections":[],"jetpack_featured_media_url":"https:\/\/i0.wp.com\/cepronda.com\/blog\/wp-content\/uploads\/2025\/01\/WhatsApp-Image-2025-01-07-at-11.43.01.jpeg?fit=1024%2C1280&ssl=1","jetpack_shortlink":"https:\/\/wp.me\/p8M4X7-24W","jetpack-related-posts":[{"id":7249,"url":"https:\/\/cepronda.com\/blog\/pautas-de-afrontamiento-psicologico-dirigidas-a-orientadores-as-ante-conductas-de-mayor-prevalencia-en-salud-mental-del-alumnado-242925ge605\/","url_meta":{"origin":7994,"position":0},"title":"PAUTAS DE AFRONTAMIENTO PSICOL\u00d3GICO DIRIGIDAS A ORIENTADORES\/AS ANTE CONDUCTAS DE MAYOR PREVALENCIA EN SALUD MENTAL DEL ALUMNADO (242925GE605).","author":"Inmaculada Garc\u00eda","date":"1 diciembre, 2023","format":false,"excerpt":"Abierto el plazo de inscripci\u00f3n para el curso provincial, organizado por el CEP de Antequera: \"PAUTAS DE AFRONTAMIENTO PSICOL\u00d3GICO DIRIGIDAS A ORIENTADORES\/AS ANTE CONDUCTAS DE MAYOR PREVALENCIA EN SALUD MENTAL DEL ALUMNADO\", c\u00f3digo: 242925GE605, den 20 horas, que se realizar\u00e1 mediante videoconferencia los d\u00edas 17, 24, 31 de enero; 7\u2026","rel":"","context":"En \u00abFormaciones\u00bb","block_context":{"text":"Formaciones","link":"https:\/\/cepronda.com\/blog\/category\/formaciones\/"},"img":{"alt_text":"","src":"https:\/\/i0.wp.com\/cepronda.com\/blog\/wp-content\/uploads\/2023\/12\/WhatsApp-Image-2023-11-29-at-17.41.18.jpeg?fit=960%2C1200&ssl=1&resize=350%2C200","width":350,"height":200,"srcset":"https:\/\/i0.wp.com\/cepronda.com\/blog\/wp-content\/uploads\/2023\/12\/WhatsApp-Image-2023-11-29-at-17.41.18.jpeg?fit=960%2C1200&ssl=1&resize=350%2C200 1x, https:\/\/i0.wp.com\/cepronda.com\/blog\/wp-content\/uploads\/2023\/12\/WhatsApp-Image-2023-11-29-at-17.41.18.jpeg?fit=960%2C1200&ssl=1&resize=525%2C300 1.5x, https:\/\/i0.wp.com\/cepronda.com\/blog\/wp-content\/uploads\/2023\/12\/WhatsApp-Image-2023-11-29-at-17.41.18.jpeg?fit=960%2C1200&ssl=1&resize=700%2C400 2x"},"classes":[]},{"id":8034,"url":"https:\/\/cepronda.com\/blog\/aplicacion-del-protocolo-para-la-prevencion-del-riesgo-de-conductas-suicidas-y-autolesiones-del-alumnado-con-codigo-259922ci495\/","url_meta":{"origin":7994,"position":1},"title":"APLICACI\u00d3N DEL PROTOCOLO PARA LA PREVENCI\u00d3N DEL RIESGO DE CONDUCTAS SUICIDAS Y AUTOLESIONES DEL ALUMNADO, con c\u00f3digo 259922CI495.","author":"Inmaculada Garc\u00eda","date":"14 enero, 2025","format":false,"excerpt":"Abierto plazo de inscripci\u00f3n de la siguiente actividad provincial, \u00a0APLICACI\u00d3N DEL PROTOCOLO PARA LA PREVENCI\u00d3N DEL RIESGO DE CONDUCTAS SUICIDAS Y AUTOLESIONES DEL ALUMNADO, con c\u00f3digo 259922CI495. \u00a0Inscripci\u00f3n: 13\/01\/2025 hasta el 21\/01\/25 \u00a0Provincial. Internivelar. Dirigido a: EQUIPOS DIRECTIVOS Y ORIENTADORES\/AS \u00a0Actividad: del 27\/01\/2025 hasta el 05\/03\/2025 \u00a0Duraci\u00f3n:20 h. en AVFP\u2026","rel":"","context":"En \u00abFormaciones\u00bb","block_context":{"text":"Formaciones","link":"https:\/\/cepronda.com\/blog\/category\/formaciones\/"},"img":{"alt_text":"","src":"https:\/\/i0.wp.com\/cepronda.com\/blog\/wp-content\/uploads\/2025\/01\/PROTOCOLO.png?fit=1080%2C1080&ssl=1&resize=350%2C200","width":350,"height":200,"srcset":"https:\/\/i0.wp.com\/cepronda.com\/blog\/wp-content\/uploads\/2025\/01\/PROTOCOLO.png?fit=1080%2C1080&ssl=1&resize=350%2C200 1x, https:\/\/i0.wp.com\/cepronda.com\/blog\/wp-content\/uploads\/2025\/01\/PROTOCOLO.png?fit=1080%2C1080&ssl=1&resize=525%2C300 1.5x, https:\/\/i0.wp.com\/cepronda.com\/blog\/wp-content\/uploads\/2025\/01\/PROTOCOLO.png?fit=1080%2C1080&ssl=1&resize=700%2C400 2x, https:\/\/i0.wp.com\/cepronda.com\/blog\/wp-content\/uploads\/2025\/01\/PROTOCOLO.png?fit=1080%2C1080&ssl=1&resize=1050%2C600 3x"},"classes":[]},{"id":7690,"url":"https:\/\/cepronda.com\/blog\/formacion-formacion-avanzada-para-orientadores-as-codigo-252922ge051\/","url_meta":{"origin":7994,"position":2},"title":"FORMACI\u00d3N: FORMACI\u00d3N AVANZADA PARA ORIENTADORES\/AS\u00bb, c\u00f3digo: 252922GE051.","author":"Inmaculada Garc\u00eda","date":"10 septiembre, 2024","format":false,"excerpt":"Os informamos que se encuentra abierta la inscripci\u00f3n en el curso provincial, organizado por el CEP de M\u00e1laga: \"FORMACI\u00d3N AVANZADA PARA ORIENTADORES\/AS\", con c\u00f3digo: 252922GE051. Este curso est\u00e1 dirigido a maestros y maestras tutores\/as de Infantil y Primaria de centros p\u00fablicos. Sesiones presenciales mediante videoconferencia en directo. - Inscripciones: del\u2026","rel":"","context":"En \u00abFormaciones\u00bb","block_context":{"text":"Formaciones","link":"https:\/\/cepronda.com\/blog\/category\/formaciones\/"},"img":{"alt_text":"","src":"https:\/\/i0.wp.com\/cepronda.com\/blog\/wp-content\/uploads\/2024\/09\/CARTEL-ORIENTADORES-AVANZADO.jpg?fit=1080%2C1080&ssl=1&resize=350%2C200","width":350,"height":200,"srcset":"https:\/\/i0.wp.com\/cepronda.com\/blog\/wp-content\/uploads\/2024\/09\/CARTEL-ORIENTADORES-AVANZADO.jpg?fit=1080%2C1080&ssl=1&resize=350%2C200 1x, https:\/\/i0.wp.com\/cepronda.com\/blog\/wp-content\/uploads\/2024\/09\/CARTEL-ORIENTADORES-AVANZADO.jpg?fit=1080%2C1080&ssl=1&resize=525%2C300 1.5x, https:\/\/i0.wp.com\/cepronda.com\/blog\/wp-content\/uploads\/2024\/09\/CARTEL-ORIENTADORES-AVANZADO.jpg?fit=1080%2C1080&ssl=1&resize=700%2C400 2x, https:\/\/i0.wp.com\/cepronda.com\/blog\/wp-content\/uploads\/2024\/09\/CARTEL-ORIENTADORES-AVANZADO.jpg?fit=1080%2C1080&ssl=1&resize=1050%2C600 3x"},"classes":[]},{"id":8099,"url":"https:\/\/cepronda.com\/blog\/atencion-a-la-diversidad-evaluacion-psicopedagogica-e-intervencion-para-orientadores-as-codigo-252922ge058\/","url_meta":{"origin":7994,"position":3},"title":"ATENCI\u00d3N A LA DIVERSIDAD: EVALUACI\u00d3N PSICOPEDAG\u00d3GICA E INTERVENCI\u00d3N PARA ORIENTADORES\/AS. C\u00f3digo: 252922GE058.","author":"Inmaculada Garc\u00eda","date":"3 febrero, 2025","format":false,"excerpt":"Abierto el plazo de solicitudes para el curso provincial a distancia: ATENCI\u00d3N A LA DIVERSIDAD: EVALUACI\u00d3N PSICOPEDAG\u00d3GICA E INTERVENCI\u00d3N PARA ORIENTADORES\/AS. C\u00f3digo: 252922GE058. \u00a0 Dirigido preferentemente a Profesorado de la especialidad de Orientaci\u00f3n Educativa. Inscripci\u00f3n: 03\/02\/2025 al 16\/02\/2025. Fecha de actividad 04\/03\/2025 hasta 11\/05\/2025. Duraci\u00f3n: 40 horas en el AVFP\u2026","rel":"","context":"En \u00abFormaciones\u00bb","block_context":{"text":"Formaciones","link":"https:\/\/cepronda.com\/blog\/category\/formaciones\/"},"img":{"alt_text":"","src":"https:\/\/i0.wp.com\/cepronda.com\/blog\/wp-content\/uploads\/2025\/02\/evaluacion-psicopedagogica.jpg?fit=1080%2C1080&ssl=1&resize=350%2C200","width":350,"height":200,"srcset":"https:\/\/i0.wp.com\/cepronda.com\/blog\/wp-content\/uploads\/2025\/02\/evaluacion-psicopedagogica.jpg?fit=1080%2C1080&ssl=1&resize=350%2C200 1x, https:\/\/i0.wp.com\/cepronda.com\/blog\/wp-content\/uploads\/2025\/02\/evaluacion-psicopedagogica.jpg?fit=1080%2C1080&ssl=1&resize=525%2C300 1.5x, https:\/\/i0.wp.com\/cepronda.com\/blog\/wp-content\/uploads\/2025\/02\/evaluacion-psicopedagogica.jpg?fit=1080%2C1080&ssl=1&resize=700%2C400 2x, https:\/\/i0.wp.com\/cepronda.com\/blog\/wp-content\/uploads\/2025\/02\/evaluacion-psicopedagogica.jpg?fit=1080%2C1080&ssl=1&resize=1050%2C600 3x"},"classes":[]},{"id":7255,"url":"https:\/\/cepronda.com\/blog\/formacion-avanzada-para-orientadores-as-codigo-242922ge045\/","url_meta":{"origin":7994,"position":4},"title":"FORMACI\u00d3N AVANZADA PARA ORIENTADORES\/AS: C\u00f3digo: 242922GE045","author":"Inmaculada Garc\u00eda","date":"4 diciembre, 2023","format":false,"excerpt":"Se encuentra abierto el plazo de inscripci\u00f3n en la actividad provincial a Distancia (AVFP), de 30 horas, \"FORMACI\u00d3N AVANZADA PARA ORIENTADORES\/AS\"(C\u00f3digo: 242922GE045) M\u00e1s informaci\u00f3n e inscripci\u00f3n en: https:\/\/bit.ly\/46uz2G0 Fecha actividad:\u00a015\/01\/2024 hasta 15\/03\/2024 Fecha inscripci\u00f3n:\u00a004\/12\/2023 hasta 15\/12\/2023 Horas totales:\u00a030","rel":"","context":"En \u00abFormaciones\u00bb","block_context":{"text":"Formaciones","link":"https:\/\/cepronda.com\/blog\/category\/formaciones\/"},"img":{"alt_text":"","src":"https:\/\/i0.wp.com\/cepronda.com\/blog\/wp-content\/uploads\/2023\/12\/FORMACION-AVANZADA-PARA-ORIENTADORES242922GE045.jpg?fit=1080%2C1080&ssl=1&resize=350%2C200","width":350,"height":200,"srcset":"https:\/\/i0.wp.com\/cepronda.com\/blog\/wp-content\/uploads\/2023\/12\/FORMACION-AVANZADA-PARA-ORIENTADORES242922GE045.jpg?fit=1080%2C1080&ssl=1&resize=350%2C200 1x, https:\/\/i0.wp.com\/cepronda.com\/blog\/wp-content\/uploads\/2023\/12\/FORMACION-AVANZADA-PARA-ORIENTADORES242922GE045.jpg?fit=1080%2C1080&ssl=1&resize=525%2C300 1.5x, https:\/\/i0.wp.com\/cepronda.com\/blog\/wp-content\/uploads\/2023\/12\/FORMACION-AVANZADA-PARA-ORIENTADORES242922GE045.jpg?fit=1080%2C1080&ssl=1&resize=700%2C400 2x, https:\/\/i0.wp.com\/cepronda.com\/blog\/wp-content\/uploads\/2023\/12\/FORMACION-AVANZADA-PARA-ORIENTADORES242922GE045.jpg?fit=1080%2C1080&ssl=1&resize=1050%2C600 3x"},"classes":[]},{"id":8761,"url":"https:\/\/cepronda.com\/blog\/atencion-a-la-diversidad-evaluacion-psicopedagogica-e-intervencion-para-orientadores-as-codigo-262922ge036\/","url_meta":{"origin":7994,"position":5},"title":"ATENCI\u00d3N A LA DIVERSIDAD: EVALUACI\u00d3N PSICOPEDAG\u00d3GICA E INTERVENCI\u00d3N PARA ORIENTADORES\/AS. C\u00f3digo: 262922GE036.","author":"Inmaculada Garc\u00eda","date":"9 septiembre, 2025","format":false,"excerpt":"Se ha abierto el plazo de inscripci\u00f3n para la actividad provincial a distancia: ATENCI\u00d3N A LA DIVERSIDAD: EVALUACI\u00d3N PSICOPEDAG\u00d3GICA E INTERVENCI\u00d3N PARA ORIENTADORES\/AS. C\u00f3digo: 262922GE036. Se desarrollar\u00e1 en el Aula Virtual de Formaci\u00f3n del Profesorado con una dedicaci\u00f3n de 40h. Dirigido preferentemente a Profesorado de la especialidad de Orientaci\u00f3n Educativa.\u2026","rel":"","context":"En \u00abFormaciones\u00bb","block_context":{"text":"Formaciones","link":"https:\/\/cepronda.com\/blog\/category\/formaciones\/"},"img":{"alt_text":"","src":"https:\/\/i0.wp.com\/cepronda.com\/blog\/wp-content\/uploads\/2025\/09\/WhatsApp-Image-2025-09-09-at-09.52.45.jpeg?fit=1080%2C1080&ssl=1&resize=350%2C200","width":350,"height":200,"srcset":"https:\/\/i0.wp.com\/cepronda.com\/blog\/wp-content\/uploads\/2025\/09\/WhatsApp-Image-2025-09-09-at-09.52.45.jpeg?fit=1080%2C1080&ssl=1&resize=350%2C200 1x, https:\/\/i0.wp.com\/cepronda.com\/blog\/wp-content\/uploads\/2025\/09\/WhatsApp-Image-2025-09-09-at-09.52.45.jpeg?fit=1080%2C1080&ssl=1&resize=525%2C300 1.5x, https:\/\/i0.wp.com\/cepronda.com\/blog\/wp-content\/uploads\/2025\/09\/WhatsApp-Image-2025-09-09-at-09.52.45.jpeg?fit=1080%2C1080&ssl=1&resize=700%2C400 2x, https:\/\/i0.wp.com\/cepronda.com\/blog\/wp-content\/uploads\/2025\/09\/WhatsApp-Image-2025-09-09-at-09.52.45.jpeg?fit=1080%2C1080&ssl=1&resize=1050%2C600 3x"},"classes":[]}],"jetpack_sharing_enabled":true,"_links":{"self":[{"href":"https:\/\/cepronda.com\/blog\/wp-json\/wp\/v2\/posts\/7994","targetHints":{"allow":["GET"]}}],"collection":[{"href":"https:\/\/cepronda.com\/blog\/wp-json\/wp\/v2\/posts"}],"about":[{"href":"https:\/\/cepronda.com\/blog\/wp-json\/wp\/v2\/types\/post"}],"author":[{"embeddable":true,"href":"https:\/\/cepronda.com\/blog\/wp-json\/wp\/v2\/users\/9"}],"replies":[{"embeddable":true,"href":"https:\/\/cepronda.com\/blog\/wp-json\/wp\/v2\/comments?post=7994"}],"version-history":[{"count":1,"href":"https:\/\/cepronda.com\/blog\/wp-json\/wp\/v2\/posts\/7994\/revisions"}],"predecessor-version":[{"id":7996,"href":"https:\/\/cepronda.com\/blog\/wp-json\/wp\/v2\/posts\/7994\/revisions\/7996"}],"wp:featuredmedia":[{"embeddable":true,"href":"https:\/\/cepronda.com\/blog\/wp-json\/wp\/v2\/media\/7995"}],"wp:attachment":[{"href":"https:\/\/cepronda.com\/blog\/wp-json\/wp\/v2\/media?parent=7994"}],"wp:term":[{"taxonomy":"category","embeddable":true,"href":"https:\/\/cepronda.com\/blog\/wp-json\/wp\/v2\/categories?post=7994"},{"taxonomy":"post_tag","embeddable":true,"href":"https:\/\/cepronda.com\/blog\/wp-json\/wp\/v2\/tags?post=7994"}],"curies":[{"name":"wp","href":"https:\/\/api.w.org\/{rel}","templated":true}]}}