{"id":7987,"date":"2024-12-20T13:14:27","date_gmt":"2024-12-20T12:14:27","guid":{"rendered":"https:\/\/cepronda.com\/blog\/?p=7987"},"modified":"2025-04-28T12:13:48","modified_gmt":"2025-04-28T10:13:48","slug":"robotica-y-pensamiento-computacional-en-primaria","status":"publish","type":"post","link":"https:\/\/cepronda.com\/blog\/robotica-y-pensamiento-computacional-en-primaria\/","title":{"rendered":"ROB\u00d3TICA Y PENSAMIENTO COMPUTACIONAL EN PRIMARIA"},"content":{"rendered":"<div class=\"\" data-block=\"true\" data-editor=\"5up0m\" data-offset-key=\"91a4p-0-0\">\n<div class=\"_1mf _1mj\" data-offset-key=\"91a4p-0-0\"><span data-offset-key=\"91a4p-0-0\">Se abre el plazo de inscripci\u00f3n para la actividad provincial <strong>ROB\u00d3TICA Y PENSAMIENTO COMPUTACIONAL EN PRIMARIA.<\/strong><\/span><\/div>\n<div class=\"_1mf _1mj\" data-offset-key=\"91a4p-0-0\"><span style=\"font-weight: inherit;\">Inscripci\u00f3n: Hasta el 31\/12\/24<\/span><\/div>\n<div class=\"_1mf _1mj\" data-offset-key=\"91a4p-0-0\"><span style=\"font-weight: inherit;\">Dirigido a Educaci\u00f3n Primaria<\/span><\/div>\n<\/div>\n<div class=\"\" data-block=\"true\" data-editor=\"5up0m\" data-offset-key=\"3gjlu-0-0\">\n<div class=\"_1mf _1mj\" data-offset-key=\"3gjlu-0-0\"><span data-offset-key=\"3gjlu-0-0\">Actividad: del 15\/01\/25 a 05\/02\/25<\/span><\/div>\n<\/div>\n<div class=\"\" data-block=\"true\" data-editor=\"5up0m\" data-offset-key=\"6s625-0-0\">\n<div class=\"_1mf _1mj\" data-offset-key=\"6s625-0-0\"><span data-offset-key=\"6s625-0-0\">Duraci\u00f3n:12 h presenciales + 3 en AVFP<\/span><\/div>\n<\/div>\n<div class=\"\" data-block=\"true\" data-editor=\"5up0m\" data-offset-key=\"blfth-0-0\">\n<div class=\"_1mf _1mj\" data-offset-key=\"blfth-0-0\"><span data-offset-key=\"blfth-0-0\">M\u00e1s en: https:<a href=\"\/\/www.juntadeandalucia.es\/educacion\/secretariavirtual\/consultaCEP\/actividad\/252922GE073\/\">\/www.juntadeandalucia.es\/educacion\/secretariavirtual\/consultaCEP\/actividad\/252922GE073\/<\/a><\/span><\/div>\n<div data-offset-key=\"blfth-0-0\"><img data-recalc-dims=\"1\" loading=\"lazy\" decoding=\"async\" class=\"size-medium wp-image-7989 aligncenter\" src=\"https:\/\/i0.wp.com\/cepronda.com\/blog\/wp-content\/uploads\/2024\/12\/WhatsApp-Image-2024-12-20-at-13.06.06.jpeg?resize=300%2C300&#038;ssl=1\" alt=\"\" width=\"300\" height=\"300\" srcset=\"https:\/\/i0.wp.com\/cepronda.com\/blog\/wp-content\/uploads\/2024\/12\/WhatsApp-Image-2024-12-20-at-13.06.06.jpeg?resize=300%2C300&amp;ssl=1 300w, https:\/\/i0.wp.com\/cepronda.com\/blog\/wp-content\/uploads\/2024\/12\/WhatsApp-Image-2024-12-20-at-13.06.06.jpeg?resize=150%2C150&amp;ssl=1 150w, https:\/\/i0.wp.com\/cepronda.com\/blog\/wp-content\/uploads\/2024\/12\/WhatsApp-Image-2024-12-20-at-13.06.06.jpeg?resize=50%2C50&amp;ssl=1 50w, https:\/\/i0.wp.com\/cepronda.com\/blog\/wp-content\/uploads\/2024\/12\/WhatsApp-Image-2024-12-20-at-13.06.06.jpeg?w=318&amp;ssl=1 318w\" sizes=\"auto, (max-width: 300px) 100vw, 300px\" \/><\/div>\n<\/div>\n","protected":false},"excerpt":{"rendered":"<p>Se abre el plazo de inscripci\u00f3n para la actividad provincial ROB\u00d3TICA Y PENSAMIENTO COMPUTACIONAL EN PRIMARIA. Inscripci\u00f3n: Hasta el 31\/12\/24 Dirigido a Educaci\u00f3n Primaria Actividad: del 15\/01\/25 a 05\/02\/25 Duraci\u00f3n:12 h presenciales + 3 en AVFP M\u00e1s en: https:\/www.juntadeandalucia.es\/educacion\/secretariavirtual\/consultaCEP\/actividad\/252922GE073\/<\/p>\n","protected":false},"author":13,"featured_media":7989,"comment_status":"closed","ping_status":"open","sticky":false,"template":"","format":"standard","meta":{"_crdt_document":"","advanced_seo_description":"","jetpack_seo_html_title":"","jetpack_seo_noindex":false,"jetpack_post_was_ever_published":false,"_jetpack_newsletter_access":"","_jetpack_dont_email_post_to_subs":false,"_jetpack_newsletter_tier_id":0,"_jetpack_memberships_contains_paywalled_content":false,"_jetpack_memberships_contains_paid_content":false,"footnotes":"","jetpack_publicize_message":"","jetpack_publicize_feature_enabled":true,"jetpack_social_post_already_shared":false,"jetpack_social_options":{"image_generator_settings":{"template":"highway","default_image_id":0,"font":"","enabled":false},"version":2}},"categories":[3],"tags":[],"class_list":{"0":"post-7987","1":"post","2":"type-post","3":"status-publish","4":"format-standard","5":"has-post-thumbnail","7":"category-formaciones","8":"czr-hentry"},"jetpack_publicize_connections":[],"jetpack_featured_media_url":"https:\/\/i0.wp.com\/cepronda.com\/blog\/wp-content\/uploads\/2024\/12\/WhatsApp-Image-2024-12-20-at-13.06.06.jpeg?fit=318%2C318&ssl=1","jetpack_shortlink":"https:\/\/wp.me\/p8M4X7-24P","jetpack-related-posts":[{"id":8356,"url":"https:\/\/cepronda.com\/blog\/iniciacion-al-pensamiento-computacional-con-python\/","url_meta":{"origin":7987,"position":0},"title":"INICIACI\u00d3N AL PENSAMIENTO COMPUTACIONAL CON PYTHON","author":"Inmaculada Garc\u00eda","date":"13 marzo, 2025","format":false,"excerpt":"Abierto el plazo de inscripci\u00f3n en la actividad regional \"INICIACI\u00d3N AL PENSAMIENTO COMPUTACIONAL CON PYTHON\", con c\u00f3digo 251812GE102. \u00a0 Inscripciones: desde el 05\/03\/2025 hasta el 21\/03\/2025 Modalidad: Curso a Distancia. Horas no presenciales totales: 50 N\u00ba de plazas: 120 Dirigido a: Internivelar \u00a0 Enlace a la inscripci\u00f3n: https:\/\/www.juntadeandalucia.es\/educacion\/secretariavirtual\/consultaCEP\/actividad\/251812GE102\/ \u00a0 Para\u2026","rel":"","context":"En \u00abFormaciones\u00bb","block_context":{"text":"Formaciones","link":"https:\/\/cepronda.com\/blog\/category\/formaciones\/"},"img":{"alt_text":"","src":"https:\/\/i0.wp.com\/cepronda.com\/blog\/wp-content\/uploads\/2025\/03\/251812GE102-PYTHON_INICIAL-1.jpg?fit=1080%2C1080&ssl=1&resize=350%2C200","width":350,"height":200,"srcset":"https:\/\/i0.wp.com\/cepronda.com\/blog\/wp-content\/uploads\/2025\/03\/251812GE102-PYTHON_INICIAL-1.jpg?fit=1080%2C1080&ssl=1&resize=350%2C200 1x, https:\/\/i0.wp.com\/cepronda.com\/blog\/wp-content\/uploads\/2025\/03\/251812GE102-PYTHON_INICIAL-1.jpg?fit=1080%2C1080&ssl=1&resize=525%2C300 1.5x, https:\/\/i0.wp.com\/cepronda.com\/blog\/wp-content\/uploads\/2025\/03\/251812GE102-PYTHON_INICIAL-1.jpg?fit=1080%2C1080&ssl=1&resize=700%2C400 2x, https:\/\/i0.wp.com\/cepronda.com\/blog\/wp-content\/uploads\/2025\/03\/251812GE102-PYTHON_INICIAL-1.jpg?fit=1080%2C1080&ssl=1&resize=1050%2C600 3x"},"classes":[]},{"id":6029,"url":"https:\/\/cepronda.com\/blog\/sentido-numerico-y-pensamiento-algebraico-numeracion-y-operaciones\/","url_meta":{"origin":7987,"position":1},"title":"SENTIDO NUM\u00c9RICO Y PENSAMIENTO ALGEBRAICO. NUMERACI\u00d3N Y OPERACIONES","author":"Mamen Moreno","date":"4 septiembre, 2023","format":false,"excerpt":"Abierto el plazo de inscripci\u00f3n para la actividad provincial SENTIDO NUM\u00c9RICO Y PENSAMIENTO ALGEBRAICO. NUMERACI\u00d3N Y OPERACIONES,\u00a0 ponente Jos\u00e9 Antonio Fern\u00e1ndez Bravo. Actividad gestionada desde el CEP de Marbella-Co\u00edn. \u00a0 Dirigida al Profesorado de Primaria y 1\u00ba ciclo de la ESO. Fechas de inscripci\u00f3n: 1\/09\/2023 hasta 08\/09\/2023 Fecha actividad:\u00a0 14,\u2026","rel":"","context":"En \u00abFormaciones\u00bb","block_context":{"text":"Formaciones","link":"https:\/\/cepronda.com\/blog\/category\/formaciones\/"},"img":{"alt_text":"","src":"https:\/\/i0.wp.com\/cepronda.com\/blog\/wp-content\/uploads\/2023\/09\/371912956_785952096662678_8256979265680203517_n.jpg?fit=750%2C747&ssl=1&resize=350%2C200","width":350,"height":200,"srcset":"https:\/\/i0.wp.com\/cepronda.com\/blog\/wp-content\/uploads\/2023\/09\/371912956_785952096662678_8256979265680203517_n.jpg?fit=750%2C747&ssl=1&resize=350%2C200 1x, https:\/\/i0.wp.com\/cepronda.com\/blog\/wp-content\/uploads\/2023\/09\/371912956_785952096662678_8256979265680203517_n.jpg?fit=750%2C747&ssl=1&resize=525%2C300 1.5x, https:\/\/i0.wp.com\/cepronda.com\/blog\/wp-content\/uploads\/2023\/09\/371912956_785952096662678_8256979265680203517_n.jpg?fit=750%2C747&ssl=1&resize=700%2C400 2x"},"classes":[]},{"id":9068,"url":"https:\/\/cepronda.com\/blog\/atencion-al-alumnado-tdah-estrategias-de-intervencion-en-primaria\/","url_meta":{"origin":7987,"position":2},"title":"ATENCI\u00d3N AL ALUMNADO TDAH: ESTRATEGIAS DE INTERVENCI\u00d3N EN PRIMARIA.","author":"Inmaculada Garc\u00eda","date":"1 diciembre, 2025","format":false,"excerpt":"Se encuentra abierto el plazo de inscripci\u00f3n en el curso provincial a distancias: ATENCI\u00d3N AL ALUMNADO TDAH: ESTRATEGIAS DE INTERVENCI\u00d3N EN PRIMARIA (40h). C\u00f3digo: 262922GE033. Dirigido preferentemente al profesorado de educaci\u00f3n primaria, con una dedicaci\u00f3n de 40 horas. \u00a0 Inscripci\u00f3n: 01\/12\/2025 al 14\/12\/2025. Fecha de actividad 09\/01\/2026 hasta 19\/03\/2026. \u00a0\u2026","rel":"","context":"En \u00abFormaciones\u00bb","block_context":{"text":"Formaciones","link":"https:\/\/cepronda.com\/blog\/category\/formaciones\/"},"img":{"alt_text":"","src":"https:\/\/i0.wp.com\/cepronda.com\/blog\/wp-content\/uploads\/2025\/12\/WhatsApp-Image-2025-12-01-at-11.15.25.jpeg?fit=1080%2C1080&ssl=1&resize=350%2C200","width":350,"height":200,"srcset":"https:\/\/i0.wp.com\/cepronda.com\/blog\/wp-content\/uploads\/2025\/12\/WhatsApp-Image-2025-12-01-at-11.15.25.jpeg?fit=1080%2C1080&ssl=1&resize=350%2C200 1x, https:\/\/i0.wp.com\/cepronda.com\/blog\/wp-content\/uploads\/2025\/12\/WhatsApp-Image-2025-12-01-at-11.15.25.jpeg?fit=1080%2C1080&ssl=1&resize=525%2C300 1.5x, https:\/\/i0.wp.com\/cepronda.com\/blog\/wp-content\/uploads\/2025\/12\/WhatsApp-Image-2025-12-01-at-11.15.25.jpeg?fit=1080%2C1080&ssl=1&resize=700%2C400 2x, https:\/\/i0.wp.com\/cepronda.com\/blog\/wp-content\/uploads\/2025\/12\/WhatsApp-Image-2025-12-01-at-11.15.25.jpeg?fit=1080%2C1080&ssl=1&resize=1050%2C600 3x"},"classes":[]},{"id":3199,"url":"https:\/\/cepronda.com\/blog\/scratch-makey-makey-y-robotica\/","url_meta":{"origin":7987,"position":3},"title":"SCRATCH, MAKEY MAKEY Y ROB\u00d3TICA","author":"V\u00edctor Caballero","date":"28 noviembre, 2019","format":false,"excerpt":"Muy buenas familia, Abrimos el plazo de inscripci\u00f3n para esta actividad que dar\u00e1 comienzo justo a la vuelta de las vacaciones de Navidad, el 8 de enero. En esta actividad intentaremos dar respuesta a todas esas demandas que estamos teniendo en los \u00faltimos a\u00f1os sobre como trabajar en nuestras clases\u2026","rel":"","context":"En \u00abFormaciones\u00bb","block_context":{"text":"Formaciones","link":"https:\/\/cepronda.com\/blog\/category\/formaciones\/"},"img":{"alt_text":"","src":"https:\/\/i0.wp.com\/cepronda.com\/blog\/wp-content\/uploads\/2019\/11\/scratch.png?fit=646%2C912&ssl=1&resize=350%2C200","width":350,"height":200,"srcset":"https:\/\/i0.wp.com\/cepronda.com\/blog\/wp-content\/uploads\/2019\/11\/scratch.png?fit=646%2C912&ssl=1&resize=350%2C200 1x, https:\/\/i0.wp.com\/cepronda.com\/blog\/wp-content\/uploads\/2019\/11\/scratch.png?fit=646%2C912&ssl=1&resize=525%2C300 1.5x"},"classes":[]},{"id":1600,"url":"https:\/\/cepronda.com\/blog\/creando-codigo\/","url_meta":{"origin":7987,"position":4},"title":"Creando c\u00f3digo","author":"V\u00edctor Caballero","date":"8 febrero, 2018","format":false,"excerpt":"Muy buenas, compartimos con todos y todas vosotras esta informaci\u00f3n que creemos os puede resultar interesante. Se trata del proyecto \"Creando c\u00f3digo\".\u00a0 Con la metodolog\u00eda del\u00a0aprendizaje basado en proyectos\u00a0el proyecto\u00a0Creando C\u00f3digo\u00a0permitir\u00e1 a los profesionales del futuro adquirir las competencias del siglo XXI: colaboraci\u00f3n, comunicaci\u00f3n, creatividad, pensamiento cr\u00edtico y resoluci\u00f3n de\u2026","rel":"","context":"En \u00abNoticias\u00bb","block_context":{"text":"Noticias","link":"https:\/\/cepronda.com\/blog\/category\/noticias\/"},"img":{"alt_text":"","src":"https:\/\/i0.wp.com\/cepronda.com\/blog\/wp-content\/uploads\/2018\/02\/creando_c%C3%B3digo.png?fit=764%2C676&ssl=1&resize=350%2C200","width":350,"height":200,"srcset":"https:\/\/i0.wp.com\/cepronda.com\/blog\/wp-content\/uploads\/2018\/02\/creando_c%C3%B3digo.png?fit=764%2C676&ssl=1&resize=350%2C200 1x, https:\/\/i0.wp.com\/cepronda.com\/blog\/wp-content\/uploads\/2018\/02\/creando_c%C3%B3digo.png?fit=764%2C676&ssl=1&resize=525%2C300 1.5x, https:\/\/i0.wp.com\/cepronda.com\/blog\/wp-content\/uploads\/2018\/02\/creando_c%C3%B3digo.png?fit=764%2C676&ssl=1&resize=700%2C400 2x"},"classes":[]},{"id":7928,"url":"https:\/\/cepronda.com\/blog\/jefatura-de-estudios-organizacion-y-funcionamiento-infantil-y-primaria-codigo-259925pf493\/","url_meta":{"origin":7987,"position":5},"title":"\u00abJEFATURA DE ESTUDIOS: ORGANIZACI\u00d3N Y FUNCIONAMIENTO (INFANTIL Y PRIMARIA)\u00bb C\u00f3digo: 259925PF493.","author":"Inmaculada Garc\u00eda","date":"11 diciembre, 2024","format":false,"excerpt":"Abierto el plazo de inscripci\u00f3n para la actividad provincial: \"JEFATURA DE ESTUDIOS: ORGANIZACI\u00d3N Y FUNCIONAMIENTO (INFANTIL Y PRIMARIA)\" C\u00f3digo: 259925PF493. Lugar de realizaci\u00f3n: Curso a distancia en el Aula Virtual de Formaci\u00f3n del Profesorado. \u270f\ufe0fFecha inscripci\u00f3n: del 11\/12\/2024 al 13\/01\/2025. Fecha actividad:del 20 de enero al 24 de marzo de\u2026","rel":"","context":"En \u00abFormaciones\u00bb","block_context":{"text":"Formaciones","link":"https:\/\/cepronda.com\/blog\/category\/formaciones\/"},"img":{"alt_text":"","src":"https:\/\/i0.wp.com\/cepronda.com\/blog\/wp-content\/uploads\/2024\/12\/JEFATURA-ESTUDIOS-CEIP-1_page-0001-1-scaled.jpg?fit=848%2C1200&ssl=1&resize=350%2C200","width":350,"height":200,"srcset":"https:\/\/i0.wp.com\/cepronda.com\/blog\/wp-content\/uploads\/2024\/12\/JEFATURA-ESTUDIOS-CEIP-1_page-0001-1-scaled.jpg?fit=848%2C1200&ssl=1&resize=350%2C200 1x, https:\/\/i0.wp.com\/cepronda.com\/blog\/wp-content\/uploads\/2024\/12\/JEFATURA-ESTUDIOS-CEIP-1_page-0001-1-scaled.jpg?fit=848%2C1200&ssl=1&resize=525%2C300 1.5x, https:\/\/i0.wp.com\/cepronda.com\/blog\/wp-content\/uploads\/2024\/12\/JEFATURA-ESTUDIOS-CEIP-1_page-0001-1-scaled.jpg?fit=848%2C1200&ssl=1&resize=700%2C400 2x"},"classes":[]}],"jetpack_sharing_enabled":true,"_links":{"self":[{"href":"https:\/\/cepronda.com\/blog\/wp-json\/wp\/v2\/posts\/7987","targetHints":{"allow":["GET"]}}],"collection":[{"href":"https:\/\/cepronda.com\/blog\/wp-json\/wp\/v2\/posts"}],"about":[{"href":"https:\/\/cepronda.com\/blog\/wp-json\/wp\/v2\/types\/post"}],"author":[{"embeddable":true,"href":"https:\/\/cepronda.com\/blog\/wp-json\/wp\/v2\/users\/13"}],"replies":[{"embeddable":true,"href":"https:\/\/cepronda.com\/blog\/wp-json\/wp\/v2\/comments?post=7987"}],"version-history":[{"count":1,"href":"https:\/\/cepronda.com\/blog\/wp-json\/wp\/v2\/posts\/7987\/revisions"}],"predecessor-version":[{"id":7990,"href":"https:\/\/cepronda.com\/blog\/wp-json\/wp\/v2\/posts\/7987\/revisions\/7990"}],"wp:featuredmedia":[{"embeddable":true,"href":"https:\/\/cepronda.com\/blog\/wp-json\/wp\/v2\/media\/7989"}],"wp:attachment":[{"href":"https:\/\/cepronda.com\/blog\/wp-json\/wp\/v2\/media?parent=7987"}],"wp:term":[{"taxonomy":"category","embeddable":true,"href":"https:\/\/cepronda.com\/blog\/wp-json\/wp\/v2\/categories?post=7987"},{"taxonomy":"post_tag","embeddable":true,"href":"https:\/\/cepronda.com\/blog\/wp-json\/wp\/v2\/tags?post=7987"}],"curies":[{"name":"wp","href":"https:\/\/api.w.org\/{rel}","templated":true}]}}