{"id":7976,"date":"2024-12-20T13:17:18","date_gmt":"2024-12-20T12:17:18","guid":{"rendered":"https:\/\/cepronda.com\/blog\/?p=7976"},"modified":"2025-04-28T11:47:30","modified_gmt":"2025-04-28T09:47:30","slug":"guia-y-tutorizacion-para-la-participacion-en-la-convocatoria-de-proyectos-de-investigacion-innovacion-y-elaboracion-de-materiales","status":"publish","type":"post","link":"https:\/\/cepronda.com\/blog\/guia-y-tutorizacion-para-la-participacion-en-la-convocatoria-de-proyectos-de-investigacion-innovacion-y-elaboracion-de-materiales\/","title":{"rendered":"GU\u00cdA Y TUTORIZACI\u00d3N PARA LA PARTICIPACI\u00d3N EN LA CONVOCATORIA DE PROYECTOS DE INVESTIGACI\u00d3N, INNOVACI\u00d3N Y ELABORACI\u00d3N DE MATERIALES"},"content":{"rendered":"<p><img data-recalc-dims=\"1\" decoding=\"async\" class=\"an1\" draggable=\"false\" src=\"https:\/\/i0.wp.com\/fonts.gstatic.com\/s\/e\/notoemoji\/15.1\/1f4cc\/32.png?w=1170&#038;ssl=1\" alt=\"\" data-emoji=\"\" aria-label=\"\" \/>\u00a0\u00a0Abierta inscripci\u00f3n de la Actividad Formativa regional: \u00ab<b>GU\u00cdA Y TUTORIZACI\u00d3N PARA LA PARTICIPACI\u00d3N EN LA CONVOCATORIA DE PROYECTOS DE INVESTIGACI\u00d3N, INNOVACI\u00d3N Y ELABORACI\u00d3N DE MATERIALES<\/b>\u00bb (259915KPF370).<\/p>\n<div dir=\"ltr\">\n<div><img data-recalc-dims=\"1\" decoding=\"async\" class=\"an1\" draggable=\"false\" src=\"https:\/\/i0.wp.com\/fonts.gstatic.com\/s\/e\/notoemoji\/15.1\/23e9\/32.png?w=1170&#038;ssl=1\" alt=\"\u23e9\" data-emoji=\"\u23e9\" aria-label=\"\u23e9\" \/>\u00a0Inscripciones: hasta el 8 de enero.<br \/>\n<img data-recalc-dims=\"1\" decoding=\"async\" class=\"an1\" draggable=\"false\" src=\"https:\/\/i0.wp.com\/fonts.gstatic.com\/s\/e\/notoemoji\/15.1\/1f4dd\/32.png?w=1170&#038;ssl=1\" alt=\"\" data-emoji=\"\" aria-label=\"\" \/>\u00a0Enlace a la inscripci\u00f3n:\u00a0<a title=\"https:\/\/www.juntadeandalucia.es\/educacion\/secretariavirtual\/consultaCEP\/actividad\/259915KPF370\/\" href=\"https:\/\/www.juntadeandalucia.es\/educacion\/secretariavirtual\/consultaCEP\/actividad\/259915KPF370\/\" target=\"_blank\" rel=\"noopener\" data-saferedirecturl=\"https:\/\/www.google.com\/url?q=https:\/\/www.juntadeandalucia.es\/educacion\/secretariavirtual\/consultaCEP\/actividad\/259915KPF370\/&amp;source=gmail&amp;ust=1734780310951000&amp;usg=AOvVaw3hRat_lCM4JVY4fbzPBTHC\">https:\/\/www.<wbr \/>juntadeandalucia.es\/educacion\/<wbr \/>secretariavirtual\/consultaCEP\/<wbr \/>actividad\/259915KPF370\/\u00a0<\/a><\/p>\n<div>\n<div><img data-recalc-dims=\"1\" decoding=\"async\" class=\"an1\" draggable=\"false\" src=\"https:\/\/i0.wp.com\/fonts.gstatic.com\/s\/e\/notoemoji\/15.1\/27a1_fe0f\/32.png?w=1170&#038;ssl=1\" alt=\"\u27a1\ufe0f\" data-emoji=\"\u27a1\ufe0f\" aria-label=\"\u27a1\ufe0f\" \/>\u00a0El curso est\u00e1 dirigido a hacer un acompa\u00f1amiento al profesorado de cara a la presentaci\u00f3n de proyectos de investigaci\u00f3n, innovaci\u00f3n y elaboraci\u00f3n de materiales en la pr\u00f3xima convocatoria que comprende desde el 10 de enero al 27 de febrero. (Se regulan por la Orden de 14 de enero de 2009, suelen ir acompa\u00f1ados de financiaci\u00f3n y su duraci\u00f3n es de un a\u00f1o o dos). El profesorado participante acceder\u00e1 a las claves de la elaboraci\u00f3n de los proyectos de las 3 modalidades, eligiendo finalmente la que va a decidir presentar. Contar\u00e1 con supervisi\u00f3n por parte de las tutor\u00edas asignadas para la elaboraci\u00f3n de los proyectos.<br \/>\n<img data-recalc-dims=\"1\" decoding=\"async\" class=\"an1\" draggable=\"false\" src=\"https:\/\/i0.wp.com\/fonts.gstatic.com\/s\/e\/notoemoji\/15.1\/1f5d3_fe0f\/32.png?w=1170&#038;ssl=1\" alt=\"\ufe0f\" data-emoji=\"\ufe0f\" aria-label=\"\ufe0f\" \/>\u00a0Curso online a desarrollar \u00edntegramente en Aula Virtual de Formaci\u00f3n del Profesorado: 13\u00a0de enero &#8211; 7 de marzo.<br \/>\n<img data-recalc-dims=\"1\" decoding=\"async\" class=\"an1\" draggable=\"false\" src=\"https:\/\/i0.wp.com\/fonts.gstatic.com\/s\/e\/notoemoji\/15.1\/1f55b\/32.png?w=1170&#038;ssl=1\" alt=\"\" data-emoji=\"\" aria-label=\"\" \/>\u00a040 horas<\/div>\n<\/div>\n<\/div>\n<\/div>\n","protected":false},"excerpt":{"rendered":"<p>\u00a0\u00a0Abierta inscripci\u00f3n de la Actividad Formativa regional: \u00abGU\u00cdA Y TUTORIZACI\u00d3N PARA LA PARTICIPACI\u00d3N EN LA CONVOCATORIA DE PROYECTOS DE INVESTIGACI\u00d3N, INNOVACI\u00d3N Y ELABORACI\u00d3N DE MATERIALES\u00bb (259915KPF370). \u00a0Inscripciones: hasta el 8 de enero. \u00a0Enlace a la inscripci\u00f3n:\u00a0https:\/\/www.juntadeandalucia.es\/educacion\/secretariavirtual\/consultaCEP\/actividad\/259915KPF370\/\u00a0 \u00a0El curso est\u00e1 dirigido a hacer un acompa\u00f1amiento al profesorado de cara a la presentaci\u00f3n de proyectos de investigaci\u00f3n, [&hellip;]<\/p>\n","protected":false},"author":9,"featured_media":0,"comment_status":"closed","ping_status":"open","sticky":false,"template":"","format":"standard","meta":{"_crdt_document":"","advanced_seo_description":"","jetpack_seo_html_title":"","jetpack_seo_noindex":false,"jetpack_post_was_ever_published":false,"_jetpack_newsletter_access":"","_jetpack_dont_email_post_to_subs":false,"_jetpack_newsletter_tier_id":0,"_jetpack_memberships_contains_paywalled_content":false,"_jetpack_memberships_contains_paid_content":false,"footnotes":"","jetpack_publicize_message":"","jetpack_publicize_feature_enabled":true,"jetpack_social_post_already_shared":false,"jetpack_social_options":{"image_generator_settings":{"template":"highway","default_image_id":0,"font":"","enabled":false},"version":2}},"categories":[3,5],"tags":[],"class_list":{"0":"post-7976","1":"post","2":"type-post","3":"status-publish","4":"format-standard","6":"category-formaciones","7":"category-noticias","8":"czr-hentry"},"jetpack_publicize_connections":[],"jetpack_featured_media_url":"","jetpack_shortlink":"https:\/\/wp.me\/p8M4X7-24E","jetpack-related-posts":[{"id":3283,"url":"https:\/\/cepronda.com\/blog\/convocatoria-de-medidas-de-apoyo-aprobacion-y-reconocimiento-al-profesorado-para-la-realizacion-de-proyectos-de-investigacion-e-innovacion-educativa-y-de-elaboracion-de-materiales-para-el-curso-acad\/","url_meta":{"origin":7976,"position":0},"title":"Convocatoria de medidas de apoyo, aprobaci\u00f3n y reconocimiento al profesorado para la realizaci\u00f3n de proyectos de investigaci\u00f3n, e innovaci\u00f3n educativa y de elaboraci\u00f3n de materiales para el curso acad\u00e9mico 2020\/2021","author":"V\u00edctor Caballero","date":"7 enero, 2020","format":false,"excerpt":"Compartimos con todas aquellas personas interesadas esta convocatoria. Para acceder a toda la informaci\u00f3n s\u00f3lo ten\u00e9is que seguir este enlace.","rel":"","context":"En \u00abFormaciones\u00bb","block_context":{"text":"Formaciones","link":"https:\/\/cepronda.com\/blog\/category\/formaciones\/"},"img":{"alt_text":"","src":"https:\/\/i0.wp.com\/cepronda.com\/blog\/wp-content\/uploads\/2019\/05\/logo-nuevo.jpg?fit=531%2C342&ssl=1&resize=350%2C200","width":350,"height":200,"srcset":"https:\/\/i0.wp.com\/cepronda.com\/blog\/wp-content\/uploads\/2019\/05\/logo-nuevo.jpg?fit=531%2C342&ssl=1&resize=350%2C200 1x, https:\/\/i0.wp.com\/cepronda.com\/blog\/wp-content\/uploads\/2019\/05\/logo-nuevo.jpg?fit=531%2C342&ssl=1&resize=525%2C300 1.5x"},"classes":[]},{"id":4943,"url":"https:\/\/cepronda.com\/blog\/proyectos-de-investigacion-innovacion-y-materiales\/","url_meta":{"origin":7976,"position":1},"title":"PROYECTOS DE INVESTIGACI\u00d3N, INNOVACI\u00d3N Y MATERIALES","author":"Maribel Mu\u00f1oz","date":"11 enero, 2022","format":false,"excerpt":"Buenos d\u00edas compa\u00f1eras y compa\u00f1eros Os informamos que est\u00e1 abierto el plazo para solicitar proyectos de investigaci\u00f3n educativa, innovaci\u00f3n educativa y desarrollo curricular y elaboraci\u00f3n de materiales, tal y como establece la\u00a0Orden de 14 de enero de 2009. Las solicitudes recibidas se bareman de acuerdo a los criterios indicados en\u2026","rel":"","context":"En \u00abFormaciones\u00bb","block_context":{"text":"Formaciones","link":"https:\/\/cepronda.com\/blog\/category\/formaciones\/"},"img":{"alt_text":"","src":"https:\/\/i0.wp.com\/cepronda.com\/blog\/wp-content\/uploads\/2020\/03\/S%C2%B0mbolo-gen%C3%87rico-RRSS-redondo-negativo.png?fit=1200%2C1200&ssl=1&resize=350%2C200","width":350,"height":200,"srcset":"https:\/\/i0.wp.com\/cepronda.com\/blog\/wp-content\/uploads\/2020\/03\/S%C2%B0mbolo-gen%C3%87rico-RRSS-redondo-negativo.png?fit=1200%2C1200&ssl=1&resize=350%2C200 1x, https:\/\/i0.wp.com\/cepronda.com\/blog\/wp-content\/uploads\/2020\/03\/S%C2%B0mbolo-gen%C3%87rico-RRSS-redondo-negativo.png?fit=1200%2C1200&ssl=1&resize=525%2C300 1.5x, https:\/\/i0.wp.com\/cepronda.com\/blog\/wp-content\/uploads\/2020\/03\/S%C2%B0mbolo-gen%C3%87rico-RRSS-redondo-negativo.png?fit=1200%2C1200&ssl=1&resize=700%2C400 2x, https:\/\/i0.wp.com\/cepronda.com\/blog\/wp-content\/uploads\/2020\/03\/S%C2%B0mbolo-gen%C3%87rico-RRSS-redondo-negativo.png?fit=1200%2C1200&ssl=1&resize=1050%2C600 3x"},"classes":[]},{"id":667,"url":"https:\/\/cepronda.com\/blog\/informacion-sobre-la-convocatoria-de-proyectos-de-investigacion-e-innovacion-educativa\/","url_meta":{"origin":7976,"position":2},"title":"Informaci\u00f3n sobre la convocatoria de Proyectos de investigaci\u00f3n e innovaci\u00f3n educativa","author":"V\u00edctor Caballero","date":"8 febrero, 2017","format":false,"excerpt":"Muy buenas, Os comunicamos que ha salido publicada la convocatoria sobre Proyectos de innovaci\u00f3n e investigaci\u00f3n educativa, y elaboraci\u00f3n de materiales curriculares. Si quer\u00e9is tener m\u00e1s informaci\u00f3n sobre esta convocatoria, haced clic en la imagen y llegar\u00e9is a la web donde encontrar toda la informaci\u00f3n necesaria para participar en esta\u2026","rel":"","context":"En \u00abNoticias\u00bb","block_context":{"text":"Noticias","link":"https:\/\/cepronda.com\/blog\/category\/noticias\/"},"img":{"alt_text":"","src":"https:\/\/i0.wp.com\/cepronda.com\/blog\/wp-content\/uploads\/2017\/02\/image_gallery-e1486571384802.jpg?resize=350%2C200","width":350,"height":200},"classes":[]},{"id":2572,"url":"https:\/\/cepronda.com\/blog\/abierto-el-plazo-de-solicitud-de-apoyo-aprobacion-y-reconocimiento-al-profesorado-para-la-realizacion-de-proyectos-de-investigacion-e-innovacion-educativa-y-elaboracion-de-materiales-curriculares-2\/","url_meta":{"origin":7976,"position":3},"title":"Abierto el plazo de solicitud de apoyo, aprobaci\u00f3n y reconocimiento al profesorado para la realizaci\u00f3n de proyectos de investigaci\u00f3n e innovaci\u00f3n educativa y elaboraci\u00f3n de materiales curriculares.","author":"V\u00edctor Caballero","date":"11 enero, 2019","format":false,"excerpt":"Muy buenas familia, queremos animaros a participar en esta convocatoria de proyectos de investigaci\u00f3n e innovaci\u00f3n educativa y elaboraci\u00f3n de materiales curriculares. Para ello os copiamos la informaci\u00f3n aparecida en Averroes, junto con los enlaces correspondientes. La Consejer\u00eda de Educaci\u00f3n de la Junta de Andaluc\u00eda ha puesto en marcha una\u2026","rel":"","context":"En \u00abFormaciones\u00bb","block_context":{"text":"Formaciones","link":"https:\/\/cepronda.com\/blog\/category\/formaciones\/"},"img":{"alt_text":"","src":"https:\/\/i0.wp.com\/cepronda.com\/blog\/wp-content\/uploads\/2019\/01\/averroes.jpg?resize=350%2C200","width":350,"height":200},"classes":[]},{"id":1616,"url":"https:\/\/cepronda.com\/blog\/informacion-sobre-los-proyectos-de-investigacion-e-innovacion-educativa\/","url_meta":{"origin":7976,"position":4},"title":"Informaci\u00f3n sobre los proyectos de investigaci\u00f3n e innovaci\u00f3n educativa","author":"V\u00edctor Caballero","date":"20 febrero, 2018","format":false,"excerpt":"Muy buenas de nuevo,\u00a0 Se recuerda a todo el profesorado que desee participar en la convocatoria 2018 de medidas de apoyo, aprobaci\u00f3n y reconocimiento al profesorado para la realizaci\u00f3n de proyectos de investigaci\u00f3n e innovaci\u00f3n educativa y de elaboraci\u00f3n de materiales curriculares (Orden de 14 de enero de 2009, BOJA\u2026","rel":"","context":"En \u00abNoticias\u00bb","block_context":{"text":"Noticias","link":"https:\/\/cepronda.com\/blog\/category\/noticias\/"},"img":{"alt_text":"","src":"https:\/\/i0.wp.com\/cepronda.com\/blog\/wp-content\/uploads\/2018\/02\/thought-2123970_640.jpg?fit=640%2C444&ssl=1&resize=350%2C200","width":350,"height":200,"srcset":"https:\/\/i0.wp.com\/cepronda.com\/blog\/wp-content\/uploads\/2018\/02\/thought-2123970_640.jpg?fit=640%2C444&ssl=1&resize=350%2C200 1x, https:\/\/i0.wp.com\/cepronda.com\/blog\/wp-content\/uploads\/2018\/02\/thought-2123970_640.jpg?fit=640%2C444&ssl=1&resize=525%2C300 1.5x"},"classes":[]},{"id":7159,"url":"https:\/\/cepronda.com\/blog\/la-elaboracion-del-plan-de-lectura-planificada242924ge041\/","url_meta":{"origin":7976,"position":5},"title":"\u00abLA ELABORACI\u00d3N DEL PLAN DE LECTURA PLANIFICADA\u00bb(242924GE041)","author":"Inmaculada Garc\u00eda","date":"26 octubre, 2023","format":false,"excerpt":"Abierto el plazo de inscripci\u00f3n para la formaci\u00f3n \"LA ELABORACI\u00d3N DEL PLAN DE LECTURA PLANIFICADA\" (242924GE041) Se trata de una formaci\u00f3n on line, de 10h de duraci\u00f3n, dise\u00f1ada desde Servicios Centrales. Tiene car\u00e1cter autocorregible, por lo que no cuenta con tutorizaci\u00f3n. Fecha inscripci\u00f3n: 26\/10\/2023 hasta 02\/11\/2023 \u00a0 \u00a0 \u00a0Fecha actividad:\u2026","rel":"","context":"En \u00abFormaciones\u00bb","block_context":{"text":"Formaciones","link":"https:\/\/cepronda.com\/blog\/category\/formaciones\/"},"img":{"alt_text":"lectura","src":"https:\/\/i0.wp.com\/cepronda.com\/blog\/wp-content\/uploads\/2023\/10\/LA-ELABORACION-DEL-PLAN-DE-LECTURA-PLANIFICADA.png?fit=1080%2C1080&ssl=1&resize=350%2C200","width":350,"height":200,"srcset":"https:\/\/i0.wp.com\/cepronda.com\/blog\/wp-content\/uploads\/2023\/10\/LA-ELABORACION-DEL-PLAN-DE-LECTURA-PLANIFICADA.png?fit=1080%2C1080&ssl=1&resize=350%2C200 1x, https:\/\/i0.wp.com\/cepronda.com\/blog\/wp-content\/uploads\/2023\/10\/LA-ELABORACION-DEL-PLAN-DE-LECTURA-PLANIFICADA.png?fit=1080%2C1080&ssl=1&resize=525%2C300 1.5x, https:\/\/i0.wp.com\/cepronda.com\/blog\/wp-content\/uploads\/2023\/10\/LA-ELABORACION-DEL-PLAN-DE-LECTURA-PLANIFICADA.png?fit=1080%2C1080&ssl=1&resize=700%2C400 2x, https:\/\/i0.wp.com\/cepronda.com\/blog\/wp-content\/uploads\/2023\/10\/LA-ELABORACION-DEL-PLAN-DE-LECTURA-PLANIFICADA.png?fit=1080%2C1080&ssl=1&resize=1050%2C600 3x"},"classes":[]}],"jetpack_sharing_enabled":true,"_links":{"self":[{"href":"https:\/\/cepronda.com\/blog\/wp-json\/wp\/v2\/posts\/7976","targetHints":{"allow":["GET"]}}],"collection":[{"href":"https:\/\/cepronda.com\/blog\/wp-json\/wp\/v2\/posts"}],"about":[{"href":"https:\/\/cepronda.com\/blog\/wp-json\/wp\/v2\/types\/post"}],"author":[{"embeddable":true,"href":"https:\/\/cepronda.com\/blog\/wp-json\/wp\/v2\/users\/9"}],"replies":[{"embeddable":true,"href":"https:\/\/cepronda.com\/blog\/wp-json\/wp\/v2\/comments?post=7976"}],"version-history":[{"count":3,"href":"https:\/\/cepronda.com\/blog\/wp-json\/wp\/v2\/posts\/7976\/revisions"}],"predecessor-version":[{"id":7982,"href":"https:\/\/cepronda.com\/blog\/wp-json\/wp\/v2\/posts\/7976\/revisions\/7982"}],"wp:attachment":[{"href":"https:\/\/cepronda.com\/blog\/wp-json\/wp\/v2\/media?parent=7976"}],"wp:term":[{"taxonomy":"category","embeddable":true,"href":"https:\/\/cepronda.com\/blog\/wp-json\/wp\/v2\/categories?post=7976"},{"taxonomy":"post_tag","embeddable":true,"href":"https:\/\/cepronda.com\/blog\/wp-json\/wp\/v2\/tags?post=7976"}],"curies":[{"name":"wp","href":"https:\/\/api.w.org\/{rel}","templated":true}]}}