{"id":7974,"date":"2024-12-20T13:16:46","date_gmt":"2024-12-20T12:16:46","guid":{"rendered":"https:\/\/cepronda.com\/blog\/?p=7974"},"modified":"2025-02-07T11:15:45","modified_gmt":"2025-02-07T10:15:45","slug":"protocolo-de-actuacion-dirigido-al-alumnado-con-necesidades-especificas-de-apoyo-educativo-neae-en-el-ambito-de-conservatorio-codigo-252922ge093","status":"publish","type":"post","link":"https:\/\/cepronda.com\/blog\/protocolo-de-actuacion-dirigido-al-alumnado-con-necesidades-especificas-de-apoyo-educativo-neae-en-el-ambito-de-conservatorio-codigo-252922ge093\/","title":{"rendered":"\u00a0PROTOCOLO DE ACTUACI\u00d3N DIRIGIDO AL ALUMNADO CON NECESIDADES ESPEC\u00cdFICAS DE APOYO EDUCATIVO (NEAE) EN EL \u00c1MBITO DE CONSERVATORIO, C\u00d3DIGO 252922GE093."},"content":{"rendered":"<div><\/div>\n<div>Abierto el plazo de inscripci\u00f3n al curso provincial: PROTOCOLO DE ACTUACI\u00d3N DIRIGIDO AL ALUMNADO CON NECESIDADES ESPEC\u00cdFICAS DE APOYO EDUCATIVO (NEAE) EN EL \u00c1MBITO DE CONSERVATORIO.<br \/>\n<img data-recalc-dims=\"1\" decoding=\"async\" class=\"an1\" draggable=\"false\" src=\"https:\/\/i0.wp.com\/fonts.gstatic.com\/s\/e\/notoemoji\/15.1\/270f_fe0f\/32.png?w=1170&#038;ssl=1\" alt=\"\u270f\ufe0f\" data-emoji=\"\u270f\ufe0f\" aria-label=\"\u270f\ufe0f\" \/>\u00a0Inscripci\u00f3n: 17\/12\/2024 hasta 14\/01\/2025<br \/>\n<img data-recalc-dims=\"1\" decoding=\"async\" class=\"an1\" draggable=\"false\" src=\"https:\/\/i0.wp.com\/fonts.gstatic.com\/s\/e\/notoemoji\/15.1\/1f4c5\/32.png?w=1170&#038;ssl=1\" alt=\"\" data-emoji=\"\" aria-label=\"\" \/>\u00a0Actividad: 27\/01\/2025 &#8211; 07\/02\/2025<br \/>\n<img data-recalc-dims=\"1\" decoding=\"async\" class=\"an1\" draggable=\"false\" src=\"https:\/\/i0.wp.com\/fonts.gstatic.com\/s\/e\/notoemoji\/15.1\/27a1_fe0f\/32.png?w=1170&#038;ssl=1\" alt=\"\u27a1\ufe0f\" data-emoji=\"\u27a1\ufe0f\" aria-label=\"\u27a1\ufe0f\" \/>\u00a0Duraci\u00f3n: 2 semanas<br \/>\n<img data-recalc-dims=\"1\" decoding=\"async\" class=\"an1\" draggable=\"false\" src=\"https:\/\/i0.wp.com\/fonts.gstatic.com\/s\/e\/notoemoji\/15.1\/1f6a9\/32.png?w=1170&#038;ssl=1\" alt=\"\" data-emoji=\"\" aria-label=\"\" \/> M\u00e1s informaci\u00f3n:\u00a0<a href=\"https:\/\/www.juntadeandalucia.es\/educacion\/secretariavirtual\/consultaCEP\/actividad\/252922GE093\/\">https:\/\/www.juntadeandalucia.es\/educacion\/secretariavirtual\/consultaCEP\/actividad\/252922GE093\/<\/a><\/div>\n<div><\/div>\n<div><a href=\"https:\/\/www.juntadeandalucia.es\/educacion\/secretariavirtual\/consultaCEP\/actividad\/252922GE093\/\" target=\"_blank\" rel=\"noopener\" data-saferedirecturl=\"https:\/\/www.google.com\/url?q=https:\/\/www.juntadeandalucia.es\/educacion\/secretariavirtual\/consultaCEP\/actividad\/252922GE093\/&amp;source=gmail&amp;ust=1734780311645000&amp;usg=AOvVaw2XeFQIocFum_Er9mRYxfR9\"><img data-recalc-dims=\"1\" loading=\"lazy\" decoding=\"async\" class=\"aligncenter  wp-image-7988\" src=\"https:\/\/i0.wp.com\/cepronda.com\/blog\/wp-content\/uploads\/2024\/12\/252922GE093_CARTEL.jpeg?resize=392%2C392&#038;ssl=1\" alt=\"\" width=\"392\" height=\"392\" srcset=\"https:\/\/i0.wp.com\/cepronda.com\/blog\/wp-content\/uploads\/2024\/12\/252922GE093_CARTEL.jpeg?resize=1024%2C1024&amp;ssl=1 1024w, https:\/\/i0.wp.com\/cepronda.com\/blog\/wp-content\/uploads\/2024\/12\/252922GE093_CARTEL.jpeg?resize=300%2C300&amp;ssl=1 300w, https:\/\/i0.wp.com\/cepronda.com\/blog\/wp-content\/uploads\/2024\/12\/252922GE093_CARTEL.jpeg?resize=150%2C150&amp;ssl=1 150w, https:\/\/i0.wp.com\/cepronda.com\/blog\/wp-content\/uploads\/2024\/12\/252922GE093_CARTEL.jpeg?resize=768%2C768&amp;ssl=1 768w, https:\/\/i0.wp.com\/cepronda.com\/blog\/wp-content\/uploads\/2024\/12\/252922GE093_CARTEL.jpeg?resize=50%2C50&amp;ssl=1 50w, https:\/\/i0.wp.com\/cepronda.com\/blog\/wp-content\/uploads\/2024\/12\/252922GE093_CARTEL.jpeg?w=1080&amp;ssl=1 1080w\" sizes=\"auto, (max-width: 392px) 100vw, 392px\" \/>\/<\/a><\/div>\n","protected":false},"excerpt":{"rendered":"<p>Abierto el plazo de inscripci\u00f3n al curso provincial: PROTOCOLO DE ACTUACI\u00d3N DIRIGIDO AL ALUMNADO CON NECESIDADES ESPEC\u00cdFICAS DE APOYO EDUCATIVO (NEAE) EN EL \u00c1MBITO DE CONSERVATORIO. \u00a0Inscripci\u00f3n: 17\/12\/2024 hasta 14\/01\/2025 \u00a0Actividad: 27\/01\/2025 &#8211; 07\/02\/2025 \u00a0Duraci\u00f3n: 2 semanas M\u00e1s informaci\u00f3n:\u00a0https:\/\/www.juntadeandalucia.es\/educacion\/secretariavirtual\/consultaCEP\/actividad\/252922GE093\/ \/<\/p>\n","protected":false},"author":9,"featured_media":7988,"comment_status":"closed","ping_status":"open","sticky":false,"template":"","format":"standard","meta":{"_crdt_document":"","advanced_seo_description":"","jetpack_seo_html_title":"","jetpack_seo_noindex":false,"jetpack_post_was_ever_published":false,"_jetpack_newsletter_access":"","_jetpack_dont_email_post_to_subs":false,"_jetpack_newsletter_tier_id":0,"_jetpack_memberships_contains_paywalled_content":false,"_jetpack_memberships_contains_paid_content":false,"footnotes":"","jetpack_publicize_message":"","jetpack_publicize_feature_enabled":true,"jetpack_social_post_already_shared":false,"jetpack_social_options":{"image_generator_settings":{"template":"highway","default_image_id":0,"font":"","enabled":false},"version":2}},"categories":[3,5],"tags":[],"class_list":{"0":"post-7974","1":"post","2":"type-post","3":"status-publish","4":"format-standard","5":"has-post-thumbnail","7":"category-formaciones","8":"category-noticias","9":"czr-hentry"},"jetpack_publicize_connections":[],"jetpack_featured_media_url":"https:\/\/i0.wp.com\/cepronda.com\/blog\/wp-content\/uploads\/2024\/12\/252922GE093_CARTEL.jpeg?fit=1080%2C1080&ssl=1","jetpack_shortlink":"https:\/\/wp.me\/p8M4X7-24C","jetpack-related-posts":[{"id":8750,"url":"https:\/\/cepronda.com\/blog\/atencion-al-alumnado-neae-guia-rapida-para-equipos-docentes-codigo-262924ge201\/","url_meta":{"origin":7974,"position":0},"title":"ATENCI\u00d3N AL ALUMNADO NEAE: GU\u00cdA R\u00c1PIDA PARA EQUIPOS DOCENTES. C\u00f3digo: 262924GE201.","author":"Inmaculada Garc\u00eda","date":"3 septiembre, 2025","format":false,"excerpt":"Se ha abierto el plazo de inscripci\u00f3n para la actividad provincial a distancia ATENCI\u00d3N AL ALUMNADO NEAE: GU\u00cdA R\u00c1PIDA PARA EQUIPOS DOCENTES. C\u00f3digo: 262924GE201. Plazo de inscripci\u00f3n: 02\/09\/2025 hasta 15\/09\/2025 Fecha de la actividad: 18\/09\/2025 hasta 18\/11\/2025 Lugar de realizaci\u00f3n: AVFP Detalles e inscripci\u00f3n: https:\/\/www.juntadeandalucia.es\/educacion\/secretariavirtual\/consultaCEP\/actividad\/262924GE201\/ En este curso se ver\u00e1n\u2026","rel":"","context":"En \u00abFormaciones\u00bb","block_context":{"text":"Formaciones","link":"https:\/\/cepronda.com\/blog\/category\/formaciones\/"},"img":{"alt_text":"","src":"https:\/\/i0.wp.com\/cepronda.com\/blog\/wp-content\/uploads\/2025\/09\/Cartel-262924GE201-scaled.jpg?fit=848%2C1200&ssl=1&resize=350%2C200","width":350,"height":200,"srcset":"https:\/\/i0.wp.com\/cepronda.com\/blog\/wp-content\/uploads\/2025\/09\/Cartel-262924GE201-scaled.jpg?fit=848%2C1200&ssl=1&resize=350%2C200 1x, https:\/\/i0.wp.com\/cepronda.com\/blog\/wp-content\/uploads\/2025\/09\/Cartel-262924GE201-scaled.jpg?fit=848%2C1200&ssl=1&resize=525%2C300 1.5x, https:\/\/i0.wp.com\/cepronda.com\/blog\/wp-content\/uploads\/2025\/09\/Cartel-262924GE201-scaled.jpg?fit=848%2C1200&ssl=1&resize=700%2C400 2x"},"classes":[]},{"id":738,"url":"https:\/\/cepronda.com\/blog\/actualizacion-del-protocolo-de-deteccion-e-identificacion-de-neae\/","url_meta":{"origin":7974,"position":1},"title":"Actualizaci\u00f3n del protocolo de detecci\u00f3n e identificaci\u00f3n de NEAE","author":"V\u00edctor Caballero","date":"13 marzo, 2017","format":false,"excerpt":"Muy buenas, Comienza la semana con la publicaci\u00f3n por parte de la Consejer\u00eda de Educaci\u00f3n de las\u00a0Instrucciones de 8 de marzo de 2017, de la Direcci\u00f3n General de Participaci\u00f3n y Equidad, por las que se actualiza el protocolo de detecci\u00f3n, identificaci\u00f3n del alumnado con necesidades espec\u00edficas de apoyo educativo y\u2026","rel":"","context":"En \u00abNoticias\u00bb","block_context":{"text":"Noticias","link":"https:\/\/cepronda.com\/blog\/category\/noticias\/"},"img":{"alt_text":"","src":"https:\/\/i0.wp.com\/cepronda.com\/blog\/wp-content\/uploads\/2017\/03\/wax-71192_640.jpg?resize=350%2C200","width":350,"height":200,"srcset":"https:\/\/i0.wp.com\/cepronda.com\/blog\/wp-content\/uploads\/2017\/03\/wax-71192_640.jpg?resize=350%2C200 1x, https:\/\/i0.wp.com\/cepronda.com\/blog\/wp-content\/uploads\/2017\/03\/wax-71192_640.jpg?resize=525%2C300 1.5x"},"classes":[]},{"id":5753,"url":"https:\/\/cepronda.com\/blog\/atencion-al-alumnado-neae-a-traves-de-recursos-digitales-232924kpf288\/","url_meta":{"origin":7974,"position":2},"title":"ATENCI\u00d3N AL ALUMNADO NEAE A TRAV\u00c9S DE RECURSOS DIGITALES (232924KPF288)","author":"Inmaculada Garc\u00eda","date":"3 febrero, 2023","format":false,"excerpt":"Buenos\u00a0 d\u00edas. Os informamos de que est\u00e1 abierto el plazo de inscripci\u00f3n en la actividad \u00abATENCI\u00d3N AL ALUMNADO NEAE A TRAV\u00c9S DE RECURSOS DIGITALES.\u00bb C\u00f3digo:\u00a0 232924KPF288 Es una actividad Provincial en modalidad de \u00abCurso a distancia\u00bb, que se desarrollar\u00e1 en el Aula Virtual de Aprendizaje del Profesorado. Duraci\u00f3n de 30\u2026","rel":"","context":"En \u00abFormaciones\u00bb","block_context":{"text":"Formaciones","link":"https:\/\/cepronda.com\/blog\/category\/formaciones\/"},"img":{"alt_text":"","src":"https:\/\/i0.wp.com\/cepronda.com\/blog\/wp-content\/uploads\/2023\/02\/ATENCION-AL-ALUMNADO-NEAE-A-TRAVES-DE-RECURSOS-DIGITALES.png?fit=848%2C1200&ssl=1&resize=350%2C200","width":350,"height":200,"srcset":"https:\/\/i0.wp.com\/cepronda.com\/blog\/wp-content\/uploads\/2023\/02\/ATENCION-AL-ALUMNADO-NEAE-A-TRAVES-DE-RECURSOS-DIGITALES.png?fit=848%2C1200&ssl=1&resize=350%2C200 1x, https:\/\/i0.wp.com\/cepronda.com\/blog\/wp-content\/uploads\/2023\/02\/ATENCION-AL-ALUMNADO-NEAE-A-TRAVES-DE-RECURSOS-DIGITALES.png?fit=848%2C1200&ssl=1&resize=525%2C300 1.5x, https:\/\/i0.wp.com\/cepronda.com\/blog\/wp-content\/uploads\/2023\/02\/ATENCION-AL-ALUMNADO-NEAE-A-TRAVES-DE-RECURSOS-DIGITALES.png?fit=848%2C1200&ssl=1&resize=700%2C400 2x"},"classes":[]},{"id":5056,"url":"https:\/\/cepronda.com\/blog\/atencion-al-alumnado-neae-a-traves-de-recursos-digitales\/","url_meta":{"origin":7974,"position":3},"title":"ATENCI\u00d3N AL ALUMNADO NEAE A TRAV\u00c9S DE RECURSOS DIGITALES","author":"Inmaculada Garc\u00eda","date":"2 febrero, 2022","format":false,"excerpt":"Buenos\u00a0 d\u00edas, compa\u00f1eras y compa\u00f1eros. Os recordamos que est\u00e1 abierto el plazo de inscripci\u00f3n en la actividad\u00a0\u00abATENCI\u00d3N AL ALUMNADO NEAE A TRAV\u00c9S DE RECURSOS DIGITALES.\u00bb C\u00f3digo:\u00a0 229924KPF288 Es una actividad Provincial en modalidad de \u00abCurso a distancia\u00bb, que se desarrollar\u00e1 en el Aula Virtual de Aprendizaje del Profesorado. Duraci\u00f3n de\u2026","rel":"","context":"En \u00abFormaciones\u00bb","block_context":{"text":"Formaciones","link":"https:\/\/cepronda.com\/blog\/category\/formaciones\/"},"img":{"alt_text":"","src":"https:\/\/i0.wp.com\/cepronda.com\/blog\/wp-content\/uploads\/2022\/02\/ATENCION-AL-ALUMNADO-NEAE-A-TRAVES-DE-RECURSOS-DIGITALES-1.png?fit=848%2C1200&ssl=1&resize=350%2C200","width":350,"height":200,"srcset":"https:\/\/i0.wp.com\/cepronda.com\/blog\/wp-content\/uploads\/2022\/02\/ATENCION-AL-ALUMNADO-NEAE-A-TRAVES-DE-RECURSOS-DIGITALES-1.png?fit=848%2C1200&ssl=1&resize=350%2C200 1x, https:\/\/i0.wp.com\/cepronda.com\/blog\/wp-content\/uploads\/2022\/02\/ATENCION-AL-ALUMNADO-NEAE-A-TRAVES-DE-RECURSOS-DIGITALES-1.png?fit=848%2C1200&ssl=1&resize=525%2C300 1.5x, https:\/\/i0.wp.com\/cepronda.com\/blog\/wp-content\/uploads\/2022\/02\/ATENCION-AL-ALUMNADO-NEAE-A-TRAVES-DE-RECURSOS-DIGITALES-1.png?fit=848%2C1200&ssl=1&resize=700%2C400 2x"},"classes":[]},{"id":8034,"url":"https:\/\/cepronda.com\/blog\/aplicacion-del-protocolo-para-la-prevencion-del-riesgo-de-conductas-suicidas-y-autolesiones-del-alumnado-con-codigo-259922ci495\/","url_meta":{"origin":7974,"position":4},"title":"APLICACI\u00d3N DEL PROTOCOLO PARA LA PREVENCI\u00d3N DEL RIESGO DE CONDUCTAS SUICIDAS Y AUTOLESIONES DEL ALUMNADO, con c\u00f3digo 259922CI495.","author":"Inmaculada Garc\u00eda","date":"14 enero, 2025","format":false,"excerpt":"Abierto plazo de inscripci\u00f3n de la siguiente actividad provincial, \u00a0APLICACI\u00d3N DEL PROTOCOLO PARA LA PREVENCI\u00d3N DEL RIESGO DE CONDUCTAS SUICIDAS Y AUTOLESIONES DEL ALUMNADO, con c\u00f3digo 259922CI495. \u00a0Inscripci\u00f3n: 13\/01\/2025 hasta el 21\/01\/25 \u00a0Provincial. Internivelar. Dirigido a: EQUIPOS DIRECTIVOS Y ORIENTADORES\/AS \u00a0Actividad: del 27\/01\/2025 hasta el 05\/03\/2025 \u00a0Duraci\u00f3n:20 h. en AVFP\u2026","rel":"","context":"En \u00abFormaciones\u00bb","block_context":{"text":"Formaciones","link":"https:\/\/cepronda.com\/blog\/category\/formaciones\/"},"img":{"alt_text":"","src":"https:\/\/i0.wp.com\/cepronda.com\/blog\/wp-content\/uploads\/2025\/01\/PROTOCOLO.png?fit=1080%2C1080&ssl=1&resize=350%2C200","width":350,"height":200,"srcset":"https:\/\/i0.wp.com\/cepronda.com\/blog\/wp-content\/uploads\/2025\/01\/PROTOCOLO.png?fit=1080%2C1080&ssl=1&resize=350%2C200 1x, https:\/\/i0.wp.com\/cepronda.com\/blog\/wp-content\/uploads\/2025\/01\/PROTOCOLO.png?fit=1080%2C1080&ssl=1&resize=525%2C300 1.5x, https:\/\/i0.wp.com\/cepronda.com\/blog\/wp-content\/uploads\/2025\/01\/PROTOCOLO.png?fit=1080%2C1080&ssl=1&resize=700%2C400 2x, https:\/\/i0.wp.com\/cepronda.com\/blog\/wp-content\/uploads\/2025\/01\/PROTOCOLO.png?fit=1080%2C1080&ssl=1&resize=1050%2C600 3x"},"classes":[]},{"id":6093,"url":"https:\/\/cepronda.com\/blog\/6093-2\/","url_meta":{"origin":7974,"position":5},"title":"\u00abATENCI\u00d3N AL ALUMNADO NEAE A TRAV\u00c9S DE RECURSOS DIGITALES.\u00bb C\u00f3digo:\u00a0 242924KPF288","author":"Inmaculada Garc\u00eda","date":"11 octubre, 2023","format":false,"excerpt":"Os informamos de que est\u00e1 abierto el plazo de inscripci\u00f3n en la actividad PROVINCIAL, gestionada por el CEP de Ronda, \u00abATENCI\u00d3N AL ALUMNADO NEAE A TRAV\u00c9S DE RECURSOS DIGITALES.\u00bb C\u00f3digo:\u00a0 242924KPF288 Es una actividad Provincial en modalidad de \u00abCurso a distancia\u00bb, que se desarrollar\u00e1 en el Aula Virtual de Aprendizaje\u2026","rel":"","context":"En \u00abFormaciones\u00bb","block_context":{"text":"Formaciones","link":"https:\/\/cepronda.com\/blog\/category\/formaciones\/"},"img":{"alt_text":"","src":"https:\/\/i0.wp.com\/cepronda.com\/blog\/wp-content\/uploads\/2023\/10\/Blue-Yellow-Futuristic-Technology-Poster-1.png?fit=848%2C1200&ssl=1&resize=350%2C200","width":350,"height":200,"srcset":"https:\/\/i0.wp.com\/cepronda.com\/blog\/wp-content\/uploads\/2023\/10\/Blue-Yellow-Futuristic-Technology-Poster-1.png?fit=848%2C1200&ssl=1&resize=350%2C200 1x, https:\/\/i0.wp.com\/cepronda.com\/blog\/wp-content\/uploads\/2023\/10\/Blue-Yellow-Futuristic-Technology-Poster-1.png?fit=848%2C1200&ssl=1&resize=525%2C300 1.5x, https:\/\/i0.wp.com\/cepronda.com\/blog\/wp-content\/uploads\/2023\/10\/Blue-Yellow-Futuristic-Technology-Poster-1.png?fit=848%2C1200&ssl=1&resize=700%2C400 2x"},"classes":[]}],"jetpack_sharing_enabled":true,"_links":{"self":[{"href":"https:\/\/cepronda.com\/blog\/wp-json\/wp\/v2\/posts\/7974","targetHints":{"allow":["GET"]}}],"collection":[{"href":"https:\/\/cepronda.com\/blog\/wp-json\/wp\/v2\/posts"}],"about":[{"href":"https:\/\/cepronda.com\/blog\/wp-json\/wp\/v2\/types\/post"}],"author":[{"embeddable":true,"href":"https:\/\/cepronda.com\/blog\/wp-json\/wp\/v2\/users\/9"}],"replies":[{"embeddable":true,"href":"https:\/\/cepronda.com\/blog\/wp-json\/wp\/v2\/comments?post=7974"}],"version-history":[{"count":2,"href":"https:\/\/cepronda.com\/blog\/wp-json\/wp\/v2\/posts\/7974\/revisions"}],"predecessor-version":[{"id":7991,"href":"https:\/\/cepronda.com\/blog\/wp-json\/wp\/v2\/posts\/7974\/revisions\/7991"}],"wp:featuredmedia":[{"embeddable":true,"href":"https:\/\/cepronda.com\/blog\/wp-json\/wp\/v2\/media\/7988"}],"wp:attachment":[{"href":"https:\/\/cepronda.com\/blog\/wp-json\/wp\/v2\/media?parent=7974"}],"wp:term":[{"taxonomy":"category","embeddable":true,"href":"https:\/\/cepronda.com\/blog\/wp-json\/wp\/v2\/categories?post=7974"},{"taxonomy":"post_tag","embeddable":true,"href":"https:\/\/cepronda.com\/blog\/wp-json\/wp\/v2\/tags?post=7974"}],"curies":[{"name":"wp","href":"https:\/\/api.w.org\/{rel}","templated":true}]}}