{"id":7970,"date":"2024-12-20T12:46:59","date_gmt":"2024-12-20T11:46:59","guid":{"rendered":"https:\/\/cepronda.com\/blog\/?p=7970"},"modified":"2025-04-28T11:47:30","modified_gmt":"2025-04-28T09:47:30","slug":"i-encuentro-de-radios-escolares-de-malaga","status":"publish","type":"post","link":"https:\/\/cepronda.com\/blog\/i-encuentro-de-radios-escolares-de-malaga\/","title":{"rendered":"I ENCUENTRO DE RADIOS ESCOLARES DE M\u00c1LAGA"},"content":{"rendered":"<p dir=\"ltr\">Se encuentra abierto el plazo de inscripci\u00f3n de l a ACTIVIDAD PROVINCIAL: I ENCUENTRO DE RADIOS ESCOLARES DE M\u00c1LAGA.<\/p>\n<p dir=\"ltr\">C\u00f3digo 252922GE067<\/p>\n<p dir=\"ltr\">Duraci\u00f3n: 8 horas. \u00c1mbito: PROVINCIAL<\/p>\n<p dir=\"ltr\">Fecha de realizaci\u00f3n:\u00a012\/02\/2025\u00a0hasta\u00a0<wbr \/>13\/02\/2025<\/p>\n<p dir=\"ltr\">Fecha de inscripci\u00f3n:\u00a017\/12\/2024\u00a0hasta\u00a0<wbr \/>30\/01\/2025<\/p>\n<p dir=\"ltr\">Lugar de realizaci\u00f3n: La T\u00e9rmica (M\u00e1laga).<\/p>\n<p dir=\"ltr\">M\u00e1s informaci\u00f3n e inscripciones en:\u00a0 <a href=\"https:\/\/www.juntadeandalucia.es\/educacion\/secretariavirtual\/consultaCEP\/actividad\/252922GE067\/\">https:\/\/www.juntadeandalucia.<wbr \/>es\/educacion\/<wbr \/>secretariavirtual\/consultaCEP\/<wbr \/>actividad\/252922GE067\/<\/a><\/p>\n<p dir=\"ltr\"><img data-recalc-dims=\"1\" loading=\"lazy\" decoding=\"async\" class=\"size-medium wp-image-7971 aligncenter\" src=\"https:\/\/i0.wp.com\/cepronda.com\/blog\/wp-content\/uploads\/2024\/12\/Cartel_cuadrado_encuentro_radios_escolares-1.jpeg?resize=300%2C300&#038;ssl=1\" alt=\"\" width=\"300\" height=\"300\" srcset=\"https:\/\/i0.wp.com\/cepronda.com\/blog\/wp-content\/uploads\/2024\/12\/Cartel_cuadrado_encuentro_radios_escolares-1.jpeg?resize=300%2C300&amp;ssl=1 300w, https:\/\/i0.wp.com\/cepronda.com\/blog\/wp-content\/uploads\/2024\/12\/Cartel_cuadrado_encuentro_radios_escolares-1.jpeg?resize=1024%2C1024&amp;ssl=1 1024w, https:\/\/i0.wp.com\/cepronda.com\/blog\/wp-content\/uploads\/2024\/12\/Cartel_cuadrado_encuentro_radios_escolares-1.jpeg?resize=150%2C150&amp;ssl=1 150w, https:\/\/i0.wp.com\/cepronda.com\/blog\/wp-content\/uploads\/2024\/12\/Cartel_cuadrado_encuentro_radios_escolares-1.jpeg?resize=768%2C768&amp;ssl=1 768w, https:\/\/i0.wp.com\/cepronda.com\/blog\/wp-content\/uploads\/2024\/12\/Cartel_cuadrado_encuentro_radios_escolares-1.jpeg?resize=50%2C50&amp;ssl=1 50w, https:\/\/i0.wp.com\/cepronda.com\/blog\/wp-content\/uploads\/2024\/12\/Cartel_cuadrado_encuentro_radios_escolares-1.jpeg?w=1080&amp;ssl=1 1080w\" sizes=\"auto, (max-width: 300px) 100vw, 300px\" \/><\/p>\n<p dir=\"ltr\">\n","protected":false},"excerpt":{"rendered":"<p>Se encuentra abierto el plazo de inscripci\u00f3n de l a ACTIVIDAD PROVINCIAL: I ENCUENTRO DE RADIOS ESCOLARES DE M\u00c1LAGA. C\u00f3digo 252922GE067 Duraci\u00f3n: 8 horas. \u00c1mbito: PROVINCIAL Fecha de realizaci\u00f3n:\u00a012\/02\/2025\u00a0hasta\u00a013\/02\/2025 Fecha de inscripci\u00f3n:\u00a017\/12\/2024\u00a0hasta\u00a030\/01\/2025 Lugar de realizaci\u00f3n: La T\u00e9rmica (M\u00e1laga). M\u00e1s informaci\u00f3n e inscripciones en:\u00a0 https:\/\/www.juntadeandalucia.es\/educacion\/secretariavirtual\/consultaCEP\/actividad\/252922GE067\/<\/p>\n","protected":false},"author":13,"featured_media":7971,"comment_status":"closed","ping_status":"open","sticky":false,"template":"","format":"standard","meta":{"_crdt_document":"","advanced_seo_description":"","jetpack_seo_html_title":"","jetpack_seo_noindex":false,"jetpack_post_was_ever_published":false,"_jetpack_newsletter_access":"","_jetpack_dont_email_post_to_subs":false,"_jetpack_newsletter_tier_id":0,"_jetpack_memberships_contains_paywalled_content":false,"_jetpack_memberships_contains_paid_content":false,"footnotes":"","jetpack_publicize_message":"","jetpack_publicize_feature_enabled":true,"jetpack_social_post_already_shared":false,"jetpack_social_options":{"image_generator_settings":{"template":"highway","default_image_id":0,"font":"","enabled":false},"version":2}},"categories":[3,5],"tags":[],"class_list":{"0":"post-7970","1":"post","2":"type-post","3":"status-publish","4":"format-standard","5":"has-post-thumbnail","7":"category-formaciones","8":"category-noticias","9":"czr-hentry"},"jetpack_publicize_connections":[],"jetpack_featured_media_url":"https:\/\/i0.wp.com\/cepronda.com\/blog\/wp-content\/uploads\/2024\/12\/Cartel_cuadrado_encuentro_radios_escolares-1.jpeg?fit=1080%2C1080&ssl=1","jetpack_shortlink":"https:\/\/wp.me\/p8M4X7-24y","jetpack-related-posts":[{"id":7935,"url":"https:\/\/cepronda.com\/blog\/curso-edicion-davinci-resolve-para-ensenanzas-are\/","url_meta":{"origin":7970,"position":0},"title":"CURSO EDICI\u00d3N DAVINCI RESOLVE PARA ENSE\u00d1ANZAS ARE","author":"Mamen Moreno","date":"13 diciembre, 2024","format":false,"excerpt":"Abierta la inscripci\u00f3n del curso presencial provincial organizado por el CEP de M\u00e1laga CURSO EDICI\u00d3N DAVINCI RESOLVE PARA ENSE\u00d1ANZAS ARE C\u00f3digo: 252922GE091 Inscripciones:\u00a0desde el 12\/12\/2024 hasta 20\/01\/2025 Fecha de inicio y fin del curso:\u00a003\/02\/2025 -\u00a007\/02\/2025 Lugar de realizaci\u00f3n:\u00a0Escuela Superior de Arte Dram\u00e1tico de M\u00e1laga Detalle e inscripci\u00f3n:\u00a0https:\/\/www.juntadeandalucia.es\/educacion\/secretariavirtual\/consultaCEP\/actividad\/252922GE091\/","rel":"","context":"En \u00abFormaciones\u00bb","block_context":{"text":"Formaciones","link":"https:\/\/cepronda.com\/blog\/category\/formaciones\/"},"img":{"alt_text":"","src":"https:\/\/i0.wp.com\/cepronda.com\/blog\/wp-content\/uploads\/2024\/12\/Cartel-DAVINCI.jpeg?fit=1080%2C1080&ssl=1&resize=350%2C200","width":350,"height":200,"srcset":"https:\/\/i0.wp.com\/cepronda.com\/blog\/wp-content\/uploads\/2024\/12\/Cartel-DAVINCI.jpeg?fit=1080%2C1080&ssl=1&resize=350%2C200 1x, https:\/\/i0.wp.com\/cepronda.com\/blog\/wp-content\/uploads\/2024\/12\/Cartel-DAVINCI.jpeg?fit=1080%2C1080&ssl=1&resize=525%2C300 1.5x, https:\/\/i0.wp.com\/cepronda.com\/blog\/wp-content\/uploads\/2024\/12\/Cartel-DAVINCI.jpeg?fit=1080%2C1080&ssl=1&resize=700%2C400 2x, https:\/\/i0.wp.com\/cepronda.com\/blog\/wp-content\/uploads\/2024\/12\/Cartel-DAVINCI.jpeg?fit=1080%2C1080&ssl=1&resize=1050%2C600 3x"},"classes":[]},{"id":8021,"url":"https:\/\/cepronda.com\/blog\/curso-creacion-de-un-coro-escolar-como-modelo-de-buena-practica-educativa-codigo-252926ge706\/","url_meta":{"origin":7970,"position":1},"title":"CURSO CREACI\u00d3N DE UN CORO ESCOLAR COMO MODELO DE BUENA PR\u00c1CTICA EDUCATIVA, C\u00d3DIGO 252926GE706.","author":"Inmaculada Garc\u00eda","date":"9 enero, 2025","format":false,"excerpt":"Se informa de que est\u00e1 abierto el plazo de inscripci\u00f3n para la actividad provincial presencial: CREACI\u00d3N DE UN CORO ESCOLAR COMO MODELO DE BUENA PR\u00c1CTICA EDUCATIVA, con c\u00f3digo 252926GE706. Duraci\u00f3n: 12 horas. Lugar de realizaci\u00f3n: CEP de V\u00e9lez M\u00e1laga. Fecha actividad:\u00a022\/01\/2025 hasta 12\/02\/2025 Fecha inscripci\u00f3n:\u00a019\/12\/2024 hasta 17\/01\/2025 Detalle e inscripci\u00f3n:\u2026","rel":"","context":"En \u00abFormaciones\u00bb","block_context":{"text":"Formaciones","link":"https:\/\/cepronda.com\/blog\/category\/formaciones\/"},"img":{"alt_text":"","src":"https:\/\/i0.wp.com\/cepronda.com\/blog\/wp-content\/uploads\/2025\/01\/WhatsApp-Image-2025-01-09-at-13.34.53.jpeg?fit=848%2C1200&ssl=1&resize=350%2C200","width":350,"height":200,"srcset":"https:\/\/i0.wp.com\/cepronda.com\/blog\/wp-content\/uploads\/2025\/01\/WhatsApp-Image-2025-01-09-at-13.34.53.jpeg?fit=848%2C1200&ssl=1&resize=350%2C200 1x, https:\/\/i0.wp.com\/cepronda.com\/blog\/wp-content\/uploads\/2025\/01\/WhatsApp-Image-2025-01-09-at-13.34.53.jpeg?fit=848%2C1200&ssl=1&resize=525%2C300 1.5x, https:\/\/i0.wp.com\/cepronda.com\/blog\/wp-content\/uploads\/2025\/01\/WhatsApp-Image-2025-01-09-at-13.34.53.jpeg?fit=848%2C1200&ssl=1&resize=700%2C400 2x"},"classes":[]},{"id":4780,"url":"https:\/\/cepronda.com\/blog\/jornadas-provinciales-red-tde-malaga\/","url_meta":{"origin":7970,"position":2},"title":"JORNADAS PROVINCIALES RED TDE M\u00c1LAGA","author":"Inmaculada Garc\u00eda","date":"18 octubre, 2021","format":false,"excerpt":"Buenas tardes compa\u00f1eras y compa\u00f1eros, Os informamos que est\u00e1 abierto el plazo de inscripci\u00f3n en la actividad JORNADAS PROVINCIALES RED TDE M\u00c1LAGA (222924GE040), dirigida exclusivamente a responsables de la coordinaci\u00f3n TDE de los centros. Es de \u00e1mbito Provincial. Plazo de inscripci\u00f3n: 13\/10\/2021 hasta 22\/10\/2021 Desarrollo de la\u00a0 actividad: 26 de\u2026","rel":"","context":"En \u00abNoticias\u00bb","block_context":{"text":"Noticias","link":"https:\/\/cepronda.com\/blog\/category\/noticias\/"},"img":{"alt_text":"","src":"https:\/\/i0.wp.com\/cepronda.com\/blog\/wp-content\/uploads\/2021\/10\/JORNADAS-PARA-LA-COORDINACION-TDE-EN-LOS-CENTROS-212x300.png?resize=350%2C200","width":350,"height":200},"classes":[]},{"id":7924,"url":"https:\/\/cepronda.com\/blog\/competencias-docentes-para-la-deteccion-el-tratamiento-y-el-manejo-de-conductas-de-riesgo-en-residencias-escolares-codigo-252923ge859\/","url_meta":{"origin":7970,"position":3},"title":"COMPETENCIAS DOCENTES PARA LA DETECCI\u00d3N, EL TRATAMIENTO Y EL MANEJO DE CONDUCTAS DE RIESGO EN RESIDENCIAS ESCOLARES. C\u00f3digo: 252923GE859","author":"Inmaculada Garc\u00eda","date":"10 diciembre, 2024","format":false,"excerpt":"Abierto el plazo de inscripci\u00f3n para la actividad provincial: COMPETENCIAS DOCENTES PARA LA DETECCI\u00d3N, EL TRATAMIENTO Y EL MANEJO DE CONDUCTAS DE RIESGO EN RESIDENCIAS ESCOLARES. C\u00f3digo: 252923GE859 \u270f\ufe0fFecha inscripci\u00f3n: 05\/12\/2024 hasta 07\/01\/2025 Fecha actividad: 17\/01\/2025 hasta 04\/04\/2025 Lugar de realizaci\u00f3n: RESIDENCIA ESCOLAR VIRGEN DE LA FUENSANTA - CO\u00cdN M\u00e1s\u2026","rel":"","context":"En \u00abFormaciones\u00bb","block_context":{"text":"Formaciones","link":"https:\/\/cepronda.com\/blog\/category\/formaciones\/"},"img":{"alt_text":"COMPETENCIAS DOCENTES PARA LA DETECCI\u00d3N, EL TRATAMIENTO Y EL MANEJO DE CONDUCTAS DE RIESGO EN RESIDENCIAS ESCOLARES","src":"https:\/\/i0.wp.com\/cepronda.com\/blog\/wp-content\/uploads\/2024\/12\/WhatsApp-Image-2024-12-10-at-12.42.27.jpeg?fit=1080%2C1080&ssl=1&resize=350%2C200","width":350,"height":200,"srcset":"https:\/\/i0.wp.com\/cepronda.com\/blog\/wp-content\/uploads\/2024\/12\/WhatsApp-Image-2024-12-10-at-12.42.27.jpeg?fit=1080%2C1080&ssl=1&resize=350%2C200 1x, https:\/\/i0.wp.com\/cepronda.com\/blog\/wp-content\/uploads\/2024\/12\/WhatsApp-Image-2024-12-10-at-12.42.27.jpeg?fit=1080%2C1080&ssl=1&resize=525%2C300 1.5x, https:\/\/i0.wp.com\/cepronda.com\/blog\/wp-content\/uploads\/2024\/12\/WhatsApp-Image-2024-12-10-at-12.42.27.jpeg?fit=1080%2C1080&ssl=1&resize=700%2C400 2x, https:\/\/i0.wp.com\/cepronda.com\/blog\/wp-content\/uploads\/2024\/12\/WhatsApp-Image-2024-12-10-at-12.42.27.jpeg?fit=1080%2C1080&ssl=1&resize=1050%2C600 3x"},"classes":[]},{"id":5875,"url":"https:\/\/cepronda.com\/blog\/construir-una-escuela-inclusiva-dua\/","url_meta":{"origin":7970,"position":4},"title":"CONSTRUIR UNA ESCUELA INCLUSIVA (DUA)","author":"Inmaculada Garc\u00eda","date":"22 marzo, 2023","format":false,"excerpt":"Buenos d\u00edas,\u00a0 Os Informamos de que se encuentra abierta la inscripci\u00f3n del CURSO PROVINCIAL con videoconferencias en directo, organizado por el CEP de V\u00e9lez-M\u00e1laga: CONSTRUIR UNA ESCUELA INCLUSIVA (DUA). C\u00f3digo: 232926GE406 Fecha actividad:\u00a012\/04\/2023 hasta 24\/05\/2023 Fecha inscripci\u00f3n:\u00a013\/03\/2023 hasta 28\/03\/2023 Horas totales: 20h. Lugar de realizaci\u00f3n: Aula Virtual de Formaci\u00f3n del\u2026","rel":"","context":"En \u00abFormaciones\u00bb","block_context":{"text":"Formaciones","link":"https:\/\/cepronda.com\/blog\/category\/formaciones\/"},"img":{"alt_text":"","src":"https:\/\/i0.wp.com\/cepronda.com\/blog\/wp-content\/uploads\/2023\/03\/WhatsApp-Image-2023-03-22-at-13.23.04.jpeg?fit=813%2C1200&ssl=1&resize=350%2C200","width":350,"height":200,"srcset":"https:\/\/i0.wp.com\/cepronda.com\/blog\/wp-content\/uploads\/2023\/03\/WhatsApp-Image-2023-03-22-at-13.23.04.jpeg?fit=813%2C1200&ssl=1&resize=350%2C200 1x, https:\/\/i0.wp.com\/cepronda.com\/blog\/wp-content\/uploads\/2023\/03\/WhatsApp-Image-2023-03-22-at-13.23.04.jpeg?fit=813%2C1200&ssl=1&resize=525%2C300 1.5x, https:\/\/i0.wp.com\/cepronda.com\/blog\/wp-content\/uploads\/2023\/03\/WhatsApp-Image-2023-03-22-at-13.23.04.jpeg?fit=813%2C1200&ssl=1&resize=700%2C400 2x"},"classes":[]},{"id":5989,"url":"https:\/\/cepronda.com\/blog\/encuentro-de-la-red-de-orientacion-de-la-provincia-de-malaga-ies-eoe-cdp\/","url_meta":{"origin":7970,"position":5},"title":"ENCUENTRO DE LA RED DE ORIENTACI\u00d3N DE LA PROVINCIA DE M\u00c1LAGA: IES-EOE-CDP","author":"Inmaculada Garc\u00eda","date":"23 mayo, 2023","format":false,"excerpt":"Estimado\/a compa\u00f1ero\/a, Te informo que se encuentra abierta la inscripci\u00f3n al ENCUENTRO DE LA RED DE ORIENTACI\u00d3N DE LA PROVINCIA DE M\u00c1LAGA: IES-EOE-CDP, organizado por el ETPOEP y el CEP de M\u00e1laga. (3\u00aa Reuni\u00f3n de Coordinaci\u00f3n Zonal). C\u00f3digo: 232922GE152 Inscripciones: desde el 23\/05\/2023 hasta 28\/05\/2023 D\u00eda del Encuentro: 02\/06\/2023 Lugar\u2026","rel":"","context":"En \u00abFormaciones\u00bb","block_context":{"text":"Formaciones","link":"https:\/\/cepronda.com\/blog\/category\/formaciones\/"},"img":{"alt_text":"","src":"https:\/\/i0.wp.com\/cepronda.com\/blog\/wp-content\/uploads\/2023\/05\/CARTEL-3a-REUNION-COORDINACION-ZONAL-23_page-0001-scaled.jpg?fit=848%2C1200&ssl=1&resize=350%2C200","width":350,"height":200,"srcset":"https:\/\/i0.wp.com\/cepronda.com\/blog\/wp-content\/uploads\/2023\/05\/CARTEL-3a-REUNION-COORDINACION-ZONAL-23_page-0001-scaled.jpg?fit=848%2C1200&ssl=1&resize=350%2C200 1x, https:\/\/i0.wp.com\/cepronda.com\/blog\/wp-content\/uploads\/2023\/05\/CARTEL-3a-REUNION-COORDINACION-ZONAL-23_page-0001-scaled.jpg?fit=848%2C1200&ssl=1&resize=525%2C300 1.5x, https:\/\/i0.wp.com\/cepronda.com\/blog\/wp-content\/uploads\/2023\/05\/CARTEL-3a-REUNION-COORDINACION-ZONAL-23_page-0001-scaled.jpg?fit=848%2C1200&ssl=1&resize=700%2C400 2x"},"classes":[]}],"jetpack_sharing_enabled":true,"_links":{"self":[{"href":"https:\/\/cepronda.com\/blog\/wp-json\/wp\/v2\/posts\/7970","targetHints":{"allow":["GET"]}}],"collection":[{"href":"https:\/\/cepronda.com\/blog\/wp-json\/wp\/v2\/posts"}],"about":[{"href":"https:\/\/cepronda.com\/blog\/wp-json\/wp\/v2\/types\/post"}],"author":[{"embeddable":true,"href":"https:\/\/cepronda.com\/blog\/wp-json\/wp\/v2\/users\/13"}],"replies":[{"embeddable":true,"href":"https:\/\/cepronda.com\/blog\/wp-json\/wp\/v2\/comments?post=7970"}],"version-history":[{"count":2,"href":"https:\/\/cepronda.com\/blog\/wp-json\/wp\/v2\/posts\/7970\/revisions"}],"predecessor-version":[{"id":7973,"href":"https:\/\/cepronda.com\/blog\/wp-json\/wp\/v2\/posts\/7970\/revisions\/7973"}],"wp:featuredmedia":[{"embeddable":true,"href":"https:\/\/cepronda.com\/blog\/wp-json\/wp\/v2\/media\/7971"}],"wp:attachment":[{"href":"https:\/\/cepronda.com\/blog\/wp-json\/wp\/v2\/media?parent=7970"}],"wp:term":[{"taxonomy":"category","embeddable":true,"href":"https:\/\/cepronda.com\/blog\/wp-json\/wp\/v2\/categories?post=7970"},{"taxonomy":"post_tag","embeddable":true,"href":"https:\/\/cepronda.com\/blog\/wp-json\/wp\/v2\/tags?post=7970"}],"curies":[{"name":"wp","href":"https:\/\/api.w.org\/{rel}","templated":true}]}}